{"id":2283,"date":"2017-11-09T10:18:51","date_gmt":"2017-11-09T09:18:51","guid":{"rendered":"https:\/\/es.greenpeace.org\/ca\/?post_type=post_faqs&#038;p=2283"},"modified":"2017-12-12T08:35:31","modified_gmt":"2017-12-12T07:35:31","slug":"que-esta-haciendo-greenpeace-para-defender-la-costa","status":"publish","type":"post_faqs","link":"https:\/\/es.greenpeace.org\/ca\/preguntas-frecuentes\/que-esta-haciendo-greenpeace-para-defender-la-costa\/","title":{"rendered":"Qu\u00e8 fa Greenpeace per defensar la costa? Qu\u00e8 hi puc fer jo?"},"content":{"rendered":"<p>Des de Greenpeace treballem en alguns casos d\u2019amenaces del litoral per tota la geografia espanyola, com ara l\u2019hotel de l\u2019Algarrobico, els projectes portuaris a Pasaia, Eivissa, Granadilla, Tarifa i Cangas do Morrazo, etc., i actuem a nivell p\u00fablic i en els procediments administratius.<\/p>\n<p>Ens agradaria poder atendre a les nombroses demandes que ens arriben per sol\u00b7licitar que participem en altres casos a nivell local, per\u00f2 lamentablement no disposem dels recursos i de la infraestructura necessaris per actuar de manera efica\u00e7 a aquest nivell.<\/p>\n<p>Encara que no hi podem actuar de manera espec\u00edfica, en els darrers 13 anys hem publicat l\u2019informe <em>Destrucci\u00f3n a toda costa<\/em> amb qu\u00e8 intentem donar cabuda als impactes i les amenaces dels 8.000 quil\u00f2metres de costa del pa\u00eds.<\/p>\n<p>Des de Greenpeace, tamb\u00e9, treballem en la defensa i la protecci\u00f3 de l\u2019\u00fas p\u00fablic del litoral. Per a aix\u00f2, denunciem p\u00fablicament i mitjan\u00e7ant mecanismes jur\u00eddics la nova llei de costes, aprovada al mes de maig de 2013, i posem de manifest les infraccions que aquesta llei suposa pel que fa a l\u2019incompliment de la normativa ambiental comunit\u00e0ria, la reducci\u00f3 de la servitud de protecci\u00f3 dels espais costaners o l\u2019entrega a la propietat privada d\u2019\u00e0mplies zones, especialment d\u2019aiguamolls destinats a cultius marins i salines.<\/p>\n<p>Creiem que la participaci\u00f3 ciutadana \u00e9s un pilar fonamental en la defensa del litoral. Tots tenim el dret a defensar-lo i en l\u2019\u00e0mbit local les persones com tu s\u00f3n molt importants.<\/p>\n","protected":false},"author":4,"featured_media":0,"parent":0,"template":"","meta":{"_acf_changed":false,"footnotes":""},"categories":[],"tags":[],"class_list":["post-2283","post_faqs","type-post_faqs","status-publish","hentry"],"acf":[],"yoast_head":"<!-- This site is optimized with the Yoast SEO plugin v27.1.1 - https:\/\/yoast.com\/product\/yoast-seo-wordpress\/ -->\n<title>Qu\u00e8 fa Greenpeace per defensar la costa? Qu\u00e8 hi puc fer jo? - CA | Greenpeace Espa\u00f1a<\/title>\n<meta name=\"robots\" content=\"index, follow, max-snippet:-1, max-image-preview:large, max-video-preview:-1\" \/>\n<link rel=\"canonical\" href=\"https:\/\/es.greenpeace.org\/ca\/preguntas-frecuentes\/que-esta-haciendo-greenpeace-para-defender-la-costa\/\" \/>\n<meta property=\"og:locale\" content=\"ca_ES\" \/>\n<meta property=\"og:type\" content=\"article\" \/>\n<meta property=\"og:title\" content=\"Qu\u00e8 fa Greenpeace per defensar la costa? Qu\u00e8 hi puc fer jo? - CA | Greenpeace Espa\u00f1a\" \/>\n<meta property=\"og:description\" content=\"Des de Greenpeace treballem en alguns casos d\u2019amenaces del litoral per tota la geografia espanyola, com ara l\u2019hotel de l\u2019Algarrobico, els projectes portuaris a Pasaia, Eivissa, Granadilla, Tarifa i Cangas do Morrazo, etc., i actuem a nivell p\u00fablic i en els procediments administratius. Ens agradaria poder atendre a les nombroses demandes que ens arriben per [&hellip;]\" \/>\n<meta property=\"og:url\" content=\"https:\/\/es.greenpeace.org\/ca\/preguntas-frecuentes\/que-esta-haciendo-greenpeace-para-defender-la-costa\/\" \/>\n<meta property=\"og:site_name\" content=\"CA | Greenpeace Espa\u00f1a\" \/>\n<meta property=\"article:publisher\" content=\"https:\/\/www.facebook.com\/greenpeace.spain\" \/>\n<meta property=\"article:modified_time\" content=\"2017-12-12T07:35:31+00:00\" \/>\n<meta name=\"twitter:card\" content=\"summary_large_image\" \/>\n<meta name=\"twitter:site\" content=\"@greenpeace_esp\" \/>\n<meta name=\"twitter:label1\" content=\"Temps estimat de lectura\" \/>\n\t<meta name=\"twitter:data1\" content=\"1 minut\" \/>\n<script type=\"application\/ld+json\" class=\"yoast-schema-graph\">{\"@context\":\"https:\/\/schema.org\",\"@graph\":[{\"@type\":\"WebPage\",\"@id\":\"https:\/\/es.greenpeace.org\/ca\/preguntas-frecuentes\/que-esta-haciendo-greenpeace-para-defender-la-costa\/\",\"url\":\"https:\/\/es.greenpeace.org\/ca\/preguntas-frecuentes\/que-esta-haciendo-greenpeace-para-defender-la-costa\/\",\"name\":\"Qu\u00e8 fa Greenpeace per defensar la costa? Qu\u00e8 hi puc fer jo? - CA | Greenpeace Espa\u00f1a\",\"isPartOf\":{\"@id\":\"https:\/\/es.greenpeace.org\/ca\/#website\"},\"datePublished\":\"2017-11-09T09:18:51+00:00\",\"dateModified\":\"2017-12-12T07:35:31+00:00\",\"breadcrumb\":{\"@id\":\"https:\/\/es.greenpeace.org\/ca\/preguntas-frecuentes\/que-esta-haciendo-greenpeace-para-defender-la-costa\/#breadcrumb\"},\"inLanguage\":\"ca\",\"potentialAction\":[{\"@type\":\"ReadAction\",\"target\":[\"https:\/\/es.greenpeace.org\/ca\/preguntas-frecuentes\/que-esta-haciendo-greenpeace-para-defender-la-costa\/\"]}]},{\"@type\":\"BreadcrumbList\",\"@id\":\"https:\/\/es.greenpeace.org\/ca\/preguntas-frecuentes\/que-esta-haciendo-greenpeace-para-defender-la-costa\/#breadcrumb\",\"itemListElement\":[{\"@type\":\"ListItem\",\"position\":1,\"name\":\"Home\",\"item\":\"https:\/\/es.greenpeace.org\/ca\/\"},{\"@type\":\"ListItem\",\"position\":2,\"name\":\"Qu\u00e8 fa Greenpeace per defensar la costa? Qu\u00e8 hi puc fer jo?\"}]},{\"@type\":\"WebSite\",\"@id\":\"https:\/\/es.greenpeace.org\/ca\/#website\",\"url\":\"https:\/\/es.greenpeace.org\/ca\/\",\"name\":\"CA | Greenpeace Espa\u00f1a\",\"description\":\"\",\"publisher\":{\"@id\":\"https:\/\/es.greenpeace.org\/ca\/#organization\"},\"potentialAction\":[{\"@type\":\"SearchAction\",\"target\":{\"@type\":\"EntryPoint\",\"urlTemplate\":\"https:\/\/es.greenpeace.org\/ca\/?s={search_term_string}\"},\"query-input\":{\"@type\":\"PropertyValueSpecification\",\"valueRequired\":true,\"valueName\":\"search_term_string\"}}],\"inLanguage\":\"ca\"},{\"@type\":\"Organization\",\"@id\":\"https:\/\/es.greenpeace.org\/ca\/#organization\",\"name\":\"Greenpeace Espa\u00f1a\",\"alternateName\":\"Greenpeace\",\"url\":\"https:\/\/es.greenpeace.org\/ca\/\",\"logo\":{\"@type\":\"ImageObject\",\"inLanguage\":\"ca\",\"@id\":\"https:\/\/es.greenpeace.org\/ca\/#\/schema\/logo\/image\/\",\"url\":\"https:\/\/es.greenpeace.org\/ca\/wp-content\/uploads\/sites\/6\/2024\/07\/greenpeace-logo-verde.svg\",\"contentUrl\":\"https:\/\/es.greenpeace.org\/ca\/wp-content\/uploads\/sites\/6\/2024\/07\/greenpeace-logo-verde.svg\",\"width\":1,\"height\":1,\"caption\":\"Greenpeace Espa\u00f1a\"},\"image\":{\"@id\":\"https:\/\/es.greenpeace.org\/ca\/#\/schema\/logo\/image\/\"},\"sameAs\":[\"https:\/\/www.facebook.com\/greenpeace.spain\",\"https:\/\/x.com\/greenpeace_esp\",\"https:\/\/www.instagram.com\/greenpeace_esp\/\"]}]}<\/script>\n<!-- \/ Yoast SEO plugin. -->","yoast_head_json":{"title":"Qu\u00e8 fa Greenpeace per defensar la costa? Qu\u00e8 hi puc fer jo? - CA | Greenpeace Espa\u00f1a","robots":{"index":"index","follow":"follow","max-snippet":"max-snippet:-1","max-image-preview":"max-image-preview:large","max-video-preview":"max-video-preview:-1"},"canonical":"https:\/\/es.greenpeace.org\/ca\/preguntas-frecuentes\/que-esta-haciendo-greenpeace-para-defender-la-costa\/","og_locale":"ca_ES","og_type":"article","og_title":"Qu\u00e8 fa Greenpeace per defensar la costa? Qu\u00e8 hi puc fer jo? - CA | Greenpeace Espa\u00f1a","og_description":"Des de Greenpeace treballem en alguns casos d\u2019amenaces del litoral per tota la geografia espanyola, com ara l\u2019hotel de l\u2019Algarrobico, els projectes portuaris a Pasaia, Eivissa, Granadilla, Tarifa i Cangas do Morrazo, etc., i actuem a nivell p\u00fablic i en els procediments administratius. Ens agradaria poder atendre a les nombroses demandes que ens arriben per [&hellip;]","og_url":"https:\/\/es.greenpeace.org\/ca\/preguntas-frecuentes\/que-esta-haciendo-greenpeace-para-defender-la-costa\/","og_site_name":"CA | Greenpeace Espa\u00f1a","article_publisher":"https:\/\/www.facebook.com\/greenpeace.spain","article_modified_time":"2017-12-12T07:35:31+00:00","twitter_card":"summary_large_image","twitter_site":"@greenpeace_esp","twitter_misc":{"Temps estimat de lectura":"1 minut"},"schema":{"@context":"https:\/\/schema.org","@graph":[{"@type":"WebPage","@id":"https:\/\/es.greenpeace.org\/ca\/preguntas-frecuentes\/que-esta-haciendo-greenpeace-para-defender-la-costa\/","url":"https:\/\/es.greenpeace.org\/ca\/preguntas-frecuentes\/que-esta-haciendo-greenpeace-para-defender-la-costa\/","name":"Qu\u00e8 fa Greenpeace per defensar la costa? Qu\u00e8 hi puc fer jo? - CA | Greenpeace Espa\u00f1a","isPartOf":{"@id":"https:\/\/es.greenpeace.org\/ca\/#website"},"datePublished":"2017-11-09T09:18:51+00:00","dateModified":"2017-12-12T07:35:31+00:00","breadcrumb":{"@id":"https:\/\/es.greenpeace.org\/ca\/preguntas-frecuentes\/que-esta-haciendo-greenpeace-para-defender-la-costa\/#breadcrumb"},"inLanguage":"ca","potentialAction":[{"@type":"ReadAction","target":["https:\/\/es.greenpeace.org\/ca\/preguntas-frecuentes\/que-esta-haciendo-greenpeace-para-defender-la-costa\/"]}]},{"@type":"BreadcrumbList","@id":"https:\/\/es.greenpeace.org\/ca\/preguntas-frecuentes\/que-esta-haciendo-greenpeace-para-defender-la-costa\/#breadcrumb","itemListElement":[{"@type":"ListItem","position":1,"name":"Home","item":"https:\/\/es.greenpeace.org\/ca\/"},{"@type":"ListItem","position":2,"name":"Qu\u00e8 fa Greenpeace per defensar la costa? Qu\u00e8 hi puc fer jo?"}]},{"@type":"WebSite","@id":"https:\/\/es.greenpeace.org\/ca\/#website","url":"https:\/\/es.greenpeace.org\/ca\/","name":"CA | Greenpeace Espa\u00f1a","description":"","publisher":{"@id":"https:\/\/es.greenpeace.org\/ca\/#organization"},"potentialAction":[{"@type":"SearchAction","target":{"@type":"EntryPoint","urlTemplate":"https:\/\/es.greenpeace.org\/ca\/?s={search_term_string}"},"query-input":{"@type":"PropertyValueSpecification","valueRequired":true,"valueName":"search_term_string"}}],"inLanguage":"ca"},{"@type":"Organization","@id":"https:\/\/es.greenpeace.org\/ca\/#organization","name":"Greenpeace Espa\u00f1a","alternateName":"Greenpeace","url":"https:\/\/es.greenpeace.org\/ca\/","logo":{"@type":"ImageObject","inLanguage":"ca","@id":"https:\/\/es.greenpeace.org\/ca\/#\/schema\/logo\/image\/","url":"https:\/\/es.greenpeace.org\/ca\/wp-content\/uploads\/sites\/6\/2024\/07\/greenpeace-logo-verde.svg","contentUrl":"https:\/\/es.greenpeace.org\/ca\/wp-content\/uploads\/sites\/6\/2024\/07\/greenpeace-logo-verde.svg","width":1,"height":1,"caption":"Greenpeace Espa\u00f1a"},"image":{"@id":"https:\/\/es.greenpeace.org\/ca\/#\/schema\/logo\/image\/"},"sameAs":["https:\/\/www.facebook.com\/greenpeace.spain","https:\/\/x.com\/greenpeace_esp","https:\/\/www.instagram.com\/greenpeace_esp\/"]}]}},"_links":{"self":[{"href":"https:\/\/es.greenpeace.org\/ca\/wp-json\/wp\/v2\/post_faqs\/2283","targetHints":{"allow":["GET"]}}],"collection":[{"href":"https:\/\/es.greenpeace.org\/ca\/wp-json\/wp\/v2\/post_faqs"}],"about":[{"href":"https:\/\/es.greenpeace.org\/ca\/wp-json\/wp\/v2\/types\/post_faqs"}],"author":[{"embeddable":true,"href":"https:\/\/es.greenpeace.org\/ca\/wp-json\/wp\/v2\/users\/4"}],"version-history":[{"count":7,"href":"https:\/\/es.greenpeace.org\/ca\/wp-json\/wp\/v2\/post_faqs\/2283\/revisions"}],"predecessor-version":[{"id":4175,"href":"https:\/\/es.greenpeace.org\/ca\/wp-json\/wp\/v2\/post_faqs\/2283\/revisions\/4175"}],"wp:attachment":[{"href":"https:\/\/es.greenpeace.org\/ca\/wp-json\/wp\/v2\/media?parent=2283"}],"wp:term":[{"taxonomy":"category","embeddable":true,"href":"https:\/\/es.greenpeace.org\/ca\/wp-json\/wp\/v2\/categories?post=2283"},{"taxonomy":"post_tag","embeddable":true,"href":"https:\/\/es.greenpeace.org\/ca\/wp-json\/wp\/v2\/tags?post=2283"}],"curies":[{"name":"wp","href":"https:\/\/api.w.org\/{rel}","templated":true}]}}