{"id":2292,"date":"2017-11-09T10:27:27","date_gmt":"2017-11-09T09:27:27","guid":{"rendered":"https:\/\/es.greenpeace.org\/ca\/?post_type=post_faqs&#038;p=2292"},"modified":"2017-12-12T08:37:00","modified_gmt":"2017-12-12T07:37:00","slug":"cual-es-la-postura-de-greenpeace-sobre-la-matanza-de-focas-en-canada","status":"publish","type":"post_faqs","link":"https:\/\/es.greenpeace.org\/ca\/preguntas-frecuentes\/cual-es-la-postura-de-greenpeace-sobre-la-matanza-de-focas-en-canada\/","title":{"rendered":"Quina \u00e9s la postura de Greenpeace sobre la matan\u00e7a de foques a Canad\u00e0?"},"content":{"rendered":"<p>Actualment, l\u2019amena\u00e7a principal pels pinn\u00edpedes \u00e9s el canvi clim\u00e0tic que en destrueix l\u2019h\u00e0bitat. La decisi\u00f3 del govern canadenc de continuar amb la ca\u00e7a comercial de foques agreuja aquesta situaci\u00f3 i en fa decr\u00e9ixer encara m\u00e9s les poblacions. Greenpeace est\u00e0 completament en contra de la matan\u00e7a de foques amb finalitats econ\u00f2miques.<\/p>\n<p>Greenpeace s\u2019oposa a la matan\u00e7a comercial de pinn\u00edpedes. El govern canadenc actua de manera irresponsable en permetre la matan\u00e7a de m\u00e9s d\u2019un quart de mili\u00f3 de cries de foca, mentre que els cient\u00edfics no s\u00f3n capa\u00e7os de quantificar exactament com de gran n\u2019\u00e9s la poblaci\u00f3, el nombre de foques ja ca\u00e7ades o l\u2019impacte de les pressions externes (com el canvi clim\u00e0tic) en la salut de la poblaci\u00f3. El govern de Canad\u00e0 t\u00e9 un llarg historial de mala administraci\u00f3 dels ecosistemes marins que prioritza els interessos a curt termini de la ind\u00fastria pesquera i de la ca\u00e7a de foques, i posa en perill els llocs de treball i la conservaci\u00f3 de la biodiversitat marina.<\/p>\n<p>Greenpeace no s\u2019oposa a la ca\u00e7a de foques per a la subsist\u00e8ncia de les comunitats ind\u00edgenes, com a forma de subsist\u00e8ncia i modes de vida tradicional. Moltes comunitats ind\u00edgenes del nord del planeta depenen de les foques per alimentar-se, abrigar-se o d\u2019altres modes de vida. A les \u00e0rees de ca\u00e7a ind\u00edgena, les poblacions de foques s\u00f3n saludables i fortes.<\/p>\n<p>I no obstant, els nostres recursos s\u00f3n limitats i no tenim una campanya espec\u00edfica contra la ca\u00e7a de foques. Des de Greenpeace es fa un seguiment de la temporada de ca\u00e7a i, en ocasions, s\u2019ha donat suport a altres grups que lideren en l\u2019actualitat l\u2019oposici\u00f3 a aquesta pr\u00e0ctica com IFAW (International Fund for Animal Welfare) i HSUS (Humane Society of the United States). El nostre focus principal se centra en l\u2019amena\u00e7a que el canvi clim\u00e0tic suposa per als mam\u00edfers marins i en la creaci\u00f3 de reserves marines per a salvaguardar-los. En el cas de les foques, la p\u00e8rdua continuada de la capa de gel n\u2019afecta greument el per\u00edode de cria. Els impactes del canvi clim\u00e0tic combinats amb la ca\u00e7a anual suposen una combinaci\u00f3 nefasta per a la poblaci\u00f3 de foques.<\/p>\n<p>Greenpeace tamb\u00e9 treballa per aconseguir una xarxa global de reserves marines que protegeixi totes les esp\u00e8cies marines, incloent-hi les foques.<\/p>\n","protected":false},"author":4,"featured_media":0,"parent":0,"template":"","meta":{"_acf_changed":false,"footnotes":""},"categories":[],"tags":[],"class_list":["post-2292","post_faqs","type-post_faqs","status-publish","hentry"],"acf":[],"yoast_head":"<!-- This site is optimized with the Yoast SEO plugin v27.1.1 - https:\/\/yoast.com\/product\/yoast-seo-wordpress\/ -->\n<title>Quina \u00e9s la postura de Greenpeace sobre la matan\u00e7a de foques a Canad\u00e0? - CA | Greenpeace Espa\u00f1a<\/title>\n<meta name=\"robots\" content=\"index, follow, max-snippet:-1, max-image-preview:large, max-video-preview:-1\" \/>\n<link rel=\"canonical\" href=\"https:\/\/es.greenpeace.org\/ca\/preguntas-frecuentes\/cual-es-la-postura-de-greenpeace-sobre-la-matanza-de-focas-en-canada\/\" \/>\n<meta property=\"og:locale\" content=\"ca_ES\" \/>\n<meta property=\"og:type\" content=\"article\" \/>\n<meta property=\"og:title\" content=\"Quina \u00e9s la postura de Greenpeace sobre la matan\u00e7a de foques a Canad\u00e0? - CA | Greenpeace Espa\u00f1a\" \/>\n<meta property=\"og:description\" content=\"Actualment, l\u2019amena\u00e7a principal pels pinn\u00edpedes \u00e9s el canvi clim\u00e0tic que en destrueix l\u2019h\u00e0bitat. La decisi\u00f3 del govern canadenc de continuar amb la ca\u00e7a comercial de foques agreuja aquesta situaci\u00f3 i en fa decr\u00e9ixer encara m\u00e9s les poblacions. Greenpeace est\u00e0 completament en contra de la matan\u00e7a de foques amb finalitats econ\u00f2miques. Greenpeace s\u2019oposa a la matan\u00e7a [&hellip;]\" \/>\n<meta property=\"og:url\" content=\"https:\/\/es.greenpeace.org\/ca\/preguntas-frecuentes\/cual-es-la-postura-de-greenpeace-sobre-la-matanza-de-focas-en-canada\/\" \/>\n<meta property=\"og:site_name\" content=\"CA | Greenpeace Espa\u00f1a\" \/>\n<meta property=\"article:publisher\" content=\"https:\/\/www.facebook.com\/greenpeace.spain\" \/>\n<meta property=\"article:modified_time\" content=\"2017-12-12T07:37:00+00:00\" \/>\n<meta name=\"twitter:card\" content=\"summary_large_image\" \/>\n<meta name=\"twitter:site\" content=\"@greenpeace_esp\" \/>\n<meta name=\"twitter:label1\" content=\"Temps estimat de lectura\" \/>\n\t<meta name=\"twitter:data1\" content=\"2 minuts\" \/>\n<script type=\"application\/ld+json\" class=\"yoast-schema-graph\">{\"@context\":\"https:\/\/schema.org\",\"@graph\":[{\"@type\":\"WebPage\",\"@id\":\"https:\/\/es.greenpeace.org\/ca\/preguntas-frecuentes\/cual-es-la-postura-de-greenpeace-sobre-la-matanza-de-focas-en-canada\/\",\"url\":\"https:\/\/es.greenpeace.org\/ca\/preguntas-frecuentes\/cual-es-la-postura-de-greenpeace-sobre-la-matanza-de-focas-en-canada\/\",\"name\":\"Quina \u00e9s la postura de Greenpeace sobre la matan\u00e7a de foques a Canad\u00e0? - CA | Greenpeace Espa\u00f1a\",\"isPartOf\":{\"@id\":\"https:\/\/es.greenpeace.org\/ca\/#website\"},\"datePublished\":\"2017-11-09T09:27:27+00:00\",\"dateModified\":\"2017-12-12T07:37:00+00:00\",\"breadcrumb\":{\"@id\":\"https:\/\/es.greenpeace.org\/ca\/preguntas-frecuentes\/cual-es-la-postura-de-greenpeace-sobre-la-matanza-de-focas-en-canada\/#breadcrumb\"},\"inLanguage\":\"ca\",\"potentialAction\":[{\"@type\":\"ReadAction\",\"target\":[\"https:\/\/es.greenpeace.org\/ca\/preguntas-frecuentes\/cual-es-la-postura-de-greenpeace-sobre-la-matanza-de-focas-en-canada\/\"]}]},{\"@type\":\"BreadcrumbList\",\"@id\":\"https:\/\/es.greenpeace.org\/ca\/preguntas-frecuentes\/cual-es-la-postura-de-greenpeace-sobre-la-matanza-de-focas-en-canada\/#breadcrumb\",\"itemListElement\":[{\"@type\":\"ListItem\",\"position\":1,\"name\":\"Home\",\"item\":\"https:\/\/es.greenpeace.org\/ca\/\"},{\"@type\":\"ListItem\",\"position\":2,\"name\":\"Quina \u00e9s la postura de Greenpeace sobre la matan\u00e7a de foques a Canad\u00e0?\"}]},{\"@type\":\"WebSite\",\"@id\":\"https:\/\/es.greenpeace.org\/ca\/#website\",\"url\":\"https:\/\/es.greenpeace.org\/ca\/\",\"name\":\"CA | Greenpeace Espa\u00f1a\",\"description\":\"\",\"publisher\":{\"@id\":\"https:\/\/es.greenpeace.org\/ca\/#organization\"},\"potentialAction\":[{\"@type\":\"SearchAction\",\"target\":{\"@type\":\"EntryPoint\",\"urlTemplate\":\"https:\/\/es.greenpeace.org\/ca\/?s={search_term_string}\"},\"query-input\":{\"@type\":\"PropertyValueSpecification\",\"valueRequired\":true,\"valueName\":\"search_term_string\"}}],\"inLanguage\":\"ca\"},{\"@type\":\"Organization\",\"@id\":\"https:\/\/es.greenpeace.org\/ca\/#organization\",\"name\":\"Greenpeace Espa\u00f1a\",\"alternateName\":\"Greenpeace\",\"url\":\"https:\/\/es.greenpeace.org\/ca\/\",\"logo\":{\"@type\":\"ImageObject\",\"inLanguage\":\"ca\",\"@id\":\"https:\/\/es.greenpeace.org\/ca\/#\/schema\/logo\/image\/\",\"url\":\"https:\/\/es.greenpeace.org\/ca\/wp-content\/uploads\/sites\/6\/2024\/07\/greenpeace-logo-verde.svg\",\"contentUrl\":\"https:\/\/es.greenpeace.org\/ca\/wp-content\/uploads\/sites\/6\/2024\/07\/greenpeace-logo-verde.svg\",\"width\":1,\"height\":1,\"caption\":\"Greenpeace Espa\u00f1a\"},\"image\":{\"@id\":\"https:\/\/es.greenpeace.org\/ca\/#\/schema\/logo\/image\/\"},\"sameAs\":[\"https:\/\/www.facebook.com\/greenpeace.spain\",\"https:\/\/x.com\/greenpeace_esp\",\"https:\/\/www.instagram.com\/greenpeace_esp\/\"]}]}<\/script>\n<!-- \/ Yoast SEO plugin. -->","yoast_head_json":{"title":"Quina \u00e9s la postura de Greenpeace sobre la matan\u00e7a de foques a Canad\u00e0? - CA | Greenpeace Espa\u00f1a","robots":{"index":"index","follow":"follow","max-snippet":"max-snippet:-1","max-image-preview":"max-image-preview:large","max-video-preview":"max-video-preview:-1"},"canonical":"https:\/\/es.greenpeace.org\/ca\/preguntas-frecuentes\/cual-es-la-postura-de-greenpeace-sobre-la-matanza-de-focas-en-canada\/","og_locale":"ca_ES","og_type":"article","og_title":"Quina \u00e9s la postura de Greenpeace sobre la matan\u00e7a de foques a Canad\u00e0? - CA | Greenpeace Espa\u00f1a","og_description":"Actualment, l\u2019amena\u00e7a principal pels pinn\u00edpedes \u00e9s el canvi clim\u00e0tic que en destrueix l\u2019h\u00e0bitat. La decisi\u00f3 del govern canadenc de continuar amb la ca\u00e7a comercial de foques agreuja aquesta situaci\u00f3 i en fa decr\u00e9ixer encara m\u00e9s les poblacions. Greenpeace est\u00e0 completament en contra de la matan\u00e7a de foques amb finalitats econ\u00f2miques. Greenpeace s\u2019oposa a la matan\u00e7a [&hellip;]","og_url":"https:\/\/es.greenpeace.org\/ca\/preguntas-frecuentes\/cual-es-la-postura-de-greenpeace-sobre-la-matanza-de-focas-en-canada\/","og_site_name":"CA | Greenpeace Espa\u00f1a","article_publisher":"https:\/\/www.facebook.com\/greenpeace.spain","article_modified_time":"2017-12-12T07:37:00+00:00","twitter_card":"summary_large_image","twitter_site":"@greenpeace_esp","twitter_misc":{"Temps estimat de lectura":"2 minuts"},"schema":{"@context":"https:\/\/schema.org","@graph":[{"@type":"WebPage","@id":"https:\/\/es.greenpeace.org\/ca\/preguntas-frecuentes\/cual-es-la-postura-de-greenpeace-sobre-la-matanza-de-focas-en-canada\/","url":"https:\/\/es.greenpeace.org\/ca\/preguntas-frecuentes\/cual-es-la-postura-de-greenpeace-sobre-la-matanza-de-focas-en-canada\/","name":"Quina \u00e9s la postura de Greenpeace sobre la matan\u00e7a de foques a Canad\u00e0? - CA | Greenpeace Espa\u00f1a","isPartOf":{"@id":"https:\/\/es.greenpeace.org\/ca\/#website"},"datePublished":"2017-11-09T09:27:27+00:00","dateModified":"2017-12-12T07:37:00+00:00","breadcrumb":{"@id":"https:\/\/es.greenpeace.org\/ca\/preguntas-frecuentes\/cual-es-la-postura-de-greenpeace-sobre-la-matanza-de-focas-en-canada\/#breadcrumb"},"inLanguage":"ca","potentialAction":[{"@type":"ReadAction","target":["https:\/\/es.greenpeace.org\/ca\/preguntas-frecuentes\/cual-es-la-postura-de-greenpeace-sobre-la-matanza-de-focas-en-canada\/"]}]},{"@type":"BreadcrumbList","@id":"https:\/\/es.greenpeace.org\/ca\/preguntas-frecuentes\/cual-es-la-postura-de-greenpeace-sobre-la-matanza-de-focas-en-canada\/#breadcrumb","itemListElement":[{"@type":"ListItem","position":1,"name":"Home","item":"https:\/\/es.greenpeace.org\/ca\/"},{"@type":"ListItem","position":2,"name":"Quina \u00e9s la postura de Greenpeace sobre la matan\u00e7a de foques a Canad\u00e0?"}]},{"@type":"WebSite","@id":"https:\/\/es.greenpeace.org\/ca\/#website","url":"https:\/\/es.greenpeace.org\/ca\/","name":"CA | Greenpeace Espa\u00f1a","description":"","publisher":{"@id":"https:\/\/es.greenpeace.org\/ca\/#organization"},"potentialAction":[{"@type":"SearchAction","target":{"@type":"EntryPoint","urlTemplate":"https:\/\/es.greenpeace.org\/ca\/?s={search_term_string}"},"query-input":{"@type":"PropertyValueSpecification","valueRequired":true,"valueName":"search_term_string"}}],"inLanguage":"ca"},{"@type":"Organization","@id":"https:\/\/es.greenpeace.org\/ca\/#organization","name":"Greenpeace Espa\u00f1a","alternateName":"Greenpeace","url":"https:\/\/es.greenpeace.org\/ca\/","logo":{"@type":"ImageObject","inLanguage":"ca","@id":"https:\/\/es.greenpeace.org\/ca\/#\/schema\/logo\/image\/","url":"https:\/\/es.greenpeace.org\/ca\/wp-content\/uploads\/sites\/6\/2024\/07\/greenpeace-logo-verde.svg","contentUrl":"https:\/\/es.greenpeace.org\/ca\/wp-content\/uploads\/sites\/6\/2024\/07\/greenpeace-logo-verde.svg","width":1,"height":1,"caption":"Greenpeace Espa\u00f1a"},"image":{"@id":"https:\/\/es.greenpeace.org\/ca\/#\/schema\/logo\/image\/"},"sameAs":["https:\/\/www.facebook.com\/greenpeace.spain","https:\/\/x.com\/greenpeace_esp","https:\/\/www.instagram.com\/greenpeace_esp\/"]}]}},"_links":{"self":[{"href":"https:\/\/es.greenpeace.org\/ca\/wp-json\/wp\/v2\/post_faqs\/2292","targetHints":{"allow":["GET"]}}],"collection":[{"href":"https:\/\/es.greenpeace.org\/ca\/wp-json\/wp\/v2\/post_faqs"}],"about":[{"href":"https:\/\/es.greenpeace.org\/ca\/wp-json\/wp\/v2\/types\/post_faqs"}],"author":[{"embeddable":true,"href":"https:\/\/es.greenpeace.org\/ca\/wp-json\/wp\/v2\/users\/4"}],"version-history":[{"count":4,"href":"https:\/\/es.greenpeace.org\/ca\/wp-json\/wp\/v2\/post_faqs\/2292\/revisions"}],"predecessor-version":[{"id":4182,"href":"https:\/\/es.greenpeace.org\/ca\/wp-json\/wp\/v2\/post_faqs\/2292\/revisions\/4182"}],"wp:attachment":[{"href":"https:\/\/es.greenpeace.org\/ca\/wp-json\/wp\/v2\/media?parent=2292"}],"wp:term":[{"taxonomy":"category","embeddable":true,"href":"https:\/\/es.greenpeace.org\/ca\/wp-json\/wp\/v2\/categories?post=2292"},{"taxonomy":"post_tag","embeddable":true,"href":"https:\/\/es.greenpeace.org\/ca\/wp-json\/wp\/v2\/tags?post=2292"}],"curies":[{"name":"wp","href":"https:\/\/api.w.org\/{rel}","templated":true}]}}