{"id":2324,"date":"2017-11-09T11:35:41","date_gmt":"2017-11-09T10:35:41","guid":{"rendered":"https:\/\/es.greenpeace.org\/ca\/?post_type=post_faqs&#038;p=2324"},"modified":"2017-12-12T08:27:37","modified_gmt":"2017-12-12T07:27:37","slug":"es-verdad-que-la-energia-nuclear-es-barata","status":"publish","type":"post_faqs","link":"https:\/\/es.greenpeace.org\/ca\/preguntas-frecuentes\/es-verdad-que-la-energia-nuclear-es-barata\/","title":{"rendered":"\u00c9s cert que l\u2019energia nuclear \u00e9s barata?"},"content":{"rendered":"<p>Fals. \u00c9s una energia molt cara. A m\u00e9s de les elevades inversions inicials que necessiten d\u2019un suport estatal, tal com ho demostra recentment el cas del projecte del Regne Unit, no s\u2019hi inclouen tots els costos de la gesti\u00f3 dels residus i del desmantellament, tampoc s\u2019hi inclouen els de les assegurances de responsabilitat en cas d\u2019accident; els costos d\u2019actualitzaci\u00f3 de les mesures de seguretat poden motivar-ne el tancament per falta de rendibilitat, a pesar, fins i tot, de tenir la instal\u00b7laci\u00f3 amortitzada completament; i, per acabar, en cas d\u2019accident nuclear els costos s\u00f3n incalculables.<\/p>\n<p>Una bona prova d\u2019aix\u00f2 \u00e9s el cas de Garo\u00f1a, una central nuclear que amb unes instal\u00b7lacions amortitzades, i sense haver hagut de realitzar-hi inversions en seguretat, va tancar en 2012 per motius econ\u00f2mics.<\/p>\n<p>No cal confondre que l\u2019energia nuclear s\u2019ofereix a preu zero al mercat majorista, per q\u00fcestions t\u00e8cniques, per\u00f2 els costos no tenen res a veure amb aquest preu d\u2019oferta. El preu final que rep realment \u00e9s el mateix que el de qualsevol altra font d\u2019energia.<\/p>\n","protected":false},"author":4,"featured_media":0,"parent":0,"template":"","meta":{"_acf_changed":false,"footnotes":""},"categories":[],"tags":[],"class_list":["post-2324","post_faqs","type-post_faqs","status-publish","hentry"],"acf":[],"yoast_head":"<!-- This site is optimized with the Yoast SEO plugin v27.1.1 - https:\/\/yoast.com\/product\/yoast-seo-wordpress\/ -->\n<title>\u00c9s cert que l\u2019energia nuclear \u00e9s barata? - CA | Greenpeace Espa\u00f1a<\/title>\n<meta name=\"robots\" content=\"index, follow, max-snippet:-1, max-image-preview:large, max-video-preview:-1\" \/>\n<link rel=\"canonical\" href=\"https:\/\/es.greenpeace.org\/ca\/preguntas-frecuentes\/es-verdad-que-la-energia-nuclear-es-barata\/\" \/>\n<meta property=\"og:locale\" content=\"ca_ES\" \/>\n<meta property=\"og:type\" content=\"article\" \/>\n<meta property=\"og:title\" content=\"\u00c9s cert que l\u2019energia nuclear \u00e9s barata? - CA | Greenpeace Espa\u00f1a\" \/>\n<meta property=\"og:description\" content=\"Fals. \u00c9s una energia molt cara. A m\u00e9s de les elevades inversions inicials que necessiten d\u2019un suport estatal, tal com ho demostra recentment el cas del projecte del Regne Unit, no s\u2019hi inclouen tots els costos de la gesti\u00f3 dels residus i del desmantellament, tampoc s\u2019hi inclouen els de les assegurances de responsabilitat en cas [&hellip;]\" \/>\n<meta property=\"og:url\" content=\"https:\/\/es.greenpeace.org\/ca\/preguntas-frecuentes\/es-verdad-que-la-energia-nuclear-es-barata\/\" \/>\n<meta property=\"og:site_name\" content=\"CA | Greenpeace Espa\u00f1a\" \/>\n<meta property=\"article:publisher\" content=\"https:\/\/www.facebook.com\/greenpeace.spain\" \/>\n<meta property=\"article:modified_time\" content=\"2017-12-12T07:27:37+00:00\" \/>\n<meta name=\"twitter:card\" content=\"summary_large_image\" \/>\n<meta name=\"twitter:site\" content=\"@greenpeace_esp\" \/>\n<meta name=\"twitter:label1\" content=\"Temps estimat de lectura\" \/>\n\t<meta name=\"twitter:data1\" content=\"1 minut\" \/>\n<script type=\"application\/ld+json\" class=\"yoast-schema-graph\">{\"@context\":\"https:\/\/schema.org\",\"@graph\":[{\"@type\":\"WebPage\",\"@id\":\"https:\/\/es.greenpeace.org\/ca\/preguntas-frecuentes\/es-verdad-que-la-energia-nuclear-es-barata\/\",\"url\":\"https:\/\/es.greenpeace.org\/ca\/preguntas-frecuentes\/es-verdad-que-la-energia-nuclear-es-barata\/\",\"name\":\"\u00c9s cert que l\u2019energia nuclear \u00e9s barata? - CA | Greenpeace Espa\u00f1a\",\"isPartOf\":{\"@id\":\"https:\/\/es.greenpeace.org\/ca\/#website\"},\"datePublished\":\"2017-11-09T10:35:41+00:00\",\"dateModified\":\"2017-12-12T07:27:37+00:00\",\"breadcrumb\":{\"@id\":\"https:\/\/es.greenpeace.org\/ca\/preguntas-frecuentes\/es-verdad-que-la-energia-nuclear-es-barata\/#breadcrumb\"},\"inLanguage\":\"ca\",\"potentialAction\":[{\"@type\":\"ReadAction\",\"target\":[\"https:\/\/es.greenpeace.org\/ca\/preguntas-frecuentes\/es-verdad-que-la-energia-nuclear-es-barata\/\"]}]},{\"@type\":\"BreadcrumbList\",\"@id\":\"https:\/\/es.greenpeace.org\/ca\/preguntas-frecuentes\/es-verdad-que-la-energia-nuclear-es-barata\/#breadcrumb\",\"itemListElement\":[{\"@type\":\"ListItem\",\"position\":1,\"name\":\"Home\",\"item\":\"https:\/\/es.greenpeace.org\/ca\/\"},{\"@type\":\"ListItem\",\"position\":2,\"name\":\"\u00c9s cert que l\u2019energia nuclear \u00e9s barata?\"}]},{\"@type\":\"WebSite\",\"@id\":\"https:\/\/es.greenpeace.org\/ca\/#website\",\"url\":\"https:\/\/es.greenpeace.org\/ca\/\",\"name\":\"CA | Greenpeace Espa\u00f1a\",\"description\":\"\",\"publisher\":{\"@id\":\"https:\/\/es.greenpeace.org\/ca\/#organization\"},\"potentialAction\":[{\"@type\":\"SearchAction\",\"target\":{\"@type\":\"EntryPoint\",\"urlTemplate\":\"https:\/\/es.greenpeace.org\/ca\/?s={search_term_string}\"},\"query-input\":{\"@type\":\"PropertyValueSpecification\",\"valueRequired\":true,\"valueName\":\"search_term_string\"}}],\"inLanguage\":\"ca\"},{\"@type\":\"Organization\",\"@id\":\"https:\/\/es.greenpeace.org\/ca\/#organization\",\"name\":\"Greenpeace Espa\u00f1a\",\"alternateName\":\"Greenpeace\",\"url\":\"https:\/\/es.greenpeace.org\/ca\/\",\"logo\":{\"@type\":\"ImageObject\",\"inLanguage\":\"ca\",\"@id\":\"https:\/\/es.greenpeace.org\/ca\/#\/schema\/logo\/image\/\",\"url\":\"https:\/\/es.greenpeace.org\/ca\/wp-content\/uploads\/sites\/6\/2024\/07\/greenpeace-logo-verde.svg\",\"contentUrl\":\"https:\/\/es.greenpeace.org\/ca\/wp-content\/uploads\/sites\/6\/2024\/07\/greenpeace-logo-verde.svg\",\"width\":1,\"height\":1,\"caption\":\"Greenpeace Espa\u00f1a\"},\"image\":{\"@id\":\"https:\/\/es.greenpeace.org\/ca\/#\/schema\/logo\/image\/\"},\"sameAs\":[\"https:\/\/www.facebook.com\/greenpeace.spain\",\"https:\/\/x.com\/greenpeace_esp\",\"https:\/\/www.instagram.com\/greenpeace_esp\/\"]}]}<\/script>\n<!-- \/ Yoast SEO plugin. -->","yoast_head_json":{"title":"\u00c9s cert que l\u2019energia nuclear \u00e9s barata? - CA | Greenpeace Espa\u00f1a","robots":{"index":"index","follow":"follow","max-snippet":"max-snippet:-1","max-image-preview":"max-image-preview:large","max-video-preview":"max-video-preview:-1"},"canonical":"https:\/\/es.greenpeace.org\/ca\/preguntas-frecuentes\/es-verdad-que-la-energia-nuclear-es-barata\/","og_locale":"ca_ES","og_type":"article","og_title":"\u00c9s cert que l\u2019energia nuclear \u00e9s barata? - CA | Greenpeace Espa\u00f1a","og_description":"Fals. \u00c9s una energia molt cara. A m\u00e9s de les elevades inversions inicials que necessiten d\u2019un suport estatal, tal com ho demostra recentment el cas del projecte del Regne Unit, no s\u2019hi inclouen tots els costos de la gesti\u00f3 dels residus i del desmantellament, tampoc s\u2019hi inclouen els de les assegurances de responsabilitat en cas [&hellip;]","og_url":"https:\/\/es.greenpeace.org\/ca\/preguntas-frecuentes\/es-verdad-que-la-energia-nuclear-es-barata\/","og_site_name":"CA | Greenpeace Espa\u00f1a","article_publisher":"https:\/\/www.facebook.com\/greenpeace.spain","article_modified_time":"2017-12-12T07:27:37+00:00","twitter_card":"summary_large_image","twitter_site":"@greenpeace_esp","twitter_misc":{"Temps estimat de lectura":"1 minut"},"schema":{"@context":"https:\/\/schema.org","@graph":[{"@type":"WebPage","@id":"https:\/\/es.greenpeace.org\/ca\/preguntas-frecuentes\/es-verdad-que-la-energia-nuclear-es-barata\/","url":"https:\/\/es.greenpeace.org\/ca\/preguntas-frecuentes\/es-verdad-que-la-energia-nuclear-es-barata\/","name":"\u00c9s cert que l\u2019energia nuclear \u00e9s barata? - CA | Greenpeace Espa\u00f1a","isPartOf":{"@id":"https:\/\/es.greenpeace.org\/ca\/#website"},"datePublished":"2017-11-09T10:35:41+00:00","dateModified":"2017-12-12T07:27:37+00:00","breadcrumb":{"@id":"https:\/\/es.greenpeace.org\/ca\/preguntas-frecuentes\/es-verdad-que-la-energia-nuclear-es-barata\/#breadcrumb"},"inLanguage":"ca","potentialAction":[{"@type":"ReadAction","target":["https:\/\/es.greenpeace.org\/ca\/preguntas-frecuentes\/es-verdad-que-la-energia-nuclear-es-barata\/"]}]},{"@type":"BreadcrumbList","@id":"https:\/\/es.greenpeace.org\/ca\/preguntas-frecuentes\/es-verdad-que-la-energia-nuclear-es-barata\/#breadcrumb","itemListElement":[{"@type":"ListItem","position":1,"name":"Home","item":"https:\/\/es.greenpeace.org\/ca\/"},{"@type":"ListItem","position":2,"name":"\u00c9s cert que l\u2019energia nuclear \u00e9s barata?"}]},{"@type":"WebSite","@id":"https:\/\/es.greenpeace.org\/ca\/#website","url":"https:\/\/es.greenpeace.org\/ca\/","name":"CA | Greenpeace Espa\u00f1a","description":"","publisher":{"@id":"https:\/\/es.greenpeace.org\/ca\/#organization"},"potentialAction":[{"@type":"SearchAction","target":{"@type":"EntryPoint","urlTemplate":"https:\/\/es.greenpeace.org\/ca\/?s={search_term_string}"},"query-input":{"@type":"PropertyValueSpecification","valueRequired":true,"valueName":"search_term_string"}}],"inLanguage":"ca"},{"@type":"Organization","@id":"https:\/\/es.greenpeace.org\/ca\/#organization","name":"Greenpeace Espa\u00f1a","alternateName":"Greenpeace","url":"https:\/\/es.greenpeace.org\/ca\/","logo":{"@type":"ImageObject","inLanguage":"ca","@id":"https:\/\/es.greenpeace.org\/ca\/#\/schema\/logo\/image\/","url":"https:\/\/es.greenpeace.org\/ca\/wp-content\/uploads\/sites\/6\/2024\/07\/greenpeace-logo-verde.svg","contentUrl":"https:\/\/es.greenpeace.org\/ca\/wp-content\/uploads\/sites\/6\/2024\/07\/greenpeace-logo-verde.svg","width":1,"height":1,"caption":"Greenpeace Espa\u00f1a"},"image":{"@id":"https:\/\/es.greenpeace.org\/ca\/#\/schema\/logo\/image\/"},"sameAs":["https:\/\/www.facebook.com\/greenpeace.spain","https:\/\/x.com\/greenpeace_esp","https:\/\/www.instagram.com\/greenpeace_esp\/"]}]}},"_links":{"self":[{"href":"https:\/\/es.greenpeace.org\/ca\/wp-json\/wp\/v2\/post_faqs\/2324","targetHints":{"allow":["GET"]}}],"collection":[{"href":"https:\/\/es.greenpeace.org\/ca\/wp-json\/wp\/v2\/post_faqs"}],"about":[{"href":"https:\/\/es.greenpeace.org\/ca\/wp-json\/wp\/v2\/types\/post_faqs"}],"author":[{"embeddable":true,"href":"https:\/\/es.greenpeace.org\/ca\/wp-json\/wp\/v2\/users\/4"}],"version-history":[{"count":5,"href":"https:\/\/es.greenpeace.org\/ca\/wp-json\/wp\/v2\/post_faqs\/2324\/revisions"}],"predecessor-version":[{"id":4145,"href":"https:\/\/es.greenpeace.org\/ca\/wp-json\/wp\/v2\/post_faqs\/2324\/revisions\/4145"}],"wp:attachment":[{"href":"https:\/\/es.greenpeace.org\/ca\/wp-json\/wp\/v2\/media?parent=2324"}],"wp:term":[{"taxonomy":"category","embeddable":true,"href":"https:\/\/es.greenpeace.org\/ca\/wp-json\/wp\/v2\/categories?post=2324"},{"taxonomy":"post_tag","embeddable":true,"href":"https:\/\/es.greenpeace.org\/ca\/wp-json\/wp\/v2\/tags?post=2324"}],"curies":[{"name":"wp","href":"https:\/\/api.w.org\/{rel}","templated":true}]}}