{"id":12404,"date":"2018-10-23T10:21:39","date_gmt":"2018-10-23T08:21:39","guid":{"rendered":"https:\/\/es.greenpeace.org\/es\/?post_type=post_documents&#038;p=12404"},"modified":"2018-10-23T10:22:13","modified_gmt":"2018-10-23T08:22:13","slug":"la-crisis-de-la-comodidad-las-corporaciones-detras-de-la-marea-de-contaminacion-por-plasticos","status":"publish","type":"post_documents","link":"https:\/\/es.greenpeace.org\/es\/sala-de-prensa\/documentos\/la-crisis-de-la-comodidad-las-corporaciones-detras-de-la-marea-de-contaminacion-por-plasticos\/","title":{"rendered":"La crisis de la comodidad. Las corporaciones detr\u00e1s de la marea de contaminaci\u00f3n por pl\u00e1sticos"},"content":{"rendered":"<p>RESUMEN EJECUTIVO del informe:\u00a0La crisis de la comodidad. Las corporaciones detr\u00e1s de la marea de contaminaci\u00f3n por pl\u00e1sticos<\/p>\n<p><span style=\"font-weight: 400\">Las grandes corporaciones responsables de la producci\u00f3n masiva de pl\u00e1sticos no tienen planes de frenar la creciente producci\u00f3n y comercializaci\u00f3n de pl\u00e1sticos de un solo uso, y<\/span><b> las soluciones que est\u00e1n explorando, basadas en el reciclaje, solo perpetuar\u00e1n el problema<\/b><span style=\"font-weight: 400\">. Es la principal conclusi\u00f3n del <\/span><b>estudio <\/b><b><i>\u201cLa crisis de la comodidad. Las corporaciones detr\u00e1s de la marea de contaminaci\u00f3n por pl\u00e1sticos\u201d<\/i><\/b><i><span style=\"font-weight: 400\">, <\/span><\/i><span style=\"font-weight: 400\">publicado hoy por Greenpeace Internacional, en el que se analizan 11 de las principales corporaciones productoras de consumo masivo en el mundo: <\/span><b>Coca-Cola Company, Colgate-Palmolive, Danone, Johnson y Johnson, Kraft Heinz, Mars, Nestl\u00e9, Mondelez , PepsiCo, Procter &amp; Gamble y Unilever.<\/b><\/p>\n<p>&nbsp;<\/p>\n","protected":false},"author":1,"featured_media":12398,"parent":0,"template":"","meta":{"_acf_changed":false,"footnotes":""},"categories":[40],"tags":[],"class_list":["post-12404","post_documents","type-post_documents","status-publish","has-post-thumbnail","hentry","category-consumo"],"acf":[],"yoast_head":"<!-- This site is optimized with the Yoast SEO plugin v27.1.1 - https:\/\/yoast.com\/product\/yoast-seo-wordpress\/ -->\n<title>La crisis de la comodidad. Las corporaciones detr\u00e1s de la marea de contaminaci\u00f3n por pl\u00e1sticos - ES | Greenpeace Espa\u00f1a<\/title>\n<meta name=\"robots\" content=\"index, follow, max-snippet:-1, max-image-preview:large, max-video-preview:-1\" \/>\n<link rel=\"canonical\" href=\"https:\/\/es.greenpeace.org\/es\/sala-de-prensa\/documentos\/la-crisis-de-la-comodidad-las-corporaciones-detras-de-la-marea-de-contaminacion-por-plasticos\/\" \/>\n<meta property=\"og:locale\" content=\"es_ES\" \/>\n<meta property=\"og:type\" content=\"article\" \/>\n<meta property=\"og:title\" content=\"La crisis de la comodidad. Las corporaciones detr\u00e1s de la marea de contaminaci\u00f3n por pl\u00e1sticos - ES | Greenpeace Espa\u00f1a\" \/>\n<meta property=\"og:description\" content=\"RESUMEN EJECUTIVO del informe:\u00a0La crisis de la comodidad. Las corporaciones detr\u00e1s de la marea de contaminaci\u00f3n por pl\u00e1sticos Las grandes corporaciones responsables de la producci\u00f3n masiva de pl\u00e1sticos no tienen planes de frenar la creciente producci\u00f3n y comercializaci\u00f3n de pl\u00e1sticos de un solo uso, y las soluciones que est\u00e1n explorando, basadas en el reciclaje, solo [&hellip;]\" \/>\n<meta property=\"og:url\" content=\"https:\/\/es.greenpeace.org\/es\/sala-de-prensa\/documentos\/la-crisis-de-la-comodidad-las-corporaciones-detras-de-la-marea-de-contaminacion-por-plasticos\/\" \/>\n<meta property=\"og:site_name\" content=\"ES | Greenpeace Espa\u00f1a\" \/>\n<meta property=\"article:publisher\" content=\"https:\/\/www.facebook.com\/greenpeace.spain\" \/>\n<meta property=\"article:modified_time\" content=\"2018-10-23T08:22:13+00:00\" \/>\n<meta property=\"og:image\" content=\"https:\/\/es.greenpeace.org\/es\/wp-content\/uploads\/sites\/3\/2018\/10\/Captura-de-pantalla-de-2018-10-23-10-05-28.png\" \/>\n\t<meta property=\"og:image:width\" content=\"396\" \/>\n\t<meta property=\"og:image:height\" content=\"560\" \/>\n\t<meta property=\"og:image:type\" content=\"image\/png\" \/>\n<meta name=\"twitter:card\" content=\"summary_large_image\" \/>\n<meta name=\"twitter:site\" content=\"@greenpeace_esp\" \/>\n<meta name=\"twitter:label1\" content=\"Tiempo de lectura\" \/>\n\t<meta name=\"twitter:data1\" content=\"1 minuto\" \/>\n<script type=\"application\/ld+json\" class=\"yoast-schema-graph\">{\"@context\":\"https:\/\/schema.org\",\"@graph\":[{\"@type\":\"WebPage\",\"@id\":\"https:\/\/es.greenpeace.org\/es\/sala-de-prensa\/documentos\/la-crisis-de-la-comodidad-las-corporaciones-detras-de-la-marea-de-contaminacion-por-plasticos\/\",\"url\":\"https:\/\/es.greenpeace.org\/es\/sala-de-prensa\/documentos\/la-crisis-de-la-comodidad-las-corporaciones-detras-de-la-marea-de-contaminacion-por-plasticos\/\",\"name\":\"La crisis de la comodidad. Las corporaciones detr\u00e1s de la marea de contaminaci\u00f3n por pl\u00e1sticos - ES | Greenpeace Espa\u00f1a\",\"isPartOf\":{\"@id\":\"https:\/\/es.greenpeace.org\/es\/#website\"},\"primaryImageOfPage\":{\"@id\":\"https:\/\/es.greenpeace.org\/es\/sala-de-prensa\/documentos\/la-crisis-de-la-comodidad-las-corporaciones-detras-de-la-marea-de-contaminacion-por-plasticos\/#primaryimage\"},\"image\":{\"@id\":\"https:\/\/es.greenpeace.org\/es\/sala-de-prensa\/documentos\/la-crisis-de-la-comodidad-las-corporaciones-detras-de-la-marea-de-contaminacion-por-plasticos\/#primaryimage\"},\"thumbnailUrl\":\"https:\/\/es.greenpeace.org\/es\/wp-content\/uploads\/sites\/3\/2018\/10\/Captura-de-pantalla-de-2018-10-23-10-05-28.png\",\"datePublished\":\"2018-10-23T08:21:39+00:00\",\"dateModified\":\"2018-10-23T08:22:13+00:00\",\"breadcrumb\":{\"@id\":\"https:\/\/es.greenpeace.org\/es\/sala-de-prensa\/documentos\/la-crisis-de-la-comodidad-las-corporaciones-detras-de-la-marea-de-contaminacion-por-plasticos\/#breadcrumb\"},\"inLanguage\":\"es\",\"potentialAction\":[{\"@type\":\"ReadAction\",\"target\":[\"https:\/\/es.greenpeace.org\/es\/sala-de-prensa\/documentos\/la-crisis-de-la-comodidad-las-corporaciones-detras-de-la-marea-de-contaminacion-por-plasticos\/\"]}]},{\"@type\":\"ImageObject\",\"inLanguage\":\"es\",\"@id\":\"https:\/\/es.greenpeace.org\/es\/sala-de-prensa\/documentos\/la-crisis-de-la-comodidad-las-corporaciones-detras-de-la-marea-de-contaminacion-por-plasticos\/#primaryimage\",\"url\":\"https:\/\/es.greenpeace.org\/es\/wp-content\/uploads\/sites\/3\/2018\/10\/Captura-de-pantalla-de-2018-10-23-10-05-28.png\",\"contentUrl\":\"https:\/\/es.greenpeace.org\/es\/wp-content\/uploads\/sites\/3\/2018\/10\/Captura-de-pantalla-de-2018-10-23-10-05-28.png\",\"width\":396,\"height\":560},{\"@type\":\"BreadcrumbList\",\"@id\":\"https:\/\/es.greenpeace.org\/es\/sala-de-prensa\/documentos\/la-crisis-de-la-comodidad-las-corporaciones-detras-de-la-marea-de-contaminacion-por-plasticos\/#breadcrumb\",\"itemListElement\":[{\"@type\":\"ListItem\",\"position\":1,\"name\":\"Home\",\"item\":\"https:\/\/es.greenpeace.org\/es\/\"},{\"@type\":\"ListItem\",\"position\":2,\"name\":\"La crisis de la comodidad. Las corporaciones detr\u00e1s de la marea de contaminaci\u00f3n por pl\u00e1sticos\"}]},{\"@type\":\"WebSite\",\"@id\":\"https:\/\/es.greenpeace.org\/es\/#website\",\"url\":\"https:\/\/es.greenpeace.org\/es\/\",\"name\":\"Greenpeace Espa\u00f1a\",\"description\":\"\",\"publisher\":{\"@id\":\"https:\/\/es.greenpeace.org\/es\/#organization\"},\"potentialAction\":[{\"@type\":\"SearchAction\",\"target\":{\"@type\":\"EntryPoint\",\"urlTemplate\":\"https:\/\/es.greenpeace.org\/es\/?s={search_term_string}\"},\"query-input\":{\"@type\":\"PropertyValueSpecification\",\"valueRequired\":true,\"valueName\":\"search_term_string\"}}],\"inLanguage\":\"es\"},{\"@type\":\"Organization\",\"@id\":\"https:\/\/es.greenpeace.org\/es\/#organization\",\"name\":\"Greenpeace Espa\u00f1a\",\"alternateName\":\"Greenpeace\",\"url\":\"https:\/\/es.greenpeace.org\/es\/\",\"logo\":{\"@type\":\"ImageObject\",\"inLanguage\":\"es\",\"@id\":\"https:\/\/es.greenpeace.org\/es\/#\/schema\/logo\/image\/\",\"url\":\"https:\/\/es.greenpeace.org\/es\/wp-content\/uploads\/sites\/3\/2024\/07\/greenpeace-logo-verde.svg\",\"contentUrl\":\"https:\/\/es.greenpeace.org\/es\/wp-content\/uploads\/sites\/3\/2024\/07\/greenpeace-logo-verde.svg\",\"width\":1,\"height\":1,\"caption\":\"Greenpeace Espa\u00f1a\"},\"image\":{\"@id\":\"https:\/\/es.greenpeace.org\/es\/#\/schema\/logo\/image\/\"},\"sameAs\":[\"https:\/\/www.facebook.com\/greenpeace.spain\",\"https:\/\/x.com\/greenpeace_esp\",\"https:\/\/www.instagram.com\/greenpeace_esp\/\"]}]}<\/script>\n<!-- \/ Yoast SEO plugin. -->","yoast_head_json":{"title":"La crisis de la comodidad. Las corporaciones detr\u00e1s de la marea de contaminaci\u00f3n por pl\u00e1sticos - ES | Greenpeace Espa\u00f1a","robots":{"index":"index","follow":"follow","max-snippet":"max-snippet:-1","max-image-preview":"max-image-preview:large","max-video-preview":"max-video-preview:-1"},"canonical":"https:\/\/es.greenpeace.org\/es\/sala-de-prensa\/documentos\/la-crisis-de-la-comodidad-las-corporaciones-detras-de-la-marea-de-contaminacion-por-plasticos\/","og_locale":"es_ES","og_type":"article","og_title":"La crisis de la comodidad. Las corporaciones detr\u00e1s de la marea de contaminaci\u00f3n por pl\u00e1sticos - ES | Greenpeace Espa\u00f1a","og_description":"RESUMEN EJECUTIVO del informe:\u00a0La crisis de la comodidad. Las corporaciones detr\u00e1s de la marea de contaminaci\u00f3n por pl\u00e1sticos Las grandes corporaciones responsables de la producci\u00f3n masiva de pl\u00e1sticos no tienen planes de frenar la creciente producci\u00f3n y comercializaci\u00f3n de pl\u00e1sticos de un solo uso, y las soluciones que est\u00e1n explorando, basadas en el reciclaje, solo [&hellip;]","og_url":"https:\/\/es.greenpeace.org\/es\/sala-de-prensa\/documentos\/la-crisis-de-la-comodidad-las-corporaciones-detras-de-la-marea-de-contaminacion-por-plasticos\/","og_site_name":"ES | Greenpeace Espa\u00f1a","article_publisher":"https:\/\/www.facebook.com\/greenpeace.spain","article_modified_time":"2018-10-23T08:22:13+00:00","og_image":[{"width":396,"height":560,"url":"https:\/\/es.greenpeace.org\/es\/wp-content\/uploads\/sites\/3\/2018\/10\/Captura-de-pantalla-de-2018-10-23-10-05-28.png","type":"image\/png"}],"twitter_card":"summary_large_image","twitter_site":"@greenpeace_esp","twitter_misc":{"Tiempo de lectura":"1 minuto"},"schema":{"@context":"https:\/\/schema.org","@graph":[{"@type":"WebPage","@id":"https:\/\/es.greenpeace.org\/es\/sala-de-prensa\/documentos\/la-crisis-de-la-comodidad-las-corporaciones-detras-de-la-marea-de-contaminacion-por-plasticos\/","url":"https:\/\/es.greenpeace.org\/es\/sala-de-prensa\/documentos\/la-crisis-de-la-comodidad-las-corporaciones-detras-de-la-marea-de-contaminacion-por-plasticos\/","name":"La crisis de la comodidad. Las corporaciones detr\u00e1s de la marea de contaminaci\u00f3n por pl\u00e1sticos - ES | Greenpeace Espa\u00f1a","isPartOf":{"@id":"https:\/\/es.greenpeace.org\/es\/#website"},"primaryImageOfPage":{"@id":"https:\/\/es.greenpeace.org\/es\/sala-de-prensa\/documentos\/la-crisis-de-la-comodidad-las-corporaciones-detras-de-la-marea-de-contaminacion-por-plasticos\/#primaryimage"},"image":{"@id":"https:\/\/es.greenpeace.org\/es\/sala-de-prensa\/documentos\/la-crisis-de-la-comodidad-las-corporaciones-detras-de-la-marea-de-contaminacion-por-plasticos\/#primaryimage"},"thumbnailUrl":"https:\/\/es.greenpeace.org\/es\/wp-content\/uploads\/sites\/3\/2018\/10\/Captura-de-pantalla-de-2018-10-23-10-05-28.png","datePublished":"2018-10-23T08:21:39+00:00","dateModified":"2018-10-23T08:22:13+00:00","breadcrumb":{"@id":"https:\/\/es.greenpeace.org\/es\/sala-de-prensa\/documentos\/la-crisis-de-la-comodidad-las-corporaciones-detras-de-la-marea-de-contaminacion-por-plasticos\/#breadcrumb"},"inLanguage":"es","potentialAction":[{"@type":"ReadAction","target":["https:\/\/es.greenpeace.org\/es\/sala-de-prensa\/documentos\/la-crisis-de-la-comodidad-las-corporaciones-detras-de-la-marea-de-contaminacion-por-plasticos\/"]}]},{"@type":"ImageObject","inLanguage":"es","@id":"https:\/\/es.greenpeace.org\/es\/sala-de-prensa\/documentos\/la-crisis-de-la-comodidad-las-corporaciones-detras-de-la-marea-de-contaminacion-por-plasticos\/#primaryimage","url":"https:\/\/es.greenpeace.org\/es\/wp-content\/uploads\/sites\/3\/2018\/10\/Captura-de-pantalla-de-2018-10-23-10-05-28.png","contentUrl":"https:\/\/es.greenpeace.org\/es\/wp-content\/uploads\/sites\/3\/2018\/10\/Captura-de-pantalla-de-2018-10-23-10-05-28.png","width":396,"height":560},{"@type":"BreadcrumbList","@id":"https:\/\/es.greenpeace.org\/es\/sala-de-prensa\/documentos\/la-crisis-de-la-comodidad-las-corporaciones-detras-de-la-marea-de-contaminacion-por-plasticos\/#breadcrumb","itemListElement":[{"@type":"ListItem","position":1,"name":"Home","item":"https:\/\/es.greenpeace.org\/es\/"},{"@type":"ListItem","position":2,"name":"La crisis de la comodidad. Las corporaciones detr\u00e1s de la marea de contaminaci\u00f3n por pl\u00e1sticos"}]},{"@type":"WebSite","@id":"https:\/\/es.greenpeace.org\/es\/#website","url":"https:\/\/es.greenpeace.org\/es\/","name":"Greenpeace Espa\u00f1a","description":"","publisher":{"@id":"https:\/\/es.greenpeace.org\/es\/#organization"},"potentialAction":[{"@type":"SearchAction","target":{"@type":"EntryPoint","urlTemplate":"https:\/\/es.greenpeace.org\/es\/?s={search_term_string}"},"query-input":{"@type":"PropertyValueSpecification","valueRequired":true,"valueName":"search_term_string"}}],"inLanguage":"es"},{"@type":"Organization","@id":"https:\/\/es.greenpeace.org\/es\/#organization","name":"Greenpeace Espa\u00f1a","alternateName":"Greenpeace","url":"https:\/\/es.greenpeace.org\/es\/","logo":{"@type":"ImageObject","inLanguage":"es","@id":"https:\/\/es.greenpeace.org\/es\/#\/schema\/logo\/image\/","url":"https:\/\/es.greenpeace.org\/es\/wp-content\/uploads\/sites\/3\/2024\/07\/greenpeace-logo-verde.svg","contentUrl":"https:\/\/es.greenpeace.org\/es\/wp-content\/uploads\/sites\/3\/2024\/07\/greenpeace-logo-verde.svg","width":1,"height":1,"caption":"Greenpeace Espa\u00f1a"},"image":{"@id":"https:\/\/es.greenpeace.org\/es\/#\/schema\/logo\/image\/"},"sameAs":["https:\/\/www.facebook.com\/greenpeace.spain","https:\/\/x.com\/greenpeace_esp","https:\/\/www.instagram.com\/greenpeace_esp\/"]}]}},"_links":{"self":[{"href":"https:\/\/es.greenpeace.org\/es\/wp-json\/wp\/v2\/post_documents\/12404","targetHints":{"allow":["GET"]}}],"collection":[{"href":"https:\/\/es.greenpeace.org\/es\/wp-json\/wp\/v2\/post_documents"}],"about":[{"href":"https:\/\/es.greenpeace.org\/es\/wp-json\/wp\/v2\/types\/post_documents"}],"author":[{"embeddable":true,"href":"https:\/\/es.greenpeace.org\/es\/wp-json\/wp\/v2\/users\/1"}],"version-history":[{"count":1,"href":"https:\/\/es.greenpeace.org\/es\/wp-json\/wp\/v2\/post_documents\/12404\/revisions"}],"predecessor-version":[{"id":12406,"href":"https:\/\/es.greenpeace.org\/es\/wp-json\/wp\/v2\/post_documents\/12404\/revisions\/12406"}],"wp:featuredmedia":[{"embeddable":true,"href":"https:\/\/es.greenpeace.org\/es\/wp-json\/wp\/v2\/media\/12398"}],"wp:attachment":[{"href":"https:\/\/es.greenpeace.org\/es\/wp-json\/wp\/v2\/media?parent=12404"}],"wp:term":[{"taxonomy":"category","embeddable":true,"href":"https:\/\/es.greenpeace.org\/es\/wp-json\/wp\/v2\/categories?post=12404"},{"taxonomy":"post_tag","embeddable":true,"href":"https:\/\/es.greenpeace.org\/es\/wp-json\/wp\/v2\/tags?post=12404"}],"curies":[{"name":"wp","href":"https:\/\/api.w.org\/{rel}","templated":true}]}}