{"id":15521,"date":"2019-02-26T00:51:33","date_gmt":"2019-02-25T22:51:33","guid":{"rendered":"https:\/\/es.greenpeace.org\/es\/?post_type=post_documents&#038;p=15521"},"modified":"2020-08-10T14:18:34","modified_gmt":"2020-08-10T12:18:34","slug":"carta-de-fernando-marti-presidente-del-csn-a-ana-pastor-presidenta-del-congreso","status":"publish","type":"post_documents","link":"https:\/\/es.greenpeace.org\/es\/sala-de-prensa\/documentos\/carta-de-fernando-marti-presidente-del-csn-a-ana-pastor-presidenta-del-congreso\/","title":{"rendered":"Carta de Fernando Marti (presidente del CSN) a Ana Pastor (presidenta del Congreso)"},"content":{"rendered":"<p>Carta del presidente del Consejo de Seguridad Nuclear (CSN), Fernando Marti, a la presidenta del Congreso de los Diputados, Ana Pastor, sobre la propuesta del Gobierno a los nuevos miembros de este organismo.<\/p>\n","protected":false},"author":1,"featured_media":16598,"parent":0,"template":"","meta":{"_acf_changed":false,"footnotes":""},"categories":[35],"tags":[],"class_list":["post-15521","post_documents","type-post_documents","status-publish","has-post-thumbnail","hentry","category-cambio-climatico"],"acf":[],"yoast_head":"<!-- This site is optimized with the Yoast SEO plugin v27.1.1 - https:\/\/yoast.com\/product\/yoast-seo-wordpress\/ -->\n<title>Carta de Fernando Marti (presidente del CSN) a Ana Pastor (presidenta del Congreso) - ES | Greenpeace Espa\u00f1a<\/title>\n<meta name=\"robots\" content=\"index, follow, max-snippet:-1, max-image-preview:large, max-video-preview:-1\" \/>\n<link rel=\"canonical\" href=\"https:\/\/es.greenpeace.org\/es\/sala-de-prensa\/documentos\/carta-de-fernando-marti-presidente-del-csn-a-ana-pastor-presidenta-del-congreso\/\" \/>\n<meta property=\"og:locale\" content=\"es_ES\" \/>\n<meta property=\"og:type\" content=\"article\" \/>\n<meta property=\"og:title\" content=\"Carta de Fernando Marti (presidente del CSN) a Ana Pastor (presidenta del Congreso) - ES | Greenpeace Espa\u00f1a\" \/>\n<meta property=\"og:description\" content=\"Carta del presidente del Consejo de Seguridad Nuclear (CSN), Fernando Marti, a la presidenta del Congreso de los Diputados, Ana Pastor, sobre la propuesta del Gobierno a los nuevos miembros de este organismo.\" \/>\n<meta property=\"og:url\" content=\"https:\/\/es.greenpeace.org\/es\/sala-de-prensa\/documentos\/carta-de-fernando-marti-presidente-del-csn-a-ana-pastor-presidenta-del-congreso\/\" \/>\n<meta property=\"og:site_name\" content=\"ES | Greenpeace Espa\u00f1a\" \/>\n<meta property=\"article:publisher\" content=\"https:\/\/www.facebook.com\/greenpeace.spain\" \/>\n<meta property=\"article:modified_time\" content=\"2020-08-10T12:18:34+00:00\" \/>\n<meta property=\"og:image\" content=\"https:\/\/es.greenpeace.org\/es\/wp-content\/uploads\/sites\/3\/2019\/03\/GPES20160217PA331-2100x881.jpg\" \/>\n\t<meta property=\"og:image:width\" content=\"2100\" \/>\n\t<meta property=\"og:image:height\" content=\"881\" \/>\n\t<meta property=\"og:image:type\" content=\"image\/jpeg\" \/>\n<meta name=\"twitter:card\" content=\"summary_large_image\" \/>\n<meta name=\"twitter:site\" content=\"@greenpeace_esp\" \/>\n<script type=\"application\/ld+json\" class=\"yoast-schema-graph\">{\"@context\":\"https:\/\/schema.org\",\"@graph\":[{\"@type\":\"WebPage\",\"@id\":\"https:\/\/es.greenpeace.org\/es\/sala-de-prensa\/documentos\/carta-de-fernando-marti-presidente-del-csn-a-ana-pastor-presidenta-del-congreso\/\",\"url\":\"https:\/\/es.greenpeace.org\/es\/sala-de-prensa\/documentos\/carta-de-fernando-marti-presidente-del-csn-a-ana-pastor-presidenta-del-congreso\/\",\"name\":\"Carta de Fernando Marti (presidente del CSN) a Ana Pastor (presidenta del Congreso) - ES | Greenpeace Espa\u00f1a\",\"isPartOf\":{\"@id\":\"https:\/\/es.greenpeace.org\/es\/#website\"},\"primaryImageOfPage\":{\"@id\":\"https:\/\/es.greenpeace.org\/es\/sala-de-prensa\/documentos\/carta-de-fernando-marti-presidente-del-csn-a-ana-pastor-presidenta-del-congreso\/#primaryimage\"},\"image\":{\"@id\":\"https:\/\/es.greenpeace.org\/es\/sala-de-prensa\/documentos\/carta-de-fernando-marti-presidente-del-csn-a-ana-pastor-presidenta-del-congreso\/#primaryimage\"},\"thumbnailUrl\":\"https:\/\/es.greenpeace.org\/es\/wp-content\/uploads\/sites\/3\/2019\/03\/GPES20160217PA331.jpg\",\"datePublished\":\"2019-02-25T22:51:33+00:00\",\"dateModified\":\"2020-08-10T12:18:34+00:00\",\"breadcrumb\":{\"@id\":\"https:\/\/es.greenpeace.org\/es\/sala-de-prensa\/documentos\/carta-de-fernando-marti-presidente-del-csn-a-ana-pastor-presidenta-del-congreso\/#breadcrumb\"},\"inLanguage\":\"es\",\"potentialAction\":[{\"@type\":\"ReadAction\",\"target\":[\"https:\/\/es.greenpeace.org\/es\/sala-de-prensa\/documentos\/carta-de-fernando-marti-presidente-del-csn-a-ana-pastor-presidenta-del-congreso\/\"]}]},{\"@type\":\"ImageObject\",\"inLanguage\":\"es\",\"@id\":\"https:\/\/es.greenpeace.org\/es\/sala-de-prensa\/documentos\/carta-de-fernando-marti-presidente-del-csn-a-ana-pastor-presidenta-del-congreso\/#primaryimage\",\"url\":\"https:\/\/es.greenpeace.org\/es\/wp-content\/uploads\/sites\/3\/2019\/03\/GPES20160217PA331.jpg\",\"contentUrl\":\"https:\/\/es.greenpeace.org\/es\/wp-content\/uploads\/sites\/3\/2019\/03\/GPES20160217PA331.jpg\",\"width\":5489,\"height\":2304,\"caption\":\"17\/02\/2016. Madrid, Espa\u00f1a. Acci\u00f3n en el Consejo de Seguridad Nuclear (CSN). Escaladores de Greenpeace han desplegado esta ma\u00f1ana pancartas en la fachada del Consejo de Seguridad Nuclear (CSN) en Madrid con los mensajes \u201cStop Garo\u00f1a\u201d y \u201cStop nucleares\u201d. Adem\u00e1s otro grupo de activistas portaba una pancarta en la que se pod\u00eda leer \u201cPor un CSN independiente\u201d. La acci\u00f3n ha tenido lugar mientras se celebraba el pleno que el organismo regulador tiene cada mi\u00e9rcoles, en los que se tratan, entre otros temas, la posible reapertura de la central nuclear de Santa Mar\u00eda de Garo\u00f1a (Burgos), la m\u00e1s antigua de toda la Uni\u00f3n Europea. La organizaci\u00f3n ecologista denuncia falta de independencia del Consejo de Seguridad Nuclear (CSN) y considera inaceptable que su presidente contin\u00fae en el cargo. El CSN ha deso\u00eddo la exigencia de la mayor\u00eda del Parlamento y podr\u00eda rebajar los est\u00e1ndares de seguridad de las centrales nucleares. \u00a9Greenpeace\/Pedro Armestre \u00a9 Pedro Armestre\/ Greenpeace Handout - No sales - No Archives - Editorial Use Only - Free use only for 14 days after release. Photo provided by GREENPEACE, distributed handout photo to be used only to illustrate news reporting or commentary on the facts or events depicted in this image.\"},{\"@type\":\"BreadcrumbList\",\"@id\":\"https:\/\/es.greenpeace.org\/es\/sala-de-prensa\/documentos\/carta-de-fernando-marti-presidente-del-csn-a-ana-pastor-presidenta-del-congreso\/#breadcrumb\",\"itemListElement\":[{\"@type\":\"ListItem\",\"position\":1,\"name\":\"Home\",\"item\":\"https:\/\/es.greenpeace.org\/es\/\"},{\"@type\":\"ListItem\",\"position\":2,\"name\":\"Carta de Fernando Marti (presidente del CSN) a Ana Pastor (presidenta del Congreso)\"}]},{\"@type\":\"WebSite\",\"@id\":\"https:\/\/es.greenpeace.org\/es\/#website\",\"url\":\"https:\/\/es.greenpeace.org\/es\/\",\"name\":\"Greenpeace Espa\u00f1a\",\"description\":\"\",\"publisher\":{\"@id\":\"https:\/\/es.greenpeace.org\/es\/#organization\"},\"potentialAction\":[{\"@type\":\"SearchAction\",\"target\":{\"@type\":\"EntryPoint\",\"urlTemplate\":\"https:\/\/es.greenpeace.org\/es\/?s={search_term_string}\"},\"query-input\":{\"@type\":\"PropertyValueSpecification\",\"valueRequired\":true,\"valueName\":\"search_term_string\"}}],\"inLanguage\":\"es\"},{\"@type\":\"Organization\",\"@id\":\"https:\/\/es.greenpeace.org\/es\/#organization\",\"name\":\"Greenpeace Espa\u00f1a\",\"alternateName\":\"Greenpeace\",\"url\":\"https:\/\/es.greenpeace.org\/es\/\",\"logo\":{\"@type\":\"ImageObject\",\"inLanguage\":\"es\",\"@id\":\"https:\/\/es.greenpeace.org\/es\/#\/schema\/logo\/image\/\",\"url\":\"https:\/\/es.greenpeace.org\/es\/wp-content\/uploads\/sites\/3\/2024\/07\/greenpeace-logo-verde.svg\",\"contentUrl\":\"https:\/\/es.greenpeace.org\/es\/wp-content\/uploads\/sites\/3\/2024\/07\/greenpeace-logo-verde.svg\",\"width\":1,\"height\":1,\"caption\":\"Greenpeace Espa\u00f1a\"},\"image\":{\"@id\":\"https:\/\/es.greenpeace.org\/es\/#\/schema\/logo\/image\/\"},\"sameAs\":[\"https:\/\/www.facebook.com\/greenpeace.spain\",\"https:\/\/x.com\/greenpeace_esp\",\"https:\/\/www.instagram.com\/greenpeace_esp\/\"]}]}<\/script>\n<!-- \/ Yoast SEO plugin. -->","yoast_head_json":{"title":"Carta de Fernando Marti (presidente del CSN) a Ana Pastor (presidenta del Congreso) - ES | Greenpeace Espa\u00f1a","robots":{"index":"index","follow":"follow","max-snippet":"max-snippet:-1","max-image-preview":"max-image-preview:large","max-video-preview":"max-video-preview:-1"},"canonical":"https:\/\/es.greenpeace.org\/es\/sala-de-prensa\/documentos\/carta-de-fernando-marti-presidente-del-csn-a-ana-pastor-presidenta-del-congreso\/","og_locale":"es_ES","og_type":"article","og_title":"Carta de Fernando Marti (presidente del CSN) a Ana Pastor (presidenta del Congreso) - ES | Greenpeace Espa\u00f1a","og_description":"Carta del presidente del Consejo de Seguridad Nuclear (CSN), Fernando Marti, a la presidenta del Congreso de los Diputados, Ana Pastor, sobre la propuesta del Gobierno a los nuevos miembros de este organismo.","og_url":"https:\/\/es.greenpeace.org\/es\/sala-de-prensa\/documentos\/carta-de-fernando-marti-presidente-del-csn-a-ana-pastor-presidenta-del-congreso\/","og_site_name":"ES | Greenpeace Espa\u00f1a","article_publisher":"https:\/\/www.facebook.com\/greenpeace.spain","article_modified_time":"2020-08-10T12:18:34+00:00","og_image":[{"width":2100,"height":881,"url":"https:\/\/es.greenpeace.org\/es\/wp-content\/uploads\/sites\/3\/2019\/03\/GPES20160217PA331-2100x881.jpg","type":"image\/jpeg"}],"twitter_card":"summary_large_image","twitter_site":"@greenpeace_esp","schema":{"@context":"https:\/\/schema.org","@graph":[{"@type":"WebPage","@id":"https:\/\/es.greenpeace.org\/es\/sala-de-prensa\/documentos\/carta-de-fernando-marti-presidente-del-csn-a-ana-pastor-presidenta-del-congreso\/","url":"https:\/\/es.greenpeace.org\/es\/sala-de-prensa\/documentos\/carta-de-fernando-marti-presidente-del-csn-a-ana-pastor-presidenta-del-congreso\/","name":"Carta de Fernando Marti (presidente del CSN) a Ana Pastor (presidenta del Congreso) - ES | Greenpeace Espa\u00f1a","isPartOf":{"@id":"https:\/\/es.greenpeace.org\/es\/#website"},"primaryImageOfPage":{"@id":"https:\/\/es.greenpeace.org\/es\/sala-de-prensa\/documentos\/carta-de-fernando-marti-presidente-del-csn-a-ana-pastor-presidenta-del-congreso\/#primaryimage"},"image":{"@id":"https:\/\/es.greenpeace.org\/es\/sala-de-prensa\/documentos\/carta-de-fernando-marti-presidente-del-csn-a-ana-pastor-presidenta-del-congreso\/#primaryimage"},"thumbnailUrl":"https:\/\/es.greenpeace.org\/es\/wp-content\/uploads\/sites\/3\/2019\/03\/GPES20160217PA331.jpg","datePublished":"2019-02-25T22:51:33+00:00","dateModified":"2020-08-10T12:18:34+00:00","breadcrumb":{"@id":"https:\/\/es.greenpeace.org\/es\/sala-de-prensa\/documentos\/carta-de-fernando-marti-presidente-del-csn-a-ana-pastor-presidenta-del-congreso\/#breadcrumb"},"inLanguage":"es","potentialAction":[{"@type":"ReadAction","target":["https:\/\/es.greenpeace.org\/es\/sala-de-prensa\/documentos\/carta-de-fernando-marti-presidente-del-csn-a-ana-pastor-presidenta-del-congreso\/"]}]},{"@type":"ImageObject","inLanguage":"es","@id":"https:\/\/es.greenpeace.org\/es\/sala-de-prensa\/documentos\/carta-de-fernando-marti-presidente-del-csn-a-ana-pastor-presidenta-del-congreso\/#primaryimage","url":"https:\/\/es.greenpeace.org\/es\/wp-content\/uploads\/sites\/3\/2019\/03\/GPES20160217PA331.jpg","contentUrl":"https:\/\/es.greenpeace.org\/es\/wp-content\/uploads\/sites\/3\/2019\/03\/GPES20160217PA331.jpg","width":5489,"height":2304,"caption":"17\/02\/2016. Madrid, Espa\u00f1a. Acci\u00f3n en el Consejo de Seguridad Nuclear (CSN). Escaladores de Greenpeace han desplegado esta ma\u00f1ana pancartas en la fachada del Consejo de Seguridad Nuclear (CSN) en Madrid con los mensajes \u201cStop Garo\u00f1a\u201d y \u201cStop nucleares\u201d. Adem\u00e1s otro grupo de activistas portaba una pancarta en la que se pod\u00eda leer \u201cPor un CSN independiente\u201d. La acci\u00f3n ha tenido lugar mientras se celebraba el pleno que el organismo regulador tiene cada mi\u00e9rcoles, en los que se tratan, entre otros temas, la posible reapertura de la central nuclear de Santa Mar\u00eda de Garo\u00f1a (Burgos), la m\u00e1s antigua de toda la Uni\u00f3n Europea. La organizaci\u00f3n ecologista denuncia falta de independencia del Consejo de Seguridad Nuclear (CSN) y considera inaceptable que su presidente contin\u00fae en el cargo. El CSN ha deso\u00eddo la exigencia de la mayor\u00eda del Parlamento y podr\u00eda rebajar los est\u00e1ndares de seguridad de las centrales nucleares. \u00a9Greenpeace\/Pedro Armestre \u00a9 Pedro Armestre\/ Greenpeace Handout - No sales - No Archives - Editorial Use Only - Free use only for 14 days after release. Photo provided by GREENPEACE, distributed handout photo to be used only to illustrate news reporting or commentary on the facts or events depicted in this image."},{"@type":"BreadcrumbList","@id":"https:\/\/es.greenpeace.org\/es\/sala-de-prensa\/documentos\/carta-de-fernando-marti-presidente-del-csn-a-ana-pastor-presidenta-del-congreso\/#breadcrumb","itemListElement":[{"@type":"ListItem","position":1,"name":"Home","item":"https:\/\/es.greenpeace.org\/es\/"},{"@type":"ListItem","position":2,"name":"Carta de Fernando Marti (presidente del CSN) a Ana Pastor (presidenta del Congreso)"}]},{"@type":"WebSite","@id":"https:\/\/es.greenpeace.org\/es\/#website","url":"https:\/\/es.greenpeace.org\/es\/","name":"Greenpeace Espa\u00f1a","description":"","publisher":{"@id":"https:\/\/es.greenpeace.org\/es\/#organization"},"potentialAction":[{"@type":"SearchAction","target":{"@type":"EntryPoint","urlTemplate":"https:\/\/es.greenpeace.org\/es\/?s={search_term_string}"},"query-input":{"@type":"PropertyValueSpecification","valueRequired":true,"valueName":"search_term_string"}}],"inLanguage":"es"},{"@type":"Organization","@id":"https:\/\/es.greenpeace.org\/es\/#organization","name":"Greenpeace Espa\u00f1a","alternateName":"Greenpeace","url":"https:\/\/es.greenpeace.org\/es\/","logo":{"@type":"ImageObject","inLanguage":"es","@id":"https:\/\/es.greenpeace.org\/es\/#\/schema\/logo\/image\/","url":"https:\/\/es.greenpeace.org\/es\/wp-content\/uploads\/sites\/3\/2024\/07\/greenpeace-logo-verde.svg","contentUrl":"https:\/\/es.greenpeace.org\/es\/wp-content\/uploads\/sites\/3\/2024\/07\/greenpeace-logo-verde.svg","width":1,"height":1,"caption":"Greenpeace Espa\u00f1a"},"image":{"@id":"https:\/\/es.greenpeace.org\/es\/#\/schema\/logo\/image\/"},"sameAs":["https:\/\/www.facebook.com\/greenpeace.spain","https:\/\/x.com\/greenpeace_esp","https:\/\/www.instagram.com\/greenpeace_esp\/"]}]}},"_links":{"self":[{"href":"https:\/\/es.greenpeace.org\/es\/wp-json\/wp\/v2\/post_documents\/15521","targetHints":{"allow":["GET"]}}],"collection":[{"href":"https:\/\/es.greenpeace.org\/es\/wp-json\/wp\/v2\/post_documents"}],"about":[{"href":"https:\/\/es.greenpeace.org\/es\/wp-json\/wp\/v2\/types\/post_documents"}],"author":[{"embeddable":true,"href":"https:\/\/es.greenpeace.org\/es\/wp-json\/wp\/v2\/users\/1"}],"version-history":[{"count":3,"href":"https:\/\/es.greenpeace.org\/es\/wp-json\/wp\/v2\/post_documents\/15521\/revisions"}],"predecessor-version":[{"id":27885,"href":"https:\/\/es.greenpeace.org\/es\/wp-json\/wp\/v2\/post_documents\/15521\/revisions\/27885"}],"wp:featuredmedia":[{"embeddable":true,"href":"https:\/\/es.greenpeace.org\/es\/wp-json\/wp\/v2\/media\/16598"}],"wp:attachment":[{"href":"https:\/\/es.greenpeace.org\/es\/wp-json\/wp\/v2\/media?parent=15521"}],"wp:term":[{"taxonomy":"category","embeddable":true,"href":"https:\/\/es.greenpeace.org\/es\/wp-json\/wp\/v2\/categories?post=15521"},{"taxonomy":"post_tag","embeddable":true,"href":"https:\/\/es.greenpeace.org\/es\/wp-json\/wp\/v2\/tags?post=15521"}],"curies":[{"name":"wp","href":"https:\/\/api.w.org\/{rel}","templated":true}]}}