{"id":17637,"date":"2019-05-08T17:31:35","date_gmt":"2019-05-08T15:31:35","guid":{"rendered":"https:\/\/es.greenpeace.org\/es\/?post_type=post_documents&#038;p=17637"},"modified":"2019-09-06T16:10:56","modified_gmt":"2019-09-06T14:10:56","slug":"tu-ciudad-tu-planeta-propuestas-de-greenpeace-para-una-ciudad-sostenible-elecciones-municipales-mayo-2019","status":"publish","type":"post_documents","link":"https:\/\/es.greenpeace.org\/es\/sala-de-prensa\/documentos\/tu-ciudad-tu-planeta-propuestas-de-greenpeace-para-una-ciudad-sostenible-elecciones-municipales-mayo-2019\/","title":{"rendered":"Tu ciudad, tu planeta. Propuestas de Greenpeace para una ciudad sostenible. Elecciones municipales mayo 2019"},"content":{"rendered":"<p class=\"text-center mb-4\">\n    <a class=\"link button-2 h-auto mt-3 d-block d-md-inline-block text-center py-3 py-md-2\" href=\"https:\/\/es.greenpeace.org\/es\/sala-de-prensa\/documentos\/your-city-your-planet\/\" rel=\"noopener\">\n        Aqu\u00ed informe EN INGL\u00c9S\n    <\/a>\n<\/p>\n\n<p>Las ciudades sostenibles son fundamentales para frenar el cambio clim\u00e1tico y la p\u00e9rdida de biodiversidad y para contribuir a la transformaci\u00f3n del modelo econ\u00f3mico, origen de la desigualdad y de la crisis ecol\u00f3gica.<\/p>\n<p>El concepto de Ciudad Sostenible viene recogido en la <strong>Agenda 2030<\/strong>, concretamente en el objetivo del desarrollo sostenible 11. Se articula a trav\u00e9s de tres aspectos, uno social, que incluye todos aquellos factores relacionados con la <strong>calidad de vida de la ciudadan\u00eda<\/strong>, su acceso a la educaci\u00f3n y a la sanidad, el coste de la vivienda o el del precio de la cesta de la compra o la seguridad. Otro que hace referencia a las cuestiones medioambientales: el grado de <em>poluci\u00f3n<\/em>, el uso de energ\u00edas renovables, la disponibilidad de <strong>zonas verdes<\/strong>, el \u00e9xito de las<strong> pol\u00edticas de gesti\u00f3n de residuos<\/strong>, etc. Y por \u00faltimo, un aspecto relativo a la <strong>sostenibilidad<\/strong> urbana desde lo econ\u00f3mico, cuyos exponentes ser\u00edan la renta per c\u00e1pita, el acceso y la estabilidad del empleo o la calidad de los servicios p\u00fablicos como el transporte.<\/p>\n<p>A la luz de las previsiones de crecimiento demogr\u00e1fico para 2050, el compromiso de los gobiernos locales con la sostenibilidad es imprescindible. En apenas tres d\u00e9cadas, la poblaci\u00f3n mundial \u2013situada ahora en 7.500 millones de habitantes\u2013 se incrementar\u00e1 en dos mil millones m\u00e1s, lo que implica una enorme presi\u00f3n adicional para el planeta. Seg\u00fan la OCDE, en un futuro pr\u00f3ximo 70 de cada 100 personas en el mundo vivir\u00e1n en megal\u00f3polis, por eso Greenpeace ha elaborado este estudio con pautas a seguir para que las ciudades sean lugares m\u00e1s sostenibles.<\/p>\n","protected":false},"author":1,"featured_media":17639,"parent":0,"template":"","meta":{"_acf_changed":false,"footnotes":""},"categories":[4],"tags":[],"class_list":["post-17637","post_documents","type-post_documents","status-publish","has-post-thumbnail","hentry","category-general"],"acf":[],"yoast_head":"<!-- This site is optimized with the Yoast SEO plugin v27.1.1 - https:\/\/yoast.com\/product\/yoast-seo-wordpress\/ -->\n<title>Tu ciudad, tu planeta. Propuestas de Greenpeace para una ciudad sostenible. Elecciones municipales mayo 2019 - ES | Greenpeace Espa\u00f1a<\/title>\n<meta name=\"robots\" content=\"index, follow, max-snippet:-1, max-image-preview:large, max-video-preview:-1\" \/>\n<link rel=\"canonical\" href=\"https:\/\/es.greenpeace.org\/es\/sala-de-prensa\/documentos\/tu-ciudad-tu-planeta-propuestas-de-greenpeace-para-una-ciudad-sostenible-elecciones-municipales-mayo-2019\/\" \/>\n<meta property=\"og:locale\" content=\"es_ES\" \/>\n<meta property=\"og:type\" content=\"article\" \/>\n<meta property=\"og:title\" content=\"Tu ciudad, tu planeta. Propuestas de Greenpeace para una ciudad sostenible. Elecciones municipales mayo 2019 - ES | Greenpeace Espa\u00f1a\" \/>\n<meta property=\"og:description\" content=\"Las ciudades sostenibles son fundamentales para frenar el cambio clim\u00e1tico y la p\u00e9rdida de biodiversidad y para contribuir a la transformaci\u00f3n del modelo econ\u00f3mico, origen de la desigualdad y de la crisis ecol\u00f3gica. El concepto de Ciudad Sostenible viene recogido en la Agenda 2030, concretamente en el objetivo del desarrollo sostenible 11. Se articula a [&hellip;]\" \/>\n<meta property=\"og:url\" content=\"https:\/\/es.greenpeace.org\/es\/sala-de-prensa\/documentos\/tu-ciudad-tu-planeta-propuestas-de-greenpeace-para-una-ciudad-sostenible-elecciones-municipales-mayo-2019\/\" \/>\n<meta property=\"og:site_name\" content=\"ES | Greenpeace Espa\u00f1a\" \/>\n<meta property=\"article:publisher\" content=\"https:\/\/www.facebook.com\/greenpeace.spain\" \/>\n<meta property=\"article:modified_time\" content=\"2019-09-06T14:10:56+00:00\" \/>\n<meta property=\"og:image\" content=\"https:\/\/es.greenpeace.org\/es\/wp-content\/uploads\/sites\/3\/2019\/05\/portada_informe_ciudad_planeta-1.jpg\" \/>\n\t<meta property=\"og:image:width\" content=\"791\" \/>\n\t<meta property=\"og:image:height\" content=\"765\" \/>\n\t<meta property=\"og:image:type\" content=\"image\/jpeg\" \/>\n<meta name=\"twitter:card\" content=\"summary_large_image\" \/>\n<meta name=\"twitter:site\" content=\"@greenpeace_esp\" \/>\n<meta name=\"twitter:label1\" content=\"Tiempo de lectura\" \/>\n\t<meta name=\"twitter:data1\" content=\"1 minuto\" \/>\n<script type=\"application\/ld+json\" class=\"yoast-schema-graph\">{\"@context\":\"https:\/\/schema.org\",\"@graph\":[{\"@type\":\"WebPage\",\"@id\":\"https:\/\/es.greenpeace.org\/es\/sala-de-prensa\/documentos\/tu-ciudad-tu-planeta-propuestas-de-greenpeace-para-una-ciudad-sostenible-elecciones-municipales-mayo-2019\/\",\"url\":\"https:\/\/es.greenpeace.org\/es\/sala-de-prensa\/documentos\/tu-ciudad-tu-planeta-propuestas-de-greenpeace-para-una-ciudad-sostenible-elecciones-municipales-mayo-2019\/\",\"name\":\"Tu ciudad, tu planeta. Propuestas de Greenpeace para una ciudad sostenible. Elecciones municipales mayo 2019 - ES | Greenpeace Espa\u00f1a\",\"isPartOf\":{\"@id\":\"https:\/\/es.greenpeace.org\/es\/#website\"},\"primaryImageOfPage\":{\"@id\":\"https:\/\/es.greenpeace.org\/es\/sala-de-prensa\/documentos\/tu-ciudad-tu-planeta-propuestas-de-greenpeace-para-una-ciudad-sostenible-elecciones-municipales-mayo-2019\/#primaryimage\"},\"image\":{\"@id\":\"https:\/\/es.greenpeace.org\/es\/sala-de-prensa\/documentos\/tu-ciudad-tu-planeta-propuestas-de-greenpeace-para-una-ciudad-sostenible-elecciones-municipales-mayo-2019\/#primaryimage\"},\"thumbnailUrl\":\"https:\/\/es.greenpeace.org\/es\/wp-content\/uploads\/sites\/3\/2019\/05\/portada_informe_ciudad_planeta-1.jpg\",\"datePublished\":\"2019-05-08T15:31:35+00:00\",\"dateModified\":\"2019-09-06T14:10:56+00:00\",\"breadcrumb\":{\"@id\":\"https:\/\/es.greenpeace.org\/es\/sala-de-prensa\/documentos\/tu-ciudad-tu-planeta-propuestas-de-greenpeace-para-una-ciudad-sostenible-elecciones-municipales-mayo-2019\/#breadcrumb\"},\"inLanguage\":\"es\",\"potentialAction\":[{\"@type\":\"ReadAction\",\"target\":[\"https:\/\/es.greenpeace.org\/es\/sala-de-prensa\/documentos\/tu-ciudad-tu-planeta-propuestas-de-greenpeace-para-una-ciudad-sostenible-elecciones-municipales-mayo-2019\/\"]}]},{\"@type\":\"ImageObject\",\"inLanguage\":\"es\",\"@id\":\"https:\/\/es.greenpeace.org\/es\/sala-de-prensa\/documentos\/tu-ciudad-tu-planeta-propuestas-de-greenpeace-para-una-ciudad-sostenible-elecciones-municipales-mayo-2019\/#primaryimage\",\"url\":\"https:\/\/es.greenpeace.org\/es\/wp-content\/uploads\/sites\/3\/2019\/05\/portada_informe_ciudad_planeta-1.jpg\",\"contentUrl\":\"https:\/\/es.greenpeace.org\/es\/wp-content\/uploads\/sites\/3\/2019\/05\/portada_informe_ciudad_planeta-1.jpg\",\"width\":791,\"height\":765},{\"@type\":\"BreadcrumbList\",\"@id\":\"https:\/\/es.greenpeace.org\/es\/sala-de-prensa\/documentos\/tu-ciudad-tu-planeta-propuestas-de-greenpeace-para-una-ciudad-sostenible-elecciones-municipales-mayo-2019\/#breadcrumb\",\"itemListElement\":[{\"@type\":\"ListItem\",\"position\":1,\"name\":\"Home\",\"item\":\"https:\/\/es.greenpeace.org\/es\/\"},{\"@type\":\"ListItem\",\"position\":2,\"name\":\"Tu ciudad, tu planeta. Propuestas de Greenpeace para una ciudad sostenible. Elecciones municipales mayo 2019\"}]},{\"@type\":\"WebSite\",\"@id\":\"https:\/\/es.greenpeace.org\/es\/#website\",\"url\":\"https:\/\/es.greenpeace.org\/es\/\",\"name\":\"Greenpeace Espa\u00f1a\",\"description\":\"\",\"publisher\":{\"@id\":\"https:\/\/es.greenpeace.org\/es\/#organization\"},\"potentialAction\":[{\"@type\":\"SearchAction\",\"target\":{\"@type\":\"EntryPoint\",\"urlTemplate\":\"https:\/\/es.greenpeace.org\/es\/?s={search_term_string}\"},\"query-input\":{\"@type\":\"PropertyValueSpecification\",\"valueRequired\":true,\"valueName\":\"search_term_string\"}}],\"inLanguage\":\"es\"},{\"@type\":\"Organization\",\"@id\":\"https:\/\/es.greenpeace.org\/es\/#organization\",\"name\":\"Greenpeace Espa\u00f1a\",\"alternateName\":\"Greenpeace\",\"url\":\"https:\/\/es.greenpeace.org\/es\/\",\"logo\":{\"@type\":\"ImageObject\",\"inLanguage\":\"es\",\"@id\":\"https:\/\/es.greenpeace.org\/es\/#\/schema\/logo\/image\/\",\"url\":\"https:\/\/es.greenpeace.org\/es\/wp-content\/uploads\/sites\/3\/2024\/07\/greenpeace-logo-verde.svg\",\"contentUrl\":\"https:\/\/es.greenpeace.org\/es\/wp-content\/uploads\/sites\/3\/2024\/07\/greenpeace-logo-verde.svg\",\"width\":1,\"height\":1,\"caption\":\"Greenpeace Espa\u00f1a\"},\"image\":{\"@id\":\"https:\/\/es.greenpeace.org\/es\/#\/schema\/logo\/image\/\"},\"sameAs\":[\"https:\/\/www.facebook.com\/greenpeace.spain\",\"https:\/\/x.com\/greenpeace_esp\",\"https:\/\/www.instagram.com\/greenpeace_esp\/\"]}]}<\/script>\n<!-- \/ Yoast SEO plugin. -->","yoast_head_json":{"title":"Tu ciudad, tu planeta. Propuestas de Greenpeace para una ciudad sostenible. Elecciones municipales mayo 2019 - ES | Greenpeace Espa\u00f1a","robots":{"index":"index","follow":"follow","max-snippet":"max-snippet:-1","max-image-preview":"max-image-preview:large","max-video-preview":"max-video-preview:-1"},"canonical":"https:\/\/es.greenpeace.org\/es\/sala-de-prensa\/documentos\/tu-ciudad-tu-planeta-propuestas-de-greenpeace-para-una-ciudad-sostenible-elecciones-municipales-mayo-2019\/","og_locale":"es_ES","og_type":"article","og_title":"Tu ciudad, tu planeta. Propuestas de Greenpeace para una ciudad sostenible. Elecciones municipales mayo 2019 - ES | Greenpeace Espa\u00f1a","og_description":"Las ciudades sostenibles son fundamentales para frenar el cambio clim\u00e1tico y la p\u00e9rdida de biodiversidad y para contribuir a la transformaci\u00f3n del modelo econ\u00f3mico, origen de la desigualdad y de la crisis ecol\u00f3gica. El concepto de Ciudad Sostenible viene recogido en la Agenda 2030, concretamente en el objetivo del desarrollo sostenible 11. Se articula a [&hellip;]","og_url":"https:\/\/es.greenpeace.org\/es\/sala-de-prensa\/documentos\/tu-ciudad-tu-planeta-propuestas-de-greenpeace-para-una-ciudad-sostenible-elecciones-municipales-mayo-2019\/","og_site_name":"ES | Greenpeace Espa\u00f1a","article_publisher":"https:\/\/www.facebook.com\/greenpeace.spain","article_modified_time":"2019-09-06T14:10:56+00:00","og_image":[{"width":791,"height":765,"url":"https:\/\/es.greenpeace.org\/es\/wp-content\/uploads\/sites\/3\/2019\/05\/portada_informe_ciudad_planeta-1.jpg","type":"image\/jpeg"}],"twitter_card":"summary_large_image","twitter_site":"@greenpeace_esp","twitter_misc":{"Tiempo de lectura":"1 minuto"},"schema":{"@context":"https:\/\/schema.org","@graph":[{"@type":"WebPage","@id":"https:\/\/es.greenpeace.org\/es\/sala-de-prensa\/documentos\/tu-ciudad-tu-planeta-propuestas-de-greenpeace-para-una-ciudad-sostenible-elecciones-municipales-mayo-2019\/","url":"https:\/\/es.greenpeace.org\/es\/sala-de-prensa\/documentos\/tu-ciudad-tu-planeta-propuestas-de-greenpeace-para-una-ciudad-sostenible-elecciones-municipales-mayo-2019\/","name":"Tu ciudad, tu planeta. Propuestas de Greenpeace para una ciudad sostenible. Elecciones municipales mayo 2019 - ES | Greenpeace Espa\u00f1a","isPartOf":{"@id":"https:\/\/es.greenpeace.org\/es\/#website"},"primaryImageOfPage":{"@id":"https:\/\/es.greenpeace.org\/es\/sala-de-prensa\/documentos\/tu-ciudad-tu-planeta-propuestas-de-greenpeace-para-una-ciudad-sostenible-elecciones-municipales-mayo-2019\/#primaryimage"},"image":{"@id":"https:\/\/es.greenpeace.org\/es\/sala-de-prensa\/documentos\/tu-ciudad-tu-planeta-propuestas-de-greenpeace-para-una-ciudad-sostenible-elecciones-municipales-mayo-2019\/#primaryimage"},"thumbnailUrl":"https:\/\/es.greenpeace.org\/es\/wp-content\/uploads\/sites\/3\/2019\/05\/portada_informe_ciudad_planeta-1.jpg","datePublished":"2019-05-08T15:31:35+00:00","dateModified":"2019-09-06T14:10:56+00:00","breadcrumb":{"@id":"https:\/\/es.greenpeace.org\/es\/sala-de-prensa\/documentos\/tu-ciudad-tu-planeta-propuestas-de-greenpeace-para-una-ciudad-sostenible-elecciones-municipales-mayo-2019\/#breadcrumb"},"inLanguage":"es","potentialAction":[{"@type":"ReadAction","target":["https:\/\/es.greenpeace.org\/es\/sala-de-prensa\/documentos\/tu-ciudad-tu-planeta-propuestas-de-greenpeace-para-una-ciudad-sostenible-elecciones-municipales-mayo-2019\/"]}]},{"@type":"ImageObject","inLanguage":"es","@id":"https:\/\/es.greenpeace.org\/es\/sala-de-prensa\/documentos\/tu-ciudad-tu-planeta-propuestas-de-greenpeace-para-una-ciudad-sostenible-elecciones-municipales-mayo-2019\/#primaryimage","url":"https:\/\/es.greenpeace.org\/es\/wp-content\/uploads\/sites\/3\/2019\/05\/portada_informe_ciudad_planeta-1.jpg","contentUrl":"https:\/\/es.greenpeace.org\/es\/wp-content\/uploads\/sites\/3\/2019\/05\/portada_informe_ciudad_planeta-1.jpg","width":791,"height":765},{"@type":"BreadcrumbList","@id":"https:\/\/es.greenpeace.org\/es\/sala-de-prensa\/documentos\/tu-ciudad-tu-planeta-propuestas-de-greenpeace-para-una-ciudad-sostenible-elecciones-municipales-mayo-2019\/#breadcrumb","itemListElement":[{"@type":"ListItem","position":1,"name":"Home","item":"https:\/\/es.greenpeace.org\/es\/"},{"@type":"ListItem","position":2,"name":"Tu ciudad, tu planeta. Propuestas de Greenpeace para una ciudad sostenible. Elecciones municipales mayo 2019"}]},{"@type":"WebSite","@id":"https:\/\/es.greenpeace.org\/es\/#website","url":"https:\/\/es.greenpeace.org\/es\/","name":"Greenpeace Espa\u00f1a","description":"","publisher":{"@id":"https:\/\/es.greenpeace.org\/es\/#organization"},"potentialAction":[{"@type":"SearchAction","target":{"@type":"EntryPoint","urlTemplate":"https:\/\/es.greenpeace.org\/es\/?s={search_term_string}"},"query-input":{"@type":"PropertyValueSpecification","valueRequired":true,"valueName":"search_term_string"}}],"inLanguage":"es"},{"@type":"Organization","@id":"https:\/\/es.greenpeace.org\/es\/#organization","name":"Greenpeace Espa\u00f1a","alternateName":"Greenpeace","url":"https:\/\/es.greenpeace.org\/es\/","logo":{"@type":"ImageObject","inLanguage":"es","@id":"https:\/\/es.greenpeace.org\/es\/#\/schema\/logo\/image\/","url":"https:\/\/es.greenpeace.org\/es\/wp-content\/uploads\/sites\/3\/2024\/07\/greenpeace-logo-verde.svg","contentUrl":"https:\/\/es.greenpeace.org\/es\/wp-content\/uploads\/sites\/3\/2024\/07\/greenpeace-logo-verde.svg","width":1,"height":1,"caption":"Greenpeace Espa\u00f1a"},"image":{"@id":"https:\/\/es.greenpeace.org\/es\/#\/schema\/logo\/image\/"},"sameAs":["https:\/\/www.facebook.com\/greenpeace.spain","https:\/\/x.com\/greenpeace_esp","https:\/\/www.instagram.com\/greenpeace_esp\/"]}]}},"_links":{"self":[{"href":"https:\/\/es.greenpeace.org\/es\/wp-json\/wp\/v2\/post_documents\/17637","targetHints":{"allow":["GET"]}}],"collection":[{"href":"https:\/\/es.greenpeace.org\/es\/wp-json\/wp\/v2\/post_documents"}],"about":[{"href":"https:\/\/es.greenpeace.org\/es\/wp-json\/wp\/v2\/types\/post_documents"}],"author":[{"embeddable":true,"href":"https:\/\/es.greenpeace.org\/es\/wp-json\/wp\/v2\/users\/1"}],"version-history":[{"count":6,"href":"https:\/\/es.greenpeace.org\/es\/wp-json\/wp\/v2\/post_documents\/17637\/revisions"}],"predecessor-version":[{"id":20665,"href":"https:\/\/es.greenpeace.org\/es\/wp-json\/wp\/v2\/post_documents\/17637\/revisions\/20665"}],"wp:featuredmedia":[{"embeddable":true,"href":"https:\/\/es.greenpeace.org\/es\/wp-json\/wp\/v2\/media\/17639"}],"wp:attachment":[{"href":"https:\/\/es.greenpeace.org\/es\/wp-json\/wp\/v2\/media?parent=17637"}],"wp:term":[{"taxonomy":"category","embeddable":true,"href":"https:\/\/es.greenpeace.org\/es\/wp-json\/wp\/v2\/categories?post=17637"},{"taxonomy":"post_tag","embeddable":true,"href":"https:\/\/es.greenpeace.org\/es\/wp-json\/wp\/v2\/tags?post=17637"}],"curies":[{"name":"wp","href":"https:\/\/api.w.org\/{rel}","templated":true}]}}