{"id":19250,"date":"2019-06-27T15:02:29","date_gmt":"2019-06-27T13:02:29","guid":{"rendered":"https:\/\/es.greenpeace.org\/es\/?post_type=post_documents&#038;p=19250"},"modified":"2019-06-28T12:24:27","modified_gmt":"2019-06-28T10:24:27","slug":"tiburones-bajo-ataque","status":"publish","type":"post_documents","link":"https:\/\/es.greenpeace.org\/es\/sala-de-prensa\/documentos\/tiburones-bajo-ataque\/","title":{"rendered":"Tiburones bajo ataque"},"content":{"rendered":"<p>El informe <em>Tiburones bajo ataque<\/em> revela que\u00a0la falta de protecci\u00f3n en las aguas internacionales provoca la muerte de alrededor de 100 millones de tiburones cada a\u00f1o, de los que de miles se encuentran en peligro de extinci\u00f3n. Seg\u00fan el estudio, la flota pesquera espa\u00f1ola es responsable de la captura de la mayor parte de tiburones en la Uni\u00f3n Europea.<\/p>\n","protected":false},"author":36,"featured_media":19272,"parent":0,"template":"","meta":{"_acf_changed":false,"footnotes":""},"categories":[37],"tags":[],"class_list":["post-19250","post_documents","type-post_documents","status-publish","has-post-thumbnail","hentry","category-oceanos"],"acf":[],"yoast_head":"<!-- This site is optimized with the Yoast SEO plugin v27.1.1 - https:\/\/yoast.com\/product\/yoast-seo-wordpress\/ -->\n<title>Tiburones bajo ataque - ES | Greenpeace Espa\u00f1a<\/title>\n<meta name=\"robots\" content=\"index, follow, max-snippet:-1, max-image-preview:large, max-video-preview:-1\" \/>\n<link rel=\"canonical\" href=\"https:\/\/es.greenpeace.org\/es\/sala-de-prensa\/documentos\/tiburones-bajo-ataque\/\" \/>\n<meta property=\"og:locale\" content=\"es_ES\" \/>\n<meta property=\"og:type\" content=\"article\" \/>\n<meta property=\"og:title\" content=\"Tiburones bajo ataque - ES | Greenpeace Espa\u00f1a\" \/>\n<meta property=\"og:description\" content=\"El informe Tiburones bajo ataque revela que\u00a0la falta de protecci\u00f3n en las aguas internacionales provoca la muerte de alrededor de 100 millones de tiburones cada a\u00f1o, de los que de miles se encuentran en peligro de extinci\u00f3n. Seg\u00fan el estudio, la flota pesquera espa\u00f1ola es responsable de la captura de la mayor parte de tiburones [&hellip;]\" \/>\n<meta property=\"og:url\" content=\"https:\/\/es.greenpeace.org\/es\/sala-de-prensa\/documentos\/tiburones-bajo-ataque\/\" \/>\n<meta property=\"og:site_name\" content=\"ES | Greenpeace Espa\u00f1a\" \/>\n<meta property=\"article:publisher\" content=\"https:\/\/www.facebook.com\/greenpeace.spain\" \/>\n<meta property=\"article:modified_time\" content=\"2019-06-28T10:24:27+00:00\" \/>\n<meta property=\"og:image\" content=\"https:\/\/es.greenpeace.org\/es\/wp-content\/uploads\/sites\/3\/2019\/06\/Captura-de-pantalla-de-2019-06-28-12-20-28.png\" \/>\n\t<meta property=\"og:image:width\" content=\"631\" \/>\n\t<meta property=\"og:image:height\" content=\"878\" \/>\n\t<meta property=\"og:image:type\" content=\"image\/png\" \/>\n<meta name=\"twitter:card\" content=\"summary_large_image\" \/>\n<meta name=\"twitter:site\" content=\"@greenpeace_esp\" \/>\n<script type=\"application\/ld+json\" class=\"yoast-schema-graph\">{\"@context\":\"https:\/\/schema.org\",\"@graph\":[{\"@type\":\"WebPage\",\"@id\":\"https:\/\/es.greenpeace.org\/es\/sala-de-prensa\/documentos\/tiburones-bajo-ataque\/\",\"url\":\"https:\/\/es.greenpeace.org\/es\/sala-de-prensa\/documentos\/tiburones-bajo-ataque\/\",\"name\":\"Tiburones bajo ataque - ES | Greenpeace Espa\u00f1a\",\"isPartOf\":{\"@id\":\"https:\/\/es.greenpeace.org\/es\/#website\"},\"primaryImageOfPage\":{\"@id\":\"https:\/\/es.greenpeace.org\/es\/sala-de-prensa\/documentos\/tiburones-bajo-ataque\/#primaryimage\"},\"image\":{\"@id\":\"https:\/\/es.greenpeace.org\/es\/sala-de-prensa\/documentos\/tiburones-bajo-ataque\/#primaryimage\"},\"thumbnailUrl\":\"https:\/\/es.greenpeace.org\/es\/wp-content\/uploads\/sites\/3\/2019\/06\/Captura-de-pantalla-de-2019-06-28-12-20-28.png\",\"datePublished\":\"2019-06-27T13:02:29+00:00\",\"dateModified\":\"2019-06-28T10:24:27+00:00\",\"breadcrumb\":{\"@id\":\"https:\/\/es.greenpeace.org\/es\/sala-de-prensa\/documentos\/tiburones-bajo-ataque\/#breadcrumb\"},\"inLanguage\":\"es\",\"potentialAction\":[{\"@type\":\"ReadAction\",\"target\":[\"https:\/\/es.greenpeace.org\/es\/sala-de-prensa\/documentos\/tiburones-bajo-ataque\/\"]}]},{\"@type\":\"ImageObject\",\"inLanguage\":\"es\",\"@id\":\"https:\/\/es.greenpeace.org\/es\/sala-de-prensa\/documentos\/tiburones-bajo-ataque\/#primaryimage\",\"url\":\"https:\/\/es.greenpeace.org\/es\/wp-content\/uploads\/sites\/3\/2019\/06\/Captura-de-pantalla-de-2019-06-28-12-20-28.png\",\"contentUrl\":\"https:\/\/es.greenpeace.org\/es\/wp-content\/uploads\/sites\/3\/2019\/06\/Captura-de-pantalla-de-2019-06-28-12-20-28.png\",\"width\":631,\"height\":878},{\"@type\":\"BreadcrumbList\",\"@id\":\"https:\/\/es.greenpeace.org\/es\/sala-de-prensa\/documentos\/tiburones-bajo-ataque\/#breadcrumb\",\"itemListElement\":[{\"@type\":\"ListItem\",\"position\":1,\"name\":\"Home\",\"item\":\"https:\/\/es.greenpeace.org\/es\/\"},{\"@type\":\"ListItem\",\"position\":2,\"name\":\"Tiburones bajo ataque\"}]},{\"@type\":\"WebSite\",\"@id\":\"https:\/\/es.greenpeace.org\/es\/#website\",\"url\":\"https:\/\/es.greenpeace.org\/es\/\",\"name\":\"Greenpeace Espa\u00f1a\",\"description\":\"\",\"publisher\":{\"@id\":\"https:\/\/es.greenpeace.org\/es\/#organization\"},\"potentialAction\":[{\"@type\":\"SearchAction\",\"target\":{\"@type\":\"EntryPoint\",\"urlTemplate\":\"https:\/\/es.greenpeace.org\/es\/?s={search_term_string}\"},\"query-input\":{\"@type\":\"PropertyValueSpecification\",\"valueRequired\":true,\"valueName\":\"search_term_string\"}}],\"inLanguage\":\"es\"},{\"@type\":\"Organization\",\"@id\":\"https:\/\/es.greenpeace.org\/es\/#organization\",\"name\":\"Greenpeace Espa\u00f1a\",\"alternateName\":\"Greenpeace\",\"url\":\"https:\/\/es.greenpeace.org\/es\/\",\"logo\":{\"@type\":\"ImageObject\",\"inLanguage\":\"es\",\"@id\":\"https:\/\/es.greenpeace.org\/es\/#\/schema\/logo\/image\/\",\"url\":\"https:\/\/es.greenpeace.org\/es\/wp-content\/uploads\/sites\/3\/2024\/07\/greenpeace-logo-verde.svg\",\"contentUrl\":\"https:\/\/es.greenpeace.org\/es\/wp-content\/uploads\/sites\/3\/2024\/07\/greenpeace-logo-verde.svg\",\"width\":1,\"height\":1,\"caption\":\"Greenpeace Espa\u00f1a\"},\"image\":{\"@id\":\"https:\/\/es.greenpeace.org\/es\/#\/schema\/logo\/image\/\"},\"sameAs\":[\"https:\/\/www.facebook.com\/greenpeace.spain\",\"https:\/\/x.com\/greenpeace_esp\",\"https:\/\/www.instagram.com\/greenpeace_esp\/\"]}]}<\/script>\n<!-- \/ Yoast SEO plugin. -->","yoast_head_json":{"title":"Tiburones bajo ataque - ES | Greenpeace Espa\u00f1a","robots":{"index":"index","follow":"follow","max-snippet":"max-snippet:-1","max-image-preview":"max-image-preview:large","max-video-preview":"max-video-preview:-1"},"canonical":"https:\/\/es.greenpeace.org\/es\/sala-de-prensa\/documentos\/tiburones-bajo-ataque\/","og_locale":"es_ES","og_type":"article","og_title":"Tiburones bajo ataque - ES | Greenpeace Espa\u00f1a","og_description":"El informe Tiburones bajo ataque revela que\u00a0la falta de protecci\u00f3n en las aguas internacionales provoca la muerte de alrededor de 100 millones de tiburones cada a\u00f1o, de los que de miles se encuentran en peligro de extinci\u00f3n. Seg\u00fan el estudio, la flota pesquera espa\u00f1ola es responsable de la captura de la mayor parte de tiburones [&hellip;]","og_url":"https:\/\/es.greenpeace.org\/es\/sala-de-prensa\/documentos\/tiburones-bajo-ataque\/","og_site_name":"ES | Greenpeace Espa\u00f1a","article_publisher":"https:\/\/www.facebook.com\/greenpeace.spain","article_modified_time":"2019-06-28T10:24:27+00:00","og_image":[{"width":631,"height":878,"url":"https:\/\/es.greenpeace.org\/es\/wp-content\/uploads\/sites\/3\/2019\/06\/Captura-de-pantalla-de-2019-06-28-12-20-28.png","type":"image\/png"}],"twitter_card":"summary_large_image","twitter_site":"@greenpeace_esp","schema":{"@context":"https:\/\/schema.org","@graph":[{"@type":"WebPage","@id":"https:\/\/es.greenpeace.org\/es\/sala-de-prensa\/documentos\/tiburones-bajo-ataque\/","url":"https:\/\/es.greenpeace.org\/es\/sala-de-prensa\/documentos\/tiburones-bajo-ataque\/","name":"Tiburones bajo ataque - ES | Greenpeace Espa\u00f1a","isPartOf":{"@id":"https:\/\/es.greenpeace.org\/es\/#website"},"primaryImageOfPage":{"@id":"https:\/\/es.greenpeace.org\/es\/sala-de-prensa\/documentos\/tiburones-bajo-ataque\/#primaryimage"},"image":{"@id":"https:\/\/es.greenpeace.org\/es\/sala-de-prensa\/documentos\/tiburones-bajo-ataque\/#primaryimage"},"thumbnailUrl":"https:\/\/es.greenpeace.org\/es\/wp-content\/uploads\/sites\/3\/2019\/06\/Captura-de-pantalla-de-2019-06-28-12-20-28.png","datePublished":"2019-06-27T13:02:29+00:00","dateModified":"2019-06-28T10:24:27+00:00","breadcrumb":{"@id":"https:\/\/es.greenpeace.org\/es\/sala-de-prensa\/documentos\/tiburones-bajo-ataque\/#breadcrumb"},"inLanguage":"es","potentialAction":[{"@type":"ReadAction","target":["https:\/\/es.greenpeace.org\/es\/sala-de-prensa\/documentos\/tiburones-bajo-ataque\/"]}]},{"@type":"ImageObject","inLanguage":"es","@id":"https:\/\/es.greenpeace.org\/es\/sala-de-prensa\/documentos\/tiburones-bajo-ataque\/#primaryimage","url":"https:\/\/es.greenpeace.org\/es\/wp-content\/uploads\/sites\/3\/2019\/06\/Captura-de-pantalla-de-2019-06-28-12-20-28.png","contentUrl":"https:\/\/es.greenpeace.org\/es\/wp-content\/uploads\/sites\/3\/2019\/06\/Captura-de-pantalla-de-2019-06-28-12-20-28.png","width":631,"height":878},{"@type":"BreadcrumbList","@id":"https:\/\/es.greenpeace.org\/es\/sala-de-prensa\/documentos\/tiburones-bajo-ataque\/#breadcrumb","itemListElement":[{"@type":"ListItem","position":1,"name":"Home","item":"https:\/\/es.greenpeace.org\/es\/"},{"@type":"ListItem","position":2,"name":"Tiburones bajo ataque"}]},{"@type":"WebSite","@id":"https:\/\/es.greenpeace.org\/es\/#website","url":"https:\/\/es.greenpeace.org\/es\/","name":"Greenpeace Espa\u00f1a","description":"","publisher":{"@id":"https:\/\/es.greenpeace.org\/es\/#organization"},"potentialAction":[{"@type":"SearchAction","target":{"@type":"EntryPoint","urlTemplate":"https:\/\/es.greenpeace.org\/es\/?s={search_term_string}"},"query-input":{"@type":"PropertyValueSpecification","valueRequired":true,"valueName":"search_term_string"}}],"inLanguage":"es"},{"@type":"Organization","@id":"https:\/\/es.greenpeace.org\/es\/#organization","name":"Greenpeace Espa\u00f1a","alternateName":"Greenpeace","url":"https:\/\/es.greenpeace.org\/es\/","logo":{"@type":"ImageObject","inLanguage":"es","@id":"https:\/\/es.greenpeace.org\/es\/#\/schema\/logo\/image\/","url":"https:\/\/es.greenpeace.org\/es\/wp-content\/uploads\/sites\/3\/2024\/07\/greenpeace-logo-verde.svg","contentUrl":"https:\/\/es.greenpeace.org\/es\/wp-content\/uploads\/sites\/3\/2024\/07\/greenpeace-logo-verde.svg","width":1,"height":1,"caption":"Greenpeace Espa\u00f1a"},"image":{"@id":"https:\/\/es.greenpeace.org\/es\/#\/schema\/logo\/image\/"},"sameAs":["https:\/\/www.facebook.com\/greenpeace.spain","https:\/\/x.com\/greenpeace_esp","https:\/\/www.instagram.com\/greenpeace_esp\/"]}]}},"_links":{"self":[{"href":"https:\/\/es.greenpeace.org\/es\/wp-json\/wp\/v2\/post_documents\/19250","targetHints":{"allow":["GET"]}}],"collection":[{"href":"https:\/\/es.greenpeace.org\/es\/wp-json\/wp\/v2\/post_documents"}],"about":[{"href":"https:\/\/es.greenpeace.org\/es\/wp-json\/wp\/v2\/types\/post_documents"}],"author":[{"embeddable":true,"href":"https:\/\/es.greenpeace.org\/es\/wp-json\/wp\/v2\/users\/36"}],"version-history":[{"count":4,"href":"https:\/\/es.greenpeace.org\/es\/wp-json\/wp\/v2\/post_documents\/19250\/revisions"}],"predecessor-version":[{"id":19277,"href":"https:\/\/es.greenpeace.org\/es\/wp-json\/wp\/v2\/post_documents\/19250\/revisions\/19277"}],"wp:featuredmedia":[{"embeddable":true,"href":"https:\/\/es.greenpeace.org\/es\/wp-json\/wp\/v2\/media\/19272"}],"wp:attachment":[{"href":"https:\/\/es.greenpeace.org\/es\/wp-json\/wp\/v2\/media?parent=19250"}],"wp:term":[{"taxonomy":"category","embeddable":true,"href":"https:\/\/es.greenpeace.org\/es\/wp-json\/wp\/v2\/categories?post=19250"},{"taxonomy":"post_tag","embeddable":true,"href":"https:\/\/es.greenpeace.org\/es\/wp-json\/wp\/v2\/tags?post=19250"}],"curies":[{"name":"wp","href":"https:\/\/api.w.org\/{rel}","templated":true}]}}