{"id":23737,"date":"2020-02-12T11:10:12","date_gmt":"2020-02-12T09:10:12","guid":{"rendered":"https:\/\/es.greenpeace.org\/es\/?post_type=post_documents&#038;p=23737"},"modified":"2020-08-10T13:32:58","modified_gmt":"2020-08-10T11:32:58","slug":"aire-toxico-el-precio-de-los-combustibles-fosiles","status":"publish","type":"post_documents","link":"https:\/\/es.greenpeace.org\/es\/sala-de-prensa\/documentos\/aire-toxico-el-precio-de-los-combustibles-fosiles\/","title":{"rendered":"Aire t\u00f3xico: El precio de los combustibles f\u00f3siles"},"content":{"rendered":"<p><strong>(Resumen ejecutivo en espa\u00f1ol) <\/strong><strong>\u00a0<\/strong><\/p>\n<p>La contaminaci\u00f3n del aire por la quema de combustibles f\u00f3siles -principalmente carb\u00f3n, petr\u00f3leo y gas- est\u00e1 detr\u00e1s de alrededor de <strong>4,5 millones de muertes anuales en todo el mundo<\/strong><span style=\"font-weight: 400;\"> y genera unas p\u00e9rdidas econ\u00f3micas estimadas en <\/span><b>2,9 billones de d\u00f3lares<\/b><span style=\"font-weight: 400;\">, lo que equivale a aproximadamente un 3,3% del PIB mundial. As\u00ed lo revela un estudio elaborado por Greenpeace y el Centro de Investigaci\u00f3n en Energ\u00eda y Aire Limpio (CREA), <\/span><b>el primero que analiza de esta forma el coste global de la contaminaci\u00f3n procedente de los combustibles f\u00f3siles<\/b><span style=\"font-weight: 400;\">, considerando tanto los costes sanitarios adicionales como los d\u00edas perdidos por baja por enfermedad o muerte prematura en relaci\u00f3n a la demograf\u00eda de cada pa\u00eds.<\/span><\/p>\n<p>(<a href=\"https:\/\/es.greenpeace.org\/es\/sala-de-prensa\/documentos\/aire-toxico-el-precio-de-los-combustibles-fosiles-2\/\">Aqu\u00ed<\/a> informe completo en ingl\u00e9s)<\/p>\n","protected":false},"author":1,"featured_media":23738,"parent":0,"template":"","meta":{"_acf_changed":false,"footnotes":""},"categories":[35],"tags":[],"class_list":["post-23737","post_documents","type-post_documents","status-publish","has-post-thumbnail","hentry","category-cambio-climatico"],"acf":[],"yoast_head":"<!-- This site is optimized with the Yoast SEO plugin v27.1.1 - https:\/\/yoast.com\/product\/yoast-seo-wordpress\/ -->\n<title>Aire t\u00f3xico: El precio de los combustibles f\u00f3siles - ES | Greenpeace Espa\u00f1a<\/title>\n<meta name=\"robots\" content=\"index, follow, max-snippet:-1, max-image-preview:large, max-video-preview:-1\" \/>\n<link rel=\"canonical\" href=\"https:\/\/es.greenpeace.org\/es\/sala-de-prensa\/documentos\/aire-toxico-el-precio-de-los-combustibles-fosiles\/\" \/>\n<meta property=\"og:locale\" content=\"es_ES\" \/>\n<meta property=\"og:type\" content=\"article\" \/>\n<meta property=\"og:title\" content=\"Aire t\u00f3xico: El precio de los combustibles f\u00f3siles - ES | Greenpeace Espa\u00f1a\" \/>\n<meta property=\"og:description\" content=\"(Resumen ejecutivo en espa\u00f1ol) \u00a0 La contaminaci\u00f3n del aire por la quema de combustibles f\u00f3siles -principalmente carb\u00f3n, petr\u00f3leo y gas- est\u00e1 detr\u00e1s de alrededor de 4,5 millones de muertes anuales en todo el mundo y genera unas p\u00e9rdidas econ\u00f3micas estimadas en 2,9 billones de d\u00f3lares, lo que equivale a aproximadamente un 3,3% del PIB mundial. [&hellip;]\" \/>\n<meta property=\"og:url\" content=\"https:\/\/es.greenpeace.org\/es\/sala-de-prensa\/documentos\/aire-toxico-el-precio-de-los-combustibles-fosiles\/\" \/>\n<meta property=\"og:site_name\" content=\"ES | Greenpeace Espa\u00f1a\" \/>\n<meta property=\"article:publisher\" content=\"https:\/\/www.facebook.com\/greenpeace.spain\" \/>\n<meta property=\"article:modified_time\" content=\"2020-08-10T11:32:58+00:00\" \/>\n<meta property=\"og:image\" content=\"https:\/\/es.greenpeace.org\/es\/wp-content\/uploads\/sites\/3\/2020\/02\/Portada_informe_spanish.png\" \/>\n\t<meta property=\"og:image:width\" content=\"391\" \/>\n\t<meta property=\"og:image:height\" content=\"519\" \/>\n\t<meta property=\"og:image:type\" content=\"image\/png\" \/>\n<meta name=\"twitter:card\" content=\"summary_large_image\" \/>\n<meta name=\"twitter:site\" content=\"@greenpeace_esp\" \/>\n<meta name=\"twitter:label1\" content=\"Tiempo de lectura\" \/>\n\t<meta name=\"twitter:data1\" content=\"1 minuto\" \/>\n<script type=\"application\/ld+json\" class=\"yoast-schema-graph\">{\"@context\":\"https:\/\/schema.org\",\"@graph\":[{\"@type\":\"WebPage\",\"@id\":\"https:\/\/es.greenpeace.org\/es\/sala-de-prensa\/documentos\/aire-toxico-el-precio-de-los-combustibles-fosiles\/\",\"url\":\"https:\/\/es.greenpeace.org\/es\/sala-de-prensa\/documentos\/aire-toxico-el-precio-de-los-combustibles-fosiles\/\",\"name\":\"Aire t\u00f3xico: El precio de los combustibles f\u00f3siles - ES | Greenpeace Espa\u00f1a\",\"isPartOf\":{\"@id\":\"https:\/\/es.greenpeace.org\/es\/#website\"},\"primaryImageOfPage\":{\"@id\":\"https:\/\/es.greenpeace.org\/es\/sala-de-prensa\/documentos\/aire-toxico-el-precio-de-los-combustibles-fosiles\/#primaryimage\"},\"image\":{\"@id\":\"https:\/\/es.greenpeace.org\/es\/sala-de-prensa\/documentos\/aire-toxico-el-precio-de-los-combustibles-fosiles\/#primaryimage\"},\"thumbnailUrl\":\"https:\/\/es.greenpeace.org\/es\/wp-content\/uploads\/sites\/3\/2020\/02\/Portada_informe_spanish.png\",\"datePublished\":\"2020-02-12T09:10:12+00:00\",\"dateModified\":\"2020-08-10T11:32:58+00:00\",\"breadcrumb\":{\"@id\":\"https:\/\/es.greenpeace.org\/es\/sala-de-prensa\/documentos\/aire-toxico-el-precio-de-los-combustibles-fosiles\/#breadcrumb\"},\"inLanguage\":\"es\",\"potentialAction\":[{\"@type\":\"ReadAction\",\"target\":[\"https:\/\/es.greenpeace.org\/es\/sala-de-prensa\/documentos\/aire-toxico-el-precio-de-los-combustibles-fosiles\/\"]}]},{\"@type\":\"ImageObject\",\"inLanguage\":\"es\",\"@id\":\"https:\/\/es.greenpeace.org\/es\/sala-de-prensa\/documentos\/aire-toxico-el-precio-de-los-combustibles-fosiles\/#primaryimage\",\"url\":\"https:\/\/es.greenpeace.org\/es\/wp-content\/uploads\/sites\/3\/2020\/02\/Portada_informe_spanish.png\",\"contentUrl\":\"https:\/\/es.greenpeace.org\/es\/wp-content\/uploads\/sites\/3\/2020\/02\/Portada_informe_spanish.png\",\"width\":391,\"height\":519,\"caption\":\"Aire t\u00f3xico: El precio de los combustibles f\u00f3siles\"},{\"@type\":\"BreadcrumbList\",\"@id\":\"https:\/\/es.greenpeace.org\/es\/sala-de-prensa\/documentos\/aire-toxico-el-precio-de-los-combustibles-fosiles\/#breadcrumb\",\"itemListElement\":[{\"@type\":\"ListItem\",\"position\":1,\"name\":\"Home\",\"item\":\"https:\/\/es.greenpeace.org\/es\/\"},{\"@type\":\"ListItem\",\"position\":2,\"name\":\"Aire t\u00f3xico: El precio de los combustibles f\u00f3siles\"}]},{\"@type\":\"WebSite\",\"@id\":\"https:\/\/es.greenpeace.org\/es\/#website\",\"url\":\"https:\/\/es.greenpeace.org\/es\/\",\"name\":\"Greenpeace Espa\u00f1a\",\"description\":\"\",\"publisher\":{\"@id\":\"https:\/\/es.greenpeace.org\/es\/#organization\"},\"potentialAction\":[{\"@type\":\"SearchAction\",\"target\":{\"@type\":\"EntryPoint\",\"urlTemplate\":\"https:\/\/es.greenpeace.org\/es\/?s={search_term_string}\"},\"query-input\":{\"@type\":\"PropertyValueSpecification\",\"valueRequired\":true,\"valueName\":\"search_term_string\"}}],\"inLanguage\":\"es\"},{\"@type\":\"Organization\",\"@id\":\"https:\/\/es.greenpeace.org\/es\/#organization\",\"name\":\"Greenpeace Espa\u00f1a\",\"alternateName\":\"Greenpeace\",\"url\":\"https:\/\/es.greenpeace.org\/es\/\",\"logo\":{\"@type\":\"ImageObject\",\"inLanguage\":\"es\",\"@id\":\"https:\/\/es.greenpeace.org\/es\/#\/schema\/logo\/image\/\",\"url\":\"https:\/\/es.greenpeace.org\/es\/wp-content\/uploads\/sites\/3\/2024\/07\/greenpeace-logo-verde.svg\",\"contentUrl\":\"https:\/\/es.greenpeace.org\/es\/wp-content\/uploads\/sites\/3\/2024\/07\/greenpeace-logo-verde.svg\",\"width\":1,\"height\":1,\"caption\":\"Greenpeace Espa\u00f1a\"},\"image\":{\"@id\":\"https:\/\/es.greenpeace.org\/es\/#\/schema\/logo\/image\/\"},\"sameAs\":[\"https:\/\/www.facebook.com\/greenpeace.spain\",\"https:\/\/x.com\/greenpeace_esp\",\"https:\/\/www.instagram.com\/greenpeace_esp\/\"]}]}<\/script>\n<!-- \/ Yoast SEO plugin. -->","yoast_head_json":{"title":"Aire t\u00f3xico: El precio de los combustibles f\u00f3siles - ES | Greenpeace Espa\u00f1a","robots":{"index":"index","follow":"follow","max-snippet":"max-snippet:-1","max-image-preview":"max-image-preview:large","max-video-preview":"max-video-preview:-1"},"canonical":"https:\/\/es.greenpeace.org\/es\/sala-de-prensa\/documentos\/aire-toxico-el-precio-de-los-combustibles-fosiles\/","og_locale":"es_ES","og_type":"article","og_title":"Aire t\u00f3xico: El precio de los combustibles f\u00f3siles - ES | Greenpeace Espa\u00f1a","og_description":"(Resumen ejecutivo en espa\u00f1ol) \u00a0 La contaminaci\u00f3n del aire por la quema de combustibles f\u00f3siles -principalmente carb\u00f3n, petr\u00f3leo y gas- est\u00e1 detr\u00e1s de alrededor de 4,5 millones de muertes anuales en todo el mundo y genera unas p\u00e9rdidas econ\u00f3micas estimadas en 2,9 billones de d\u00f3lares, lo que equivale a aproximadamente un 3,3% del PIB mundial. [&hellip;]","og_url":"https:\/\/es.greenpeace.org\/es\/sala-de-prensa\/documentos\/aire-toxico-el-precio-de-los-combustibles-fosiles\/","og_site_name":"ES | Greenpeace Espa\u00f1a","article_publisher":"https:\/\/www.facebook.com\/greenpeace.spain","article_modified_time":"2020-08-10T11:32:58+00:00","og_image":[{"width":391,"height":519,"url":"https:\/\/es.greenpeace.org\/es\/wp-content\/uploads\/sites\/3\/2020\/02\/Portada_informe_spanish.png","type":"image\/png"}],"twitter_card":"summary_large_image","twitter_site":"@greenpeace_esp","twitter_misc":{"Tiempo de lectura":"1 minuto"},"schema":{"@context":"https:\/\/schema.org","@graph":[{"@type":"WebPage","@id":"https:\/\/es.greenpeace.org\/es\/sala-de-prensa\/documentos\/aire-toxico-el-precio-de-los-combustibles-fosiles\/","url":"https:\/\/es.greenpeace.org\/es\/sala-de-prensa\/documentos\/aire-toxico-el-precio-de-los-combustibles-fosiles\/","name":"Aire t\u00f3xico: El precio de los combustibles f\u00f3siles - ES | Greenpeace Espa\u00f1a","isPartOf":{"@id":"https:\/\/es.greenpeace.org\/es\/#website"},"primaryImageOfPage":{"@id":"https:\/\/es.greenpeace.org\/es\/sala-de-prensa\/documentos\/aire-toxico-el-precio-de-los-combustibles-fosiles\/#primaryimage"},"image":{"@id":"https:\/\/es.greenpeace.org\/es\/sala-de-prensa\/documentos\/aire-toxico-el-precio-de-los-combustibles-fosiles\/#primaryimage"},"thumbnailUrl":"https:\/\/es.greenpeace.org\/es\/wp-content\/uploads\/sites\/3\/2020\/02\/Portada_informe_spanish.png","datePublished":"2020-02-12T09:10:12+00:00","dateModified":"2020-08-10T11:32:58+00:00","breadcrumb":{"@id":"https:\/\/es.greenpeace.org\/es\/sala-de-prensa\/documentos\/aire-toxico-el-precio-de-los-combustibles-fosiles\/#breadcrumb"},"inLanguage":"es","potentialAction":[{"@type":"ReadAction","target":["https:\/\/es.greenpeace.org\/es\/sala-de-prensa\/documentos\/aire-toxico-el-precio-de-los-combustibles-fosiles\/"]}]},{"@type":"ImageObject","inLanguage":"es","@id":"https:\/\/es.greenpeace.org\/es\/sala-de-prensa\/documentos\/aire-toxico-el-precio-de-los-combustibles-fosiles\/#primaryimage","url":"https:\/\/es.greenpeace.org\/es\/wp-content\/uploads\/sites\/3\/2020\/02\/Portada_informe_spanish.png","contentUrl":"https:\/\/es.greenpeace.org\/es\/wp-content\/uploads\/sites\/3\/2020\/02\/Portada_informe_spanish.png","width":391,"height":519,"caption":"Aire t\u00f3xico: El precio de los combustibles f\u00f3siles"},{"@type":"BreadcrumbList","@id":"https:\/\/es.greenpeace.org\/es\/sala-de-prensa\/documentos\/aire-toxico-el-precio-de-los-combustibles-fosiles\/#breadcrumb","itemListElement":[{"@type":"ListItem","position":1,"name":"Home","item":"https:\/\/es.greenpeace.org\/es\/"},{"@type":"ListItem","position":2,"name":"Aire t\u00f3xico: El precio de los combustibles f\u00f3siles"}]},{"@type":"WebSite","@id":"https:\/\/es.greenpeace.org\/es\/#website","url":"https:\/\/es.greenpeace.org\/es\/","name":"Greenpeace Espa\u00f1a","description":"","publisher":{"@id":"https:\/\/es.greenpeace.org\/es\/#organization"},"potentialAction":[{"@type":"SearchAction","target":{"@type":"EntryPoint","urlTemplate":"https:\/\/es.greenpeace.org\/es\/?s={search_term_string}"},"query-input":{"@type":"PropertyValueSpecification","valueRequired":true,"valueName":"search_term_string"}}],"inLanguage":"es"},{"@type":"Organization","@id":"https:\/\/es.greenpeace.org\/es\/#organization","name":"Greenpeace Espa\u00f1a","alternateName":"Greenpeace","url":"https:\/\/es.greenpeace.org\/es\/","logo":{"@type":"ImageObject","inLanguage":"es","@id":"https:\/\/es.greenpeace.org\/es\/#\/schema\/logo\/image\/","url":"https:\/\/es.greenpeace.org\/es\/wp-content\/uploads\/sites\/3\/2024\/07\/greenpeace-logo-verde.svg","contentUrl":"https:\/\/es.greenpeace.org\/es\/wp-content\/uploads\/sites\/3\/2024\/07\/greenpeace-logo-verde.svg","width":1,"height":1,"caption":"Greenpeace Espa\u00f1a"},"image":{"@id":"https:\/\/es.greenpeace.org\/es\/#\/schema\/logo\/image\/"},"sameAs":["https:\/\/www.facebook.com\/greenpeace.spain","https:\/\/x.com\/greenpeace_esp","https:\/\/www.instagram.com\/greenpeace_esp\/"]}]}},"_links":{"self":[{"href":"https:\/\/es.greenpeace.org\/es\/wp-json\/wp\/v2\/post_documents\/23737","targetHints":{"allow":["GET"]}}],"collection":[{"href":"https:\/\/es.greenpeace.org\/es\/wp-json\/wp\/v2\/post_documents"}],"about":[{"href":"https:\/\/es.greenpeace.org\/es\/wp-json\/wp\/v2\/types\/post_documents"}],"author":[{"embeddable":true,"href":"https:\/\/es.greenpeace.org\/es\/wp-json\/wp\/v2\/users\/1"}],"version-history":[{"count":4,"href":"https:\/\/es.greenpeace.org\/es\/wp-json\/wp\/v2\/post_documents\/23737\/revisions"}],"predecessor-version":[{"id":27867,"href":"https:\/\/es.greenpeace.org\/es\/wp-json\/wp\/v2\/post_documents\/23737\/revisions\/27867"}],"wp:featuredmedia":[{"embeddable":true,"href":"https:\/\/es.greenpeace.org\/es\/wp-json\/wp\/v2\/media\/23738"}],"wp:attachment":[{"href":"https:\/\/es.greenpeace.org\/es\/wp-json\/wp\/v2\/media?parent=23737"}],"wp:term":[{"taxonomy":"category","embeddable":true,"href":"https:\/\/es.greenpeace.org\/es\/wp-json\/wp\/v2\/categories?post=23737"},{"taxonomy":"post_tag","embeddable":true,"href":"https:\/\/es.greenpeace.org\/es\/wp-json\/wp\/v2\/tags?post=23737"}],"curies":[{"name":"wp","href":"https:\/\/api.w.org\/{rel}","templated":true}]}}