{"id":32562,"date":"2021-03-31T10:00:18","date_gmt":"2021-03-31T08:00:18","guid":{"rendered":"https:\/\/es.greenpeace.org\/es\/?post_type=post_documents&#038;p=32562"},"modified":"2021-03-31T10:00:18","modified_gmt":"2021-03-31T08:00:18","slug":"alegaciones-de-greenpeace-al-proyecto-europeo-de-proteccion-de-aguas-frente-a-los-nitratos","status":"publish","type":"post_documents","link":"https:\/\/es.greenpeace.org\/es\/sala-de-prensa\/documentos\/alegaciones-de-greenpeace-al-proyecto-europeo-de-proteccion-de-aguas-frente-a-los-nitratos\/","title":{"rendered":"Alegaciones de Greenpeace al Proyecto Europeo de Protecci\u00f3n de Aguas frente a los nitratos"},"content":{"rendered":"<p><span style=\"font-weight: 400;\">Si no abandonamos la ganader\u00eda industrial ser\u00e1 imposible cumplir el Acuerdo de Par\u00eds, la Directiva de Nitratos, los umbrales de emisi\u00f3n de amoniaco, garantizar el bienestar animal, cumplir con las estrategias europeas de biodiversidad y de \u201cLa granja a la mesa\u201d o frenar el despoblamiento rural.<\/span><\/p>\n<p><span style=\"font-weight: 400;\">Por este motivo, y ante el proyecto de modificaci\u00f3n del Real Decreto 261\/1996 sobre protecci\u00f3n de las aguas contra la contaminaci\u00f3n difusa producida por los nitratos procedentes de fuentes agrarias, Greenpeace envi\u00f3 esta semana sus alegaciones a este proyecto de Real Decreto. <\/span>El agua es una cuesti\u00f3n que va a ser determinante en el futuro y el momento de evitar la que podr\u00eda ser la pr\u00f3xima crisis, la del agua, es ahora <span style=\"font-weight: 400;\">y por ello las alegaciones de organizaci\u00f3n ecologista exigen que se dote de mayor ambici\u00f3n esta futura legislaci\u00f3n.<\/span><\/p>\n","protected":false},"author":1,"featured_media":32564,"parent":0,"template":"","meta":{"_acf_changed":false,"footnotes":""},"categories":[38,35],"tags":[211],"class_list":["post-32562","post_documents","type-post_documents","status-publish","has-post-thumbnail","hentry","category-agricultura","category-cambio-climatico","tag-ganaderia-industrial"],"acf":[],"yoast_head":"<!-- This site is optimized with the Yoast SEO plugin v27.1.1 - https:\/\/yoast.com\/product\/yoast-seo-wordpress\/ -->\n<title>Alegaciones de Greenpeace al Proyecto Europeo de Protecci\u00f3n de Aguas frente a los nitratos - ES | Greenpeace Espa\u00f1a<\/title>\n<meta name=\"robots\" content=\"index, follow, max-snippet:-1, max-image-preview:large, max-video-preview:-1\" \/>\n<link rel=\"canonical\" href=\"https:\/\/es.greenpeace.org\/es\/sala-de-prensa\/documentos\/alegaciones-de-greenpeace-al-proyecto-europeo-de-proteccion-de-aguas-frente-a-los-nitratos\/\" \/>\n<meta property=\"og:locale\" content=\"es_ES\" \/>\n<meta property=\"og:type\" content=\"article\" \/>\n<meta property=\"og:title\" content=\"Alegaciones de Greenpeace al Proyecto Europeo de Protecci\u00f3n de Aguas frente a los nitratos - ES | Greenpeace Espa\u00f1a\" \/>\n<meta property=\"og:description\" content=\"Si no abandonamos la ganader\u00eda industrial ser\u00e1 imposible cumplir el Acuerdo de Par\u00eds, la Directiva de Nitratos, los umbrales de emisi\u00f3n de amoniaco, garantizar el bienestar animal, cumplir con las estrategias europeas de biodiversidad y de \u201cLa granja a la mesa\u201d o frenar el despoblamiento rural. Por este motivo, y ante el proyecto de modificaci\u00f3n [&hellip;]\" \/>\n<meta property=\"og:url\" content=\"https:\/\/es.greenpeace.org\/es\/sala-de-prensa\/documentos\/alegaciones-de-greenpeace-al-proyecto-europeo-de-proteccion-de-aguas-frente-a-los-nitratos\/\" \/>\n<meta property=\"og:site_name\" content=\"ES | Greenpeace Espa\u00f1a\" \/>\n<meta property=\"article:publisher\" content=\"https:\/\/www.facebook.com\/greenpeace.spain\" \/>\n<meta property=\"og:image\" content=\"https:\/\/es.greenpeace.org\/es\/wp-content\/uploads\/sites\/3\/2021\/03\/aleg.png\" \/>\n\t<meta property=\"og:image:width\" content=\"383\" \/>\n\t<meta property=\"og:image:height\" content=\"454\" \/>\n\t<meta property=\"og:image:type\" content=\"image\/png\" \/>\n<meta name=\"twitter:card\" content=\"summary_large_image\" \/>\n<meta name=\"twitter:site\" content=\"@greenpeace_esp\" \/>\n<meta name=\"twitter:label1\" content=\"Tiempo de lectura\" \/>\n\t<meta name=\"twitter:data1\" content=\"1 minuto\" \/>\n<script type=\"application\/ld+json\" class=\"yoast-schema-graph\">{\"@context\":\"https:\/\/schema.org\",\"@graph\":[{\"@type\":\"WebPage\",\"@id\":\"https:\/\/es.greenpeace.org\/es\/sala-de-prensa\/documentos\/alegaciones-de-greenpeace-al-proyecto-europeo-de-proteccion-de-aguas-frente-a-los-nitratos\/\",\"url\":\"https:\/\/es.greenpeace.org\/es\/sala-de-prensa\/documentos\/alegaciones-de-greenpeace-al-proyecto-europeo-de-proteccion-de-aguas-frente-a-los-nitratos\/\",\"name\":\"Alegaciones de Greenpeace al Proyecto Europeo de Protecci\u00f3n de Aguas frente a los nitratos - ES | Greenpeace Espa\u00f1a\",\"isPartOf\":{\"@id\":\"https:\/\/es.greenpeace.org\/es\/#website\"},\"primaryImageOfPage\":{\"@id\":\"https:\/\/es.greenpeace.org\/es\/sala-de-prensa\/documentos\/alegaciones-de-greenpeace-al-proyecto-europeo-de-proteccion-de-aguas-frente-a-los-nitratos\/#primaryimage\"},\"image\":{\"@id\":\"https:\/\/es.greenpeace.org\/es\/sala-de-prensa\/documentos\/alegaciones-de-greenpeace-al-proyecto-europeo-de-proteccion-de-aguas-frente-a-los-nitratos\/#primaryimage\"},\"thumbnailUrl\":\"https:\/\/es.greenpeace.org\/es\/wp-content\/uploads\/sites\/3\/2021\/03\/aleg.png\",\"datePublished\":\"2021-03-31T08:00:18+00:00\",\"breadcrumb\":{\"@id\":\"https:\/\/es.greenpeace.org\/es\/sala-de-prensa\/documentos\/alegaciones-de-greenpeace-al-proyecto-europeo-de-proteccion-de-aguas-frente-a-los-nitratos\/#breadcrumb\"},\"inLanguage\":\"es\",\"potentialAction\":[{\"@type\":\"ReadAction\",\"target\":[\"https:\/\/es.greenpeace.org\/es\/sala-de-prensa\/documentos\/alegaciones-de-greenpeace-al-proyecto-europeo-de-proteccion-de-aguas-frente-a-los-nitratos\/\"]}]},{\"@type\":\"ImageObject\",\"inLanguage\":\"es\",\"@id\":\"https:\/\/es.greenpeace.org\/es\/sala-de-prensa\/documentos\/alegaciones-de-greenpeace-al-proyecto-europeo-de-proteccion-de-aguas-frente-a-los-nitratos\/#primaryimage\",\"url\":\"https:\/\/es.greenpeace.org\/es\/wp-content\/uploads\/sites\/3\/2021\/03\/aleg.png\",\"contentUrl\":\"https:\/\/es.greenpeace.org\/es\/wp-content\/uploads\/sites\/3\/2021\/03\/aleg.png\",\"width\":383,\"height\":454},{\"@type\":\"BreadcrumbList\",\"@id\":\"https:\/\/es.greenpeace.org\/es\/sala-de-prensa\/documentos\/alegaciones-de-greenpeace-al-proyecto-europeo-de-proteccion-de-aguas-frente-a-los-nitratos\/#breadcrumb\",\"itemListElement\":[{\"@type\":\"ListItem\",\"position\":1,\"name\":\"Home\",\"item\":\"https:\/\/es.greenpeace.org\/es\/\"},{\"@type\":\"ListItem\",\"position\":2,\"name\":\"Alegaciones de Greenpeace al Proyecto Europeo de Protecci\u00f3n de Aguas frente a los nitratos\"}]},{\"@type\":\"WebSite\",\"@id\":\"https:\/\/es.greenpeace.org\/es\/#website\",\"url\":\"https:\/\/es.greenpeace.org\/es\/\",\"name\":\"Greenpeace Espa\u00f1a\",\"description\":\"\",\"publisher\":{\"@id\":\"https:\/\/es.greenpeace.org\/es\/#organization\"},\"potentialAction\":[{\"@type\":\"SearchAction\",\"target\":{\"@type\":\"EntryPoint\",\"urlTemplate\":\"https:\/\/es.greenpeace.org\/es\/?s={search_term_string}\"},\"query-input\":{\"@type\":\"PropertyValueSpecification\",\"valueRequired\":true,\"valueName\":\"search_term_string\"}}],\"inLanguage\":\"es\"},{\"@type\":\"Organization\",\"@id\":\"https:\/\/es.greenpeace.org\/es\/#organization\",\"name\":\"Greenpeace Espa\u00f1a\",\"alternateName\":\"Greenpeace\",\"url\":\"https:\/\/es.greenpeace.org\/es\/\",\"logo\":{\"@type\":\"ImageObject\",\"inLanguage\":\"es\",\"@id\":\"https:\/\/es.greenpeace.org\/es\/#\/schema\/logo\/image\/\",\"url\":\"https:\/\/es.greenpeace.org\/es\/wp-content\/uploads\/sites\/3\/2024\/07\/greenpeace-logo-verde.svg\",\"contentUrl\":\"https:\/\/es.greenpeace.org\/es\/wp-content\/uploads\/sites\/3\/2024\/07\/greenpeace-logo-verde.svg\",\"width\":1,\"height\":1,\"caption\":\"Greenpeace Espa\u00f1a\"},\"image\":{\"@id\":\"https:\/\/es.greenpeace.org\/es\/#\/schema\/logo\/image\/\"},\"sameAs\":[\"https:\/\/www.facebook.com\/greenpeace.spain\",\"https:\/\/x.com\/greenpeace_esp\",\"https:\/\/www.instagram.com\/greenpeace_esp\/\"]}]}<\/script>\n<!-- \/ Yoast SEO plugin. -->","yoast_head_json":{"title":"Alegaciones de Greenpeace al Proyecto Europeo de Protecci\u00f3n de Aguas frente a los nitratos - ES | Greenpeace Espa\u00f1a","robots":{"index":"index","follow":"follow","max-snippet":"max-snippet:-1","max-image-preview":"max-image-preview:large","max-video-preview":"max-video-preview:-1"},"canonical":"https:\/\/es.greenpeace.org\/es\/sala-de-prensa\/documentos\/alegaciones-de-greenpeace-al-proyecto-europeo-de-proteccion-de-aguas-frente-a-los-nitratos\/","og_locale":"es_ES","og_type":"article","og_title":"Alegaciones de Greenpeace al Proyecto Europeo de Protecci\u00f3n de Aguas frente a los nitratos - ES | Greenpeace Espa\u00f1a","og_description":"Si no abandonamos la ganader\u00eda industrial ser\u00e1 imposible cumplir el Acuerdo de Par\u00eds, la Directiva de Nitratos, los umbrales de emisi\u00f3n de amoniaco, garantizar el bienestar animal, cumplir con las estrategias europeas de biodiversidad y de \u201cLa granja a la mesa\u201d o frenar el despoblamiento rural. Por este motivo, y ante el proyecto de modificaci\u00f3n [&hellip;]","og_url":"https:\/\/es.greenpeace.org\/es\/sala-de-prensa\/documentos\/alegaciones-de-greenpeace-al-proyecto-europeo-de-proteccion-de-aguas-frente-a-los-nitratos\/","og_site_name":"ES | Greenpeace Espa\u00f1a","article_publisher":"https:\/\/www.facebook.com\/greenpeace.spain","og_image":[{"width":383,"height":454,"url":"https:\/\/es.greenpeace.org\/es\/wp-content\/uploads\/sites\/3\/2021\/03\/aleg.png","type":"image\/png"}],"twitter_card":"summary_large_image","twitter_site":"@greenpeace_esp","twitter_misc":{"Tiempo de lectura":"1 minuto"},"schema":{"@context":"https:\/\/schema.org","@graph":[{"@type":"WebPage","@id":"https:\/\/es.greenpeace.org\/es\/sala-de-prensa\/documentos\/alegaciones-de-greenpeace-al-proyecto-europeo-de-proteccion-de-aguas-frente-a-los-nitratos\/","url":"https:\/\/es.greenpeace.org\/es\/sala-de-prensa\/documentos\/alegaciones-de-greenpeace-al-proyecto-europeo-de-proteccion-de-aguas-frente-a-los-nitratos\/","name":"Alegaciones de Greenpeace al Proyecto Europeo de Protecci\u00f3n de Aguas frente a los nitratos - ES | Greenpeace Espa\u00f1a","isPartOf":{"@id":"https:\/\/es.greenpeace.org\/es\/#website"},"primaryImageOfPage":{"@id":"https:\/\/es.greenpeace.org\/es\/sala-de-prensa\/documentos\/alegaciones-de-greenpeace-al-proyecto-europeo-de-proteccion-de-aguas-frente-a-los-nitratos\/#primaryimage"},"image":{"@id":"https:\/\/es.greenpeace.org\/es\/sala-de-prensa\/documentos\/alegaciones-de-greenpeace-al-proyecto-europeo-de-proteccion-de-aguas-frente-a-los-nitratos\/#primaryimage"},"thumbnailUrl":"https:\/\/es.greenpeace.org\/es\/wp-content\/uploads\/sites\/3\/2021\/03\/aleg.png","datePublished":"2021-03-31T08:00:18+00:00","breadcrumb":{"@id":"https:\/\/es.greenpeace.org\/es\/sala-de-prensa\/documentos\/alegaciones-de-greenpeace-al-proyecto-europeo-de-proteccion-de-aguas-frente-a-los-nitratos\/#breadcrumb"},"inLanguage":"es","potentialAction":[{"@type":"ReadAction","target":["https:\/\/es.greenpeace.org\/es\/sala-de-prensa\/documentos\/alegaciones-de-greenpeace-al-proyecto-europeo-de-proteccion-de-aguas-frente-a-los-nitratos\/"]}]},{"@type":"ImageObject","inLanguage":"es","@id":"https:\/\/es.greenpeace.org\/es\/sala-de-prensa\/documentos\/alegaciones-de-greenpeace-al-proyecto-europeo-de-proteccion-de-aguas-frente-a-los-nitratos\/#primaryimage","url":"https:\/\/es.greenpeace.org\/es\/wp-content\/uploads\/sites\/3\/2021\/03\/aleg.png","contentUrl":"https:\/\/es.greenpeace.org\/es\/wp-content\/uploads\/sites\/3\/2021\/03\/aleg.png","width":383,"height":454},{"@type":"BreadcrumbList","@id":"https:\/\/es.greenpeace.org\/es\/sala-de-prensa\/documentos\/alegaciones-de-greenpeace-al-proyecto-europeo-de-proteccion-de-aguas-frente-a-los-nitratos\/#breadcrumb","itemListElement":[{"@type":"ListItem","position":1,"name":"Home","item":"https:\/\/es.greenpeace.org\/es\/"},{"@type":"ListItem","position":2,"name":"Alegaciones de Greenpeace al Proyecto Europeo de Protecci\u00f3n de Aguas frente a los nitratos"}]},{"@type":"WebSite","@id":"https:\/\/es.greenpeace.org\/es\/#website","url":"https:\/\/es.greenpeace.org\/es\/","name":"Greenpeace Espa\u00f1a","description":"","publisher":{"@id":"https:\/\/es.greenpeace.org\/es\/#organization"},"potentialAction":[{"@type":"SearchAction","target":{"@type":"EntryPoint","urlTemplate":"https:\/\/es.greenpeace.org\/es\/?s={search_term_string}"},"query-input":{"@type":"PropertyValueSpecification","valueRequired":true,"valueName":"search_term_string"}}],"inLanguage":"es"},{"@type":"Organization","@id":"https:\/\/es.greenpeace.org\/es\/#organization","name":"Greenpeace Espa\u00f1a","alternateName":"Greenpeace","url":"https:\/\/es.greenpeace.org\/es\/","logo":{"@type":"ImageObject","inLanguage":"es","@id":"https:\/\/es.greenpeace.org\/es\/#\/schema\/logo\/image\/","url":"https:\/\/es.greenpeace.org\/es\/wp-content\/uploads\/sites\/3\/2024\/07\/greenpeace-logo-verde.svg","contentUrl":"https:\/\/es.greenpeace.org\/es\/wp-content\/uploads\/sites\/3\/2024\/07\/greenpeace-logo-verde.svg","width":1,"height":1,"caption":"Greenpeace Espa\u00f1a"},"image":{"@id":"https:\/\/es.greenpeace.org\/es\/#\/schema\/logo\/image\/"},"sameAs":["https:\/\/www.facebook.com\/greenpeace.spain","https:\/\/x.com\/greenpeace_esp","https:\/\/www.instagram.com\/greenpeace_esp\/"]}]}},"_links":{"self":[{"href":"https:\/\/es.greenpeace.org\/es\/wp-json\/wp\/v2\/post_documents\/32562","targetHints":{"allow":["GET"]}}],"collection":[{"href":"https:\/\/es.greenpeace.org\/es\/wp-json\/wp\/v2\/post_documents"}],"about":[{"href":"https:\/\/es.greenpeace.org\/es\/wp-json\/wp\/v2\/types\/post_documents"}],"author":[{"embeddable":true,"href":"https:\/\/es.greenpeace.org\/es\/wp-json\/wp\/v2\/users\/1"}],"version-history":[{"count":3,"href":"https:\/\/es.greenpeace.org\/es\/wp-json\/wp\/v2\/post_documents\/32562\/revisions"}],"predecessor-version":[{"id":32566,"href":"https:\/\/es.greenpeace.org\/es\/wp-json\/wp\/v2\/post_documents\/32562\/revisions\/32566"}],"wp:featuredmedia":[{"embeddable":true,"href":"https:\/\/es.greenpeace.org\/es\/wp-json\/wp\/v2\/media\/32564"}],"wp:attachment":[{"href":"https:\/\/es.greenpeace.org\/es\/wp-json\/wp\/v2\/media?parent=32562"}],"wp:term":[{"taxonomy":"category","embeddable":true,"href":"https:\/\/es.greenpeace.org\/es\/wp-json\/wp\/v2\/categories?post=32562"},{"taxonomy":"post_tag","embeddable":true,"href":"https:\/\/es.greenpeace.org\/es\/wp-json\/wp\/v2\/tags?post=32562"}],"curies":[{"name":"wp","href":"https:\/\/api.w.org\/{rel}","templated":true}]}}