{"id":34417,"date":"2021-06-16T12:42:23","date_gmt":"2021-06-16T10:42:23","guid":{"rendered":"https:\/\/es.greenpeace.org\/es\/?post_type=post_documents&#038;p=34417"},"modified":"2021-06-16T12:42:23","modified_gmt":"2021-06-16T10:42:23","slug":"peticion-de-declaracion-de-zona-vulnerable-a-la-contaminacion-con-nitratos-en-carbajales-de-alba-zamora-del-procurador-del-comun","status":"publish","type":"post_documents","link":"https:\/\/es.greenpeace.org\/es\/sala-de-prensa\/documentos\/peticion-de-declaracion-de-zona-vulnerable-a-la-contaminacion-con-nitratos-en-carbajales-de-alba-zamora-del-procurador-del-comun\/","title":{"rendered":"Petici\u00f3n de declaraci\u00f3n de Zona Vulnerable a la Contaminaci\u00f3n con nitratos en Carbajales de Alba (Zamora), del Procurador del Com\u00fan"},"content":{"rendered":"","protected":false},"author":42,"featured_media":34418,"parent":0,"template":"","meta":{"_acf_changed":false,"footnotes":""},"categories":[],"tags":[],"class_list":["post-34417","post_documents","type-post_documents","status-publish","has-post-thumbnail","hentry"],"acf":[],"yoast_head":"<!-- This site is optimized with the Yoast SEO plugin v27.1.1 - https:\/\/yoast.com\/product\/yoast-seo-wordpress\/ -->\n<title>Petici\u00f3n de declaraci\u00f3n de Zona Vulnerable a la Contaminaci\u00f3n con nitratos en Carbajales de Alba (Zamora), del Procurador del Com\u00fan - ES | Greenpeace Espa\u00f1a<\/title>\n<meta name=\"robots\" content=\"index, follow, max-snippet:-1, max-image-preview:large, max-video-preview:-1\" \/>\n<link rel=\"canonical\" href=\"https:\/\/es.greenpeace.org\/es\/sala-de-prensa\/documentos\/peticion-de-declaracion-de-zona-vulnerable-a-la-contaminacion-con-nitratos-en-carbajales-de-alba-zamora-del-procurador-del-comun\/\" \/>\n<meta property=\"og:locale\" content=\"es_ES\" \/>\n<meta property=\"og:type\" content=\"article\" \/>\n<meta property=\"og:title\" content=\"Petici\u00f3n de declaraci\u00f3n de Zona Vulnerable a la Contaminaci\u00f3n con nitratos en Carbajales de Alba (Zamora), del Procurador del Com\u00fan - ES | Greenpeace Espa\u00f1a\" \/>\n<meta property=\"og:url\" content=\"https:\/\/es.greenpeace.org\/es\/sala-de-prensa\/documentos\/peticion-de-declaracion-de-zona-vulnerable-a-la-contaminacion-con-nitratos-en-carbajales-de-alba-zamora-del-procurador-del-comun\/\" \/>\n<meta property=\"og:site_name\" content=\"ES | Greenpeace Espa\u00f1a\" \/>\n<meta property=\"article:publisher\" content=\"https:\/\/www.facebook.com\/greenpeace.spain\" \/>\n<meta property=\"og:image\" content=\"https:\/\/es.greenpeace.org\/es\/wp-content\/uploads\/sites\/3\/2021\/06\/GPES20210213PA1255-1.jpg\" \/>\n\t<meta property=\"og:image:width\" content=\"1500\" \/>\n\t<meta property=\"og:image:height\" content=\"1000\" \/>\n\t<meta property=\"og:image:type\" content=\"image\/jpeg\" \/>\n<meta name=\"twitter:card\" content=\"summary_large_image\" \/>\n<meta name=\"twitter:site\" content=\"@greenpeace_esp\" \/>\n<script type=\"application\/ld+json\" class=\"yoast-schema-graph\">{\"@context\":\"https:\/\/schema.org\",\"@graph\":[{\"@type\":\"WebPage\",\"@id\":\"https:\/\/es.greenpeace.org\/es\/sala-de-prensa\/documentos\/peticion-de-declaracion-de-zona-vulnerable-a-la-contaminacion-con-nitratos-en-carbajales-de-alba-zamora-del-procurador-del-comun\/\",\"url\":\"https:\/\/es.greenpeace.org\/es\/sala-de-prensa\/documentos\/peticion-de-declaracion-de-zona-vulnerable-a-la-contaminacion-con-nitratos-en-carbajales-de-alba-zamora-del-procurador-del-comun\/\",\"name\":\"Petici\u00f3n de declaraci\u00f3n de Zona Vulnerable a la Contaminaci\u00f3n con nitratos en Carbajales de Alba (Zamora), del Procurador del Com\u00fan - ES | Greenpeace Espa\u00f1a\",\"isPartOf\":{\"@id\":\"https:\/\/es.greenpeace.org\/es\/#website\"},\"primaryImageOfPage\":{\"@id\":\"https:\/\/es.greenpeace.org\/es\/sala-de-prensa\/documentos\/peticion-de-declaracion-de-zona-vulnerable-a-la-contaminacion-con-nitratos-en-carbajales-de-alba-zamora-del-procurador-del-comun\/#primaryimage\"},\"image\":{\"@id\":\"https:\/\/es.greenpeace.org\/es\/sala-de-prensa\/documentos\/peticion-de-declaracion-de-zona-vulnerable-a-la-contaminacion-con-nitratos-en-carbajales-de-alba-zamora-del-procurador-del-comun\/#primaryimage\"},\"thumbnailUrl\":\"https:\/\/es.greenpeace.org\/es\/wp-content\/uploads\/sites\/3\/2021\/06\/GPES20210213PA1255-1.jpg\",\"datePublished\":\"2021-06-16T10:42:23+00:00\",\"breadcrumb\":{\"@id\":\"https:\/\/es.greenpeace.org\/es\/sala-de-prensa\/documentos\/peticion-de-declaracion-de-zona-vulnerable-a-la-contaminacion-con-nitratos-en-carbajales-de-alba-zamora-del-procurador-del-comun\/#breadcrumb\"},\"inLanguage\":\"es\",\"potentialAction\":[{\"@type\":\"ReadAction\",\"target\":[\"https:\/\/es.greenpeace.org\/es\/sala-de-prensa\/documentos\/peticion-de-declaracion-de-zona-vulnerable-a-la-contaminacion-con-nitratos-en-carbajales-de-alba-zamora-del-procurador-del-comun\/\"]}]},{\"@type\":\"ImageObject\",\"inLanguage\":\"es\",\"@id\":\"https:\/\/es.greenpeace.org\/es\/sala-de-prensa\/documentos\/peticion-de-declaracion-de-zona-vulnerable-a-la-contaminacion-con-nitratos-en-carbajales-de-alba-zamora-del-procurador-del-comun\/#primaryimage\",\"url\":\"https:\/\/es.greenpeace.org\/es\/wp-content\/uploads\/sites\/3\/2021\/06\/GPES20210213PA1255-1.jpg\",\"contentUrl\":\"https:\/\/es.greenpeace.org\/es\/wp-content\/uploads\/sites\/3\/2021\/06\/GPES20210213PA1255-1.jpg\",\"width\":1500,\"height\":1000,\"caption\":\"13\/02\/2021. Caparroso, Navarra, Comunidad Foral de Navarra, Espa\u00f1a. Greenpeace testifica el da\u00f1o ambiental provocado por la macrogranja de Valle de Odieta en Caparroso, Navarra. Tras el SOS lanzado a Greenpeace por colectivos ecologistas locales de los pueblos de Marcilla y Caparroso, Greenpeace ha estado varios d\u00edas documentando el impacto ambiental provocado por la macrogranja de la zona, propiedad de la empresa Valle de Odieta, S.C.L. De la mano de vecinos de la zona ha podido testificar el grave impacto ambiental de las recurrentes malas pr\u00e1cticas y vertidos ilegales de purines de esta empresa. \u00a9Greenpeace\/Pedro Armestre \u00a9Greenpeace Handout\/Pedro Armestre- No sales - No Archives - Editorial Use Only - Free use only for 14 days after release. Photo provided by GREENPEACE, distributed handout photo to be used only to illustrate news reporting or commentary on the facts or events depicted in this image.\"},{\"@type\":\"BreadcrumbList\",\"@id\":\"https:\/\/es.greenpeace.org\/es\/sala-de-prensa\/documentos\/peticion-de-declaracion-de-zona-vulnerable-a-la-contaminacion-con-nitratos-en-carbajales-de-alba-zamora-del-procurador-del-comun\/#breadcrumb\",\"itemListElement\":[{\"@type\":\"ListItem\",\"position\":1,\"name\":\"Home\",\"item\":\"https:\/\/es.greenpeace.org\/es\/\"},{\"@type\":\"ListItem\",\"position\":2,\"name\":\"Petici\u00f3n de declaraci\u00f3n de Zona Vulnerable a la Contaminaci\u00f3n con nitratos en Carbajales de Alba (Zamora), del Procurador del Com\u00fan\"}]},{\"@type\":\"WebSite\",\"@id\":\"https:\/\/es.greenpeace.org\/es\/#website\",\"url\":\"https:\/\/es.greenpeace.org\/es\/\",\"name\":\"Greenpeace Espa\u00f1a\",\"description\":\"\",\"publisher\":{\"@id\":\"https:\/\/es.greenpeace.org\/es\/#organization\"},\"potentialAction\":[{\"@type\":\"SearchAction\",\"target\":{\"@type\":\"EntryPoint\",\"urlTemplate\":\"https:\/\/es.greenpeace.org\/es\/?s={search_term_string}\"},\"query-input\":{\"@type\":\"PropertyValueSpecification\",\"valueRequired\":true,\"valueName\":\"search_term_string\"}}],\"inLanguage\":\"es\"},{\"@type\":\"Organization\",\"@id\":\"https:\/\/es.greenpeace.org\/es\/#organization\",\"name\":\"Greenpeace Espa\u00f1a\",\"alternateName\":\"Greenpeace\",\"url\":\"https:\/\/es.greenpeace.org\/es\/\",\"logo\":{\"@type\":\"ImageObject\",\"inLanguage\":\"es\",\"@id\":\"https:\/\/es.greenpeace.org\/es\/#\/schema\/logo\/image\/\",\"url\":\"https:\/\/es.greenpeace.org\/es\/wp-content\/uploads\/sites\/3\/2024\/07\/greenpeace-logo-verde.svg\",\"contentUrl\":\"https:\/\/es.greenpeace.org\/es\/wp-content\/uploads\/sites\/3\/2024\/07\/greenpeace-logo-verde.svg\",\"width\":1,\"height\":1,\"caption\":\"Greenpeace Espa\u00f1a\"},\"image\":{\"@id\":\"https:\/\/es.greenpeace.org\/es\/#\/schema\/logo\/image\/\"},\"sameAs\":[\"https:\/\/www.facebook.com\/greenpeace.spain\",\"https:\/\/x.com\/greenpeace_esp\",\"https:\/\/www.instagram.com\/greenpeace_esp\/\"]}]}<\/script>\n<!-- \/ Yoast SEO plugin. -->","yoast_head_json":{"title":"Petici\u00f3n de declaraci\u00f3n de Zona Vulnerable a la Contaminaci\u00f3n con nitratos en Carbajales de Alba (Zamora), del Procurador del Com\u00fan - ES | Greenpeace Espa\u00f1a","robots":{"index":"index","follow":"follow","max-snippet":"max-snippet:-1","max-image-preview":"max-image-preview:large","max-video-preview":"max-video-preview:-1"},"canonical":"https:\/\/es.greenpeace.org\/es\/sala-de-prensa\/documentos\/peticion-de-declaracion-de-zona-vulnerable-a-la-contaminacion-con-nitratos-en-carbajales-de-alba-zamora-del-procurador-del-comun\/","og_locale":"es_ES","og_type":"article","og_title":"Petici\u00f3n de declaraci\u00f3n de Zona Vulnerable a la Contaminaci\u00f3n con nitratos en Carbajales de Alba (Zamora), del Procurador del Com\u00fan - ES | Greenpeace Espa\u00f1a","og_url":"https:\/\/es.greenpeace.org\/es\/sala-de-prensa\/documentos\/peticion-de-declaracion-de-zona-vulnerable-a-la-contaminacion-con-nitratos-en-carbajales-de-alba-zamora-del-procurador-del-comun\/","og_site_name":"ES | Greenpeace Espa\u00f1a","article_publisher":"https:\/\/www.facebook.com\/greenpeace.spain","og_image":[{"width":1500,"height":1000,"url":"https:\/\/es.greenpeace.org\/es\/wp-content\/uploads\/sites\/3\/2021\/06\/GPES20210213PA1255-1.jpg","type":"image\/jpeg"}],"twitter_card":"summary_large_image","twitter_site":"@greenpeace_esp","schema":{"@context":"https:\/\/schema.org","@graph":[{"@type":"WebPage","@id":"https:\/\/es.greenpeace.org\/es\/sala-de-prensa\/documentos\/peticion-de-declaracion-de-zona-vulnerable-a-la-contaminacion-con-nitratos-en-carbajales-de-alba-zamora-del-procurador-del-comun\/","url":"https:\/\/es.greenpeace.org\/es\/sala-de-prensa\/documentos\/peticion-de-declaracion-de-zona-vulnerable-a-la-contaminacion-con-nitratos-en-carbajales-de-alba-zamora-del-procurador-del-comun\/","name":"Petici\u00f3n de declaraci\u00f3n de Zona Vulnerable a la Contaminaci\u00f3n con nitratos en Carbajales de Alba (Zamora), del Procurador del Com\u00fan - ES | Greenpeace Espa\u00f1a","isPartOf":{"@id":"https:\/\/es.greenpeace.org\/es\/#website"},"primaryImageOfPage":{"@id":"https:\/\/es.greenpeace.org\/es\/sala-de-prensa\/documentos\/peticion-de-declaracion-de-zona-vulnerable-a-la-contaminacion-con-nitratos-en-carbajales-de-alba-zamora-del-procurador-del-comun\/#primaryimage"},"image":{"@id":"https:\/\/es.greenpeace.org\/es\/sala-de-prensa\/documentos\/peticion-de-declaracion-de-zona-vulnerable-a-la-contaminacion-con-nitratos-en-carbajales-de-alba-zamora-del-procurador-del-comun\/#primaryimage"},"thumbnailUrl":"https:\/\/es.greenpeace.org\/es\/wp-content\/uploads\/sites\/3\/2021\/06\/GPES20210213PA1255-1.jpg","datePublished":"2021-06-16T10:42:23+00:00","breadcrumb":{"@id":"https:\/\/es.greenpeace.org\/es\/sala-de-prensa\/documentos\/peticion-de-declaracion-de-zona-vulnerable-a-la-contaminacion-con-nitratos-en-carbajales-de-alba-zamora-del-procurador-del-comun\/#breadcrumb"},"inLanguage":"es","potentialAction":[{"@type":"ReadAction","target":["https:\/\/es.greenpeace.org\/es\/sala-de-prensa\/documentos\/peticion-de-declaracion-de-zona-vulnerable-a-la-contaminacion-con-nitratos-en-carbajales-de-alba-zamora-del-procurador-del-comun\/"]}]},{"@type":"ImageObject","inLanguage":"es","@id":"https:\/\/es.greenpeace.org\/es\/sala-de-prensa\/documentos\/peticion-de-declaracion-de-zona-vulnerable-a-la-contaminacion-con-nitratos-en-carbajales-de-alba-zamora-del-procurador-del-comun\/#primaryimage","url":"https:\/\/es.greenpeace.org\/es\/wp-content\/uploads\/sites\/3\/2021\/06\/GPES20210213PA1255-1.jpg","contentUrl":"https:\/\/es.greenpeace.org\/es\/wp-content\/uploads\/sites\/3\/2021\/06\/GPES20210213PA1255-1.jpg","width":1500,"height":1000,"caption":"13\/02\/2021. Caparroso, Navarra, Comunidad Foral de Navarra, Espa\u00f1a. Greenpeace testifica el da\u00f1o ambiental provocado por la macrogranja de Valle de Odieta en Caparroso, Navarra. Tras el SOS lanzado a Greenpeace por colectivos ecologistas locales de los pueblos de Marcilla y Caparroso, Greenpeace ha estado varios d\u00edas documentando el impacto ambiental provocado por la macrogranja de la zona, propiedad de la empresa Valle de Odieta, S.C.L. De la mano de vecinos de la zona ha podido testificar el grave impacto ambiental de las recurrentes malas pr\u00e1cticas y vertidos ilegales de purines de esta empresa. \u00a9Greenpeace\/Pedro Armestre \u00a9Greenpeace Handout\/Pedro Armestre- No sales - No Archives - Editorial Use Only - Free use only for 14 days after release. Photo provided by GREENPEACE, distributed handout photo to be used only to illustrate news reporting or commentary on the facts or events depicted in this image."},{"@type":"BreadcrumbList","@id":"https:\/\/es.greenpeace.org\/es\/sala-de-prensa\/documentos\/peticion-de-declaracion-de-zona-vulnerable-a-la-contaminacion-con-nitratos-en-carbajales-de-alba-zamora-del-procurador-del-comun\/#breadcrumb","itemListElement":[{"@type":"ListItem","position":1,"name":"Home","item":"https:\/\/es.greenpeace.org\/es\/"},{"@type":"ListItem","position":2,"name":"Petici\u00f3n de declaraci\u00f3n de Zona Vulnerable a la Contaminaci\u00f3n con nitratos en Carbajales de Alba (Zamora), del Procurador del Com\u00fan"}]},{"@type":"WebSite","@id":"https:\/\/es.greenpeace.org\/es\/#website","url":"https:\/\/es.greenpeace.org\/es\/","name":"Greenpeace Espa\u00f1a","description":"","publisher":{"@id":"https:\/\/es.greenpeace.org\/es\/#organization"},"potentialAction":[{"@type":"SearchAction","target":{"@type":"EntryPoint","urlTemplate":"https:\/\/es.greenpeace.org\/es\/?s={search_term_string}"},"query-input":{"@type":"PropertyValueSpecification","valueRequired":true,"valueName":"search_term_string"}}],"inLanguage":"es"},{"@type":"Organization","@id":"https:\/\/es.greenpeace.org\/es\/#organization","name":"Greenpeace Espa\u00f1a","alternateName":"Greenpeace","url":"https:\/\/es.greenpeace.org\/es\/","logo":{"@type":"ImageObject","inLanguage":"es","@id":"https:\/\/es.greenpeace.org\/es\/#\/schema\/logo\/image\/","url":"https:\/\/es.greenpeace.org\/es\/wp-content\/uploads\/sites\/3\/2024\/07\/greenpeace-logo-verde.svg","contentUrl":"https:\/\/es.greenpeace.org\/es\/wp-content\/uploads\/sites\/3\/2024\/07\/greenpeace-logo-verde.svg","width":1,"height":1,"caption":"Greenpeace Espa\u00f1a"},"image":{"@id":"https:\/\/es.greenpeace.org\/es\/#\/schema\/logo\/image\/"},"sameAs":["https:\/\/www.facebook.com\/greenpeace.spain","https:\/\/x.com\/greenpeace_esp","https:\/\/www.instagram.com\/greenpeace_esp\/"]}]}},"_links":{"self":[{"href":"https:\/\/es.greenpeace.org\/es\/wp-json\/wp\/v2\/post_documents\/34417","targetHints":{"allow":["GET"]}}],"collection":[{"href":"https:\/\/es.greenpeace.org\/es\/wp-json\/wp\/v2\/post_documents"}],"about":[{"href":"https:\/\/es.greenpeace.org\/es\/wp-json\/wp\/v2\/types\/post_documents"}],"author":[{"embeddable":true,"href":"https:\/\/es.greenpeace.org\/es\/wp-json\/wp\/v2\/users\/42"}],"version-history":[{"count":1,"href":"https:\/\/es.greenpeace.org\/es\/wp-json\/wp\/v2\/post_documents\/34417\/revisions"}],"predecessor-version":[{"id":34420,"href":"https:\/\/es.greenpeace.org\/es\/wp-json\/wp\/v2\/post_documents\/34417\/revisions\/34420"}],"wp:featuredmedia":[{"embeddable":true,"href":"https:\/\/es.greenpeace.org\/es\/wp-json\/wp\/v2\/media\/34418"}],"wp:attachment":[{"href":"https:\/\/es.greenpeace.org\/es\/wp-json\/wp\/v2\/media?parent=34417"}],"wp:term":[{"taxonomy":"category","embeddable":true,"href":"https:\/\/es.greenpeace.org\/es\/wp-json\/wp\/v2\/categories?post=34417"},{"taxonomy":"post_tag","embeddable":true,"href":"https:\/\/es.greenpeace.org\/es\/wp-json\/wp\/v2\/tags?post=34417"}],"curies":[{"name":"wp","href":"https:\/\/api.w.org\/{rel}","templated":true}]}}