{"id":4206,"date":"2017-12-18T10:00:41","date_gmt":"2017-12-18T09:00:41","guid":{"rendered":"https:\/\/es.greenpeace.org\/es\/?post_type=post_documents&#038;p=4206"},"modified":"2020-08-10T15:00:51","modified_gmt":"2020-08-10T13:00:51","slug":"alegaciones-al-proyecto-de-real-decreto-por-el-que-se-regula-el-procedimiento-de-cierre-de-las-instalaciones-de-generacion-electrica","status":"publish","type":"post_documents","link":"https:\/\/es.greenpeace.org\/es\/sala-de-prensa\/documentos\/alegaciones-al-proyecto-de-real-decreto-por-el-que-se-regula-el-procedimiento-de-cierre-de-las-instalaciones-de-generacion-electrica\/","title":{"rendered":"Alegaciones al \u201cProyecto de Real Decreto por el que se regula el procedimiento de cierre de las instalaciones de generaci\u00f3n el\u00e9ctrica\u201d"},"content":{"rendered":"<p>Basta una simple lectura del \u201cProyecto de Real Decreto por el que se regula el procedimiento de cierre de las instalaciones de generaci\u00f3n el\u00e9ctrica\u201d para comprobar que su objeto no es el cierre de las instalaciones, sino todo lo contrario, intentar mantenerlas abiertas.<\/p>\n<p>El Proyecto se sustenta en razones econ\u00f3micas y as\u00ed lo justifica en su exposici\u00f3n de motivos, pero omite las cuestiones medioambientales.<\/p>\n","protected":false},"author":11,"featured_media":19710,"parent":0,"template":"","meta":{"_acf_changed":false,"footnotes":""},"categories":[35],"tags":[],"class_list":["post-4206","post_documents","type-post_documents","status-publish","has-post-thumbnail","hentry","category-cambio-climatico"],"acf":[],"yoast_head":"<!-- This site is optimized with the Yoast SEO plugin v27.1.1 - https:\/\/yoast.com\/product\/yoast-seo-wordpress\/ -->\n<title>Alegaciones al \u201cProyecto de Real Decreto por el que se regula el procedimiento de cierre de las instalaciones de generaci\u00f3n el\u00e9ctrica\u201d - ES | Greenpeace Espa\u00f1a<\/title>\n<meta name=\"robots\" content=\"index, follow, max-snippet:-1, max-image-preview:large, max-video-preview:-1\" \/>\n<link rel=\"canonical\" href=\"https:\/\/es.greenpeace.org\/es\/sala-de-prensa\/documentos\/alegaciones-al-proyecto-de-real-decreto-por-el-que-se-regula-el-procedimiento-de-cierre-de-las-instalaciones-de-generacion-electrica\/\" \/>\n<meta property=\"og:locale\" content=\"es_ES\" \/>\n<meta property=\"og:type\" content=\"article\" \/>\n<meta property=\"og:title\" content=\"Alegaciones al \u201cProyecto de Real Decreto por el que se regula el procedimiento de cierre de las instalaciones de generaci\u00f3n el\u00e9ctrica\u201d - ES | Greenpeace Espa\u00f1a\" \/>\n<meta property=\"og:description\" content=\"Basta una simple lectura del \u201cProyecto de Real Decreto por el que se regula el procedimiento de cierre de las instalaciones de generaci\u00f3n el\u00e9ctrica\u201d para comprobar que su objeto no es el cierre de las instalaciones, sino todo lo contrario, intentar mantenerlas abiertas. El Proyecto se sustenta en razones econ\u00f3micas y as\u00ed lo justifica en [&hellip;]\" \/>\n<meta property=\"og:url\" content=\"https:\/\/es.greenpeace.org\/es\/sala-de-prensa\/documentos\/alegaciones-al-proyecto-de-real-decreto-por-el-que-se-regula-el-procedimiento-de-cierre-de-las-instalaciones-de-generacion-electrica\/\" \/>\n<meta property=\"og:site_name\" content=\"ES | Greenpeace Espa\u00f1a\" \/>\n<meta property=\"article:publisher\" content=\"https:\/\/www.facebook.com\/greenpeace.spain\" \/>\n<meta property=\"article:modified_time\" content=\"2020-08-10T13:00:51+00:00\" \/>\n<meta property=\"og:image\" content=\"https:\/\/es.greenpeace.org\/es\/wp-content\/uploads\/sites\/3\/2019\/07\/electricas.jpg\" \/>\n\t<meta property=\"og:image:width\" content=\"1920\" \/>\n\t<meta property=\"og:image:height\" content=\"1080\" \/>\n\t<meta property=\"og:image:type\" content=\"image\/jpeg\" \/>\n<meta name=\"twitter:card\" content=\"summary_large_image\" \/>\n<meta name=\"twitter:site\" content=\"@greenpeace_esp\" \/>\n<script type=\"application\/ld+json\" class=\"yoast-schema-graph\">{\"@context\":\"https:\/\/schema.org\",\"@graph\":[{\"@type\":\"WebPage\",\"@id\":\"https:\/\/es.greenpeace.org\/es\/sala-de-prensa\/documentos\/alegaciones-al-proyecto-de-real-decreto-por-el-que-se-regula-el-procedimiento-de-cierre-de-las-instalaciones-de-generacion-electrica\/\",\"url\":\"https:\/\/es.greenpeace.org\/es\/sala-de-prensa\/documentos\/alegaciones-al-proyecto-de-real-decreto-por-el-que-se-regula-el-procedimiento-de-cierre-de-las-instalaciones-de-generacion-electrica\/\",\"name\":\"Alegaciones al \u201cProyecto de Real Decreto por el que se regula el procedimiento de cierre de las instalaciones de generaci\u00f3n el\u00e9ctrica\u201d - ES | Greenpeace Espa\u00f1a\",\"isPartOf\":{\"@id\":\"https:\/\/es.greenpeace.org\/es\/#website\"},\"primaryImageOfPage\":{\"@id\":\"https:\/\/es.greenpeace.org\/es\/sala-de-prensa\/documentos\/alegaciones-al-proyecto-de-real-decreto-por-el-que-se-regula-el-procedimiento-de-cierre-de-las-instalaciones-de-generacion-electrica\/#primaryimage\"},\"image\":{\"@id\":\"https:\/\/es.greenpeace.org\/es\/sala-de-prensa\/documentos\/alegaciones-al-proyecto-de-real-decreto-por-el-que-se-regula-el-procedimiento-de-cierre-de-las-instalaciones-de-generacion-electrica\/#primaryimage\"},\"thumbnailUrl\":\"https:\/\/es.greenpeace.org\/es\/wp-content\/uploads\/sites\/3\/2019\/07\/electricas.jpg\",\"datePublished\":\"2017-12-18T09:00:41+00:00\",\"dateModified\":\"2020-08-10T13:00:51+00:00\",\"breadcrumb\":{\"@id\":\"https:\/\/es.greenpeace.org\/es\/sala-de-prensa\/documentos\/alegaciones-al-proyecto-de-real-decreto-por-el-que-se-regula-el-procedimiento-de-cierre-de-las-instalaciones-de-generacion-electrica\/#breadcrumb\"},\"inLanguage\":\"es\",\"potentialAction\":[{\"@type\":\"ReadAction\",\"target\":[\"https:\/\/es.greenpeace.org\/es\/sala-de-prensa\/documentos\/alegaciones-al-proyecto-de-real-decreto-por-el-que-se-regula-el-procedimiento-de-cierre-de-las-instalaciones-de-generacion-electrica\/\"]}]},{\"@type\":\"ImageObject\",\"inLanguage\":\"es\",\"@id\":\"https:\/\/es.greenpeace.org\/es\/sala-de-prensa\/documentos\/alegaciones-al-proyecto-de-real-decreto-por-el-que-se-regula-el-procedimiento-de-cierre-de-las-instalaciones-de-generacion-electrica\/#primaryimage\",\"url\":\"https:\/\/es.greenpeace.org\/es\/wp-content\/uploads\/sites\/3\/2019\/07\/electricas.jpg\",\"contentUrl\":\"https:\/\/es.greenpeace.org\/es\/wp-content\/uploads\/sites\/3\/2019\/07\/electricas.jpg\",\"width\":1920,\"height\":1080,\"caption\":\"electricas\"},{\"@type\":\"BreadcrumbList\",\"@id\":\"https:\/\/es.greenpeace.org\/es\/sala-de-prensa\/documentos\/alegaciones-al-proyecto-de-real-decreto-por-el-que-se-regula-el-procedimiento-de-cierre-de-las-instalaciones-de-generacion-electrica\/#breadcrumb\",\"itemListElement\":[{\"@type\":\"ListItem\",\"position\":1,\"name\":\"Home\",\"item\":\"https:\/\/es.greenpeace.org\/es\/\"},{\"@type\":\"ListItem\",\"position\":2,\"name\":\"Alegaciones al \u201cProyecto de Real Decreto por el que se regula el procedimiento de cierre de las instalaciones de generaci\u00f3n el\u00e9ctrica\u201d\"}]},{\"@type\":\"WebSite\",\"@id\":\"https:\/\/es.greenpeace.org\/es\/#website\",\"url\":\"https:\/\/es.greenpeace.org\/es\/\",\"name\":\"Greenpeace Espa\u00f1a\",\"description\":\"\",\"publisher\":{\"@id\":\"https:\/\/es.greenpeace.org\/es\/#organization\"},\"potentialAction\":[{\"@type\":\"SearchAction\",\"target\":{\"@type\":\"EntryPoint\",\"urlTemplate\":\"https:\/\/es.greenpeace.org\/es\/?s={search_term_string}\"},\"query-input\":{\"@type\":\"PropertyValueSpecification\",\"valueRequired\":true,\"valueName\":\"search_term_string\"}}],\"inLanguage\":\"es\"},{\"@type\":\"Organization\",\"@id\":\"https:\/\/es.greenpeace.org\/es\/#organization\",\"name\":\"Greenpeace Espa\u00f1a\",\"alternateName\":\"Greenpeace\",\"url\":\"https:\/\/es.greenpeace.org\/es\/\",\"logo\":{\"@type\":\"ImageObject\",\"inLanguage\":\"es\",\"@id\":\"https:\/\/es.greenpeace.org\/es\/#\/schema\/logo\/image\/\",\"url\":\"https:\/\/es.greenpeace.org\/es\/wp-content\/uploads\/sites\/3\/2024\/07\/greenpeace-logo-verde.svg\",\"contentUrl\":\"https:\/\/es.greenpeace.org\/es\/wp-content\/uploads\/sites\/3\/2024\/07\/greenpeace-logo-verde.svg\",\"width\":1,\"height\":1,\"caption\":\"Greenpeace Espa\u00f1a\"},\"image\":{\"@id\":\"https:\/\/es.greenpeace.org\/es\/#\/schema\/logo\/image\/\"},\"sameAs\":[\"https:\/\/www.facebook.com\/greenpeace.spain\",\"https:\/\/x.com\/greenpeace_esp\",\"https:\/\/www.instagram.com\/greenpeace_esp\/\"]}]}<\/script>\n<!-- \/ Yoast SEO plugin. -->","yoast_head_json":{"title":"Alegaciones al \u201cProyecto de Real Decreto por el que se regula el procedimiento de cierre de las instalaciones de generaci\u00f3n el\u00e9ctrica\u201d - ES | Greenpeace Espa\u00f1a","robots":{"index":"index","follow":"follow","max-snippet":"max-snippet:-1","max-image-preview":"max-image-preview:large","max-video-preview":"max-video-preview:-1"},"canonical":"https:\/\/es.greenpeace.org\/es\/sala-de-prensa\/documentos\/alegaciones-al-proyecto-de-real-decreto-por-el-que-se-regula-el-procedimiento-de-cierre-de-las-instalaciones-de-generacion-electrica\/","og_locale":"es_ES","og_type":"article","og_title":"Alegaciones al \u201cProyecto de Real Decreto por el que se regula el procedimiento de cierre de las instalaciones de generaci\u00f3n el\u00e9ctrica\u201d - ES | Greenpeace Espa\u00f1a","og_description":"Basta una simple lectura del \u201cProyecto de Real Decreto por el que se regula el procedimiento de cierre de las instalaciones de generaci\u00f3n el\u00e9ctrica\u201d para comprobar que su objeto no es el cierre de las instalaciones, sino todo lo contrario, intentar mantenerlas abiertas. El Proyecto se sustenta en razones econ\u00f3micas y as\u00ed lo justifica en [&hellip;]","og_url":"https:\/\/es.greenpeace.org\/es\/sala-de-prensa\/documentos\/alegaciones-al-proyecto-de-real-decreto-por-el-que-se-regula-el-procedimiento-de-cierre-de-las-instalaciones-de-generacion-electrica\/","og_site_name":"ES | Greenpeace Espa\u00f1a","article_publisher":"https:\/\/www.facebook.com\/greenpeace.spain","article_modified_time":"2020-08-10T13:00:51+00:00","og_image":[{"width":1920,"height":1080,"url":"https:\/\/es.greenpeace.org\/es\/wp-content\/uploads\/sites\/3\/2019\/07\/electricas.jpg","type":"image\/jpeg"}],"twitter_card":"summary_large_image","twitter_site":"@greenpeace_esp","schema":{"@context":"https:\/\/schema.org","@graph":[{"@type":"WebPage","@id":"https:\/\/es.greenpeace.org\/es\/sala-de-prensa\/documentos\/alegaciones-al-proyecto-de-real-decreto-por-el-que-se-regula-el-procedimiento-de-cierre-de-las-instalaciones-de-generacion-electrica\/","url":"https:\/\/es.greenpeace.org\/es\/sala-de-prensa\/documentos\/alegaciones-al-proyecto-de-real-decreto-por-el-que-se-regula-el-procedimiento-de-cierre-de-las-instalaciones-de-generacion-electrica\/","name":"Alegaciones al \u201cProyecto de Real Decreto por el que se regula el procedimiento de cierre de las instalaciones de generaci\u00f3n el\u00e9ctrica\u201d - ES | Greenpeace Espa\u00f1a","isPartOf":{"@id":"https:\/\/es.greenpeace.org\/es\/#website"},"primaryImageOfPage":{"@id":"https:\/\/es.greenpeace.org\/es\/sala-de-prensa\/documentos\/alegaciones-al-proyecto-de-real-decreto-por-el-que-se-regula-el-procedimiento-de-cierre-de-las-instalaciones-de-generacion-electrica\/#primaryimage"},"image":{"@id":"https:\/\/es.greenpeace.org\/es\/sala-de-prensa\/documentos\/alegaciones-al-proyecto-de-real-decreto-por-el-que-se-regula-el-procedimiento-de-cierre-de-las-instalaciones-de-generacion-electrica\/#primaryimage"},"thumbnailUrl":"https:\/\/es.greenpeace.org\/es\/wp-content\/uploads\/sites\/3\/2019\/07\/electricas.jpg","datePublished":"2017-12-18T09:00:41+00:00","dateModified":"2020-08-10T13:00:51+00:00","breadcrumb":{"@id":"https:\/\/es.greenpeace.org\/es\/sala-de-prensa\/documentos\/alegaciones-al-proyecto-de-real-decreto-por-el-que-se-regula-el-procedimiento-de-cierre-de-las-instalaciones-de-generacion-electrica\/#breadcrumb"},"inLanguage":"es","potentialAction":[{"@type":"ReadAction","target":["https:\/\/es.greenpeace.org\/es\/sala-de-prensa\/documentos\/alegaciones-al-proyecto-de-real-decreto-por-el-que-se-regula-el-procedimiento-de-cierre-de-las-instalaciones-de-generacion-electrica\/"]}]},{"@type":"ImageObject","inLanguage":"es","@id":"https:\/\/es.greenpeace.org\/es\/sala-de-prensa\/documentos\/alegaciones-al-proyecto-de-real-decreto-por-el-que-se-regula-el-procedimiento-de-cierre-de-las-instalaciones-de-generacion-electrica\/#primaryimage","url":"https:\/\/es.greenpeace.org\/es\/wp-content\/uploads\/sites\/3\/2019\/07\/electricas.jpg","contentUrl":"https:\/\/es.greenpeace.org\/es\/wp-content\/uploads\/sites\/3\/2019\/07\/electricas.jpg","width":1920,"height":1080,"caption":"electricas"},{"@type":"BreadcrumbList","@id":"https:\/\/es.greenpeace.org\/es\/sala-de-prensa\/documentos\/alegaciones-al-proyecto-de-real-decreto-por-el-que-se-regula-el-procedimiento-de-cierre-de-las-instalaciones-de-generacion-electrica\/#breadcrumb","itemListElement":[{"@type":"ListItem","position":1,"name":"Home","item":"https:\/\/es.greenpeace.org\/es\/"},{"@type":"ListItem","position":2,"name":"Alegaciones al \u201cProyecto de Real Decreto por el que se regula el procedimiento de cierre de las instalaciones de generaci\u00f3n el\u00e9ctrica\u201d"}]},{"@type":"WebSite","@id":"https:\/\/es.greenpeace.org\/es\/#website","url":"https:\/\/es.greenpeace.org\/es\/","name":"Greenpeace Espa\u00f1a","description":"","publisher":{"@id":"https:\/\/es.greenpeace.org\/es\/#organization"},"potentialAction":[{"@type":"SearchAction","target":{"@type":"EntryPoint","urlTemplate":"https:\/\/es.greenpeace.org\/es\/?s={search_term_string}"},"query-input":{"@type":"PropertyValueSpecification","valueRequired":true,"valueName":"search_term_string"}}],"inLanguage":"es"},{"@type":"Organization","@id":"https:\/\/es.greenpeace.org\/es\/#organization","name":"Greenpeace Espa\u00f1a","alternateName":"Greenpeace","url":"https:\/\/es.greenpeace.org\/es\/","logo":{"@type":"ImageObject","inLanguage":"es","@id":"https:\/\/es.greenpeace.org\/es\/#\/schema\/logo\/image\/","url":"https:\/\/es.greenpeace.org\/es\/wp-content\/uploads\/sites\/3\/2024\/07\/greenpeace-logo-verde.svg","contentUrl":"https:\/\/es.greenpeace.org\/es\/wp-content\/uploads\/sites\/3\/2024\/07\/greenpeace-logo-verde.svg","width":1,"height":1,"caption":"Greenpeace Espa\u00f1a"},"image":{"@id":"https:\/\/es.greenpeace.org\/es\/#\/schema\/logo\/image\/"},"sameAs":["https:\/\/www.facebook.com\/greenpeace.spain","https:\/\/x.com\/greenpeace_esp","https:\/\/www.instagram.com\/greenpeace_esp\/"]}]}},"_links":{"self":[{"href":"https:\/\/es.greenpeace.org\/es\/wp-json\/wp\/v2\/post_documents\/4206","targetHints":{"allow":["GET"]}}],"collection":[{"href":"https:\/\/es.greenpeace.org\/es\/wp-json\/wp\/v2\/post_documents"}],"about":[{"href":"https:\/\/es.greenpeace.org\/es\/wp-json\/wp\/v2\/types\/post_documents"}],"author":[{"embeddable":true,"href":"https:\/\/es.greenpeace.org\/es\/wp-json\/wp\/v2\/users\/11"}],"version-history":[{"count":3,"href":"https:\/\/es.greenpeace.org\/es\/wp-json\/wp\/v2\/post_documents\/4206\/revisions"}],"predecessor-version":[{"id":27908,"href":"https:\/\/es.greenpeace.org\/es\/wp-json\/wp\/v2\/post_documents\/4206\/revisions\/27908"}],"wp:featuredmedia":[{"embeddable":true,"href":"https:\/\/es.greenpeace.org\/es\/wp-json\/wp\/v2\/media\/19710"}],"wp:attachment":[{"href":"https:\/\/es.greenpeace.org\/es\/wp-json\/wp\/v2\/media?parent=4206"}],"wp:term":[{"taxonomy":"category","embeddable":true,"href":"https:\/\/es.greenpeace.org\/es\/wp-json\/wp\/v2\/categories?post=4206"},{"taxonomy":"post_tag","embeddable":true,"href":"https:\/\/es.greenpeace.org\/es\/wp-json\/wp\/v2\/tags?post=4206"}],"curies":[{"name":"wp","href":"https:\/\/api.w.org\/{rel}","templated":true}]}}