{"id":47941,"date":"2022-12-19T10:28:48","date_gmt":"2022-12-19T08:28:48","guid":{"rendered":"https:\/\/es.greenpeace.org\/es\/?post_type=post_documents&#038;p=47941"},"modified":"2022-12-19T10:28:48","modified_gmt":"2022-12-19T08:28:48","slug":"escenario-de-crisis-energetica-recomendaciones-politicas","status":"publish","type":"post_documents","link":"https:\/\/es.greenpeace.org\/es\/sala-de-prensa\/documentos\/escenario-de-crisis-energetica-recomendaciones-politicas\/","title":{"rendered":"ESCENARIO DE CRISIS ENERG\u00c9TICA. Recomendaciones pol\u00edticas"},"content":{"rendered":"<p>Desde que la UE entr\u00f3 en una crisis energ\u00e9tica, la Comisi\u00f3n Europea ha propuesto medidas urgentes que los Estados miembro de la UE han ido adoptando, estas medidas incluyen <a href=\"https:\/\/www.consilium.europa.eu\/en\/press\/press-releases\/2022\/07\/26\/member-states-commit-to-reducing-gas-demand-by-15-next-winter\/\">una reducci\u00f3n del gas del 15% de car\u00e1cter voluntario<\/a>, <a href=\"https:\/\/www.consilium.europa.eu\/en\/press\/press-releases\/2022\/09\/30\/council-agrees-on-emergency-measures-to-reduce-energy-prices\/\">una reducci\u00f3n obligatoria de la electricidad del 5% durante las horas punta<\/a> y <a href=\"https:\/\/www.consilium.europa.eu\/en\/press\/press-releases\/2022\/09\/30\/council-agrees-on-emergency-measures-to-reduce-energy-prices\/\">una reducci\u00f3n global voluntaria del 10% de la electricidad<\/a>.<\/p>\n<p>Si la UE quiere abordar eficazmente las m\u00faltiples crisis a las que se enfrenta, es decir, la guerra de Ucrania, la seguridad energ\u00e9tica, el coste de la vida y la crisis clim\u00e1tica, las personas que lideran la UE deben aunar las reducciones a corto plazo con soluciones a largo plazo. Quienes lideran la UE deben priorizar la eficiencia y el ahorro energ\u00e9tico y paralizar la importaci\u00f3n de combustibles f\u00f3siles rusos, en lugar de apostar por diversificar sus proveedores y cambiarse a otros combustibles f\u00f3siles. Igualmente, deben impulsar la eliminaci\u00f3n progresiva de los combustibles f\u00f3siles y aumentar la inversi\u00f3n en energ\u00edas renovables r\u00e1pidamente. Todo ello sin olvidarse de proteger a las personas m\u00e1s vulnerables y asegurarse de que quien contamina paga.<\/p>\n","protected":false},"author":80,"featured_media":0,"parent":0,"template":"","meta":{"_acf_changed":false,"footnotes":""},"categories":[35],"tags":[116,980,891],"class_list":["post-47941","post_documents","type-post_documents","status-publish","hentry","category-cambio-climatico","tag-cambio-climatico","tag-combutibles-fosiles","tag-crisis-energetica"],"acf":[],"yoast_head":"<!-- This site is optimized with the Yoast SEO plugin v27.1.1 - https:\/\/yoast.com\/product\/yoast-seo-wordpress\/ -->\n<title>ESCENARIO DE CRISIS ENERG\u00c9TICA. Recomendaciones pol\u00edticas - ES | Greenpeace Espa\u00f1a<\/title>\n<meta name=\"robots\" content=\"index, follow, max-snippet:-1, max-image-preview:large, max-video-preview:-1\" \/>\n<link rel=\"canonical\" href=\"https:\/\/es.greenpeace.org\/es\/sala-de-prensa\/documentos\/escenario-de-crisis-energetica-recomendaciones-politicas\/\" \/>\n<meta property=\"og:locale\" content=\"es_ES\" \/>\n<meta property=\"og:type\" content=\"article\" \/>\n<meta property=\"og:title\" content=\"ESCENARIO DE CRISIS ENERG\u00c9TICA. Recomendaciones pol\u00edticas - ES | Greenpeace Espa\u00f1a\" \/>\n<meta property=\"og:description\" content=\"Desde que la UE entr\u00f3 en una crisis energ\u00e9tica, la Comisi\u00f3n Europea ha propuesto medidas urgentes que los Estados miembro de la UE han ido adoptando, estas medidas incluyen una reducci\u00f3n del gas del 15% de car\u00e1cter voluntario, una reducci\u00f3n obligatoria de la electricidad del 5% durante las horas punta y una reducci\u00f3n global voluntaria [&hellip;]\" \/>\n<meta property=\"og:url\" content=\"https:\/\/es.greenpeace.org\/es\/sala-de-prensa\/documentos\/escenario-de-crisis-energetica-recomendaciones-politicas\/\" \/>\n<meta property=\"og:site_name\" content=\"ES | Greenpeace Espa\u00f1a\" \/>\n<meta property=\"article:publisher\" content=\"https:\/\/www.facebook.com\/greenpeace.spain\" \/>\n<meta name=\"twitter:card\" content=\"summary_large_image\" \/>\n<meta name=\"twitter:site\" content=\"@greenpeace_esp\" \/>\n<meta name=\"twitter:label1\" content=\"Tiempo de lectura\" \/>\n\t<meta name=\"twitter:data1\" content=\"1 minuto\" \/>\n<script type=\"application\/ld+json\" class=\"yoast-schema-graph\">{\"@context\":\"https:\/\/schema.org\",\"@graph\":[{\"@type\":\"WebPage\",\"@id\":\"https:\/\/es.greenpeace.org\/es\/sala-de-prensa\/documentos\/escenario-de-crisis-energetica-recomendaciones-politicas\/\",\"url\":\"https:\/\/es.greenpeace.org\/es\/sala-de-prensa\/documentos\/escenario-de-crisis-energetica-recomendaciones-politicas\/\",\"name\":\"ESCENARIO DE CRISIS ENERG\u00c9TICA. Recomendaciones pol\u00edticas - ES | Greenpeace Espa\u00f1a\",\"isPartOf\":{\"@id\":\"https:\/\/es.greenpeace.org\/es\/#website\"},\"datePublished\":\"2022-12-19T08:28:48+00:00\",\"breadcrumb\":{\"@id\":\"https:\/\/es.greenpeace.org\/es\/sala-de-prensa\/documentos\/escenario-de-crisis-energetica-recomendaciones-politicas\/#breadcrumb\"},\"inLanguage\":\"es\",\"potentialAction\":[{\"@type\":\"ReadAction\",\"target\":[\"https:\/\/es.greenpeace.org\/es\/sala-de-prensa\/documentos\/escenario-de-crisis-energetica-recomendaciones-politicas\/\"]}]},{\"@type\":\"BreadcrumbList\",\"@id\":\"https:\/\/es.greenpeace.org\/es\/sala-de-prensa\/documentos\/escenario-de-crisis-energetica-recomendaciones-politicas\/#breadcrumb\",\"itemListElement\":[{\"@type\":\"ListItem\",\"position\":1,\"name\":\"Home\",\"item\":\"https:\/\/es.greenpeace.org\/es\/\"},{\"@type\":\"ListItem\",\"position\":2,\"name\":\"ESCENARIO DE CRISIS ENERG\u00c9TICA. Recomendaciones pol\u00edticas\"}]},{\"@type\":\"WebSite\",\"@id\":\"https:\/\/es.greenpeace.org\/es\/#website\",\"url\":\"https:\/\/es.greenpeace.org\/es\/\",\"name\":\"Greenpeace Espa\u00f1a\",\"description\":\"\",\"publisher\":{\"@id\":\"https:\/\/es.greenpeace.org\/es\/#organization\"},\"potentialAction\":[{\"@type\":\"SearchAction\",\"target\":{\"@type\":\"EntryPoint\",\"urlTemplate\":\"https:\/\/es.greenpeace.org\/es\/?s={search_term_string}\"},\"query-input\":{\"@type\":\"PropertyValueSpecification\",\"valueRequired\":true,\"valueName\":\"search_term_string\"}}],\"inLanguage\":\"es\"},{\"@type\":\"Organization\",\"@id\":\"https:\/\/es.greenpeace.org\/es\/#organization\",\"name\":\"Greenpeace Espa\u00f1a\",\"alternateName\":\"Greenpeace\",\"url\":\"https:\/\/es.greenpeace.org\/es\/\",\"logo\":{\"@type\":\"ImageObject\",\"inLanguage\":\"es\",\"@id\":\"https:\/\/es.greenpeace.org\/es\/#\/schema\/logo\/image\/\",\"url\":\"https:\/\/es.greenpeace.org\/es\/wp-content\/uploads\/sites\/3\/2024\/07\/greenpeace-logo-verde.svg\",\"contentUrl\":\"https:\/\/es.greenpeace.org\/es\/wp-content\/uploads\/sites\/3\/2024\/07\/greenpeace-logo-verde.svg\",\"width\":1,\"height\":1,\"caption\":\"Greenpeace Espa\u00f1a\"},\"image\":{\"@id\":\"https:\/\/es.greenpeace.org\/es\/#\/schema\/logo\/image\/\"},\"sameAs\":[\"https:\/\/www.facebook.com\/greenpeace.spain\",\"https:\/\/x.com\/greenpeace_esp\",\"https:\/\/www.instagram.com\/greenpeace_esp\/\"]}]}<\/script>\n<!-- \/ Yoast SEO plugin. -->","yoast_head_json":{"title":"ESCENARIO DE CRISIS ENERG\u00c9TICA. Recomendaciones pol\u00edticas - ES | Greenpeace Espa\u00f1a","robots":{"index":"index","follow":"follow","max-snippet":"max-snippet:-1","max-image-preview":"max-image-preview:large","max-video-preview":"max-video-preview:-1"},"canonical":"https:\/\/es.greenpeace.org\/es\/sala-de-prensa\/documentos\/escenario-de-crisis-energetica-recomendaciones-politicas\/","og_locale":"es_ES","og_type":"article","og_title":"ESCENARIO DE CRISIS ENERG\u00c9TICA. Recomendaciones pol\u00edticas - ES | Greenpeace Espa\u00f1a","og_description":"Desde que la UE entr\u00f3 en una crisis energ\u00e9tica, la Comisi\u00f3n Europea ha propuesto medidas urgentes que los Estados miembro de la UE han ido adoptando, estas medidas incluyen una reducci\u00f3n del gas del 15% de car\u00e1cter voluntario, una reducci\u00f3n obligatoria de la electricidad del 5% durante las horas punta y una reducci\u00f3n global voluntaria [&hellip;]","og_url":"https:\/\/es.greenpeace.org\/es\/sala-de-prensa\/documentos\/escenario-de-crisis-energetica-recomendaciones-politicas\/","og_site_name":"ES | Greenpeace Espa\u00f1a","article_publisher":"https:\/\/www.facebook.com\/greenpeace.spain","twitter_card":"summary_large_image","twitter_site":"@greenpeace_esp","twitter_misc":{"Tiempo de lectura":"1 minuto"},"schema":{"@context":"https:\/\/schema.org","@graph":[{"@type":"WebPage","@id":"https:\/\/es.greenpeace.org\/es\/sala-de-prensa\/documentos\/escenario-de-crisis-energetica-recomendaciones-politicas\/","url":"https:\/\/es.greenpeace.org\/es\/sala-de-prensa\/documentos\/escenario-de-crisis-energetica-recomendaciones-politicas\/","name":"ESCENARIO DE CRISIS ENERG\u00c9TICA. Recomendaciones pol\u00edticas - ES | Greenpeace Espa\u00f1a","isPartOf":{"@id":"https:\/\/es.greenpeace.org\/es\/#website"},"datePublished":"2022-12-19T08:28:48+00:00","breadcrumb":{"@id":"https:\/\/es.greenpeace.org\/es\/sala-de-prensa\/documentos\/escenario-de-crisis-energetica-recomendaciones-politicas\/#breadcrumb"},"inLanguage":"es","potentialAction":[{"@type":"ReadAction","target":["https:\/\/es.greenpeace.org\/es\/sala-de-prensa\/documentos\/escenario-de-crisis-energetica-recomendaciones-politicas\/"]}]},{"@type":"BreadcrumbList","@id":"https:\/\/es.greenpeace.org\/es\/sala-de-prensa\/documentos\/escenario-de-crisis-energetica-recomendaciones-politicas\/#breadcrumb","itemListElement":[{"@type":"ListItem","position":1,"name":"Home","item":"https:\/\/es.greenpeace.org\/es\/"},{"@type":"ListItem","position":2,"name":"ESCENARIO DE CRISIS ENERG\u00c9TICA. Recomendaciones pol\u00edticas"}]},{"@type":"WebSite","@id":"https:\/\/es.greenpeace.org\/es\/#website","url":"https:\/\/es.greenpeace.org\/es\/","name":"Greenpeace Espa\u00f1a","description":"","publisher":{"@id":"https:\/\/es.greenpeace.org\/es\/#organization"},"potentialAction":[{"@type":"SearchAction","target":{"@type":"EntryPoint","urlTemplate":"https:\/\/es.greenpeace.org\/es\/?s={search_term_string}"},"query-input":{"@type":"PropertyValueSpecification","valueRequired":true,"valueName":"search_term_string"}}],"inLanguage":"es"},{"@type":"Organization","@id":"https:\/\/es.greenpeace.org\/es\/#organization","name":"Greenpeace Espa\u00f1a","alternateName":"Greenpeace","url":"https:\/\/es.greenpeace.org\/es\/","logo":{"@type":"ImageObject","inLanguage":"es","@id":"https:\/\/es.greenpeace.org\/es\/#\/schema\/logo\/image\/","url":"https:\/\/es.greenpeace.org\/es\/wp-content\/uploads\/sites\/3\/2024\/07\/greenpeace-logo-verde.svg","contentUrl":"https:\/\/es.greenpeace.org\/es\/wp-content\/uploads\/sites\/3\/2024\/07\/greenpeace-logo-verde.svg","width":1,"height":1,"caption":"Greenpeace Espa\u00f1a"},"image":{"@id":"https:\/\/es.greenpeace.org\/es\/#\/schema\/logo\/image\/"},"sameAs":["https:\/\/www.facebook.com\/greenpeace.spain","https:\/\/x.com\/greenpeace_esp","https:\/\/www.instagram.com\/greenpeace_esp\/"]}]}},"_links":{"self":[{"href":"https:\/\/es.greenpeace.org\/es\/wp-json\/wp\/v2\/post_documents\/47941","targetHints":{"allow":["GET"]}}],"collection":[{"href":"https:\/\/es.greenpeace.org\/es\/wp-json\/wp\/v2\/post_documents"}],"about":[{"href":"https:\/\/es.greenpeace.org\/es\/wp-json\/wp\/v2\/types\/post_documents"}],"author":[{"embeddable":true,"href":"https:\/\/es.greenpeace.org\/es\/wp-json\/wp\/v2\/users\/80"}],"version-history":[{"count":2,"href":"https:\/\/es.greenpeace.org\/es\/wp-json\/wp\/v2\/post_documents\/47941\/revisions"}],"predecessor-version":[{"id":47945,"href":"https:\/\/es.greenpeace.org\/es\/wp-json\/wp\/v2\/post_documents\/47941\/revisions\/47945"}],"wp:attachment":[{"href":"https:\/\/es.greenpeace.org\/es\/wp-json\/wp\/v2\/media?parent=47941"}],"wp:term":[{"taxonomy":"category","embeddable":true,"href":"https:\/\/es.greenpeace.org\/es\/wp-json\/wp\/v2\/categories?post=47941"},{"taxonomy":"post_tag","embeddable":true,"href":"https:\/\/es.greenpeace.org\/es\/wp-json\/wp\/v2\/tags?post=47941"}],"curies":[{"name":"wp","href":"https:\/\/api.w.org\/{rel}","templated":true}]}}