{"id":6142,"date":"2018-03-20T15:08:43","date_gmt":"2018-03-20T14:08:43","guid":{"rendered":"https:\/\/es.greenpeace.org\/es\/?post_type=post_documents&#038;p=6142"},"modified":"2020-08-10T14:54:53","modified_gmt":"2020-08-10T12:54:53","slug":"arboles-imaginarios-destruccion-real","status":"publish","type":"post_documents","link":"https:\/\/es.greenpeace.org\/es\/sala-de-prensa\/documentos\/arboles-imaginarios-destruccion-real\/","title":{"rendered":"\u00c1rboles imaginarios, destrucci\u00f3n real"},"content":{"rendered":"<p>RESUMEN EJECUTIVO EN ESPA\u00d1OL<\/p>\n<p><span style=\"font-weight: 400;\">La tala indiscriminada e ilegal de \u00e1rboles de Ipe junto con un d\u00e9bil sistema de autorizaci\u00f3n forestal est\u00e1 causando un da\u00f1o grave e irreversible a la Amazon\u00eda, el bosque tropical m\u00e1s grande del mundo. As\u00ed lo asegura el informe &#8216;<\/span><span style=\"font-weight: 400;\">\u00c1rboles imaginarios, destrucci\u00f3n real&#8217;<\/span><span style=\"font-weight: 400;\">, que explica c\u00f3mo el alto valor de la madera de Ipe en el mercado (una vez transformada en suelos y chapas de decoraci\u00f3n, puede alcanzar hasta los 2.500 d\u00f3lares estadounidenses por metro c\u00fabico) hace que sea muy rentable para los madereros ilegales penetrar hasta la profundidad de la selva. Algunos de los efectos provocados por este crimen ambiental ya son visibles, incluyendo una<\/span><b> intensificaci\u00f3n de la violencia en el medio rural brasile\u00f1o, una creciente degradaci\u00f3n del bosque, la destrucci\u00f3n de la biodiversidad y una mayor invasi\u00f3n de caminos ilegales<\/b><span style=\"font-weight: 400;\">.<\/span><\/p>\n","protected":false},"author":1,"featured_media":6137,"parent":0,"template":"","meta":{"_acf_changed":false,"footnotes":""},"categories":[36],"tags":[52],"class_list":["post-6142","post_documents","type-post_documents","status-publish","has-post-thumbnail","hentry","category-bosques","tag-brasil"],"acf":[],"yoast_head":"<!-- This site is optimized with the Yoast SEO plugin v27.1.1 - https:\/\/yoast.com\/product\/yoast-seo-wordpress\/ -->\n<title>\u00c1rboles imaginarios, destrucci\u00f3n real - ES | Greenpeace Espa\u00f1a<\/title>\n<meta name=\"robots\" content=\"index, follow, max-snippet:-1, max-image-preview:large, max-video-preview:-1\" \/>\n<link rel=\"canonical\" href=\"https:\/\/es.greenpeace.org\/es\/sala-de-prensa\/documentos\/arboles-imaginarios-destruccion-real\/\" \/>\n<meta property=\"og:locale\" content=\"es_ES\" \/>\n<meta property=\"og:type\" content=\"article\" \/>\n<meta property=\"og:title\" content=\"\u00c1rboles imaginarios, destrucci\u00f3n real - ES | Greenpeace Espa\u00f1a\" \/>\n<meta property=\"og:description\" content=\"RESUMEN EJECUTIVO EN ESPA\u00d1OL La tala indiscriminada e ilegal de \u00e1rboles de Ipe junto con un d\u00e9bil sistema de autorizaci\u00f3n forestal est\u00e1 causando un da\u00f1o grave e irreversible a la Amazon\u00eda, el bosque tropical m\u00e1s grande del mundo. As\u00ed lo asegura el informe &#8216;\u00c1rboles imaginarios, destrucci\u00f3n real&#8217;, que explica c\u00f3mo el alto valor de la [&hellip;]\" \/>\n<meta property=\"og:url\" content=\"https:\/\/es.greenpeace.org\/es\/sala-de-prensa\/documentos\/arboles-imaginarios-destruccion-real\/\" \/>\n<meta property=\"og:site_name\" content=\"ES | Greenpeace Espa\u00f1a\" \/>\n<meta property=\"article:publisher\" content=\"https:\/\/www.facebook.com\/greenpeace.spain\" \/>\n<meta property=\"article:modified_time\" content=\"2020-08-10T12:54:53+00:00\" \/>\n<meta property=\"og:image\" content=\"https:\/\/es.greenpeace.org\/es\/wp-content\/uploads\/sites\/3\/2018\/03\/Captura-de-pantalla-de-2018-03-19-15-37-14-iloveimg-cropped.png\" \/>\n\t<meta property=\"og:image:width\" content=\"594\" \/>\n\t<meta property=\"og:image:height\" content=\"846\" \/>\n\t<meta property=\"og:image:type\" content=\"image\/png\" \/>\n<meta name=\"twitter:card\" content=\"summary_large_image\" \/>\n<meta name=\"twitter:site\" content=\"@greenpeace_esp\" \/>\n<meta name=\"twitter:label1\" content=\"Tiempo de lectura\" \/>\n\t<meta name=\"twitter:data1\" content=\"1 minuto\" \/>\n<script type=\"application\/ld+json\" class=\"yoast-schema-graph\">{\"@context\":\"https:\/\/schema.org\",\"@graph\":[{\"@type\":\"WebPage\",\"@id\":\"https:\/\/es.greenpeace.org\/es\/sala-de-prensa\/documentos\/arboles-imaginarios-destruccion-real\/\",\"url\":\"https:\/\/es.greenpeace.org\/es\/sala-de-prensa\/documentos\/arboles-imaginarios-destruccion-real\/\",\"name\":\"\u00c1rboles imaginarios, destrucci\u00f3n real - ES | Greenpeace Espa\u00f1a\",\"isPartOf\":{\"@id\":\"https:\/\/es.greenpeace.org\/es\/#website\"},\"primaryImageOfPage\":{\"@id\":\"https:\/\/es.greenpeace.org\/es\/sala-de-prensa\/documentos\/arboles-imaginarios-destruccion-real\/#primaryimage\"},\"image\":{\"@id\":\"https:\/\/es.greenpeace.org\/es\/sala-de-prensa\/documentos\/arboles-imaginarios-destruccion-real\/#primaryimage\"},\"thumbnailUrl\":\"https:\/\/es.greenpeace.org\/es\/wp-content\/uploads\/sites\/3\/2018\/03\/Captura-de-pantalla-de-2018-03-19-15-37-14-iloveimg-cropped.png\",\"datePublished\":\"2018-03-20T14:08:43+00:00\",\"dateModified\":\"2020-08-10T12:54:53+00:00\",\"breadcrumb\":{\"@id\":\"https:\/\/es.greenpeace.org\/es\/sala-de-prensa\/documentos\/arboles-imaginarios-destruccion-real\/#breadcrumb\"},\"inLanguage\":\"es\",\"potentialAction\":[{\"@type\":\"ReadAction\",\"target\":[\"https:\/\/es.greenpeace.org\/es\/sala-de-prensa\/documentos\/arboles-imaginarios-destruccion-real\/\"]}]},{\"@type\":\"ImageObject\",\"inLanguage\":\"es\",\"@id\":\"https:\/\/es.greenpeace.org\/es\/sala-de-prensa\/documentos\/arboles-imaginarios-destruccion-real\/#primaryimage\",\"url\":\"https:\/\/es.greenpeace.org\/es\/wp-content\/uploads\/sites\/3\/2018\/03\/Captura-de-pantalla-de-2018-03-19-15-37-14-iloveimg-cropped.png\",\"contentUrl\":\"https:\/\/es.greenpeace.org\/es\/wp-content\/uploads\/sites\/3\/2018\/03\/Captura-de-pantalla-de-2018-03-19-15-37-14-iloveimg-cropped.png\",\"width\":594,\"height\":846,\"caption\":\"Imaginary trees, real destruction\"},{\"@type\":\"BreadcrumbList\",\"@id\":\"https:\/\/es.greenpeace.org\/es\/sala-de-prensa\/documentos\/arboles-imaginarios-destruccion-real\/#breadcrumb\",\"itemListElement\":[{\"@type\":\"ListItem\",\"position\":1,\"name\":\"Home\",\"item\":\"https:\/\/es.greenpeace.org\/es\/\"},{\"@type\":\"ListItem\",\"position\":2,\"name\":\"\u00c1rboles imaginarios, destrucci\u00f3n real\"}]},{\"@type\":\"WebSite\",\"@id\":\"https:\/\/es.greenpeace.org\/es\/#website\",\"url\":\"https:\/\/es.greenpeace.org\/es\/\",\"name\":\"Greenpeace Espa\u00f1a\",\"description\":\"\",\"publisher\":{\"@id\":\"https:\/\/es.greenpeace.org\/es\/#organization\"},\"potentialAction\":[{\"@type\":\"SearchAction\",\"target\":{\"@type\":\"EntryPoint\",\"urlTemplate\":\"https:\/\/es.greenpeace.org\/es\/?s={search_term_string}\"},\"query-input\":{\"@type\":\"PropertyValueSpecification\",\"valueRequired\":true,\"valueName\":\"search_term_string\"}}],\"inLanguage\":\"es\"},{\"@type\":\"Organization\",\"@id\":\"https:\/\/es.greenpeace.org\/es\/#organization\",\"name\":\"Greenpeace Espa\u00f1a\",\"alternateName\":\"Greenpeace\",\"url\":\"https:\/\/es.greenpeace.org\/es\/\",\"logo\":{\"@type\":\"ImageObject\",\"inLanguage\":\"es\",\"@id\":\"https:\/\/es.greenpeace.org\/es\/#\/schema\/logo\/image\/\",\"url\":\"https:\/\/es.greenpeace.org\/es\/wp-content\/uploads\/sites\/3\/2024\/07\/greenpeace-logo-verde.svg\",\"contentUrl\":\"https:\/\/es.greenpeace.org\/es\/wp-content\/uploads\/sites\/3\/2024\/07\/greenpeace-logo-verde.svg\",\"width\":1,\"height\":1,\"caption\":\"Greenpeace Espa\u00f1a\"},\"image\":{\"@id\":\"https:\/\/es.greenpeace.org\/es\/#\/schema\/logo\/image\/\"},\"sameAs\":[\"https:\/\/www.facebook.com\/greenpeace.spain\",\"https:\/\/x.com\/greenpeace_esp\",\"https:\/\/www.instagram.com\/greenpeace_esp\/\"]}]}<\/script>\n<!-- \/ Yoast SEO plugin. -->","yoast_head_json":{"title":"\u00c1rboles imaginarios, destrucci\u00f3n real - ES | Greenpeace Espa\u00f1a","robots":{"index":"index","follow":"follow","max-snippet":"max-snippet:-1","max-image-preview":"max-image-preview:large","max-video-preview":"max-video-preview:-1"},"canonical":"https:\/\/es.greenpeace.org\/es\/sala-de-prensa\/documentos\/arboles-imaginarios-destruccion-real\/","og_locale":"es_ES","og_type":"article","og_title":"\u00c1rboles imaginarios, destrucci\u00f3n real - ES | Greenpeace Espa\u00f1a","og_description":"RESUMEN EJECUTIVO EN ESPA\u00d1OL La tala indiscriminada e ilegal de \u00e1rboles de Ipe junto con un d\u00e9bil sistema de autorizaci\u00f3n forestal est\u00e1 causando un da\u00f1o grave e irreversible a la Amazon\u00eda, el bosque tropical m\u00e1s grande del mundo. As\u00ed lo asegura el informe &#8216;\u00c1rboles imaginarios, destrucci\u00f3n real&#8217;, que explica c\u00f3mo el alto valor de la [&hellip;]","og_url":"https:\/\/es.greenpeace.org\/es\/sala-de-prensa\/documentos\/arboles-imaginarios-destruccion-real\/","og_site_name":"ES | Greenpeace Espa\u00f1a","article_publisher":"https:\/\/www.facebook.com\/greenpeace.spain","article_modified_time":"2020-08-10T12:54:53+00:00","og_image":[{"width":594,"height":846,"url":"https:\/\/es.greenpeace.org\/es\/wp-content\/uploads\/sites\/3\/2018\/03\/Captura-de-pantalla-de-2018-03-19-15-37-14-iloveimg-cropped.png","type":"image\/png"}],"twitter_card":"summary_large_image","twitter_site":"@greenpeace_esp","twitter_misc":{"Tiempo de lectura":"1 minuto"},"schema":{"@context":"https:\/\/schema.org","@graph":[{"@type":"WebPage","@id":"https:\/\/es.greenpeace.org\/es\/sala-de-prensa\/documentos\/arboles-imaginarios-destruccion-real\/","url":"https:\/\/es.greenpeace.org\/es\/sala-de-prensa\/documentos\/arboles-imaginarios-destruccion-real\/","name":"\u00c1rboles imaginarios, destrucci\u00f3n real - ES | Greenpeace Espa\u00f1a","isPartOf":{"@id":"https:\/\/es.greenpeace.org\/es\/#website"},"primaryImageOfPage":{"@id":"https:\/\/es.greenpeace.org\/es\/sala-de-prensa\/documentos\/arboles-imaginarios-destruccion-real\/#primaryimage"},"image":{"@id":"https:\/\/es.greenpeace.org\/es\/sala-de-prensa\/documentos\/arboles-imaginarios-destruccion-real\/#primaryimage"},"thumbnailUrl":"https:\/\/es.greenpeace.org\/es\/wp-content\/uploads\/sites\/3\/2018\/03\/Captura-de-pantalla-de-2018-03-19-15-37-14-iloveimg-cropped.png","datePublished":"2018-03-20T14:08:43+00:00","dateModified":"2020-08-10T12:54:53+00:00","breadcrumb":{"@id":"https:\/\/es.greenpeace.org\/es\/sala-de-prensa\/documentos\/arboles-imaginarios-destruccion-real\/#breadcrumb"},"inLanguage":"es","potentialAction":[{"@type":"ReadAction","target":["https:\/\/es.greenpeace.org\/es\/sala-de-prensa\/documentos\/arboles-imaginarios-destruccion-real\/"]}]},{"@type":"ImageObject","inLanguage":"es","@id":"https:\/\/es.greenpeace.org\/es\/sala-de-prensa\/documentos\/arboles-imaginarios-destruccion-real\/#primaryimage","url":"https:\/\/es.greenpeace.org\/es\/wp-content\/uploads\/sites\/3\/2018\/03\/Captura-de-pantalla-de-2018-03-19-15-37-14-iloveimg-cropped.png","contentUrl":"https:\/\/es.greenpeace.org\/es\/wp-content\/uploads\/sites\/3\/2018\/03\/Captura-de-pantalla-de-2018-03-19-15-37-14-iloveimg-cropped.png","width":594,"height":846,"caption":"Imaginary trees, real destruction"},{"@type":"BreadcrumbList","@id":"https:\/\/es.greenpeace.org\/es\/sala-de-prensa\/documentos\/arboles-imaginarios-destruccion-real\/#breadcrumb","itemListElement":[{"@type":"ListItem","position":1,"name":"Home","item":"https:\/\/es.greenpeace.org\/es\/"},{"@type":"ListItem","position":2,"name":"\u00c1rboles imaginarios, destrucci\u00f3n real"}]},{"@type":"WebSite","@id":"https:\/\/es.greenpeace.org\/es\/#website","url":"https:\/\/es.greenpeace.org\/es\/","name":"Greenpeace Espa\u00f1a","description":"","publisher":{"@id":"https:\/\/es.greenpeace.org\/es\/#organization"},"potentialAction":[{"@type":"SearchAction","target":{"@type":"EntryPoint","urlTemplate":"https:\/\/es.greenpeace.org\/es\/?s={search_term_string}"},"query-input":{"@type":"PropertyValueSpecification","valueRequired":true,"valueName":"search_term_string"}}],"inLanguage":"es"},{"@type":"Organization","@id":"https:\/\/es.greenpeace.org\/es\/#organization","name":"Greenpeace Espa\u00f1a","alternateName":"Greenpeace","url":"https:\/\/es.greenpeace.org\/es\/","logo":{"@type":"ImageObject","inLanguage":"es","@id":"https:\/\/es.greenpeace.org\/es\/#\/schema\/logo\/image\/","url":"https:\/\/es.greenpeace.org\/es\/wp-content\/uploads\/sites\/3\/2024\/07\/greenpeace-logo-verde.svg","contentUrl":"https:\/\/es.greenpeace.org\/es\/wp-content\/uploads\/sites\/3\/2024\/07\/greenpeace-logo-verde.svg","width":1,"height":1,"caption":"Greenpeace Espa\u00f1a"},"image":{"@id":"https:\/\/es.greenpeace.org\/es\/#\/schema\/logo\/image\/"},"sameAs":["https:\/\/www.facebook.com\/greenpeace.spain","https:\/\/x.com\/greenpeace_esp","https:\/\/www.instagram.com\/greenpeace_esp\/"]}]}},"_links":{"self":[{"href":"https:\/\/es.greenpeace.org\/es\/wp-json\/wp\/v2\/post_documents\/6142","targetHints":{"allow":["GET"]}}],"collection":[{"href":"https:\/\/es.greenpeace.org\/es\/wp-json\/wp\/v2\/post_documents"}],"about":[{"href":"https:\/\/es.greenpeace.org\/es\/wp-json\/wp\/v2\/types\/post_documents"}],"author":[{"embeddable":true,"href":"https:\/\/es.greenpeace.org\/es\/wp-json\/wp\/v2\/users\/1"}],"version-history":[{"count":6,"href":"https:\/\/es.greenpeace.org\/es\/wp-json\/wp\/v2\/post_documents\/6142\/revisions"}],"predecessor-version":[{"id":27904,"href":"https:\/\/es.greenpeace.org\/es\/wp-json\/wp\/v2\/post_documents\/6142\/revisions\/27904"}],"wp:featuredmedia":[{"embeddable":true,"href":"https:\/\/es.greenpeace.org\/es\/wp-json\/wp\/v2\/media\/6137"}],"wp:attachment":[{"href":"https:\/\/es.greenpeace.org\/es\/wp-json\/wp\/v2\/media?parent=6142"}],"wp:term":[{"taxonomy":"category","embeddable":true,"href":"https:\/\/es.greenpeace.org\/es\/wp-json\/wp\/v2\/categories?post=6142"},{"taxonomy":"post_tag","embeddable":true,"href":"https:\/\/es.greenpeace.org\/es\/wp-json\/wp\/v2\/tags?post=6142"}],"curies":[{"name":"wp","href":"https:\/\/api.w.org\/{rel}","templated":true}]}}