{"id":63649,"date":"2025-01-22T15:30:24","date_gmt":"2025-01-22T13:30:24","guid":{"rendered":"https:\/\/es.greenpeace.org\/es\/?post_type=post_documents&#038;p=63649"},"modified":"2025-01-25T13:58:23","modified_gmt":"2025-01-25T11:58:23","slug":"jornada-defendiendo-la-democracia-hacia-un-parlamento-climatico-ciudadano-permanente","status":"publish","type":"post_documents","link":"https:\/\/es.greenpeace.org\/es\/sala-de-prensa\/documentos\/jornada-defendiendo-la-democracia-hacia-un-parlamento-climatico-ciudadano-permanente\/","title":{"rendered":"Jornada &#8216;Defendiendo la democracia: hacia un Parlamento Clim\u00e1tico Ciudadano Permanente&#8217;"},"content":{"rendered":"\n<p id=\"m_1790656804099803347gmail-docs-internal-guid-99d298db-7fff-80f0-4652-b7f318dce213\"><strong>Mi\u00e9rcoles 29 de enero, en el Congreso de los Diputados y en el C\u00edrculo de Bellas Artes<\/strong><\/p>\n\n\n\n<p id=\"m_1790656804099803347gmail-docs-internal-guid-99d298db-7fff-80f0-4652-b7f318dce213\">En un momento cr\u00edtico para la democracia y la acci\u00f3n clim\u00e1tica, este encuentro promovido por <strong>Oxfam Interm\u00f3n, Greenpeace, Asamblea C\u00edvica por el Clima, el Observatorio de Sostenibilidad y Globe International<\/strong> re\u00fane a actores sociales, cient\u00edficas, personas expertas, asamble\u00edstas y ciudadan\u00eda comprometida para construir una demanda colectiva: la creaci\u00f3n de un <strong>Parlamento Ciudadano Clim\u00e1tico Permanente<\/strong>, con garant\u00edas de participaci\u00f3n efectiva en la toma de decisiones.<\/p>\n\n\n\n<p>Frente a una \u201c<strong>democracia contaminada\u201d <\/strong>en la que el 1% m\u00e1s rico del planeta ha superado su<a href=\"https:\/\/www.oxfam.org\/en\/press-releases\/richest-1-burn-through-their-entire-annual-carbon-limit-just-10-days\" target=\"_blank\" rel=\"noreferrer noopener\"> cuota anual<\/a> de gases de efecto invernadero tan solo el pasado 10 de enero,&nbsp; y en la que las grandes corporaciones f\u00f3siles consiguen<a href=\"https:\/\/es.greenpeace.org\/es\/sala-de-prensa\/comunicados\/greenpeace-proyecta-en-el-congreso-de-los-diputados-el-mensaje-aqui-manda-repsol\/\" target=\"_blank\" rel=\"noreferrer noopener\"> plegar los parlamentos<\/a><strong> <\/strong>a sus intereses,<strong> <\/strong>necesitamos la participaci\u00f3n de todas y de todos para poner a la ciudadan\u00eda en el centro de las decisiones, como recomienda el Parlamento Europeo.<\/p>\n\n\n\n<p>Este espacio de encuentro busca <strong>movilizar esfuerzos entre los actores de la sociedad civil<\/strong> y consolidar un espacio democr\u00e1tico que supere la polarizaci\u00f3n, el negacionismo y la<a href=\"https:\/\/es.greenpeace.org\/es\/sala-de-prensa\/comunicados\/el-negacionismo-y-los-bulos-pueden-costar-vidas\/\" target=\"_blank\" rel=\"noreferrer noopener\"> ola actual<\/a> de desinformaci\u00f3n masiva. Inspir\u00e1ndonos en <strong>experiencias europeas e internacionales exitosas<\/strong> y dialogando con sus principales promotores, debatiremos sobre c\u00f3mo un espacio participativo permanente puede profundizar en nuestra democracia para defender el clima y&nbsp; acelerar una transformaci\u00f3n ecol\u00f3gica justa.<\/p>\n\n\n\n<p>El encuentro, que se celebrar\u00e1 <strong>el 29 de enero de 2025 en la Sala C\u00e1novas del Castillo del&nbsp; Congreso de Diputados (sesiones de ma\u00f1ana) y en la Sala Mar\u00eda Zambrano del C\u00edrculo de Bellas Artes (sesiones de tarde), <\/strong>se integra en una din\u00e1mica europea, ya que tanto en Italia, B\u00e9lgica y Portugal, como en otros muchos pa\u00edses, la sociedad civil organizada se est\u00e1 movilizando para potenciar la democracia participativa basada en la ciencia. Consolidar, mejorar e institucionalizar las asambleas ciudadanas por sorteo permite hacer m\u00e1s part\u00edcipe a la sociedad ante las decisiones que deben tomar los Gobiernos para actuar contra la crisis clim\u00e1tica.<\/p>\n\n\n\n<p><strong>\u00a1Practica la democracia, defiende el clima y participa en este movimiento!<\/strong><\/p>\n\n\n\n<p><strong>Puedes inscribirte <a href=\"https:\/\/docs.google.com\/forms\/d\/e\/1FAIpQLSdYAn_h8uuwK-hRIuFUVOkjuQ5QpSKxPY8d-m84cM0XKqnUsw\/viewform\">aqu\u00ed<\/a> o en el QR de la imagen<\/strong>:<br><\/p>\n\n\n\n<figure class=\"wp-block-image size-full\"><img loading=\"lazy\" decoding=\"async\" width=\"1080\" height=\"2050\" src=\"https:\/\/es.greenpeace.org\/es\/wp-content\/uploads\/sites\/3\/2025\/01\/ParlamentoCiudadanoClimatico-1.png\" alt=\"\" class=\"wp-image-63752\" srcset=\"https:\/\/es.greenpeace.org\/es\/wp-content\/uploads\/sites\/3\/2025\/01\/ParlamentoCiudadanoClimatico-1.png 1080w, https:\/\/es.greenpeace.org\/es\/wp-content\/uploads\/sites\/3\/2025\/01\/ParlamentoCiudadanoClimatico-1-730x1386.png 730w, https:\/\/es.greenpeace.org\/es\/wp-content\/uploads\/sites\/3\/2025\/01\/ParlamentoCiudadanoClimatico-1-500x949.png 500w, https:\/\/es.greenpeace.org\/es\/wp-content\/uploads\/sites\/3\/2025\/01\/ParlamentoCiudadanoClimatico-1-768x1458.png 768w, https:\/\/es.greenpeace.org\/es\/wp-content\/uploads\/sites\/3\/2025\/01\/ParlamentoCiudadanoClimatico-1-809x1536.png 809w, https:\/\/es.greenpeace.org\/es\/wp-content\/uploads\/sites\/3\/2025\/01\/ParlamentoCiudadanoClimatico-1-1079x2048.png 1079w\" sizes=\"auto, (max-width: 1080px) 100vw, 1080px\" \/><\/figure>\n","protected":false},"author":80,"featured_media":63749,"parent":0,"template":"","meta":{"_acf_changed":false,"footnotes":""},"categories":[],"tags":[],"class_list":["post-63649","post_documents","type-post_documents","status-publish","has-post-thumbnail","hentry"],"acf":[],"yoast_head":"<!-- This site is optimized with the Yoast SEO plugin v27.1.1 - https:\/\/yoast.com\/product\/yoast-seo-wordpress\/ -->\n<title>Jornada &#039;Defendiendo la democracia: hacia un Parlamento Clim\u00e1tico Ciudadano Permanente&#039; - ES | Greenpeace Espa\u00f1a<\/title>\n<meta name=\"robots\" content=\"index, follow, max-snippet:-1, max-image-preview:large, max-video-preview:-1\" \/>\n<link rel=\"canonical\" href=\"https:\/\/es.greenpeace.org\/es\/sala-de-prensa\/documentos\/jornada-defendiendo-la-democracia-hacia-un-parlamento-climatico-ciudadano-permanente\/\" \/>\n<meta property=\"og:locale\" content=\"es_ES\" \/>\n<meta property=\"og:type\" content=\"article\" \/>\n<meta property=\"og:title\" content=\"Jornada &#039;Defendiendo la democracia: hacia un Parlamento Clim\u00e1tico Ciudadano Permanente&#039; - ES | Greenpeace Espa\u00f1a\" \/>\n<meta property=\"og:description\" content=\"Mi\u00e9rcoles 29 de enero, en el Congreso de los Diputados y en el C\u00edrculo de Bellas Artes En un momento cr\u00edtico para la democracia y la acci\u00f3n clim\u00e1tica, este encuentro promovido por Oxfam Interm\u00f3n, Greenpeace, Asamblea C\u00edvica por el Clima, el Observatorio de Sostenibilidad y Globe International re\u00fane a actores sociales, cient\u00edficas, personas expertas, asamble\u00edstas [&hellip;]\" \/>\n<meta property=\"og:url\" content=\"https:\/\/es.greenpeace.org\/es\/sala-de-prensa\/documentos\/jornada-defendiendo-la-democracia-hacia-un-parlamento-climatico-ciudadano-permanente\/\" \/>\n<meta property=\"og:site_name\" content=\"ES | Greenpeace Espa\u00f1a\" \/>\n<meta property=\"article:publisher\" content=\"https:\/\/www.facebook.com\/greenpeace.spain\" \/>\n<meta property=\"article:modified_time\" content=\"2025-01-25T11:58:23+00:00\" \/>\n<meta property=\"og:image\" content=\"https:\/\/es.greenpeace.org\/es\/wp-content\/uploads\/sites\/3\/2025\/01\/ParlamentoCiudadanoClimatico-e1737802995812.png\" \/>\n\t<meta property=\"og:image:width\" content=\"1079\" \/>\n\t<meta property=\"og:image:height\" content=\"659\" \/>\n\t<meta property=\"og:image:type\" content=\"image\/png\" \/>\n<meta name=\"twitter:card\" content=\"summary_large_image\" \/>\n<meta name=\"twitter:site\" content=\"@greenpeace_esp\" \/>\n<meta name=\"twitter:label1\" content=\"Tiempo de lectura\" \/>\n\t<meta name=\"twitter:data1\" content=\"3 minutos\" \/>\n<script type=\"application\/ld+json\" class=\"yoast-schema-graph\">{\"@context\":\"https:\/\/schema.org\",\"@graph\":[{\"@type\":\"WebPage\",\"@id\":\"https:\/\/es.greenpeace.org\/es\/sala-de-prensa\/documentos\/jornada-defendiendo-la-democracia-hacia-un-parlamento-climatico-ciudadano-permanente\/\",\"url\":\"https:\/\/es.greenpeace.org\/es\/sala-de-prensa\/documentos\/jornada-defendiendo-la-democracia-hacia-un-parlamento-climatico-ciudadano-permanente\/\",\"name\":\"Jornada 'Defendiendo la democracia: hacia un Parlamento Clim\u00e1tico Ciudadano Permanente' - ES | Greenpeace Espa\u00f1a\",\"isPartOf\":{\"@id\":\"https:\/\/es.greenpeace.org\/es\/#website\"},\"primaryImageOfPage\":{\"@id\":\"https:\/\/es.greenpeace.org\/es\/sala-de-prensa\/documentos\/jornada-defendiendo-la-democracia-hacia-un-parlamento-climatico-ciudadano-permanente\/#primaryimage\"},\"image\":{\"@id\":\"https:\/\/es.greenpeace.org\/es\/sala-de-prensa\/documentos\/jornada-defendiendo-la-democracia-hacia-un-parlamento-climatico-ciudadano-permanente\/#primaryimage\"},\"thumbnailUrl\":\"https:\/\/es.greenpeace.org\/es\/wp-content\/uploads\/sites\/3\/2025\/01\/ParlamentoCiudadanoClimatico-e1737802995812.png\",\"datePublished\":\"2025-01-22T13:30:24+00:00\",\"dateModified\":\"2025-01-25T11:58:23+00:00\",\"breadcrumb\":{\"@id\":\"https:\/\/es.greenpeace.org\/es\/sala-de-prensa\/documentos\/jornada-defendiendo-la-democracia-hacia-un-parlamento-climatico-ciudadano-permanente\/#breadcrumb\"},\"inLanguage\":\"es\",\"potentialAction\":[{\"@type\":\"ReadAction\",\"target\":[\"https:\/\/es.greenpeace.org\/es\/sala-de-prensa\/documentos\/jornada-defendiendo-la-democracia-hacia-un-parlamento-climatico-ciudadano-permanente\/\"]}]},{\"@type\":\"ImageObject\",\"inLanguage\":\"es\",\"@id\":\"https:\/\/es.greenpeace.org\/es\/sala-de-prensa\/documentos\/jornada-defendiendo-la-democracia-hacia-un-parlamento-climatico-ciudadano-permanente\/#primaryimage\",\"url\":\"https:\/\/es.greenpeace.org\/es\/wp-content\/uploads\/sites\/3\/2025\/01\/ParlamentoCiudadanoClimatico-e1737802995812.png\",\"contentUrl\":\"https:\/\/es.greenpeace.org\/es\/wp-content\/uploads\/sites\/3\/2025\/01\/ParlamentoCiudadanoClimatico-e1737802995812.png\",\"width\":1079,\"height\":659},{\"@type\":\"BreadcrumbList\",\"@id\":\"https:\/\/es.greenpeace.org\/es\/sala-de-prensa\/documentos\/jornada-defendiendo-la-democracia-hacia-un-parlamento-climatico-ciudadano-permanente\/#breadcrumb\",\"itemListElement\":[{\"@type\":\"ListItem\",\"position\":1,\"name\":\"Home\",\"item\":\"https:\/\/es.greenpeace.org\/es\/\"},{\"@type\":\"ListItem\",\"position\":2,\"name\":\"Jornada &#8216;Defendiendo la democracia: hacia un Parlamento Clim\u00e1tico Ciudadano Permanente&#8217;\"}]},{\"@type\":\"WebSite\",\"@id\":\"https:\/\/es.greenpeace.org\/es\/#website\",\"url\":\"https:\/\/es.greenpeace.org\/es\/\",\"name\":\"Greenpeace Espa\u00f1a\",\"description\":\"\",\"publisher\":{\"@id\":\"https:\/\/es.greenpeace.org\/es\/#organization\"},\"potentialAction\":[{\"@type\":\"SearchAction\",\"target\":{\"@type\":\"EntryPoint\",\"urlTemplate\":\"https:\/\/es.greenpeace.org\/es\/?s={search_term_string}\"},\"query-input\":{\"@type\":\"PropertyValueSpecification\",\"valueRequired\":true,\"valueName\":\"search_term_string\"}}],\"inLanguage\":\"es\"},{\"@type\":\"Organization\",\"@id\":\"https:\/\/es.greenpeace.org\/es\/#organization\",\"name\":\"Greenpeace Espa\u00f1a\",\"alternateName\":\"Greenpeace\",\"url\":\"https:\/\/es.greenpeace.org\/es\/\",\"logo\":{\"@type\":\"ImageObject\",\"inLanguage\":\"es\",\"@id\":\"https:\/\/es.greenpeace.org\/es\/#\/schema\/logo\/image\/\",\"url\":\"https:\/\/es.greenpeace.org\/es\/wp-content\/uploads\/sites\/3\/2024\/07\/greenpeace-logo-verde.svg\",\"contentUrl\":\"https:\/\/es.greenpeace.org\/es\/wp-content\/uploads\/sites\/3\/2024\/07\/greenpeace-logo-verde.svg\",\"width\":1,\"height\":1,\"caption\":\"Greenpeace Espa\u00f1a\"},\"image\":{\"@id\":\"https:\/\/es.greenpeace.org\/es\/#\/schema\/logo\/image\/\"},\"sameAs\":[\"https:\/\/www.facebook.com\/greenpeace.spain\",\"https:\/\/x.com\/greenpeace_esp\",\"https:\/\/www.instagram.com\/greenpeace_esp\/\"]}]}<\/script>\n<!-- \/ Yoast SEO plugin. -->","yoast_head_json":{"title":"Jornada 'Defendiendo la democracia: hacia un Parlamento Clim\u00e1tico Ciudadano Permanente' - ES | Greenpeace Espa\u00f1a","robots":{"index":"index","follow":"follow","max-snippet":"max-snippet:-1","max-image-preview":"max-image-preview:large","max-video-preview":"max-video-preview:-1"},"canonical":"https:\/\/es.greenpeace.org\/es\/sala-de-prensa\/documentos\/jornada-defendiendo-la-democracia-hacia-un-parlamento-climatico-ciudadano-permanente\/","og_locale":"es_ES","og_type":"article","og_title":"Jornada 'Defendiendo la democracia: hacia un Parlamento Clim\u00e1tico Ciudadano Permanente' - ES | Greenpeace Espa\u00f1a","og_description":"Mi\u00e9rcoles 29 de enero, en el Congreso de los Diputados y en el C\u00edrculo de Bellas Artes En un momento cr\u00edtico para la democracia y la acci\u00f3n clim\u00e1tica, este encuentro promovido por Oxfam Interm\u00f3n, Greenpeace, Asamblea C\u00edvica por el Clima, el Observatorio de Sostenibilidad y Globe International re\u00fane a actores sociales, cient\u00edficas, personas expertas, asamble\u00edstas [&hellip;]","og_url":"https:\/\/es.greenpeace.org\/es\/sala-de-prensa\/documentos\/jornada-defendiendo-la-democracia-hacia-un-parlamento-climatico-ciudadano-permanente\/","og_site_name":"ES | Greenpeace Espa\u00f1a","article_publisher":"https:\/\/www.facebook.com\/greenpeace.spain","article_modified_time":"2025-01-25T11:58:23+00:00","og_image":[{"width":1079,"height":659,"url":"https:\/\/es.greenpeace.org\/es\/wp-content\/uploads\/sites\/3\/2025\/01\/ParlamentoCiudadanoClimatico-e1737802995812.png","type":"image\/png"}],"twitter_card":"summary_large_image","twitter_site":"@greenpeace_esp","twitter_misc":{"Tiempo de lectura":"3 minutos"},"schema":{"@context":"https:\/\/schema.org","@graph":[{"@type":"WebPage","@id":"https:\/\/es.greenpeace.org\/es\/sala-de-prensa\/documentos\/jornada-defendiendo-la-democracia-hacia-un-parlamento-climatico-ciudadano-permanente\/","url":"https:\/\/es.greenpeace.org\/es\/sala-de-prensa\/documentos\/jornada-defendiendo-la-democracia-hacia-un-parlamento-climatico-ciudadano-permanente\/","name":"Jornada 'Defendiendo la democracia: hacia un Parlamento Clim\u00e1tico Ciudadano Permanente' - ES | Greenpeace Espa\u00f1a","isPartOf":{"@id":"https:\/\/es.greenpeace.org\/es\/#website"},"primaryImageOfPage":{"@id":"https:\/\/es.greenpeace.org\/es\/sala-de-prensa\/documentos\/jornada-defendiendo-la-democracia-hacia-un-parlamento-climatico-ciudadano-permanente\/#primaryimage"},"image":{"@id":"https:\/\/es.greenpeace.org\/es\/sala-de-prensa\/documentos\/jornada-defendiendo-la-democracia-hacia-un-parlamento-climatico-ciudadano-permanente\/#primaryimage"},"thumbnailUrl":"https:\/\/es.greenpeace.org\/es\/wp-content\/uploads\/sites\/3\/2025\/01\/ParlamentoCiudadanoClimatico-e1737802995812.png","datePublished":"2025-01-22T13:30:24+00:00","dateModified":"2025-01-25T11:58:23+00:00","breadcrumb":{"@id":"https:\/\/es.greenpeace.org\/es\/sala-de-prensa\/documentos\/jornada-defendiendo-la-democracia-hacia-un-parlamento-climatico-ciudadano-permanente\/#breadcrumb"},"inLanguage":"es","potentialAction":[{"@type":"ReadAction","target":["https:\/\/es.greenpeace.org\/es\/sala-de-prensa\/documentos\/jornada-defendiendo-la-democracia-hacia-un-parlamento-climatico-ciudadano-permanente\/"]}]},{"@type":"ImageObject","inLanguage":"es","@id":"https:\/\/es.greenpeace.org\/es\/sala-de-prensa\/documentos\/jornada-defendiendo-la-democracia-hacia-un-parlamento-climatico-ciudadano-permanente\/#primaryimage","url":"https:\/\/es.greenpeace.org\/es\/wp-content\/uploads\/sites\/3\/2025\/01\/ParlamentoCiudadanoClimatico-e1737802995812.png","contentUrl":"https:\/\/es.greenpeace.org\/es\/wp-content\/uploads\/sites\/3\/2025\/01\/ParlamentoCiudadanoClimatico-e1737802995812.png","width":1079,"height":659},{"@type":"BreadcrumbList","@id":"https:\/\/es.greenpeace.org\/es\/sala-de-prensa\/documentos\/jornada-defendiendo-la-democracia-hacia-un-parlamento-climatico-ciudadano-permanente\/#breadcrumb","itemListElement":[{"@type":"ListItem","position":1,"name":"Home","item":"https:\/\/es.greenpeace.org\/es\/"},{"@type":"ListItem","position":2,"name":"Jornada &#8216;Defendiendo la democracia: hacia un Parlamento Clim\u00e1tico Ciudadano Permanente&#8217;"}]},{"@type":"WebSite","@id":"https:\/\/es.greenpeace.org\/es\/#website","url":"https:\/\/es.greenpeace.org\/es\/","name":"Greenpeace Espa\u00f1a","description":"","publisher":{"@id":"https:\/\/es.greenpeace.org\/es\/#organization"},"potentialAction":[{"@type":"SearchAction","target":{"@type":"EntryPoint","urlTemplate":"https:\/\/es.greenpeace.org\/es\/?s={search_term_string}"},"query-input":{"@type":"PropertyValueSpecification","valueRequired":true,"valueName":"search_term_string"}}],"inLanguage":"es"},{"@type":"Organization","@id":"https:\/\/es.greenpeace.org\/es\/#organization","name":"Greenpeace Espa\u00f1a","alternateName":"Greenpeace","url":"https:\/\/es.greenpeace.org\/es\/","logo":{"@type":"ImageObject","inLanguage":"es","@id":"https:\/\/es.greenpeace.org\/es\/#\/schema\/logo\/image\/","url":"https:\/\/es.greenpeace.org\/es\/wp-content\/uploads\/sites\/3\/2024\/07\/greenpeace-logo-verde.svg","contentUrl":"https:\/\/es.greenpeace.org\/es\/wp-content\/uploads\/sites\/3\/2024\/07\/greenpeace-logo-verde.svg","width":1,"height":1,"caption":"Greenpeace Espa\u00f1a"},"image":{"@id":"https:\/\/es.greenpeace.org\/es\/#\/schema\/logo\/image\/"},"sameAs":["https:\/\/www.facebook.com\/greenpeace.spain","https:\/\/x.com\/greenpeace_esp","https:\/\/www.instagram.com\/greenpeace_esp\/"]}]}},"_links":{"self":[{"href":"https:\/\/es.greenpeace.org\/es\/wp-json\/wp\/v2\/post_documents\/63649","targetHints":{"allow":["GET"]}}],"collection":[{"href":"https:\/\/es.greenpeace.org\/es\/wp-json\/wp\/v2\/post_documents"}],"about":[{"href":"https:\/\/es.greenpeace.org\/es\/wp-json\/wp\/v2\/types\/post_documents"}],"author":[{"embeddable":true,"href":"https:\/\/es.greenpeace.org\/es\/wp-json\/wp\/v2\/users\/80"}],"version-history":[{"count":7,"href":"https:\/\/es.greenpeace.org\/es\/wp-json\/wp\/v2\/post_documents\/63649\/revisions"}],"predecessor-version":[{"id":63753,"href":"https:\/\/es.greenpeace.org\/es\/wp-json\/wp\/v2\/post_documents\/63649\/revisions\/63753"}],"wp:featuredmedia":[{"embeddable":true,"href":"https:\/\/es.greenpeace.org\/es\/wp-json\/wp\/v2\/media\/63749"}],"wp:attachment":[{"href":"https:\/\/es.greenpeace.org\/es\/wp-json\/wp\/v2\/media?parent=63649"}],"wp:term":[{"taxonomy":"category","embeddable":true,"href":"https:\/\/es.greenpeace.org\/es\/wp-json\/wp\/v2\/categories?post=63649"},{"taxonomy":"post_tag","embeddable":true,"href":"https:\/\/es.greenpeace.org\/es\/wp-json\/wp\/v2\/tags?post=63649"}],"curies":[{"name":"wp","href":"https:\/\/api.w.org\/{rel}","templated":true}]}}