{"id":8574,"date":"2018-06-14T13:40:21","date_gmt":"2018-06-14T12:40:21","guid":{"rendered":"https:\/\/es.greenpeace.org\/es\/?post_type=post_documents&#038;p=8574"},"modified":"2020-08-10T14:47:14","modified_gmt":"2020-08-10T12:47:14","slug":"expertos-y-expertas-nos-hablan-sobre-la-nueva-era-de-incendios-forestales","status":"publish","type":"post_documents","link":"https:\/\/es.greenpeace.org\/es\/sala-de-prensa\/documentos\/expertos-y-expertas-nos-hablan-sobre-la-nueva-era-de-incendios-forestales\/","title":{"rendered":"Expertos y expertas nos hablan sobre la nueva era de incendios forestales"},"content":{"rendered":"<p>Greenpeace lleva 25 a\u00f1os abordando la problem\u00e1tica de los incendios forestales, un tema complejo para el que no existe una \u00fanica soluci\u00f3n, sino un conjunto de soluciones seg\u00fan las diferentes causas y problemas estructurales existentes. \u200b Un problema ambiental que ha derivado en episodios dram\u00e1ticos y que ya no es una excepci\u00f3n, sino un problema de seguridad nacional que exige nuevas soluciones.<\/p>\n","protected":false},"author":34,"featured_media":13192,"parent":0,"template":"","meta":{"_acf_changed":false,"footnotes":""},"categories":[36],"tags":[],"class_list":["post-8574","post_documents","type-post_documents","status-publish","has-post-thumbnail","hentry","category-bosques"],"acf":[],"yoast_head":"<!-- This site is optimized with the Yoast SEO plugin v27.1.1 - https:\/\/yoast.com\/product\/yoast-seo-wordpress\/ -->\n<title>Expertos y expertas nos hablan sobre la nueva era de incendios forestales - ES | Greenpeace Espa\u00f1a<\/title>\n<meta name=\"robots\" content=\"index, follow, max-snippet:-1, max-image-preview:large, max-video-preview:-1\" \/>\n<link rel=\"canonical\" href=\"https:\/\/es.greenpeace.org\/es\/sala-de-prensa\/documentos\/expertos-y-expertas-nos-hablan-sobre-la-nueva-era-de-incendios-forestales\/\" \/>\n<meta property=\"og:locale\" content=\"es_ES\" \/>\n<meta property=\"og:type\" content=\"article\" \/>\n<meta property=\"og:title\" content=\"Expertos y expertas nos hablan sobre la nueva era de incendios forestales - ES | Greenpeace Espa\u00f1a\" \/>\n<meta property=\"og:description\" content=\"Greenpeace lleva 25 a\u00f1os abordando la problem\u00e1tica de los incendios forestales, un tema complejo para el que no existe una \u00fanica soluci\u00f3n, sino un conjunto de soluciones seg\u00fan las diferentes causas y problemas estructurales existentes. \u200b Un problema ambiental que ha derivado en episodios dram\u00e1ticos y que ya no es una excepci\u00f3n, sino un problema [&hellip;]\" \/>\n<meta property=\"og:url\" content=\"https:\/\/es.greenpeace.org\/es\/sala-de-prensa\/documentos\/expertos-y-expertas-nos-hablan-sobre-la-nueva-era-de-incendios-forestales\/\" \/>\n<meta property=\"og:site_name\" content=\"ES | Greenpeace Espa\u00f1a\" \/>\n<meta property=\"article:publisher\" content=\"https:\/\/www.facebook.com\/greenpeace.spain\" \/>\n<meta property=\"article:modified_time\" content=\"2020-08-10T12:47:14+00:00\" \/>\n<meta property=\"og:image\" content=\"https:\/\/es.greenpeace.org\/es\/wp-content\/uploads\/sites\/3\/2018\/11\/GPES20130828PA0296-2100x1400.jpg\" \/>\n\t<meta property=\"og:image:width\" content=\"2100\" \/>\n\t<meta property=\"og:image:height\" content=\"1400\" \/>\n\t<meta property=\"og:image:type\" content=\"image\/jpeg\" \/>\n<meta name=\"twitter:card\" content=\"summary_large_image\" \/>\n<meta name=\"twitter:site\" content=\"@greenpeace_esp\" \/>\n<script type=\"application\/ld+json\" class=\"yoast-schema-graph\">{\"@context\":\"https:\/\/schema.org\",\"@graph\":[{\"@type\":\"WebPage\",\"@id\":\"https:\/\/es.greenpeace.org\/es\/sala-de-prensa\/documentos\/expertos-y-expertas-nos-hablan-sobre-la-nueva-era-de-incendios-forestales\/\",\"url\":\"https:\/\/es.greenpeace.org\/es\/sala-de-prensa\/documentos\/expertos-y-expertas-nos-hablan-sobre-la-nueva-era-de-incendios-forestales\/\",\"name\":\"Expertos y expertas nos hablan sobre la nueva era de incendios forestales - ES | Greenpeace Espa\u00f1a\",\"isPartOf\":{\"@id\":\"https:\/\/es.greenpeace.org\/es\/#website\"},\"primaryImageOfPage\":{\"@id\":\"https:\/\/es.greenpeace.org\/es\/sala-de-prensa\/documentos\/expertos-y-expertas-nos-hablan-sobre-la-nueva-era-de-incendios-forestales\/#primaryimage\"},\"image\":{\"@id\":\"https:\/\/es.greenpeace.org\/es\/sala-de-prensa\/documentos\/expertos-y-expertas-nos-hablan-sobre-la-nueva-era-de-incendios-forestales\/#primaryimage\"},\"thumbnailUrl\":\"https:\/\/es.greenpeace.org\/es\/wp-content\/uploads\/sites\/3\/2018\/11\/GPES20130828PA0296.jpg\",\"datePublished\":\"2018-06-14T12:40:21+00:00\",\"dateModified\":\"2020-08-10T12:47:14+00:00\",\"breadcrumb\":{\"@id\":\"https:\/\/es.greenpeace.org\/es\/sala-de-prensa\/documentos\/expertos-y-expertas-nos-hablan-sobre-la-nueva-era-de-incendios-forestales\/#breadcrumb\"},\"inLanguage\":\"es\",\"potentialAction\":[{\"@type\":\"ReadAction\",\"target\":[\"https:\/\/es.greenpeace.org\/es\/sala-de-prensa\/documentos\/expertos-y-expertas-nos-hablan-sobre-la-nueva-era-de-incendios-forestales\/\"]}]},{\"@type\":\"ImageObject\",\"inLanguage\":\"es\",\"@id\":\"https:\/\/es.greenpeace.org\/es\/sala-de-prensa\/documentos\/expertos-y-expertas-nos-hablan-sobre-la-nueva-era-de-incendios-forestales\/#primaryimage\",\"url\":\"https:\/\/es.greenpeace.org\/es\/wp-content\/uploads\/sites\/3\/2018\/11\/GPES20130828PA0296.jpg\",\"contentUrl\":\"https:\/\/es.greenpeace.org\/es\/wp-content\/uploads\/sites\/3\/2018\/11\/GPES20130828PA0296.jpg\",\"width\":4896,\"height\":3264,\"caption\":\"28 agosto 2013. Riveira. A Coru\u0096a. Members of Civil Defense and forest Brigade of Ribeira work at the site of a wildfire in Ribeira, near A Coru\u0096a on August 28, 2013. 28 agosto 2013. Riveira: A Coru\u0096a. \u00a9Greenpeace\"},{\"@type\":\"BreadcrumbList\",\"@id\":\"https:\/\/es.greenpeace.org\/es\/sala-de-prensa\/documentos\/expertos-y-expertas-nos-hablan-sobre-la-nueva-era-de-incendios-forestales\/#breadcrumb\",\"itemListElement\":[{\"@type\":\"ListItem\",\"position\":1,\"name\":\"Home\",\"item\":\"https:\/\/es.greenpeace.org\/es\/\"},{\"@type\":\"ListItem\",\"position\":2,\"name\":\"Expertos y expertas nos hablan sobre la nueva era de incendios forestales\"}]},{\"@type\":\"WebSite\",\"@id\":\"https:\/\/es.greenpeace.org\/es\/#website\",\"url\":\"https:\/\/es.greenpeace.org\/es\/\",\"name\":\"Greenpeace Espa\u00f1a\",\"description\":\"\",\"publisher\":{\"@id\":\"https:\/\/es.greenpeace.org\/es\/#organization\"},\"potentialAction\":[{\"@type\":\"SearchAction\",\"target\":{\"@type\":\"EntryPoint\",\"urlTemplate\":\"https:\/\/es.greenpeace.org\/es\/?s={search_term_string}\"},\"query-input\":{\"@type\":\"PropertyValueSpecification\",\"valueRequired\":true,\"valueName\":\"search_term_string\"}}],\"inLanguage\":\"es\"},{\"@type\":\"Organization\",\"@id\":\"https:\/\/es.greenpeace.org\/es\/#organization\",\"name\":\"Greenpeace Espa\u00f1a\",\"alternateName\":\"Greenpeace\",\"url\":\"https:\/\/es.greenpeace.org\/es\/\",\"logo\":{\"@type\":\"ImageObject\",\"inLanguage\":\"es\",\"@id\":\"https:\/\/es.greenpeace.org\/es\/#\/schema\/logo\/image\/\",\"url\":\"https:\/\/es.greenpeace.org\/es\/wp-content\/uploads\/sites\/3\/2024\/07\/greenpeace-logo-verde.svg\",\"contentUrl\":\"https:\/\/es.greenpeace.org\/es\/wp-content\/uploads\/sites\/3\/2024\/07\/greenpeace-logo-verde.svg\",\"width\":1,\"height\":1,\"caption\":\"Greenpeace Espa\u00f1a\"},\"image\":{\"@id\":\"https:\/\/es.greenpeace.org\/es\/#\/schema\/logo\/image\/\"},\"sameAs\":[\"https:\/\/www.facebook.com\/greenpeace.spain\",\"https:\/\/x.com\/greenpeace_esp\",\"https:\/\/www.instagram.com\/greenpeace_esp\/\"]}]}<\/script>\n<!-- \/ Yoast SEO plugin. -->","yoast_head_json":{"title":"Expertos y expertas nos hablan sobre la nueva era de incendios forestales - ES | Greenpeace Espa\u00f1a","robots":{"index":"index","follow":"follow","max-snippet":"max-snippet:-1","max-image-preview":"max-image-preview:large","max-video-preview":"max-video-preview:-1"},"canonical":"https:\/\/es.greenpeace.org\/es\/sala-de-prensa\/documentos\/expertos-y-expertas-nos-hablan-sobre-la-nueva-era-de-incendios-forestales\/","og_locale":"es_ES","og_type":"article","og_title":"Expertos y expertas nos hablan sobre la nueva era de incendios forestales - ES | Greenpeace Espa\u00f1a","og_description":"Greenpeace lleva 25 a\u00f1os abordando la problem\u00e1tica de los incendios forestales, un tema complejo para el que no existe una \u00fanica soluci\u00f3n, sino un conjunto de soluciones seg\u00fan las diferentes causas y problemas estructurales existentes. \u200b Un problema ambiental que ha derivado en episodios dram\u00e1ticos y que ya no es una excepci\u00f3n, sino un problema [&hellip;]","og_url":"https:\/\/es.greenpeace.org\/es\/sala-de-prensa\/documentos\/expertos-y-expertas-nos-hablan-sobre-la-nueva-era-de-incendios-forestales\/","og_site_name":"ES | Greenpeace Espa\u00f1a","article_publisher":"https:\/\/www.facebook.com\/greenpeace.spain","article_modified_time":"2020-08-10T12:47:14+00:00","og_image":[{"width":2100,"height":1400,"url":"https:\/\/es.greenpeace.org\/es\/wp-content\/uploads\/sites\/3\/2018\/11\/GPES20130828PA0296-2100x1400.jpg","type":"image\/jpeg"}],"twitter_card":"summary_large_image","twitter_site":"@greenpeace_esp","schema":{"@context":"https:\/\/schema.org","@graph":[{"@type":"WebPage","@id":"https:\/\/es.greenpeace.org\/es\/sala-de-prensa\/documentos\/expertos-y-expertas-nos-hablan-sobre-la-nueva-era-de-incendios-forestales\/","url":"https:\/\/es.greenpeace.org\/es\/sala-de-prensa\/documentos\/expertos-y-expertas-nos-hablan-sobre-la-nueva-era-de-incendios-forestales\/","name":"Expertos y expertas nos hablan sobre la nueva era de incendios forestales - ES | Greenpeace Espa\u00f1a","isPartOf":{"@id":"https:\/\/es.greenpeace.org\/es\/#website"},"primaryImageOfPage":{"@id":"https:\/\/es.greenpeace.org\/es\/sala-de-prensa\/documentos\/expertos-y-expertas-nos-hablan-sobre-la-nueva-era-de-incendios-forestales\/#primaryimage"},"image":{"@id":"https:\/\/es.greenpeace.org\/es\/sala-de-prensa\/documentos\/expertos-y-expertas-nos-hablan-sobre-la-nueva-era-de-incendios-forestales\/#primaryimage"},"thumbnailUrl":"https:\/\/es.greenpeace.org\/es\/wp-content\/uploads\/sites\/3\/2018\/11\/GPES20130828PA0296.jpg","datePublished":"2018-06-14T12:40:21+00:00","dateModified":"2020-08-10T12:47:14+00:00","breadcrumb":{"@id":"https:\/\/es.greenpeace.org\/es\/sala-de-prensa\/documentos\/expertos-y-expertas-nos-hablan-sobre-la-nueva-era-de-incendios-forestales\/#breadcrumb"},"inLanguage":"es","potentialAction":[{"@type":"ReadAction","target":["https:\/\/es.greenpeace.org\/es\/sala-de-prensa\/documentos\/expertos-y-expertas-nos-hablan-sobre-la-nueva-era-de-incendios-forestales\/"]}]},{"@type":"ImageObject","inLanguage":"es","@id":"https:\/\/es.greenpeace.org\/es\/sala-de-prensa\/documentos\/expertos-y-expertas-nos-hablan-sobre-la-nueva-era-de-incendios-forestales\/#primaryimage","url":"https:\/\/es.greenpeace.org\/es\/wp-content\/uploads\/sites\/3\/2018\/11\/GPES20130828PA0296.jpg","contentUrl":"https:\/\/es.greenpeace.org\/es\/wp-content\/uploads\/sites\/3\/2018\/11\/GPES20130828PA0296.jpg","width":4896,"height":3264,"caption":"28 agosto 2013. Riveira. A Coru\u0096a. Members of Civil Defense and forest Brigade of Ribeira work at the site of a wildfire in Ribeira, near A Coru\u0096a on August 28, 2013. 28 agosto 2013. Riveira: A Coru\u0096a. \u00a9Greenpeace"},{"@type":"BreadcrumbList","@id":"https:\/\/es.greenpeace.org\/es\/sala-de-prensa\/documentos\/expertos-y-expertas-nos-hablan-sobre-la-nueva-era-de-incendios-forestales\/#breadcrumb","itemListElement":[{"@type":"ListItem","position":1,"name":"Home","item":"https:\/\/es.greenpeace.org\/es\/"},{"@type":"ListItem","position":2,"name":"Expertos y expertas nos hablan sobre la nueva era de incendios forestales"}]},{"@type":"WebSite","@id":"https:\/\/es.greenpeace.org\/es\/#website","url":"https:\/\/es.greenpeace.org\/es\/","name":"Greenpeace Espa\u00f1a","description":"","publisher":{"@id":"https:\/\/es.greenpeace.org\/es\/#organization"},"potentialAction":[{"@type":"SearchAction","target":{"@type":"EntryPoint","urlTemplate":"https:\/\/es.greenpeace.org\/es\/?s={search_term_string}"},"query-input":{"@type":"PropertyValueSpecification","valueRequired":true,"valueName":"search_term_string"}}],"inLanguage":"es"},{"@type":"Organization","@id":"https:\/\/es.greenpeace.org\/es\/#organization","name":"Greenpeace Espa\u00f1a","alternateName":"Greenpeace","url":"https:\/\/es.greenpeace.org\/es\/","logo":{"@type":"ImageObject","inLanguage":"es","@id":"https:\/\/es.greenpeace.org\/es\/#\/schema\/logo\/image\/","url":"https:\/\/es.greenpeace.org\/es\/wp-content\/uploads\/sites\/3\/2024\/07\/greenpeace-logo-verde.svg","contentUrl":"https:\/\/es.greenpeace.org\/es\/wp-content\/uploads\/sites\/3\/2024\/07\/greenpeace-logo-verde.svg","width":1,"height":1,"caption":"Greenpeace Espa\u00f1a"},"image":{"@id":"https:\/\/es.greenpeace.org\/es\/#\/schema\/logo\/image\/"},"sameAs":["https:\/\/www.facebook.com\/greenpeace.spain","https:\/\/x.com\/greenpeace_esp","https:\/\/www.instagram.com\/greenpeace_esp\/"]}]}},"_links":{"self":[{"href":"https:\/\/es.greenpeace.org\/es\/wp-json\/wp\/v2\/post_documents\/8574","targetHints":{"allow":["GET"]}}],"collection":[{"href":"https:\/\/es.greenpeace.org\/es\/wp-json\/wp\/v2\/post_documents"}],"about":[{"href":"https:\/\/es.greenpeace.org\/es\/wp-json\/wp\/v2\/types\/post_documents"}],"author":[{"embeddable":true,"href":"https:\/\/es.greenpeace.org\/es\/wp-json\/wp\/v2\/users\/34"}],"version-history":[{"count":2,"href":"https:\/\/es.greenpeace.org\/es\/wp-json\/wp\/v2\/post_documents\/8574\/revisions"}],"predecessor-version":[{"id":27900,"href":"https:\/\/es.greenpeace.org\/es\/wp-json\/wp\/v2\/post_documents\/8574\/revisions\/27900"}],"wp:featuredmedia":[{"embeddable":true,"href":"https:\/\/es.greenpeace.org\/es\/wp-json\/wp\/v2\/media\/13192"}],"wp:attachment":[{"href":"https:\/\/es.greenpeace.org\/es\/wp-json\/wp\/v2\/media?parent=8574"}],"wp:term":[{"taxonomy":"category","embeddable":true,"href":"https:\/\/es.greenpeace.org\/es\/wp-json\/wp\/v2\/categories?post=8574"},{"taxonomy":"post_tag","embeddable":true,"href":"https:\/\/es.greenpeace.org\/es\/wp-json\/wp\/v2\/tags?post=8574"}],"curies":[{"name":"wp","href":"https:\/\/api.w.org\/{rel}","templated":true}]}}