{"id":2270,"date":"2017-11-09T09:59:12","date_gmt":"2017-11-09T08:59:12","guid":{"rendered":"https:\/\/es.greenpeace.org\/es\/?post_type=post_faqs&#038;p=2270"},"modified":"2017-12-14T08:09:23","modified_gmt":"2017-12-14T07:09:23","slug":"teneis-informacion-sobre-legislacion-medioambiental","status":"publish","type":"post_faqs","link":"https:\/\/es.greenpeace.org\/es\/preguntas-frecuentes\/teneis-informacion-sobre-legislacion-medioambiental\/","title":{"rendered":"\u00bfTen\u00e9is informaci\u00f3n sobre legislaci\u00f3n medioambiental?"},"content":{"rendered":"<p>En la <a href=\"http:\/\/archivo-es.greenpeace.org\/espana\/es\/reports\/una-gu-a-para-pasar-a-la-acci\/\" target=\"_blank\">Gu\u00eda para pasar a la acci\u00f3n<\/a> elaborada por Greenpeace puedes encontrar informaci\u00f3n detallada sobre legislaci\u00f3n ambiental a nivel europeo, estatal y auton\u00f3mico.<\/p>\n<p>Tambi\u00e9n se encuentran las herramientas legales que permiten la participaci\u00f3n ciudadana:<\/p>\n<ol>\n<li>Derecho de la ciudadan\u00eda a acceder a informaci\u00f3n ambiental.<\/li>\n<li>Evaluaci\u00f3n de impacto ambiental: c\u00f3mo participar.<\/li>\n<li>Iniciativa Legislativa Popular.<\/li>\n<li>Denuncias, querellas y quejas.<\/li>\n<li>C\u00f3mo acceder a la legislaci\u00f3n ambiental: <a href=\"http:\/\/www.mapama.gob.es\/es\/calidad-y-evaluacion-ambiental\/legislacion\/\">web de inter\u00e9s<\/a>.<\/li>\n<\/ol>\n","protected":false},"author":4,"featured_media":0,"parent":0,"template":"","meta":{"_acf_changed":false,"footnotes":""},"categories":[],"tags":[],"class_list":["post-2270","post_faqs","type-post_faqs","status-publish","hentry"],"acf":[],"yoast_head":"<!-- This site is optimized with the Yoast SEO plugin v27.1.1 - https:\/\/yoast.com\/product\/yoast-seo-wordpress\/ -->\n<title>\u00bfTen\u00e9is informaci\u00f3n sobre legislaci\u00f3n medioambiental? - ES | Greenpeace Espa\u00f1a<\/title>\n<meta name=\"robots\" content=\"index, follow, max-snippet:-1, max-image-preview:large, max-video-preview:-1\" \/>\n<link rel=\"canonical\" href=\"https:\/\/es.greenpeace.org\/es\/preguntas-frecuentes\/teneis-informacion-sobre-legislacion-medioambiental\/\" \/>\n<meta property=\"og:locale\" content=\"es_ES\" \/>\n<meta property=\"og:type\" content=\"article\" \/>\n<meta property=\"og:title\" content=\"\u00bfTen\u00e9is informaci\u00f3n sobre legislaci\u00f3n medioambiental? - ES | Greenpeace Espa\u00f1a\" \/>\n<meta property=\"og:description\" content=\"En la Gu\u00eda para pasar a la acci\u00f3n elaborada por Greenpeace puedes encontrar informaci\u00f3n detallada sobre legislaci\u00f3n ambiental a nivel europeo, estatal y auton\u00f3mico. Tambi\u00e9n se encuentran las herramientas legales que permiten la participaci\u00f3n ciudadana: Derecho de la ciudadan\u00eda a acceder a informaci\u00f3n ambiental. Evaluaci\u00f3n de impacto ambiental: c\u00f3mo participar. Iniciativa Legislativa Popular. Denuncias, querellas [&hellip;]\" \/>\n<meta property=\"og:url\" content=\"https:\/\/es.greenpeace.org\/es\/preguntas-frecuentes\/teneis-informacion-sobre-legislacion-medioambiental\/\" \/>\n<meta property=\"og:site_name\" content=\"ES | Greenpeace Espa\u00f1a\" \/>\n<meta property=\"article:publisher\" content=\"https:\/\/www.facebook.com\/greenpeace.spain\" \/>\n<meta property=\"article:modified_time\" content=\"2017-12-14T07:09:23+00:00\" \/>\n<meta name=\"twitter:card\" content=\"summary_large_image\" \/>\n<meta name=\"twitter:site\" content=\"@greenpeace_esp\" \/>\n<script type=\"application\/ld+json\" class=\"yoast-schema-graph\">{\"@context\":\"https:\/\/schema.org\",\"@graph\":[{\"@type\":\"WebPage\",\"@id\":\"https:\/\/es.greenpeace.org\/es\/preguntas-frecuentes\/teneis-informacion-sobre-legislacion-medioambiental\/\",\"url\":\"https:\/\/es.greenpeace.org\/es\/preguntas-frecuentes\/teneis-informacion-sobre-legislacion-medioambiental\/\",\"name\":\"\u00bfTen\u00e9is informaci\u00f3n sobre legislaci\u00f3n medioambiental? - ES | Greenpeace Espa\u00f1a\",\"isPartOf\":{\"@id\":\"https:\/\/es.greenpeace.org\/es\/#website\"},\"datePublished\":\"2017-11-09T08:59:12+00:00\",\"dateModified\":\"2017-12-14T07:09:23+00:00\",\"breadcrumb\":{\"@id\":\"https:\/\/es.greenpeace.org\/es\/preguntas-frecuentes\/teneis-informacion-sobre-legislacion-medioambiental\/#breadcrumb\"},\"inLanguage\":\"es\",\"potentialAction\":[{\"@type\":\"ReadAction\",\"target\":[\"https:\/\/es.greenpeace.org\/es\/preguntas-frecuentes\/teneis-informacion-sobre-legislacion-medioambiental\/\"]}]},{\"@type\":\"BreadcrumbList\",\"@id\":\"https:\/\/es.greenpeace.org\/es\/preguntas-frecuentes\/teneis-informacion-sobre-legislacion-medioambiental\/#breadcrumb\",\"itemListElement\":[{\"@type\":\"ListItem\",\"position\":1,\"name\":\"Home\",\"item\":\"https:\/\/es.greenpeace.org\/es\/\"},{\"@type\":\"ListItem\",\"position\":2,\"name\":\"\u00bfTen\u00e9is informaci\u00f3n sobre legislaci\u00f3n medioambiental?\"}]},{\"@type\":\"WebSite\",\"@id\":\"https:\/\/es.greenpeace.org\/es\/#website\",\"url\":\"https:\/\/es.greenpeace.org\/es\/\",\"name\":\"Greenpeace Espa\u00f1a\",\"description\":\"\",\"publisher\":{\"@id\":\"https:\/\/es.greenpeace.org\/es\/#organization\"},\"potentialAction\":[{\"@type\":\"SearchAction\",\"target\":{\"@type\":\"EntryPoint\",\"urlTemplate\":\"https:\/\/es.greenpeace.org\/es\/?s={search_term_string}\"},\"query-input\":{\"@type\":\"PropertyValueSpecification\",\"valueRequired\":true,\"valueName\":\"search_term_string\"}}],\"inLanguage\":\"es\"},{\"@type\":\"Organization\",\"@id\":\"https:\/\/es.greenpeace.org\/es\/#organization\",\"name\":\"Greenpeace Espa\u00f1a\",\"alternateName\":\"Greenpeace\",\"url\":\"https:\/\/es.greenpeace.org\/es\/\",\"logo\":{\"@type\":\"ImageObject\",\"inLanguage\":\"es\",\"@id\":\"https:\/\/es.greenpeace.org\/es\/#\/schema\/logo\/image\/\",\"url\":\"https:\/\/es.greenpeace.org\/es\/wp-content\/uploads\/sites\/3\/2024\/07\/greenpeace-logo-verde.svg\",\"contentUrl\":\"https:\/\/es.greenpeace.org\/es\/wp-content\/uploads\/sites\/3\/2024\/07\/greenpeace-logo-verde.svg\",\"width\":1,\"height\":1,\"caption\":\"Greenpeace Espa\u00f1a\"},\"image\":{\"@id\":\"https:\/\/es.greenpeace.org\/es\/#\/schema\/logo\/image\/\"},\"sameAs\":[\"https:\/\/www.facebook.com\/greenpeace.spain\",\"https:\/\/x.com\/greenpeace_esp\",\"https:\/\/www.instagram.com\/greenpeace_esp\/\"]}]}<\/script>\n<!-- \/ Yoast SEO plugin. -->","yoast_head_json":{"title":"\u00bfTen\u00e9is informaci\u00f3n sobre legislaci\u00f3n medioambiental? - ES | Greenpeace Espa\u00f1a","robots":{"index":"index","follow":"follow","max-snippet":"max-snippet:-1","max-image-preview":"max-image-preview:large","max-video-preview":"max-video-preview:-1"},"canonical":"https:\/\/es.greenpeace.org\/es\/preguntas-frecuentes\/teneis-informacion-sobre-legislacion-medioambiental\/","og_locale":"es_ES","og_type":"article","og_title":"\u00bfTen\u00e9is informaci\u00f3n sobre legislaci\u00f3n medioambiental? - ES | Greenpeace Espa\u00f1a","og_description":"En la Gu\u00eda para pasar a la acci\u00f3n elaborada por Greenpeace puedes encontrar informaci\u00f3n detallada sobre legislaci\u00f3n ambiental a nivel europeo, estatal y auton\u00f3mico. Tambi\u00e9n se encuentran las herramientas legales que permiten la participaci\u00f3n ciudadana: Derecho de la ciudadan\u00eda a acceder a informaci\u00f3n ambiental. Evaluaci\u00f3n de impacto ambiental: c\u00f3mo participar. Iniciativa Legislativa Popular. Denuncias, querellas [&hellip;]","og_url":"https:\/\/es.greenpeace.org\/es\/preguntas-frecuentes\/teneis-informacion-sobre-legislacion-medioambiental\/","og_site_name":"ES | Greenpeace Espa\u00f1a","article_publisher":"https:\/\/www.facebook.com\/greenpeace.spain","article_modified_time":"2017-12-14T07:09:23+00:00","twitter_card":"summary_large_image","twitter_site":"@greenpeace_esp","schema":{"@context":"https:\/\/schema.org","@graph":[{"@type":"WebPage","@id":"https:\/\/es.greenpeace.org\/es\/preguntas-frecuentes\/teneis-informacion-sobre-legislacion-medioambiental\/","url":"https:\/\/es.greenpeace.org\/es\/preguntas-frecuentes\/teneis-informacion-sobre-legislacion-medioambiental\/","name":"\u00bfTen\u00e9is informaci\u00f3n sobre legislaci\u00f3n medioambiental? - ES | Greenpeace Espa\u00f1a","isPartOf":{"@id":"https:\/\/es.greenpeace.org\/es\/#website"},"datePublished":"2017-11-09T08:59:12+00:00","dateModified":"2017-12-14T07:09:23+00:00","breadcrumb":{"@id":"https:\/\/es.greenpeace.org\/es\/preguntas-frecuentes\/teneis-informacion-sobre-legislacion-medioambiental\/#breadcrumb"},"inLanguage":"es","potentialAction":[{"@type":"ReadAction","target":["https:\/\/es.greenpeace.org\/es\/preguntas-frecuentes\/teneis-informacion-sobre-legislacion-medioambiental\/"]}]},{"@type":"BreadcrumbList","@id":"https:\/\/es.greenpeace.org\/es\/preguntas-frecuentes\/teneis-informacion-sobre-legislacion-medioambiental\/#breadcrumb","itemListElement":[{"@type":"ListItem","position":1,"name":"Home","item":"https:\/\/es.greenpeace.org\/es\/"},{"@type":"ListItem","position":2,"name":"\u00bfTen\u00e9is informaci\u00f3n sobre legislaci\u00f3n medioambiental?"}]},{"@type":"WebSite","@id":"https:\/\/es.greenpeace.org\/es\/#website","url":"https:\/\/es.greenpeace.org\/es\/","name":"Greenpeace Espa\u00f1a","description":"","publisher":{"@id":"https:\/\/es.greenpeace.org\/es\/#organization"},"potentialAction":[{"@type":"SearchAction","target":{"@type":"EntryPoint","urlTemplate":"https:\/\/es.greenpeace.org\/es\/?s={search_term_string}"},"query-input":{"@type":"PropertyValueSpecification","valueRequired":true,"valueName":"search_term_string"}}],"inLanguage":"es"},{"@type":"Organization","@id":"https:\/\/es.greenpeace.org\/es\/#organization","name":"Greenpeace Espa\u00f1a","alternateName":"Greenpeace","url":"https:\/\/es.greenpeace.org\/es\/","logo":{"@type":"ImageObject","inLanguage":"es","@id":"https:\/\/es.greenpeace.org\/es\/#\/schema\/logo\/image\/","url":"https:\/\/es.greenpeace.org\/es\/wp-content\/uploads\/sites\/3\/2024\/07\/greenpeace-logo-verde.svg","contentUrl":"https:\/\/es.greenpeace.org\/es\/wp-content\/uploads\/sites\/3\/2024\/07\/greenpeace-logo-verde.svg","width":1,"height":1,"caption":"Greenpeace Espa\u00f1a"},"image":{"@id":"https:\/\/es.greenpeace.org\/es\/#\/schema\/logo\/image\/"},"sameAs":["https:\/\/www.facebook.com\/greenpeace.spain","https:\/\/x.com\/greenpeace_esp","https:\/\/www.instagram.com\/greenpeace_esp\/"]}]}},"_links":{"self":[{"href":"https:\/\/es.greenpeace.org\/es\/wp-json\/wp\/v2\/post_faqs\/2270","targetHints":{"allow":["GET"]}}],"collection":[{"href":"https:\/\/es.greenpeace.org\/es\/wp-json\/wp\/v2\/post_faqs"}],"about":[{"href":"https:\/\/es.greenpeace.org\/es\/wp-json\/wp\/v2\/types\/post_faqs"}],"author":[{"embeddable":true,"href":"https:\/\/es.greenpeace.org\/es\/wp-json\/wp\/v2\/users\/4"}],"version-history":[{"count":3,"href":"https:\/\/es.greenpeace.org\/es\/wp-json\/wp\/v2\/post_faqs\/2270\/revisions"}],"predecessor-version":[{"id":4133,"href":"https:\/\/es.greenpeace.org\/es\/wp-json\/wp\/v2\/post_faqs\/2270\/revisions\/4133"}],"wp:attachment":[{"href":"https:\/\/es.greenpeace.org\/es\/wp-json\/wp\/v2\/media?parent=2270"}],"wp:term":[{"taxonomy":"category","embeddable":true,"href":"https:\/\/es.greenpeace.org\/es\/wp-json\/wp\/v2\/categories?post=2270"},{"taxonomy":"post_tag","embeddable":true,"href":"https:\/\/es.greenpeace.org\/es\/wp-json\/wp\/v2\/tags?post=2270"}],"curies":[{"name":"wp","href":"https:\/\/api.w.org\/{rel}","templated":true}]}}