{"id":2272,"date":"2017-11-09T10:01:13","date_gmt":"2017-11-09T09:01:13","guid":{"rendered":"https:\/\/es.greenpeace.org\/es\/?post_type=post_faqs&#038;p=2272"},"modified":"2017-12-14T08:09:00","modified_gmt":"2017-12-14T07:09:00","slug":"teneis-informacion-sobre-contaminacion-electromagnetica","status":"publish","type":"post_faqs","link":"https:\/\/es.greenpeace.org\/es\/preguntas-frecuentes\/teneis-informacion-sobre-contaminacion-electromagnetica\/","title":{"rendered":"\u00bfTen\u00e9is informaci\u00f3n sobre contaminaci\u00f3n electromagn\u00e9tica?"},"content":{"rendered":"<p>A pesar de que desde Greenpeace actualmente no se trabaja en ninguna campa\u00f1a sobre este tema, s\u00ed que disponemos de cierta informaci\u00f3n.<\/p>\n<p>El impacto sobre la salud de los campos electromagn\u00e9ticos (CEM) que generan las l\u00edneas de alta, media y baja tensi\u00f3n es un problema sobre el que se vierten grandes dudas y que es muy discutido en los circuitos cient\u00edficos.<\/p>\n<p>Al margen de la controversia cient\u00edfica, existe el problema social que supone la presencia de l\u00edneas el\u00e9ctricas pr\u00f3ximas a viviendas humanas, como es el caso en algunos municipios en toda la pen\u00ednsula.<\/p>\n<p>En este tema, como en muchos otros casos, se deber\u00eda aplicar el principio de precauci\u00f3n. Si existe una duda razonable de que los CEM producidos por l\u00edneas el\u00e9ctricas provocan impactos negativos sobre la salud, conviene actuar en consecuencia y tomar medidas que eviten el problema.<\/p>\n<p>En la actualidad hay bastante pol\u00e9mica al respecto y se han creado plataformas ciudadanas.<\/p>\n","protected":false},"author":4,"featured_media":0,"parent":0,"template":"","meta":{"_acf_changed":false,"footnotes":""},"categories":[],"tags":[],"class_list":["post-2272","post_faqs","type-post_faqs","status-publish","hentry"],"acf":[],"yoast_head":"<!-- This site is optimized with the Yoast SEO plugin v27.1.1 - https:\/\/yoast.com\/product\/yoast-seo-wordpress\/ -->\n<title>\u00bfTen\u00e9is informaci\u00f3n sobre contaminaci\u00f3n electromagn\u00e9tica? - ES | Greenpeace Espa\u00f1a<\/title>\n<meta name=\"robots\" content=\"index, follow, max-snippet:-1, max-image-preview:large, max-video-preview:-1\" \/>\n<link rel=\"canonical\" href=\"https:\/\/es.greenpeace.org\/es\/preguntas-frecuentes\/teneis-informacion-sobre-contaminacion-electromagnetica\/\" \/>\n<meta property=\"og:locale\" content=\"es_ES\" \/>\n<meta property=\"og:type\" content=\"article\" \/>\n<meta property=\"og:title\" content=\"\u00bfTen\u00e9is informaci\u00f3n sobre contaminaci\u00f3n electromagn\u00e9tica? - ES | Greenpeace Espa\u00f1a\" \/>\n<meta property=\"og:description\" content=\"A pesar de que desde Greenpeace actualmente no se trabaja en ninguna campa\u00f1a sobre este tema, s\u00ed que disponemos de cierta informaci\u00f3n. El impacto sobre la salud de los campos electromagn\u00e9ticos (CEM) que generan las l\u00edneas de alta, media y baja tensi\u00f3n es un problema sobre el que se vierten grandes dudas y que es [&hellip;]\" \/>\n<meta property=\"og:url\" content=\"https:\/\/es.greenpeace.org\/es\/preguntas-frecuentes\/teneis-informacion-sobre-contaminacion-electromagnetica\/\" \/>\n<meta property=\"og:site_name\" content=\"ES | Greenpeace Espa\u00f1a\" \/>\n<meta property=\"article:publisher\" content=\"https:\/\/www.facebook.com\/greenpeace.spain\" \/>\n<meta property=\"article:modified_time\" content=\"2017-12-14T07:09:00+00:00\" \/>\n<meta name=\"twitter:card\" content=\"summary_large_image\" \/>\n<meta name=\"twitter:site\" content=\"@greenpeace_esp\" \/>\n<meta name=\"twitter:label1\" content=\"Tiempo de lectura\" \/>\n\t<meta name=\"twitter:data1\" content=\"1 minuto\" \/>\n<script type=\"application\/ld+json\" class=\"yoast-schema-graph\">{\"@context\":\"https:\/\/schema.org\",\"@graph\":[{\"@type\":\"WebPage\",\"@id\":\"https:\/\/es.greenpeace.org\/es\/preguntas-frecuentes\/teneis-informacion-sobre-contaminacion-electromagnetica\/\",\"url\":\"https:\/\/es.greenpeace.org\/es\/preguntas-frecuentes\/teneis-informacion-sobre-contaminacion-electromagnetica\/\",\"name\":\"\u00bfTen\u00e9is informaci\u00f3n sobre contaminaci\u00f3n electromagn\u00e9tica? - ES | Greenpeace Espa\u00f1a\",\"isPartOf\":{\"@id\":\"https:\/\/es.greenpeace.org\/es\/#website\"},\"datePublished\":\"2017-11-09T09:01:13+00:00\",\"dateModified\":\"2017-12-14T07:09:00+00:00\",\"breadcrumb\":{\"@id\":\"https:\/\/es.greenpeace.org\/es\/preguntas-frecuentes\/teneis-informacion-sobre-contaminacion-electromagnetica\/#breadcrumb\"},\"inLanguage\":\"es\",\"potentialAction\":[{\"@type\":\"ReadAction\",\"target\":[\"https:\/\/es.greenpeace.org\/es\/preguntas-frecuentes\/teneis-informacion-sobre-contaminacion-electromagnetica\/\"]}]},{\"@type\":\"BreadcrumbList\",\"@id\":\"https:\/\/es.greenpeace.org\/es\/preguntas-frecuentes\/teneis-informacion-sobre-contaminacion-electromagnetica\/#breadcrumb\",\"itemListElement\":[{\"@type\":\"ListItem\",\"position\":1,\"name\":\"Home\",\"item\":\"https:\/\/es.greenpeace.org\/es\/\"},{\"@type\":\"ListItem\",\"position\":2,\"name\":\"\u00bfTen\u00e9is informaci\u00f3n sobre contaminaci\u00f3n electromagn\u00e9tica?\"}]},{\"@type\":\"WebSite\",\"@id\":\"https:\/\/es.greenpeace.org\/es\/#website\",\"url\":\"https:\/\/es.greenpeace.org\/es\/\",\"name\":\"Greenpeace Espa\u00f1a\",\"description\":\"\",\"publisher\":{\"@id\":\"https:\/\/es.greenpeace.org\/es\/#organization\"},\"potentialAction\":[{\"@type\":\"SearchAction\",\"target\":{\"@type\":\"EntryPoint\",\"urlTemplate\":\"https:\/\/es.greenpeace.org\/es\/?s={search_term_string}\"},\"query-input\":{\"@type\":\"PropertyValueSpecification\",\"valueRequired\":true,\"valueName\":\"search_term_string\"}}],\"inLanguage\":\"es\"},{\"@type\":\"Organization\",\"@id\":\"https:\/\/es.greenpeace.org\/es\/#organization\",\"name\":\"Greenpeace Espa\u00f1a\",\"alternateName\":\"Greenpeace\",\"url\":\"https:\/\/es.greenpeace.org\/es\/\",\"logo\":{\"@type\":\"ImageObject\",\"inLanguage\":\"es\",\"@id\":\"https:\/\/es.greenpeace.org\/es\/#\/schema\/logo\/image\/\",\"url\":\"https:\/\/es.greenpeace.org\/es\/wp-content\/uploads\/sites\/3\/2024\/07\/greenpeace-logo-verde.svg\",\"contentUrl\":\"https:\/\/es.greenpeace.org\/es\/wp-content\/uploads\/sites\/3\/2024\/07\/greenpeace-logo-verde.svg\",\"width\":1,\"height\":1,\"caption\":\"Greenpeace Espa\u00f1a\"},\"image\":{\"@id\":\"https:\/\/es.greenpeace.org\/es\/#\/schema\/logo\/image\/\"},\"sameAs\":[\"https:\/\/www.facebook.com\/greenpeace.spain\",\"https:\/\/x.com\/greenpeace_esp\",\"https:\/\/www.instagram.com\/greenpeace_esp\/\"]}]}<\/script>\n<!-- \/ Yoast SEO plugin. -->","yoast_head_json":{"title":"\u00bfTen\u00e9is informaci\u00f3n sobre contaminaci\u00f3n electromagn\u00e9tica? - ES | Greenpeace Espa\u00f1a","robots":{"index":"index","follow":"follow","max-snippet":"max-snippet:-1","max-image-preview":"max-image-preview:large","max-video-preview":"max-video-preview:-1"},"canonical":"https:\/\/es.greenpeace.org\/es\/preguntas-frecuentes\/teneis-informacion-sobre-contaminacion-electromagnetica\/","og_locale":"es_ES","og_type":"article","og_title":"\u00bfTen\u00e9is informaci\u00f3n sobre contaminaci\u00f3n electromagn\u00e9tica? - ES | Greenpeace Espa\u00f1a","og_description":"A pesar de que desde Greenpeace actualmente no se trabaja en ninguna campa\u00f1a sobre este tema, s\u00ed que disponemos de cierta informaci\u00f3n. El impacto sobre la salud de los campos electromagn\u00e9ticos (CEM) que generan las l\u00edneas de alta, media y baja tensi\u00f3n es un problema sobre el que se vierten grandes dudas y que es [&hellip;]","og_url":"https:\/\/es.greenpeace.org\/es\/preguntas-frecuentes\/teneis-informacion-sobre-contaminacion-electromagnetica\/","og_site_name":"ES | Greenpeace Espa\u00f1a","article_publisher":"https:\/\/www.facebook.com\/greenpeace.spain","article_modified_time":"2017-12-14T07:09:00+00:00","twitter_card":"summary_large_image","twitter_site":"@greenpeace_esp","twitter_misc":{"Tiempo de lectura":"1 minuto"},"schema":{"@context":"https:\/\/schema.org","@graph":[{"@type":"WebPage","@id":"https:\/\/es.greenpeace.org\/es\/preguntas-frecuentes\/teneis-informacion-sobre-contaminacion-electromagnetica\/","url":"https:\/\/es.greenpeace.org\/es\/preguntas-frecuentes\/teneis-informacion-sobre-contaminacion-electromagnetica\/","name":"\u00bfTen\u00e9is informaci\u00f3n sobre contaminaci\u00f3n electromagn\u00e9tica? - ES | Greenpeace Espa\u00f1a","isPartOf":{"@id":"https:\/\/es.greenpeace.org\/es\/#website"},"datePublished":"2017-11-09T09:01:13+00:00","dateModified":"2017-12-14T07:09:00+00:00","breadcrumb":{"@id":"https:\/\/es.greenpeace.org\/es\/preguntas-frecuentes\/teneis-informacion-sobre-contaminacion-electromagnetica\/#breadcrumb"},"inLanguage":"es","potentialAction":[{"@type":"ReadAction","target":["https:\/\/es.greenpeace.org\/es\/preguntas-frecuentes\/teneis-informacion-sobre-contaminacion-electromagnetica\/"]}]},{"@type":"BreadcrumbList","@id":"https:\/\/es.greenpeace.org\/es\/preguntas-frecuentes\/teneis-informacion-sobre-contaminacion-electromagnetica\/#breadcrumb","itemListElement":[{"@type":"ListItem","position":1,"name":"Home","item":"https:\/\/es.greenpeace.org\/es\/"},{"@type":"ListItem","position":2,"name":"\u00bfTen\u00e9is informaci\u00f3n sobre contaminaci\u00f3n electromagn\u00e9tica?"}]},{"@type":"WebSite","@id":"https:\/\/es.greenpeace.org\/es\/#website","url":"https:\/\/es.greenpeace.org\/es\/","name":"Greenpeace Espa\u00f1a","description":"","publisher":{"@id":"https:\/\/es.greenpeace.org\/es\/#organization"},"potentialAction":[{"@type":"SearchAction","target":{"@type":"EntryPoint","urlTemplate":"https:\/\/es.greenpeace.org\/es\/?s={search_term_string}"},"query-input":{"@type":"PropertyValueSpecification","valueRequired":true,"valueName":"search_term_string"}}],"inLanguage":"es"},{"@type":"Organization","@id":"https:\/\/es.greenpeace.org\/es\/#organization","name":"Greenpeace Espa\u00f1a","alternateName":"Greenpeace","url":"https:\/\/es.greenpeace.org\/es\/","logo":{"@type":"ImageObject","inLanguage":"es","@id":"https:\/\/es.greenpeace.org\/es\/#\/schema\/logo\/image\/","url":"https:\/\/es.greenpeace.org\/es\/wp-content\/uploads\/sites\/3\/2024\/07\/greenpeace-logo-verde.svg","contentUrl":"https:\/\/es.greenpeace.org\/es\/wp-content\/uploads\/sites\/3\/2024\/07\/greenpeace-logo-verde.svg","width":1,"height":1,"caption":"Greenpeace Espa\u00f1a"},"image":{"@id":"https:\/\/es.greenpeace.org\/es\/#\/schema\/logo\/image\/"},"sameAs":["https:\/\/www.facebook.com\/greenpeace.spain","https:\/\/x.com\/greenpeace_esp","https:\/\/www.instagram.com\/greenpeace_esp\/"]}]}},"_links":{"self":[{"href":"https:\/\/es.greenpeace.org\/es\/wp-json\/wp\/v2\/post_faqs\/2272","targetHints":{"allow":["GET"]}}],"collection":[{"href":"https:\/\/es.greenpeace.org\/es\/wp-json\/wp\/v2\/post_faqs"}],"about":[{"href":"https:\/\/es.greenpeace.org\/es\/wp-json\/wp\/v2\/types\/post_faqs"}],"author":[{"embeddable":true,"href":"https:\/\/es.greenpeace.org\/es\/wp-json\/wp\/v2\/users\/4"}],"version-history":[{"count":3,"href":"https:\/\/es.greenpeace.org\/es\/wp-json\/wp\/v2\/post_faqs\/2272\/revisions"}],"predecessor-version":[{"id":4132,"href":"https:\/\/es.greenpeace.org\/es\/wp-json\/wp\/v2\/post_faqs\/2272\/revisions\/4132"}],"wp:attachment":[{"href":"https:\/\/es.greenpeace.org\/es\/wp-json\/wp\/v2\/media?parent=2272"}],"wp:term":[{"taxonomy":"category","embeddable":true,"href":"https:\/\/es.greenpeace.org\/es\/wp-json\/wp\/v2\/categories?post=2272"},{"taxonomy":"post_tag","embeddable":true,"href":"https:\/\/es.greenpeace.org\/es\/wp-json\/wp\/v2\/tags?post=2272"}],"curies":[{"name":"wp","href":"https:\/\/api.w.org\/{rel}","templated":true}]}}