{"id":2283,"date":"2017-11-09T10:18:51","date_gmt":"2017-11-09T09:18:51","guid":{"rendered":"https:\/\/es.greenpeace.org\/es\/?post_type=post_faqs&#038;p=2283"},"modified":"2017-12-14T08:03:28","modified_gmt":"2017-12-14T07:03:28","slug":"que-esta-haciendo-greenpeace-para-defender-la-costa","status":"publish","type":"post_faqs","link":"https:\/\/es.greenpeace.org\/es\/preguntas-frecuentes\/que-esta-haciendo-greenpeace-para-defender-la-costa\/","title":{"rendered":"\u00bfQu\u00e9 est\u00e1 haciendo Greenpeace para defender la costa? \u00bfqu\u00e9 puedo hacer yo?"},"content":{"rendered":"<p>Desde Greenpeace trabajamos en algunos casos de amenazas del litoral por toda la geograf\u00eda espa\u00f1ola, como el hotel del Algarrobico, los proyectos portuarios en Pasaia, Ibiza, Granadilla, Tarifa y Cangas do Morrazo, etc. actuando a nivel p\u00fablico y en los procedimientos administrativos.<\/p>\n<p>Nos gustar\u00eda poder atender las numerosas demandas que nos llegan solicitando nuestra participaci\u00f3n en otros casos a nivel local, pero lamentablemente no disponemos de los recursos e infraestructura necesarios para actuar de manera eficaz a este nivel.<\/p>\n<p>Cuando no podemos actuar de forma espec\u00edfica, hemos venido publicando en los \u00faltimos 13 a\u00f1os el informe Destrucci\u00f3n a toda costa con el que intentamos dar cabida a los impactos y amenazas de nuestros 8.000 kil\u00f3metros de costa.<\/p>\n<p>Desde Greenpeace tambi\u00e9n trabajamos en la defensa del uso p\u00fablico del litoral y su protecci\u00f3n, denunciando p\u00fablicamente y mediante mecanismos jur\u00eddicos la nueva ley de costas, aprobada en mayo de 2013, poniendo de manifiesto las infracciones que esta ley supone respecto al inclumplimiento de normativa ambiental comunitaria, la reducci\u00f3n de la servidumbre de protecci\u00f3n de los espacios costeros o la entrega a la propiedad privada de amplias zonas, en especial humedales destinados a cultivos marinos y salinas.<\/p>\n<p>Creemos que la participaci\u00f3n ciudadana es un pilar fundamental en la defensa del litoral. Todos tenemos el derecho a defenderlo y en el \u00e1mbito local las personas como t\u00fa son muy importantes.<\/p>\n","protected":false},"author":4,"featured_media":0,"parent":0,"template":"","meta":{"_acf_changed":false,"footnotes":""},"categories":[],"tags":[],"class_list":["post-2283","post_faqs","type-post_faqs","status-publish","hentry"],"acf":[],"yoast_head":"<!-- This site is optimized with the Yoast SEO plugin v27.1.1 - https:\/\/yoast.com\/product\/yoast-seo-wordpress\/ -->\n<title>\u00bfQu\u00e9 est\u00e1 haciendo Greenpeace para defender la costa? \u00bfqu\u00e9 puedo hacer yo? - ES | Greenpeace Espa\u00f1a<\/title>\n<meta name=\"robots\" content=\"index, follow, max-snippet:-1, max-image-preview:large, max-video-preview:-1\" \/>\n<link rel=\"canonical\" href=\"https:\/\/es.greenpeace.org\/es\/preguntas-frecuentes\/que-esta-haciendo-greenpeace-para-defender-la-costa\/\" \/>\n<meta property=\"og:locale\" content=\"es_ES\" \/>\n<meta property=\"og:type\" content=\"article\" \/>\n<meta property=\"og:title\" content=\"\u00bfQu\u00e9 est\u00e1 haciendo Greenpeace para defender la costa? \u00bfqu\u00e9 puedo hacer yo? - ES | Greenpeace Espa\u00f1a\" \/>\n<meta property=\"og:description\" content=\"Desde Greenpeace trabajamos en algunos casos de amenazas del litoral por toda la geograf\u00eda espa\u00f1ola, como el hotel del Algarrobico, los proyectos portuarios en Pasaia, Ibiza, Granadilla, Tarifa y Cangas do Morrazo, etc. actuando a nivel p\u00fablico y en los procedimientos administrativos. Nos gustar\u00eda poder atender las numerosas demandas que nos llegan solicitando nuestra participaci\u00f3n [&hellip;]\" \/>\n<meta property=\"og:url\" content=\"https:\/\/es.greenpeace.org\/es\/preguntas-frecuentes\/que-esta-haciendo-greenpeace-para-defender-la-costa\/\" \/>\n<meta property=\"og:site_name\" content=\"ES | Greenpeace Espa\u00f1a\" \/>\n<meta property=\"article:publisher\" content=\"https:\/\/www.facebook.com\/greenpeace.spain\" \/>\n<meta property=\"article:modified_time\" content=\"2017-12-14T07:03:28+00:00\" \/>\n<meta name=\"twitter:card\" content=\"summary_large_image\" \/>\n<meta name=\"twitter:site\" content=\"@greenpeace_esp\" \/>\n<meta name=\"twitter:label1\" content=\"Tiempo de lectura\" \/>\n\t<meta name=\"twitter:data1\" content=\"1 minuto\" \/>\n<script type=\"application\/ld+json\" class=\"yoast-schema-graph\">{\"@context\":\"https:\/\/schema.org\",\"@graph\":[{\"@type\":\"WebPage\",\"@id\":\"https:\/\/es.greenpeace.org\/es\/preguntas-frecuentes\/que-esta-haciendo-greenpeace-para-defender-la-costa\/\",\"url\":\"https:\/\/es.greenpeace.org\/es\/preguntas-frecuentes\/que-esta-haciendo-greenpeace-para-defender-la-costa\/\",\"name\":\"\u00bfQu\u00e9 est\u00e1 haciendo Greenpeace para defender la costa? \u00bfqu\u00e9 puedo hacer yo? - ES | Greenpeace Espa\u00f1a\",\"isPartOf\":{\"@id\":\"https:\/\/es.greenpeace.org\/es\/#website\"},\"datePublished\":\"2017-11-09T09:18:51+00:00\",\"dateModified\":\"2017-12-14T07:03:28+00:00\",\"breadcrumb\":{\"@id\":\"https:\/\/es.greenpeace.org\/es\/preguntas-frecuentes\/que-esta-haciendo-greenpeace-para-defender-la-costa\/#breadcrumb\"},\"inLanguage\":\"es\",\"potentialAction\":[{\"@type\":\"ReadAction\",\"target\":[\"https:\/\/es.greenpeace.org\/es\/preguntas-frecuentes\/que-esta-haciendo-greenpeace-para-defender-la-costa\/\"]}]},{\"@type\":\"BreadcrumbList\",\"@id\":\"https:\/\/es.greenpeace.org\/es\/preguntas-frecuentes\/que-esta-haciendo-greenpeace-para-defender-la-costa\/#breadcrumb\",\"itemListElement\":[{\"@type\":\"ListItem\",\"position\":1,\"name\":\"Home\",\"item\":\"https:\/\/es.greenpeace.org\/es\/\"},{\"@type\":\"ListItem\",\"position\":2,\"name\":\"\u00bfQu\u00e9 est\u00e1 haciendo Greenpeace para defender la costa? \u00bfqu\u00e9 puedo hacer yo?\"}]},{\"@type\":\"WebSite\",\"@id\":\"https:\/\/es.greenpeace.org\/es\/#website\",\"url\":\"https:\/\/es.greenpeace.org\/es\/\",\"name\":\"Greenpeace Espa\u00f1a\",\"description\":\"\",\"publisher\":{\"@id\":\"https:\/\/es.greenpeace.org\/es\/#organization\"},\"potentialAction\":[{\"@type\":\"SearchAction\",\"target\":{\"@type\":\"EntryPoint\",\"urlTemplate\":\"https:\/\/es.greenpeace.org\/es\/?s={search_term_string}\"},\"query-input\":{\"@type\":\"PropertyValueSpecification\",\"valueRequired\":true,\"valueName\":\"search_term_string\"}}],\"inLanguage\":\"es\"},{\"@type\":\"Organization\",\"@id\":\"https:\/\/es.greenpeace.org\/es\/#organization\",\"name\":\"Greenpeace Espa\u00f1a\",\"alternateName\":\"Greenpeace\",\"url\":\"https:\/\/es.greenpeace.org\/es\/\",\"logo\":{\"@type\":\"ImageObject\",\"inLanguage\":\"es\",\"@id\":\"https:\/\/es.greenpeace.org\/es\/#\/schema\/logo\/image\/\",\"url\":\"https:\/\/es.greenpeace.org\/es\/wp-content\/uploads\/sites\/3\/2024\/07\/greenpeace-logo-verde.svg\",\"contentUrl\":\"https:\/\/es.greenpeace.org\/es\/wp-content\/uploads\/sites\/3\/2024\/07\/greenpeace-logo-verde.svg\",\"width\":1,\"height\":1,\"caption\":\"Greenpeace Espa\u00f1a\"},\"image\":{\"@id\":\"https:\/\/es.greenpeace.org\/es\/#\/schema\/logo\/image\/\"},\"sameAs\":[\"https:\/\/www.facebook.com\/greenpeace.spain\",\"https:\/\/x.com\/greenpeace_esp\",\"https:\/\/www.instagram.com\/greenpeace_esp\/\"]}]}<\/script>\n<!-- \/ Yoast SEO plugin. -->","yoast_head_json":{"title":"\u00bfQu\u00e9 est\u00e1 haciendo Greenpeace para defender la costa? \u00bfqu\u00e9 puedo hacer yo? - ES | Greenpeace Espa\u00f1a","robots":{"index":"index","follow":"follow","max-snippet":"max-snippet:-1","max-image-preview":"max-image-preview:large","max-video-preview":"max-video-preview:-1"},"canonical":"https:\/\/es.greenpeace.org\/es\/preguntas-frecuentes\/que-esta-haciendo-greenpeace-para-defender-la-costa\/","og_locale":"es_ES","og_type":"article","og_title":"\u00bfQu\u00e9 est\u00e1 haciendo Greenpeace para defender la costa? \u00bfqu\u00e9 puedo hacer yo? - ES | Greenpeace Espa\u00f1a","og_description":"Desde Greenpeace trabajamos en algunos casos de amenazas del litoral por toda la geograf\u00eda espa\u00f1ola, como el hotel del Algarrobico, los proyectos portuarios en Pasaia, Ibiza, Granadilla, Tarifa y Cangas do Morrazo, etc. actuando a nivel p\u00fablico y en los procedimientos administrativos. Nos gustar\u00eda poder atender las numerosas demandas que nos llegan solicitando nuestra participaci\u00f3n [&hellip;]","og_url":"https:\/\/es.greenpeace.org\/es\/preguntas-frecuentes\/que-esta-haciendo-greenpeace-para-defender-la-costa\/","og_site_name":"ES | Greenpeace Espa\u00f1a","article_publisher":"https:\/\/www.facebook.com\/greenpeace.spain","article_modified_time":"2017-12-14T07:03:28+00:00","twitter_card":"summary_large_image","twitter_site":"@greenpeace_esp","twitter_misc":{"Tiempo de lectura":"1 minuto"},"schema":{"@context":"https:\/\/schema.org","@graph":[{"@type":"WebPage","@id":"https:\/\/es.greenpeace.org\/es\/preguntas-frecuentes\/que-esta-haciendo-greenpeace-para-defender-la-costa\/","url":"https:\/\/es.greenpeace.org\/es\/preguntas-frecuentes\/que-esta-haciendo-greenpeace-para-defender-la-costa\/","name":"\u00bfQu\u00e9 est\u00e1 haciendo Greenpeace para defender la costa? \u00bfqu\u00e9 puedo hacer yo? - ES | Greenpeace Espa\u00f1a","isPartOf":{"@id":"https:\/\/es.greenpeace.org\/es\/#website"},"datePublished":"2017-11-09T09:18:51+00:00","dateModified":"2017-12-14T07:03:28+00:00","breadcrumb":{"@id":"https:\/\/es.greenpeace.org\/es\/preguntas-frecuentes\/que-esta-haciendo-greenpeace-para-defender-la-costa\/#breadcrumb"},"inLanguage":"es","potentialAction":[{"@type":"ReadAction","target":["https:\/\/es.greenpeace.org\/es\/preguntas-frecuentes\/que-esta-haciendo-greenpeace-para-defender-la-costa\/"]}]},{"@type":"BreadcrumbList","@id":"https:\/\/es.greenpeace.org\/es\/preguntas-frecuentes\/que-esta-haciendo-greenpeace-para-defender-la-costa\/#breadcrumb","itemListElement":[{"@type":"ListItem","position":1,"name":"Home","item":"https:\/\/es.greenpeace.org\/es\/"},{"@type":"ListItem","position":2,"name":"\u00bfQu\u00e9 est\u00e1 haciendo Greenpeace para defender la costa? \u00bfqu\u00e9 puedo hacer yo?"}]},{"@type":"WebSite","@id":"https:\/\/es.greenpeace.org\/es\/#website","url":"https:\/\/es.greenpeace.org\/es\/","name":"Greenpeace Espa\u00f1a","description":"","publisher":{"@id":"https:\/\/es.greenpeace.org\/es\/#organization"},"potentialAction":[{"@type":"SearchAction","target":{"@type":"EntryPoint","urlTemplate":"https:\/\/es.greenpeace.org\/es\/?s={search_term_string}"},"query-input":{"@type":"PropertyValueSpecification","valueRequired":true,"valueName":"search_term_string"}}],"inLanguage":"es"},{"@type":"Organization","@id":"https:\/\/es.greenpeace.org\/es\/#organization","name":"Greenpeace Espa\u00f1a","alternateName":"Greenpeace","url":"https:\/\/es.greenpeace.org\/es\/","logo":{"@type":"ImageObject","inLanguage":"es","@id":"https:\/\/es.greenpeace.org\/es\/#\/schema\/logo\/image\/","url":"https:\/\/es.greenpeace.org\/es\/wp-content\/uploads\/sites\/3\/2024\/07\/greenpeace-logo-verde.svg","contentUrl":"https:\/\/es.greenpeace.org\/es\/wp-content\/uploads\/sites\/3\/2024\/07\/greenpeace-logo-verde.svg","width":1,"height":1,"caption":"Greenpeace Espa\u00f1a"},"image":{"@id":"https:\/\/es.greenpeace.org\/es\/#\/schema\/logo\/image\/"},"sameAs":["https:\/\/www.facebook.com\/greenpeace.spain","https:\/\/x.com\/greenpeace_esp","https:\/\/www.instagram.com\/greenpeace_esp\/"]}]}},"_links":{"self":[{"href":"https:\/\/es.greenpeace.org\/es\/wp-json\/wp\/v2\/post_faqs\/2283","targetHints":{"allow":["GET"]}}],"collection":[{"href":"https:\/\/es.greenpeace.org\/es\/wp-json\/wp\/v2\/post_faqs"}],"about":[{"href":"https:\/\/es.greenpeace.org\/es\/wp-json\/wp\/v2\/types\/post_faqs"}],"author":[{"embeddable":true,"href":"https:\/\/es.greenpeace.org\/es\/wp-json\/wp\/v2\/users\/4"}],"version-history":[{"count":5,"href":"https:\/\/es.greenpeace.org\/es\/wp-json\/wp\/v2\/post_faqs\/2283\/revisions"}],"predecessor-version":[{"id":4119,"href":"https:\/\/es.greenpeace.org\/es\/wp-json\/wp\/v2\/post_faqs\/2283\/revisions\/4119"}],"wp:attachment":[{"href":"https:\/\/es.greenpeace.org\/es\/wp-json\/wp\/v2\/media?parent=2283"}],"wp:term":[{"taxonomy":"category","embeddable":true,"href":"https:\/\/es.greenpeace.org\/es\/wp-json\/wp\/v2\/categories?post=2283"},{"taxonomy":"post_tag","embeddable":true,"href":"https:\/\/es.greenpeace.org\/es\/wp-json\/wp\/v2\/tags?post=2283"}],"curies":[{"name":"wp","href":"https:\/\/api.w.org\/{rel}","templated":true}]}}