{"id":2296,"date":"2017-11-09T11:14:14","date_gmt":"2017-11-09T10:14:14","guid":{"rendered":"https:\/\/es.greenpeace.org\/es\/?post_type=post_faqs&#038;p=2296"},"modified":"2021-08-27T15:17:04","modified_gmt":"2021-08-27T13:17:04","slug":"mi-vecino-quiere-cortar-un-arbol-de-mucho-valor-quisiera-denunciar-la-tala-de-un-arbol","status":"publish","type":"post_faqs","link":"https:\/\/es.greenpeace.org\/es\/preguntas-frecuentes\/mi-vecino-quiere-cortar-un-arbol-de-mucho-valor-quisiera-denunciar-la-tala-de-un-arbol\/","title":{"rendered":"Mi vecino quiere cortar un \u00e1rbol de mucho valor; quisiera denunciar la tala de un \u00e1rbol\u2026"},"content":{"rendered":"<p>Muchas gracias por ponerte en contacto con Greenpeace. Greenpeace es una organizaci\u00f3n internacional que trabaja para combatir los problemas ambientales del planeta, priorizando en aquellos que afectan de mayor manera a todo el mundo. Algunos de estos problemas son la deforestaci\u00f3n, la tala ilegal, la p\u00e9rdida de biodiversidad, la utilizaci\u00f3n de le\u00f1a en gran parte de los pa\u00edses en desarrollo, etc.<\/p>\n<p>Por este motivo los problemas de \u00edndole dom\u00e9stico o muy locales, que sin duda son reales e importantes, no son objeto del trabajo de Greenpeace.<\/p>\n<p>Greenpeace no hace campa\u00f1as ni se posiciona en los casos como el que denuncias. Si t\u00fa crees que se est\u00e1 realizando una infracci\u00f3n debes ponerlo en conocimiento del Servicio de Protecci\u00f3n de la Guardia Civil, Seprona.<\/p>\n<p>En cualquier caso, te agradecemos tu preocupaci\u00f3n por el medio ambiente y te animamos a que participes de manera activa en la protecci\u00f3n de los \u00e1rboles y los bosques.<\/p>\n","protected":false},"author":4,"featured_media":0,"parent":0,"template":"","meta":{"_acf_changed":false,"footnotes":""},"categories":[],"tags":[],"class_list":["post-2296","post_faqs","type-post_faqs","status-publish","hentry"],"acf":[],"yoast_head":"<!-- This site is optimized with the Yoast SEO plugin v27.1.1 - https:\/\/yoast.com\/product\/yoast-seo-wordpress\/ -->\n<title>Mi vecino quiere cortar un \u00e1rbol de mucho valor; quisiera denunciar la tala de un \u00e1rbol\u2026 - ES | Greenpeace Espa\u00f1a<\/title>\n<meta name=\"robots\" content=\"index, follow, max-snippet:-1, max-image-preview:large, max-video-preview:-1\" \/>\n<link rel=\"canonical\" href=\"https:\/\/es.greenpeace.org\/es\/preguntas-frecuentes\/mi-vecino-quiere-cortar-un-arbol-de-mucho-valor-quisiera-denunciar-la-tala-de-un-arbol\/\" \/>\n<meta property=\"og:locale\" content=\"es_ES\" \/>\n<meta property=\"og:type\" content=\"article\" \/>\n<meta property=\"og:title\" content=\"Mi vecino quiere cortar un \u00e1rbol de mucho valor; quisiera denunciar la tala de un \u00e1rbol\u2026 - ES | Greenpeace Espa\u00f1a\" \/>\n<meta property=\"og:description\" content=\"Muchas gracias por ponerte en contacto con Greenpeace. Greenpeace es una organizaci\u00f3n internacional que trabaja para combatir los problemas ambientales del planeta, priorizando en aquellos que afectan de mayor manera a todo el mundo. Algunos de estos problemas son la deforestaci\u00f3n, la tala ilegal, la p\u00e9rdida de biodiversidad, la utilizaci\u00f3n de le\u00f1a en gran parte [&hellip;]\" \/>\n<meta property=\"og:url\" content=\"https:\/\/es.greenpeace.org\/es\/preguntas-frecuentes\/mi-vecino-quiere-cortar-un-arbol-de-mucho-valor-quisiera-denunciar-la-tala-de-un-arbol\/\" \/>\n<meta property=\"og:site_name\" content=\"ES | Greenpeace Espa\u00f1a\" \/>\n<meta property=\"article:publisher\" content=\"https:\/\/www.facebook.com\/greenpeace.spain\" \/>\n<meta property=\"article:modified_time\" content=\"2021-08-27T13:17:04+00:00\" \/>\n<meta name=\"twitter:card\" content=\"summary_large_image\" \/>\n<meta name=\"twitter:site\" content=\"@greenpeace_esp\" \/>\n<meta name=\"twitter:label1\" content=\"Tiempo de lectura\" \/>\n\t<meta name=\"twitter:data1\" content=\"1 minuto\" \/>\n<script type=\"application\/ld+json\" class=\"yoast-schema-graph\">{\"@context\":\"https:\/\/schema.org\",\"@graph\":[{\"@type\":\"WebPage\",\"@id\":\"https:\/\/es.greenpeace.org\/es\/preguntas-frecuentes\/mi-vecino-quiere-cortar-un-arbol-de-mucho-valor-quisiera-denunciar-la-tala-de-un-arbol\/\",\"url\":\"https:\/\/es.greenpeace.org\/es\/preguntas-frecuentes\/mi-vecino-quiere-cortar-un-arbol-de-mucho-valor-quisiera-denunciar-la-tala-de-un-arbol\/\",\"name\":\"Mi vecino quiere cortar un \u00e1rbol de mucho valor; quisiera denunciar la tala de un \u00e1rbol\u2026 - ES | Greenpeace Espa\u00f1a\",\"isPartOf\":{\"@id\":\"https:\/\/es.greenpeace.org\/es\/#website\"},\"datePublished\":\"2017-11-09T10:14:14+00:00\",\"dateModified\":\"2021-08-27T13:17:04+00:00\",\"breadcrumb\":{\"@id\":\"https:\/\/es.greenpeace.org\/es\/preguntas-frecuentes\/mi-vecino-quiere-cortar-un-arbol-de-mucho-valor-quisiera-denunciar-la-tala-de-un-arbol\/#breadcrumb\"},\"inLanguage\":\"es\",\"potentialAction\":[{\"@type\":\"ReadAction\",\"target\":[\"https:\/\/es.greenpeace.org\/es\/preguntas-frecuentes\/mi-vecino-quiere-cortar-un-arbol-de-mucho-valor-quisiera-denunciar-la-tala-de-un-arbol\/\"]}]},{\"@type\":\"BreadcrumbList\",\"@id\":\"https:\/\/es.greenpeace.org\/es\/preguntas-frecuentes\/mi-vecino-quiere-cortar-un-arbol-de-mucho-valor-quisiera-denunciar-la-tala-de-un-arbol\/#breadcrumb\",\"itemListElement\":[{\"@type\":\"ListItem\",\"position\":1,\"name\":\"Home\",\"item\":\"https:\/\/es.greenpeace.org\/es\/\"},{\"@type\":\"ListItem\",\"position\":2,\"name\":\"Mi vecino quiere cortar un \u00e1rbol de mucho valor; quisiera denunciar la tala de un \u00e1rbol\u2026\"}]},{\"@type\":\"WebSite\",\"@id\":\"https:\/\/es.greenpeace.org\/es\/#website\",\"url\":\"https:\/\/es.greenpeace.org\/es\/\",\"name\":\"Greenpeace Espa\u00f1a\",\"description\":\"\",\"publisher\":{\"@id\":\"https:\/\/es.greenpeace.org\/es\/#organization\"},\"potentialAction\":[{\"@type\":\"SearchAction\",\"target\":{\"@type\":\"EntryPoint\",\"urlTemplate\":\"https:\/\/es.greenpeace.org\/es\/?s={search_term_string}\"},\"query-input\":{\"@type\":\"PropertyValueSpecification\",\"valueRequired\":true,\"valueName\":\"search_term_string\"}}],\"inLanguage\":\"es\"},{\"@type\":\"Organization\",\"@id\":\"https:\/\/es.greenpeace.org\/es\/#organization\",\"name\":\"Greenpeace Espa\u00f1a\",\"alternateName\":\"Greenpeace\",\"url\":\"https:\/\/es.greenpeace.org\/es\/\",\"logo\":{\"@type\":\"ImageObject\",\"inLanguage\":\"es\",\"@id\":\"https:\/\/es.greenpeace.org\/es\/#\/schema\/logo\/image\/\",\"url\":\"https:\/\/es.greenpeace.org\/es\/wp-content\/uploads\/sites\/3\/2024\/07\/greenpeace-logo-verde.svg\",\"contentUrl\":\"https:\/\/es.greenpeace.org\/es\/wp-content\/uploads\/sites\/3\/2024\/07\/greenpeace-logo-verde.svg\",\"width\":1,\"height\":1,\"caption\":\"Greenpeace Espa\u00f1a\"},\"image\":{\"@id\":\"https:\/\/es.greenpeace.org\/es\/#\/schema\/logo\/image\/\"},\"sameAs\":[\"https:\/\/www.facebook.com\/greenpeace.spain\",\"https:\/\/x.com\/greenpeace_esp\",\"https:\/\/www.instagram.com\/greenpeace_esp\/\"]}]}<\/script>\n<!-- \/ Yoast SEO plugin. -->","yoast_head_json":{"title":"Mi vecino quiere cortar un \u00e1rbol de mucho valor; quisiera denunciar la tala de un \u00e1rbol\u2026 - ES | Greenpeace Espa\u00f1a","robots":{"index":"index","follow":"follow","max-snippet":"max-snippet:-1","max-image-preview":"max-image-preview:large","max-video-preview":"max-video-preview:-1"},"canonical":"https:\/\/es.greenpeace.org\/es\/preguntas-frecuentes\/mi-vecino-quiere-cortar-un-arbol-de-mucho-valor-quisiera-denunciar-la-tala-de-un-arbol\/","og_locale":"es_ES","og_type":"article","og_title":"Mi vecino quiere cortar un \u00e1rbol de mucho valor; quisiera denunciar la tala de un \u00e1rbol\u2026 - ES | Greenpeace Espa\u00f1a","og_description":"Muchas gracias por ponerte en contacto con Greenpeace. Greenpeace es una organizaci\u00f3n internacional que trabaja para combatir los problemas ambientales del planeta, priorizando en aquellos que afectan de mayor manera a todo el mundo. Algunos de estos problemas son la deforestaci\u00f3n, la tala ilegal, la p\u00e9rdida de biodiversidad, la utilizaci\u00f3n de le\u00f1a en gran parte [&hellip;]","og_url":"https:\/\/es.greenpeace.org\/es\/preguntas-frecuentes\/mi-vecino-quiere-cortar-un-arbol-de-mucho-valor-quisiera-denunciar-la-tala-de-un-arbol\/","og_site_name":"ES | Greenpeace Espa\u00f1a","article_publisher":"https:\/\/www.facebook.com\/greenpeace.spain","article_modified_time":"2021-08-27T13:17:04+00:00","twitter_card":"summary_large_image","twitter_site":"@greenpeace_esp","twitter_misc":{"Tiempo de lectura":"1 minuto"},"schema":{"@context":"https:\/\/schema.org","@graph":[{"@type":"WebPage","@id":"https:\/\/es.greenpeace.org\/es\/preguntas-frecuentes\/mi-vecino-quiere-cortar-un-arbol-de-mucho-valor-quisiera-denunciar-la-tala-de-un-arbol\/","url":"https:\/\/es.greenpeace.org\/es\/preguntas-frecuentes\/mi-vecino-quiere-cortar-un-arbol-de-mucho-valor-quisiera-denunciar-la-tala-de-un-arbol\/","name":"Mi vecino quiere cortar un \u00e1rbol de mucho valor; quisiera denunciar la tala de un \u00e1rbol\u2026 - ES | Greenpeace Espa\u00f1a","isPartOf":{"@id":"https:\/\/es.greenpeace.org\/es\/#website"},"datePublished":"2017-11-09T10:14:14+00:00","dateModified":"2021-08-27T13:17:04+00:00","breadcrumb":{"@id":"https:\/\/es.greenpeace.org\/es\/preguntas-frecuentes\/mi-vecino-quiere-cortar-un-arbol-de-mucho-valor-quisiera-denunciar-la-tala-de-un-arbol\/#breadcrumb"},"inLanguage":"es","potentialAction":[{"@type":"ReadAction","target":["https:\/\/es.greenpeace.org\/es\/preguntas-frecuentes\/mi-vecino-quiere-cortar-un-arbol-de-mucho-valor-quisiera-denunciar-la-tala-de-un-arbol\/"]}]},{"@type":"BreadcrumbList","@id":"https:\/\/es.greenpeace.org\/es\/preguntas-frecuentes\/mi-vecino-quiere-cortar-un-arbol-de-mucho-valor-quisiera-denunciar-la-tala-de-un-arbol\/#breadcrumb","itemListElement":[{"@type":"ListItem","position":1,"name":"Home","item":"https:\/\/es.greenpeace.org\/es\/"},{"@type":"ListItem","position":2,"name":"Mi vecino quiere cortar un \u00e1rbol de mucho valor; quisiera denunciar la tala de un \u00e1rbol\u2026"}]},{"@type":"WebSite","@id":"https:\/\/es.greenpeace.org\/es\/#website","url":"https:\/\/es.greenpeace.org\/es\/","name":"Greenpeace Espa\u00f1a","description":"","publisher":{"@id":"https:\/\/es.greenpeace.org\/es\/#organization"},"potentialAction":[{"@type":"SearchAction","target":{"@type":"EntryPoint","urlTemplate":"https:\/\/es.greenpeace.org\/es\/?s={search_term_string}"},"query-input":{"@type":"PropertyValueSpecification","valueRequired":true,"valueName":"search_term_string"}}],"inLanguage":"es"},{"@type":"Organization","@id":"https:\/\/es.greenpeace.org\/es\/#organization","name":"Greenpeace Espa\u00f1a","alternateName":"Greenpeace","url":"https:\/\/es.greenpeace.org\/es\/","logo":{"@type":"ImageObject","inLanguage":"es","@id":"https:\/\/es.greenpeace.org\/es\/#\/schema\/logo\/image\/","url":"https:\/\/es.greenpeace.org\/es\/wp-content\/uploads\/sites\/3\/2024\/07\/greenpeace-logo-verde.svg","contentUrl":"https:\/\/es.greenpeace.org\/es\/wp-content\/uploads\/sites\/3\/2024\/07\/greenpeace-logo-verde.svg","width":1,"height":1,"caption":"Greenpeace Espa\u00f1a"},"image":{"@id":"https:\/\/es.greenpeace.org\/es\/#\/schema\/logo\/image\/"},"sameAs":["https:\/\/www.facebook.com\/greenpeace.spain","https:\/\/x.com\/greenpeace_esp","https:\/\/www.instagram.com\/greenpeace_esp\/"]}]}},"_links":{"self":[{"href":"https:\/\/es.greenpeace.org\/es\/wp-json\/wp\/v2\/post_faqs\/2296","targetHints":{"allow":["GET"]}}],"collection":[{"href":"https:\/\/es.greenpeace.org\/es\/wp-json\/wp\/v2\/post_faqs"}],"about":[{"href":"https:\/\/es.greenpeace.org\/es\/wp-json\/wp\/v2\/types\/post_faqs"}],"author":[{"embeddable":true,"href":"https:\/\/es.greenpeace.org\/es\/wp-json\/wp\/v2\/users\/4"}],"version-history":[{"count":3,"href":"https:\/\/es.greenpeace.org\/es\/wp-json\/wp\/v2\/post_faqs\/2296\/revisions"}],"predecessor-version":[{"id":36403,"href":"https:\/\/es.greenpeace.org\/es\/wp-json\/wp\/v2\/post_faqs\/2296\/revisions\/36403"}],"wp:attachment":[{"href":"https:\/\/es.greenpeace.org\/es\/wp-json\/wp\/v2\/media?parent=2296"}],"wp:term":[{"taxonomy":"category","embeddable":true,"href":"https:\/\/es.greenpeace.org\/es\/wp-json\/wp\/v2\/categories?post=2296"},{"taxonomy":"post_tag","embeddable":true,"href":"https:\/\/es.greenpeace.org\/es\/wp-json\/wp\/v2\/tags?post=2296"}],"curies":[{"name":"wp","href":"https:\/\/api.w.org\/{rel}","templated":true}]}}