{"id":2300,"date":"2017-11-09T11:17:28","date_gmt":"2017-11-09T10:17:28","guid":{"rendered":"https:\/\/es.greenpeace.org\/es\/?post_type=post_faqs&#038;p=2300"},"modified":"2017-12-14T08:13:21","modified_gmt":"2017-12-14T07:13:21","slug":"sobre-la-utilizacion-de-plantas-y-elementos-vegetales-en-navidad","status":"publish","type":"post_faqs","link":"https:\/\/es.greenpeace.org\/es\/preguntas-frecuentes\/sobre-la-utilizacion-de-plantas-y-elementos-vegetales-en-navidad\/","title":{"rendered":"Sobre la utilizaci\u00f3n de plantas y elementos vegetales en Navidad"},"content":{"rendered":"<p>Todos los a\u00f1os, en v\u00edsperas de la Navidad, surgen las mismas preguntas y los mismos dilemas. \u00bf\u00c1rbol natural o \u00e1rbol de pl\u00e1stico? \u00bfEs \u00e9tico adornar la casa con ramillas de acebo? \u00bfpodemos recoger musgo para nuestro Bel\u00e9n?<\/p>\n<p>El \u00e1rbol de pl\u00e1stico es una opci\u00f3n desacertada porque para la fabricaci\u00f3n del pl\u00e1stico se utilizan hidrocarburos y otros derivados del petr\u00f3leo y el propio proceso de fabricaci\u00f3n es muy contaminante. La misma producci\u00f3n de petr\u00f3leo est\u00e1 vinculada a conflictos b\u00e9licos. Si ya tienes un \u00e1rbol de pl\u00e1stico \u00fasalo hasta que puedas. Pero no compres un nuevo.<\/p>\n<p>Hoy en d\u00eda la mayor\u00eda de los \u00e1rboles de Navidad (abetos, piceas, pinos) procede de plantaciones y viveros. Tambi\u00e9n, las entresacas de ejemplares en repoblaciones de pinos pueden ir destinadas a este fin. En el caso de los \u00e1rboles de vivero que disponen de, en el mejor de los casos, un peque\u00f1o cepell\u00f3n con algunas ra\u00edces, merece la pena preguntarse si tiene sentido comprar un ejemplar que tiene pocas probabilidades de subsistir pasadas las Navidades.<\/p>\n<p>Algunas sugerencias para adornar la Navidad:<\/p>\n<ul>\n<li>Utilizar como \u201c\u00e1rbol de navidad\u201d un \u00e1rbol vivo en el jard\u00edn, la calle, comunidad de vecinos, etc.<\/li>\n<li>Utilizar como \u201c\u00e1rbol de navidad\u201d algunas de nuestras propias plantas de interior.<\/li>\n<li>Hacer nuestro propio \u00e1rbol con papel reciclado, ramas secas, hojas recogidas en el oto\u00f1o, envases reutilizados, etc.<\/li>\n<li>En caso de comprar una planta en un vivero, utilizar una especie mediterr\u00e1nea (madro\u00f1o, sabina, aladierno), planta que posteriormente se puede replantar, cuidando de que su ubicaci\u00f3n sea la m\u00e1s adecuada.<\/li>\n<li>Hacer adornos caseros con pi\u00f1as pintadas, ramas, troncos o productos reciclados.<\/li>\n<li>Utilizar el mu\u00e9rdago, que aunque en Espa\u00f1a no existe tanta tradici\u00f3n, en otros lugares de Europa y Am\u00e9rica, esta planta es considerada como &#8216;s\u00edmbolo&#8217; de la buena suerte. A menudo forma parte de peque\u00f1os ramos con otras plantas verdes, y casi siempre con bayas que son muy decorativas. Es f\u00e1cil de encontrar en los pinares y no supone un problema ya que es una planta que parasita los pinos.<\/li>\n<li>Plantas de Flor de Pascua.<\/li>\n<li>En caso de comprar ramilletes de acebo o rusco, solicitar siempre un certificado que garantice el origen legal.<\/li>\n<li>En vez de musgo, se puede utilizar piedras, corteza de \u00e1rboles, ramas secas, papel reciclado pintado, etc.<\/li>\n<\/ul>\n","protected":false},"author":4,"featured_media":0,"parent":0,"template":"","meta":{"_acf_changed":false,"footnotes":""},"categories":[],"tags":[],"class_list":["post-2300","post_faqs","type-post_faqs","status-publish","hentry"],"acf":[],"yoast_head":"<!-- This site is optimized with the Yoast SEO plugin v27.1.1 - https:\/\/yoast.com\/product\/yoast-seo-wordpress\/ -->\n<title>Sobre la utilizaci\u00f3n de plantas y elementos vegetales en Navidad - ES | Greenpeace Espa\u00f1a<\/title>\n<meta name=\"robots\" content=\"index, follow, max-snippet:-1, max-image-preview:large, max-video-preview:-1\" \/>\n<link rel=\"canonical\" href=\"https:\/\/es.greenpeace.org\/es\/preguntas-frecuentes\/sobre-la-utilizacion-de-plantas-y-elementos-vegetales-en-navidad\/\" \/>\n<meta property=\"og:locale\" content=\"es_ES\" \/>\n<meta property=\"og:type\" content=\"article\" \/>\n<meta property=\"og:title\" content=\"Sobre la utilizaci\u00f3n de plantas y elementos vegetales en Navidad - ES | Greenpeace Espa\u00f1a\" \/>\n<meta property=\"og:description\" content=\"Todos los a\u00f1os, en v\u00edsperas de la Navidad, surgen las mismas preguntas y los mismos dilemas. \u00bf\u00c1rbol natural o \u00e1rbol de pl\u00e1stico? \u00bfEs \u00e9tico adornar la casa con ramillas de acebo? \u00bfpodemos recoger musgo para nuestro Bel\u00e9n? El \u00e1rbol de pl\u00e1stico es una opci\u00f3n desacertada porque para la fabricaci\u00f3n del pl\u00e1stico se utilizan hidrocarburos y [&hellip;]\" \/>\n<meta property=\"og:url\" content=\"https:\/\/es.greenpeace.org\/es\/preguntas-frecuentes\/sobre-la-utilizacion-de-plantas-y-elementos-vegetales-en-navidad\/\" \/>\n<meta property=\"og:site_name\" content=\"ES | Greenpeace Espa\u00f1a\" \/>\n<meta property=\"article:publisher\" content=\"https:\/\/www.facebook.com\/greenpeace.spain\" \/>\n<meta property=\"article:modified_time\" content=\"2017-12-14T07:13:21+00:00\" \/>\n<meta name=\"twitter:card\" content=\"summary_large_image\" \/>\n<meta name=\"twitter:site\" content=\"@greenpeace_esp\" \/>\n<meta name=\"twitter:label1\" content=\"Tiempo de lectura\" \/>\n\t<meta name=\"twitter:data1\" content=\"2 minutos\" \/>\n<script type=\"application\/ld+json\" class=\"yoast-schema-graph\">{\"@context\":\"https:\/\/schema.org\",\"@graph\":[{\"@type\":\"WebPage\",\"@id\":\"https:\/\/es.greenpeace.org\/es\/preguntas-frecuentes\/sobre-la-utilizacion-de-plantas-y-elementos-vegetales-en-navidad\/\",\"url\":\"https:\/\/es.greenpeace.org\/es\/preguntas-frecuentes\/sobre-la-utilizacion-de-plantas-y-elementos-vegetales-en-navidad\/\",\"name\":\"Sobre la utilizaci\u00f3n de plantas y elementos vegetales en Navidad - ES | Greenpeace Espa\u00f1a\",\"isPartOf\":{\"@id\":\"https:\/\/es.greenpeace.org\/es\/#website\"},\"datePublished\":\"2017-11-09T10:17:28+00:00\",\"dateModified\":\"2017-12-14T07:13:21+00:00\",\"breadcrumb\":{\"@id\":\"https:\/\/es.greenpeace.org\/es\/preguntas-frecuentes\/sobre-la-utilizacion-de-plantas-y-elementos-vegetales-en-navidad\/#breadcrumb\"},\"inLanguage\":\"es\",\"potentialAction\":[{\"@type\":\"ReadAction\",\"target\":[\"https:\/\/es.greenpeace.org\/es\/preguntas-frecuentes\/sobre-la-utilizacion-de-plantas-y-elementos-vegetales-en-navidad\/\"]}]},{\"@type\":\"BreadcrumbList\",\"@id\":\"https:\/\/es.greenpeace.org\/es\/preguntas-frecuentes\/sobre-la-utilizacion-de-plantas-y-elementos-vegetales-en-navidad\/#breadcrumb\",\"itemListElement\":[{\"@type\":\"ListItem\",\"position\":1,\"name\":\"Home\",\"item\":\"https:\/\/es.greenpeace.org\/es\/\"},{\"@type\":\"ListItem\",\"position\":2,\"name\":\"Sobre la utilizaci\u00f3n de plantas y elementos vegetales en Navidad\"}]},{\"@type\":\"WebSite\",\"@id\":\"https:\/\/es.greenpeace.org\/es\/#website\",\"url\":\"https:\/\/es.greenpeace.org\/es\/\",\"name\":\"Greenpeace Espa\u00f1a\",\"description\":\"\",\"publisher\":{\"@id\":\"https:\/\/es.greenpeace.org\/es\/#organization\"},\"potentialAction\":[{\"@type\":\"SearchAction\",\"target\":{\"@type\":\"EntryPoint\",\"urlTemplate\":\"https:\/\/es.greenpeace.org\/es\/?s={search_term_string}\"},\"query-input\":{\"@type\":\"PropertyValueSpecification\",\"valueRequired\":true,\"valueName\":\"search_term_string\"}}],\"inLanguage\":\"es\"},{\"@type\":\"Organization\",\"@id\":\"https:\/\/es.greenpeace.org\/es\/#organization\",\"name\":\"Greenpeace Espa\u00f1a\",\"alternateName\":\"Greenpeace\",\"url\":\"https:\/\/es.greenpeace.org\/es\/\",\"logo\":{\"@type\":\"ImageObject\",\"inLanguage\":\"es\",\"@id\":\"https:\/\/es.greenpeace.org\/es\/#\/schema\/logo\/image\/\",\"url\":\"https:\/\/es.greenpeace.org\/es\/wp-content\/uploads\/sites\/3\/2024\/07\/greenpeace-logo-verde.svg\",\"contentUrl\":\"https:\/\/es.greenpeace.org\/es\/wp-content\/uploads\/sites\/3\/2024\/07\/greenpeace-logo-verde.svg\",\"width\":1,\"height\":1,\"caption\":\"Greenpeace Espa\u00f1a\"},\"image\":{\"@id\":\"https:\/\/es.greenpeace.org\/es\/#\/schema\/logo\/image\/\"},\"sameAs\":[\"https:\/\/www.facebook.com\/greenpeace.spain\",\"https:\/\/x.com\/greenpeace_esp\",\"https:\/\/www.instagram.com\/greenpeace_esp\/\"]}]}<\/script>\n<!-- \/ Yoast SEO plugin. -->","yoast_head_json":{"title":"Sobre la utilizaci\u00f3n de plantas y elementos vegetales en Navidad - ES | Greenpeace Espa\u00f1a","robots":{"index":"index","follow":"follow","max-snippet":"max-snippet:-1","max-image-preview":"max-image-preview:large","max-video-preview":"max-video-preview:-1"},"canonical":"https:\/\/es.greenpeace.org\/es\/preguntas-frecuentes\/sobre-la-utilizacion-de-plantas-y-elementos-vegetales-en-navidad\/","og_locale":"es_ES","og_type":"article","og_title":"Sobre la utilizaci\u00f3n de plantas y elementos vegetales en Navidad - ES | Greenpeace Espa\u00f1a","og_description":"Todos los a\u00f1os, en v\u00edsperas de la Navidad, surgen las mismas preguntas y los mismos dilemas. \u00bf\u00c1rbol natural o \u00e1rbol de pl\u00e1stico? \u00bfEs \u00e9tico adornar la casa con ramillas de acebo? \u00bfpodemos recoger musgo para nuestro Bel\u00e9n? El \u00e1rbol de pl\u00e1stico es una opci\u00f3n desacertada porque para la fabricaci\u00f3n del pl\u00e1stico se utilizan hidrocarburos y [&hellip;]","og_url":"https:\/\/es.greenpeace.org\/es\/preguntas-frecuentes\/sobre-la-utilizacion-de-plantas-y-elementos-vegetales-en-navidad\/","og_site_name":"ES | Greenpeace Espa\u00f1a","article_publisher":"https:\/\/www.facebook.com\/greenpeace.spain","article_modified_time":"2017-12-14T07:13:21+00:00","twitter_card":"summary_large_image","twitter_site":"@greenpeace_esp","twitter_misc":{"Tiempo de lectura":"2 minutos"},"schema":{"@context":"https:\/\/schema.org","@graph":[{"@type":"WebPage","@id":"https:\/\/es.greenpeace.org\/es\/preguntas-frecuentes\/sobre-la-utilizacion-de-plantas-y-elementos-vegetales-en-navidad\/","url":"https:\/\/es.greenpeace.org\/es\/preguntas-frecuentes\/sobre-la-utilizacion-de-plantas-y-elementos-vegetales-en-navidad\/","name":"Sobre la utilizaci\u00f3n de plantas y elementos vegetales en Navidad - ES | Greenpeace Espa\u00f1a","isPartOf":{"@id":"https:\/\/es.greenpeace.org\/es\/#website"},"datePublished":"2017-11-09T10:17:28+00:00","dateModified":"2017-12-14T07:13:21+00:00","breadcrumb":{"@id":"https:\/\/es.greenpeace.org\/es\/preguntas-frecuentes\/sobre-la-utilizacion-de-plantas-y-elementos-vegetales-en-navidad\/#breadcrumb"},"inLanguage":"es","potentialAction":[{"@type":"ReadAction","target":["https:\/\/es.greenpeace.org\/es\/preguntas-frecuentes\/sobre-la-utilizacion-de-plantas-y-elementos-vegetales-en-navidad\/"]}]},{"@type":"BreadcrumbList","@id":"https:\/\/es.greenpeace.org\/es\/preguntas-frecuentes\/sobre-la-utilizacion-de-plantas-y-elementos-vegetales-en-navidad\/#breadcrumb","itemListElement":[{"@type":"ListItem","position":1,"name":"Home","item":"https:\/\/es.greenpeace.org\/es\/"},{"@type":"ListItem","position":2,"name":"Sobre la utilizaci\u00f3n de plantas y elementos vegetales en Navidad"}]},{"@type":"WebSite","@id":"https:\/\/es.greenpeace.org\/es\/#website","url":"https:\/\/es.greenpeace.org\/es\/","name":"Greenpeace Espa\u00f1a","description":"","publisher":{"@id":"https:\/\/es.greenpeace.org\/es\/#organization"},"potentialAction":[{"@type":"SearchAction","target":{"@type":"EntryPoint","urlTemplate":"https:\/\/es.greenpeace.org\/es\/?s={search_term_string}"},"query-input":{"@type":"PropertyValueSpecification","valueRequired":true,"valueName":"search_term_string"}}],"inLanguage":"es"},{"@type":"Organization","@id":"https:\/\/es.greenpeace.org\/es\/#organization","name":"Greenpeace Espa\u00f1a","alternateName":"Greenpeace","url":"https:\/\/es.greenpeace.org\/es\/","logo":{"@type":"ImageObject","inLanguage":"es","@id":"https:\/\/es.greenpeace.org\/es\/#\/schema\/logo\/image\/","url":"https:\/\/es.greenpeace.org\/es\/wp-content\/uploads\/sites\/3\/2024\/07\/greenpeace-logo-verde.svg","contentUrl":"https:\/\/es.greenpeace.org\/es\/wp-content\/uploads\/sites\/3\/2024\/07\/greenpeace-logo-verde.svg","width":1,"height":1,"caption":"Greenpeace Espa\u00f1a"},"image":{"@id":"https:\/\/es.greenpeace.org\/es\/#\/schema\/logo\/image\/"},"sameAs":["https:\/\/www.facebook.com\/greenpeace.spain","https:\/\/x.com\/greenpeace_esp","https:\/\/www.instagram.com\/greenpeace_esp\/"]}]}},"_links":{"self":[{"href":"https:\/\/es.greenpeace.org\/es\/wp-json\/wp\/v2\/post_faqs\/2300","targetHints":{"allow":["GET"]}}],"collection":[{"href":"https:\/\/es.greenpeace.org\/es\/wp-json\/wp\/v2\/post_faqs"}],"about":[{"href":"https:\/\/es.greenpeace.org\/es\/wp-json\/wp\/v2\/types\/post_faqs"}],"author":[{"embeddable":true,"href":"https:\/\/es.greenpeace.org\/es\/wp-json\/wp\/v2\/users\/4"}],"version-history":[{"count":4,"href":"https:\/\/es.greenpeace.org\/es\/wp-json\/wp\/v2\/post_faqs\/2300\/revisions"}],"predecessor-version":[{"id":4147,"href":"https:\/\/es.greenpeace.org\/es\/wp-json\/wp\/v2\/post_faqs\/2300\/revisions\/4147"}],"wp:attachment":[{"href":"https:\/\/es.greenpeace.org\/es\/wp-json\/wp\/v2\/media?parent=2300"}],"wp:term":[{"taxonomy":"category","embeddable":true,"href":"https:\/\/es.greenpeace.org\/es\/wp-json\/wp\/v2\/categories?post=2300"},{"taxonomy":"post_tag","embeddable":true,"href":"https:\/\/es.greenpeace.org\/es\/wp-json\/wp\/v2\/tags?post=2300"}],"curies":[{"name":"wp","href":"https:\/\/api.w.org\/{rel}","templated":true}]}}