{"id":2324,"date":"2017-11-09T11:35:41","date_gmt":"2017-11-09T10:35:41","guid":{"rendered":"https:\/\/es.greenpeace.org\/es\/?post_type=post_faqs&#038;p=2324"},"modified":"2017-12-14T07:53:37","modified_gmt":"2017-12-14T06:53:37","slug":"es-verdad-que-la-energia-nuclear-es-barata","status":"publish","type":"post_faqs","link":"https:\/\/es.greenpeace.org\/es\/preguntas-frecuentes\/es-verdad-que-la-energia-nuclear-es-barata\/","title":{"rendered":"\u00bfEs verdad que la energ\u00eda nuclear es barata?"},"content":{"rendered":"<p>Falso. Es una energ\u00eda muy cara. Adem\u00e1s de las elevadas inversiones iniciales que necesitan de apoyo estatal, tal y como se demuestra recientemente en el caso del proyecto del Reino Unido, no se incluyen todos los costes de la gesti\u00f3n de los residuos y del desmantelamiento, tampoco est\u00e1n incluidos todos los costes de los seguros de responsabilidad en caso de accidente, los costes de actualizaci\u00f3n de las medidas de seguridad pueden motivar su cierre por falta de rentabilidad, a pesar incluso de tener amortizada completamente la instalaci\u00f3n; y por \u00faltimo en caso de accidente nuclear los costes son incalculables.<\/p>\n<p>Buena prueba de ello es el caso de Garo\u00f1a, una central nuclear que con sus instalaciones amortizadas, y sin haber tenido que realizar inversiones en seguridad, cerr\u00f3 en 2012 por motivos econ\u00f3micos.<\/p>\n<p>No hay que confundir que la energ\u00eda nuclear oferta a precio cero en el mercado mayorista, por cuestiones t\u00e9cnicas, pero sus costes no tienen nada que ver con este precio de oferta. El precio final que realmente recibe es el mismo que cualquier otra fuente de energ\u00eda.<\/p>\n","protected":false},"author":4,"featured_media":0,"parent":0,"template":"","meta":{"_acf_changed":false,"footnotes":""},"categories":[],"tags":[],"class_list":["post-2324","post_faqs","type-post_faqs","status-publish","hentry"],"acf":[],"yoast_head":"<!-- This site is optimized with the Yoast SEO plugin v27.1.1 - https:\/\/yoast.com\/product\/yoast-seo-wordpress\/ -->\n<title>\u00bfEs verdad que la energ\u00eda nuclear es barata? - ES | Greenpeace Espa\u00f1a<\/title>\n<meta name=\"robots\" content=\"index, follow, max-snippet:-1, max-image-preview:large, max-video-preview:-1\" \/>\n<link rel=\"canonical\" href=\"https:\/\/es.greenpeace.org\/es\/preguntas-frecuentes\/es-verdad-que-la-energia-nuclear-es-barata\/\" \/>\n<meta property=\"og:locale\" content=\"es_ES\" \/>\n<meta property=\"og:type\" content=\"article\" \/>\n<meta property=\"og:title\" content=\"\u00bfEs verdad que la energ\u00eda nuclear es barata? - ES | Greenpeace Espa\u00f1a\" \/>\n<meta property=\"og:description\" content=\"Falso. Es una energ\u00eda muy cara. Adem\u00e1s de las elevadas inversiones iniciales que necesitan de apoyo estatal, tal y como se demuestra recientemente en el caso del proyecto del Reino Unido, no se incluyen todos los costes de la gesti\u00f3n de los residuos y del desmantelamiento, tampoco est\u00e1n incluidos todos los costes de los seguros [&hellip;]\" \/>\n<meta property=\"og:url\" content=\"https:\/\/es.greenpeace.org\/es\/preguntas-frecuentes\/es-verdad-que-la-energia-nuclear-es-barata\/\" \/>\n<meta property=\"og:site_name\" content=\"ES | Greenpeace Espa\u00f1a\" \/>\n<meta property=\"article:publisher\" content=\"https:\/\/www.facebook.com\/greenpeace.spain\" \/>\n<meta property=\"article:modified_time\" content=\"2017-12-14T06:53:37+00:00\" \/>\n<meta name=\"twitter:card\" content=\"summary_large_image\" \/>\n<meta name=\"twitter:site\" content=\"@greenpeace_esp\" \/>\n<meta name=\"twitter:label1\" content=\"Tiempo de lectura\" \/>\n\t<meta name=\"twitter:data1\" content=\"1 minuto\" \/>\n<script type=\"application\/ld+json\" class=\"yoast-schema-graph\">{\"@context\":\"https:\/\/schema.org\",\"@graph\":[{\"@type\":\"WebPage\",\"@id\":\"https:\/\/es.greenpeace.org\/es\/preguntas-frecuentes\/es-verdad-que-la-energia-nuclear-es-barata\/\",\"url\":\"https:\/\/es.greenpeace.org\/es\/preguntas-frecuentes\/es-verdad-que-la-energia-nuclear-es-barata\/\",\"name\":\"\u00bfEs verdad que la energ\u00eda nuclear es barata? - ES | Greenpeace Espa\u00f1a\",\"isPartOf\":{\"@id\":\"https:\/\/es.greenpeace.org\/es\/#website\"},\"datePublished\":\"2017-11-09T10:35:41+00:00\",\"dateModified\":\"2017-12-14T06:53:37+00:00\",\"breadcrumb\":{\"@id\":\"https:\/\/es.greenpeace.org\/es\/preguntas-frecuentes\/es-verdad-que-la-energia-nuclear-es-barata\/#breadcrumb\"},\"inLanguage\":\"es\",\"potentialAction\":[{\"@type\":\"ReadAction\",\"target\":[\"https:\/\/es.greenpeace.org\/es\/preguntas-frecuentes\/es-verdad-que-la-energia-nuclear-es-barata\/\"]}]},{\"@type\":\"BreadcrumbList\",\"@id\":\"https:\/\/es.greenpeace.org\/es\/preguntas-frecuentes\/es-verdad-que-la-energia-nuclear-es-barata\/#breadcrumb\",\"itemListElement\":[{\"@type\":\"ListItem\",\"position\":1,\"name\":\"Home\",\"item\":\"https:\/\/es.greenpeace.org\/es\/\"},{\"@type\":\"ListItem\",\"position\":2,\"name\":\"\u00bfEs verdad que la energ\u00eda nuclear es barata?\"}]},{\"@type\":\"WebSite\",\"@id\":\"https:\/\/es.greenpeace.org\/es\/#website\",\"url\":\"https:\/\/es.greenpeace.org\/es\/\",\"name\":\"Greenpeace Espa\u00f1a\",\"description\":\"\",\"publisher\":{\"@id\":\"https:\/\/es.greenpeace.org\/es\/#organization\"},\"potentialAction\":[{\"@type\":\"SearchAction\",\"target\":{\"@type\":\"EntryPoint\",\"urlTemplate\":\"https:\/\/es.greenpeace.org\/es\/?s={search_term_string}\"},\"query-input\":{\"@type\":\"PropertyValueSpecification\",\"valueRequired\":true,\"valueName\":\"search_term_string\"}}],\"inLanguage\":\"es\"},{\"@type\":\"Organization\",\"@id\":\"https:\/\/es.greenpeace.org\/es\/#organization\",\"name\":\"Greenpeace Espa\u00f1a\",\"alternateName\":\"Greenpeace\",\"url\":\"https:\/\/es.greenpeace.org\/es\/\",\"logo\":{\"@type\":\"ImageObject\",\"inLanguage\":\"es\",\"@id\":\"https:\/\/es.greenpeace.org\/es\/#\/schema\/logo\/image\/\",\"url\":\"https:\/\/es.greenpeace.org\/es\/wp-content\/uploads\/sites\/3\/2024\/07\/greenpeace-logo-verde.svg\",\"contentUrl\":\"https:\/\/es.greenpeace.org\/es\/wp-content\/uploads\/sites\/3\/2024\/07\/greenpeace-logo-verde.svg\",\"width\":1,\"height\":1,\"caption\":\"Greenpeace Espa\u00f1a\"},\"image\":{\"@id\":\"https:\/\/es.greenpeace.org\/es\/#\/schema\/logo\/image\/\"},\"sameAs\":[\"https:\/\/www.facebook.com\/greenpeace.spain\",\"https:\/\/x.com\/greenpeace_esp\",\"https:\/\/www.instagram.com\/greenpeace_esp\/\"]}]}<\/script>\n<!-- \/ Yoast SEO plugin. -->","yoast_head_json":{"title":"\u00bfEs verdad que la energ\u00eda nuclear es barata? - ES | Greenpeace Espa\u00f1a","robots":{"index":"index","follow":"follow","max-snippet":"max-snippet:-1","max-image-preview":"max-image-preview:large","max-video-preview":"max-video-preview:-1"},"canonical":"https:\/\/es.greenpeace.org\/es\/preguntas-frecuentes\/es-verdad-que-la-energia-nuclear-es-barata\/","og_locale":"es_ES","og_type":"article","og_title":"\u00bfEs verdad que la energ\u00eda nuclear es barata? - ES | Greenpeace Espa\u00f1a","og_description":"Falso. Es una energ\u00eda muy cara. Adem\u00e1s de las elevadas inversiones iniciales que necesitan de apoyo estatal, tal y como se demuestra recientemente en el caso del proyecto del Reino Unido, no se incluyen todos los costes de la gesti\u00f3n de los residuos y del desmantelamiento, tampoco est\u00e1n incluidos todos los costes de los seguros [&hellip;]","og_url":"https:\/\/es.greenpeace.org\/es\/preguntas-frecuentes\/es-verdad-que-la-energia-nuclear-es-barata\/","og_site_name":"ES | Greenpeace Espa\u00f1a","article_publisher":"https:\/\/www.facebook.com\/greenpeace.spain","article_modified_time":"2017-12-14T06:53:37+00:00","twitter_card":"summary_large_image","twitter_site":"@greenpeace_esp","twitter_misc":{"Tiempo de lectura":"1 minuto"},"schema":{"@context":"https:\/\/schema.org","@graph":[{"@type":"WebPage","@id":"https:\/\/es.greenpeace.org\/es\/preguntas-frecuentes\/es-verdad-que-la-energia-nuclear-es-barata\/","url":"https:\/\/es.greenpeace.org\/es\/preguntas-frecuentes\/es-verdad-que-la-energia-nuclear-es-barata\/","name":"\u00bfEs verdad que la energ\u00eda nuclear es barata? - ES | Greenpeace Espa\u00f1a","isPartOf":{"@id":"https:\/\/es.greenpeace.org\/es\/#website"},"datePublished":"2017-11-09T10:35:41+00:00","dateModified":"2017-12-14T06:53:37+00:00","breadcrumb":{"@id":"https:\/\/es.greenpeace.org\/es\/preguntas-frecuentes\/es-verdad-que-la-energia-nuclear-es-barata\/#breadcrumb"},"inLanguage":"es","potentialAction":[{"@type":"ReadAction","target":["https:\/\/es.greenpeace.org\/es\/preguntas-frecuentes\/es-verdad-que-la-energia-nuclear-es-barata\/"]}]},{"@type":"BreadcrumbList","@id":"https:\/\/es.greenpeace.org\/es\/preguntas-frecuentes\/es-verdad-que-la-energia-nuclear-es-barata\/#breadcrumb","itemListElement":[{"@type":"ListItem","position":1,"name":"Home","item":"https:\/\/es.greenpeace.org\/es\/"},{"@type":"ListItem","position":2,"name":"\u00bfEs verdad que la energ\u00eda nuclear es barata?"}]},{"@type":"WebSite","@id":"https:\/\/es.greenpeace.org\/es\/#website","url":"https:\/\/es.greenpeace.org\/es\/","name":"Greenpeace Espa\u00f1a","description":"","publisher":{"@id":"https:\/\/es.greenpeace.org\/es\/#organization"},"potentialAction":[{"@type":"SearchAction","target":{"@type":"EntryPoint","urlTemplate":"https:\/\/es.greenpeace.org\/es\/?s={search_term_string}"},"query-input":{"@type":"PropertyValueSpecification","valueRequired":true,"valueName":"search_term_string"}}],"inLanguage":"es"},{"@type":"Organization","@id":"https:\/\/es.greenpeace.org\/es\/#organization","name":"Greenpeace Espa\u00f1a","alternateName":"Greenpeace","url":"https:\/\/es.greenpeace.org\/es\/","logo":{"@type":"ImageObject","inLanguage":"es","@id":"https:\/\/es.greenpeace.org\/es\/#\/schema\/logo\/image\/","url":"https:\/\/es.greenpeace.org\/es\/wp-content\/uploads\/sites\/3\/2024\/07\/greenpeace-logo-verde.svg","contentUrl":"https:\/\/es.greenpeace.org\/es\/wp-content\/uploads\/sites\/3\/2024\/07\/greenpeace-logo-verde.svg","width":1,"height":1,"caption":"Greenpeace Espa\u00f1a"},"image":{"@id":"https:\/\/es.greenpeace.org\/es\/#\/schema\/logo\/image\/"},"sameAs":["https:\/\/www.facebook.com\/greenpeace.spain","https:\/\/x.com\/greenpeace_esp","https:\/\/www.instagram.com\/greenpeace_esp\/"]}]}},"_links":{"self":[{"href":"https:\/\/es.greenpeace.org\/es\/wp-json\/wp\/v2\/post_faqs\/2324","targetHints":{"allow":["GET"]}}],"collection":[{"href":"https:\/\/es.greenpeace.org\/es\/wp-json\/wp\/v2\/post_faqs"}],"about":[{"href":"https:\/\/es.greenpeace.org\/es\/wp-json\/wp\/v2\/types\/post_faqs"}],"author":[{"embeddable":true,"href":"https:\/\/es.greenpeace.org\/es\/wp-json\/wp\/v2\/users\/4"}],"version-history":[{"count":3,"href":"https:\/\/es.greenpeace.org\/es\/wp-json\/wp\/v2\/post_faqs\/2324\/revisions"}],"predecessor-version":[{"id":4100,"href":"https:\/\/es.greenpeace.org\/es\/wp-json\/wp\/v2\/post_faqs\/2324\/revisions\/4100"}],"wp:attachment":[{"href":"https:\/\/es.greenpeace.org\/es\/wp-json\/wp\/v2\/media?parent=2324"}],"wp:term":[{"taxonomy":"category","embeddable":true,"href":"https:\/\/es.greenpeace.org\/es\/wp-json\/wp\/v2\/categories?post=2324"},{"taxonomy":"post_tag","embeddable":true,"href":"https:\/\/es.greenpeace.org\/es\/wp-json\/wp\/v2\/tags?post=2324"}],"curies":[{"name":"wp","href":"https:\/\/api.w.org\/{rel}","templated":true}]}}