{"id":25988,"date":"2020-06-03T12:26:59","date_gmt":"2020-06-03T10:26:59","guid":{"rendered":"https:\/\/es.greenpeace.org\/es\/?post_type=post_profundidad&#038;p=25988"},"modified":"2020-06-03T13:43:16","modified_gmt":"2020-06-03T11:43:16","slug":"el-cambio-no-puede-ser-solo-dentro","status":"publish","type":"post_profundidad","link":"https:\/\/es.greenpeace.org\/es\/en-profundidad\/darle-la-vuelta-al-sistema\/el-cambio-no-puede-ser-solo-dentro\/","title":{"rendered":"El cambio no puede ser solo dentro"},"content":{"rendered":"<p>Esta es una crisis global y, como tal, necesita una respuesta global. Todas las medidas contra esta pandemia o la crisis ecol\u00f3gica que enfrentamos fracasar\u00e1n si no se combaten a nivel internacional. Por ello el GND propuesto tiene que ir m\u00e1s all\u00e1 de nuestras fronteras.<\/p>\n<p>Necesitamos una Uni\u00f3n Europea responsable que asuma el liderazgo internacional y contribuya sustancialmente a elevar la ambici\u00f3n en la lucha contra la emergencia clim\u00e1tica y la crisis social. No en vano, la crisis de la Covid-19 nos ha demostrado la fragilidad e interdependencia de la naturaleza y el ser humano.<\/p>\n<p><b>La respuesta a los desaf\u00edos globales, debe darse abordando los desaf\u00edos europeos. <\/b>Los Estados miembros no deben rehuir sus funciones internacionalistas: solidaridad internacional, protecci\u00f3n de los derechos humanos y proactividad como actor global. La pol\u00edtica exterior de la UE debe retomar los valores de libertad, justicia y democracia sobre los que se edific\u00f3 el proyecto europeo.<\/p>\n<p>El Gobierno espa\u00f1ol debe defender el rol de liderazgo de la UE con la apuesta por la renovaci\u00f3n de los mecanismos de gobernanza global. <b>Se necesita un sistema multilateral renovado y resiliente que de respuesta a los problemas del siglo XXI. <\/b>Un nuevo Pacto Global y Europeo que asegure el bienestar y la resiliencia de la comunidad global. Un nuevo pacto intergeneracional e interseccional con la naturaleza. Un pacto que d\u00e9 prioridad al fomento de la paz y la protecci\u00f3n de los l\u00edmites planetarios sobre los impulsores de la destrucci\u00f3n, el extractivismo y la maximizaci\u00f3n de los beneficios, o la tergiversada idea de seguridad desde la securitizaci\u00f3n de nuestras vidas.<\/p>\n<p>Para proteger y promover la libertad, la justicia, la solidaridad y derechos humanos, la UE debe mostrarse firme en su defensa de la libertad de expresi\u00f3n, reuni\u00f3n, asociaci\u00f3n, la protecci\u00f3n de personas defensoras de los derechos humanos y denunciantes y otros derechos vulnerados dentro y fuera de sus fronteras. En este sentido, el viejo continente debe oponerse radicalmente a las tendencias y comportamientos autocr\u00e1ticos de muchos estados.<\/p>\n<p>La UE tiene que asegurar una respuesta para el mundo en desarrollo. Como resultado de la pandemia de la Covid-19, millones de personas en algunos de los pa\u00edses m\u00e1s pobres del planeta ver\u00e1n agudizados sus problemas econ\u00f3micos, sociales y de desigualdad, de salud\u2026 La UE debe asegurar la ayuda humanitaria, la asistencia m\u00e9dica y el alivio de la deuda, incluyendo la cancelaci\u00f3n completa de obligaciones de deuda mantenidas por todos los pa\u00edses empobrecidos.<\/p>\n<p><b>El mundo pide a gritos el reequilibrio y la reestructuraci\u00f3n de las reglas del libre comercio. <\/b>El actual r\u00e9gimen mundial de comercio e inversi\u00f3n impone altos costes sociales y ambientales a las personas y al planeta. En muchos casos, los gobiernos favorecen el comercio por encima de las normas sociales y ambientales, y obvian la necesidad de regular normas que promuevan y protejan el inter\u00e9s p\u00fablico. Normas para que corporaciones e inversores est\u00e9n sometidos a reglas vinculantes sobre responsabilidad corporativa, rendici\u00f3n de cuentas y otras obligaciones. No podemos obviar que es urgente controlar, vigilar y establecer la debida diligencia para que las cadenas de suministro de las empresas garanticen el cumplimiento de los derechos humanos. Adem\u00e1s, los Estados miembros deben actuar con coherencia y no alimentar las estrategias de militarizaci\u00f3n de terceros pa\u00edses a trav\u00e9s de la transferencia de tecnolog\u00eda, armamento o material de doble uso.<\/p>\n<p>En materia de comercio, pese a la globalizaci\u00f3n del sistema mundo, es necesario\u00a0 recortar la distancia entre producci\u00f3n y consumo, asegurando y garantizando los m\u00ednimos vitales para el conjunto de la poblaci\u00f3n. Un sistema de comercio renovado europeo debe combinar la restauraci\u00f3n y relocalizaci\u00f3n de producciones estrat\u00e9gicas directamente relacionadas con los servicios b\u00e1sicos (alimentaci\u00f3n, salud, agua y energ\u00eda)\u00a0 y la reindustrializaci\u00f3n de muchos sectores asegurando la sostenibilidad las cadenas de suministro.<\/p>\n","protected":false},"author":44,"featured_media":25989,"parent":25966,"menu_order":3,"template":"","meta":{"_acf_changed":false,"footnotes":""},"categories":[],"tags":[],"class_list":["post-25988","post_profundidad","type-post_profundidad","status-publish","has-post-thumbnail","hentry"],"acf":[],"yoast_head":"<!-- This site is optimized with the Yoast SEO plugin v27.1.1 - https:\/\/yoast.com\/product\/yoast-seo-wordpress\/ -->\n<title>El cambio no puede ser solo dentro - ES | Greenpeace Espa\u00f1a<\/title>\n<meta name=\"robots\" content=\"index, follow, max-snippet:-1, max-image-preview:large, max-video-preview:-1\" \/>\n<link rel=\"canonical\" href=\"https:\/\/es.greenpeace.org\/es\/en-profundidad\/darle-la-vuelta-al-sistema\/el-cambio-no-puede-ser-solo-dentro\/\" \/>\n<meta property=\"og:locale\" content=\"es_ES\" \/>\n<meta property=\"og:type\" content=\"article\" \/>\n<meta property=\"og:title\" content=\"El cambio no puede ser solo dentro - ES | Greenpeace Espa\u00f1a\" \/>\n<meta property=\"og:description\" content=\"Esta es una crisis global y, como tal, necesita una respuesta global. Todas las medidas contra esta pandemia o la crisis ecol\u00f3gica que enfrentamos fracasar\u00e1n si no se combaten a nivel internacional. Por ello el GND propuesto tiene que ir m\u00e1s all\u00e1 de nuestras fronteras. Necesitamos una Uni\u00f3n Europea responsable que asuma el liderazgo internacional [&hellip;]\" \/>\n<meta property=\"og:url\" content=\"https:\/\/es.greenpeace.org\/es\/en-profundidad\/darle-la-vuelta-al-sistema\/el-cambio-no-puede-ser-solo-dentro\/\" \/>\n<meta property=\"og:site_name\" content=\"ES | Greenpeace Espa\u00f1a\" \/>\n<meta property=\"article:publisher\" content=\"https:\/\/www.facebook.com\/greenpeace.spain\" \/>\n<meta property=\"article:modified_time\" content=\"2020-06-03T11:43:16+00:00\" \/>\n<meta property=\"og:image\" content=\"https:\/\/es.greenpeace.org\/es\/wp-content\/uploads\/sites\/3\/2020\/06\/GPES20200519PA0126-X41.jpg\" \/>\n\t<meta property=\"og:image:width\" content=\"2048\" \/>\n\t<meta property=\"og:image:height\" content=\"1365\" \/>\n\t<meta property=\"og:image:type\" content=\"image\/jpeg\" \/>\n<meta name=\"twitter:card\" content=\"summary_large_image\" \/>\n<meta name=\"twitter:site\" content=\"@greenpeace_esp\" \/>\n<meta name=\"twitter:label1\" content=\"Tiempo de lectura\" \/>\n\t<meta name=\"twitter:data1\" content=\"3 minutos\" \/>\n<script type=\"application\/ld+json\" class=\"yoast-schema-graph\">{\"@context\":\"https:\/\/schema.org\",\"@graph\":[{\"@type\":\"WebPage\",\"@id\":\"https:\/\/es.greenpeace.org\/es\/en-profundidad\/darle-la-vuelta-al-sistema\/el-cambio-no-puede-ser-solo-dentro\/\",\"url\":\"https:\/\/es.greenpeace.org\/es\/en-profundidad\/darle-la-vuelta-al-sistema\/el-cambio-no-puede-ser-solo-dentro\/\",\"name\":\"El cambio no puede ser solo dentro - ES | Greenpeace Espa\u00f1a\",\"isPartOf\":{\"@id\":\"https:\/\/es.greenpeace.org\/es\/#website\"},\"primaryImageOfPage\":{\"@id\":\"https:\/\/es.greenpeace.org\/es\/en-profundidad\/darle-la-vuelta-al-sistema\/el-cambio-no-puede-ser-solo-dentro\/#primaryimage\"},\"image\":{\"@id\":\"https:\/\/es.greenpeace.org\/es\/en-profundidad\/darle-la-vuelta-al-sistema\/el-cambio-no-puede-ser-solo-dentro\/#primaryimage\"},\"thumbnailUrl\":\"https:\/\/es.greenpeace.org\/es\/wp-content\/uploads\/sites\/3\/2020\/06\/GPES20200519PA0126-X41.jpg\",\"datePublished\":\"2020-06-03T10:26:59+00:00\",\"dateModified\":\"2020-06-03T11:43:16+00:00\",\"breadcrumb\":{\"@id\":\"https:\/\/es.greenpeace.org\/es\/en-profundidad\/darle-la-vuelta-al-sistema\/el-cambio-no-puede-ser-solo-dentro\/#breadcrumb\"},\"inLanguage\":\"es\",\"potentialAction\":[{\"@type\":\"ReadAction\",\"target\":[\"https:\/\/es.greenpeace.org\/es\/en-profundidad\/darle-la-vuelta-al-sistema\/el-cambio-no-puede-ser-solo-dentro\/\"]}]},{\"@type\":\"ImageObject\",\"inLanguage\":\"es\",\"@id\":\"https:\/\/es.greenpeace.org\/es\/en-profundidad\/darle-la-vuelta-al-sistema\/el-cambio-no-puede-ser-solo-dentro\/#primaryimage\",\"url\":\"https:\/\/es.greenpeace.org\/es\/wp-content\/uploads\/sites\/3\/2020\/06\/GPES20200519PA0126-X41.jpg\",\"contentUrl\":\"https:\/\/es.greenpeace.org\/es\/wp-content\/uploads\/sites\/3\/2020\/06\/GPES20200519PA0126-X41.jpg\",\"width\":2048,\"height\":1365,\"caption\":\"19\/05\/2020. Colmenar Viejo, Madrid, Comunidad de Madrid, Espa\u00f1a. Hace unos meses, el mayor reto que enfrentaba la humanidad eran las crisis clim\u00e1tica y de biodiversidad: frenarlas a tiempo para no alcanzar un punto de no retorno y adaptarse a los impactos del cambio clim\u00e1tico que ya no se puedan evitar. Hoy la prioridad sigue siendo la misma, pero se le ha sumado una pandemia que ha dejado en evidencia la vulnerabilidad de las ciudades, los pa\u00edses, el planeta y, por tanto, de quienes habitamos en ellas. \u00a9Greenpeace\/Pedro\"},{\"@type\":\"BreadcrumbList\",\"@id\":\"https:\/\/es.greenpeace.org\/es\/en-profundidad\/darle-la-vuelta-al-sistema\/el-cambio-no-puede-ser-solo-dentro\/#breadcrumb\",\"itemListElement\":[{\"@type\":\"ListItem\",\"position\":1,\"name\":\"Home\",\"item\":\"https:\/\/es.greenpeace.org\/es\/\"},{\"@type\":\"ListItem\",\"position\":2,\"name\":\"Darle la vuelta al sistema\",\"item\":\"https:\/\/es.greenpeace.org\/es\/en-profundidad\/darle-la-vuelta-al-sistema\/\"},{\"@type\":\"ListItem\",\"position\":3,\"name\":\"El cambio no puede ser solo dentro\"}]},{\"@type\":\"WebSite\",\"@id\":\"https:\/\/es.greenpeace.org\/es\/#website\",\"url\":\"https:\/\/es.greenpeace.org\/es\/\",\"name\":\"Greenpeace Espa\u00f1a\",\"description\":\"\",\"publisher\":{\"@id\":\"https:\/\/es.greenpeace.org\/es\/#organization\"},\"potentialAction\":[{\"@type\":\"SearchAction\",\"target\":{\"@type\":\"EntryPoint\",\"urlTemplate\":\"https:\/\/es.greenpeace.org\/es\/?s={search_term_string}\"},\"query-input\":{\"@type\":\"PropertyValueSpecification\",\"valueRequired\":true,\"valueName\":\"search_term_string\"}}],\"inLanguage\":\"es\"},{\"@type\":\"Organization\",\"@id\":\"https:\/\/es.greenpeace.org\/es\/#organization\",\"name\":\"Greenpeace Espa\u00f1a\",\"alternateName\":\"Greenpeace\",\"url\":\"https:\/\/es.greenpeace.org\/es\/\",\"logo\":{\"@type\":\"ImageObject\",\"inLanguage\":\"es\",\"@id\":\"https:\/\/es.greenpeace.org\/es\/#\/schema\/logo\/image\/\",\"url\":\"https:\/\/es.greenpeace.org\/es\/wp-content\/uploads\/sites\/3\/2024\/07\/greenpeace-logo-verde.svg\",\"contentUrl\":\"https:\/\/es.greenpeace.org\/es\/wp-content\/uploads\/sites\/3\/2024\/07\/greenpeace-logo-verde.svg\",\"width\":1,\"height\":1,\"caption\":\"Greenpeace Espa\u00f1a\"},\"image\":{\"@id\":\"https:\/\/es.greenpeace.org\/es\/#\/schema\/logo\/image\/\"},\"sameAs\":[\"https:\/\/www.facebook.com\/greenpeace.spain\",\"https:\/\/x.com\/greenpeace_esp\",\"https:\/\/www.instagram.com\/greenpeace_esp\/\"]}]}<\/script>\n<!-- \/ Yoast SEO plugin. -->","yoast_head_json":{"title":"El cambio no puede ser solo dentro - ES | Greenpeace Espa\u00f1a","robots":{"index":"index","follow":"follow","max-snippet":"max-snippet:-1","max-image-preview":"max-image-preview:large","max-video-preview":"max-video-preview:-1"},"canonical":"https:\/\/es.greenpeace.org\/es\/en-profundidad\/darle-la-vuelta-al-sistema\/el-cambio-no-puede-ser-solo-dentro\/","og_locale":"es_ES","og_type":"article","og_title":"El cambio no puede ser solo dentro - ES | Greenpeace Espa\u00f1a","og_description":"Esta es una crisis global y, como tal, necesita una respuesta global. Todas las medidas contra esta pandemia o la crisis ecol\u00f3gica que enfrentamos fracasar\u00e1n si no se combaten a nivel internacional. Por ello el GND propuesto tiene que ir m\u00e1s all\u00e1 de nuestras fronteras. Necesitamos una Uni\u00f3n Europea responsable que asuma el liderazgo internacional [&hellip;]","og_url":"https:\/\/es.greenpeace.org\/es\/en-profundidad\/darle-la-vuelta-al-sistema\/el-cambio-no-puede-ser-solo-dentro\/","og_site_name":"ES | Greenpeace Espa\u00f1a","article_publisher":"https:\/\/www.facebook.com\/greenpeace.spain","article_modified_time":"2020-06-03T11:43:16+00:00","og_image":[{"width":2048,"height":1365,"url":"https:\/\/es.greenpeace.org\/es\/wp-content\/uploads\/sites\/3\/2020\/06\/GPES20200519PA0126-X41.jpg","type":"image\/jpeg"}],"twitter_card":"summary_large_image","twitter_site":"@greenpeace_esp","twitter_misc":{"Tiempo de lectura":"3 minutos"},"schema":{"@context":"https:\/\/schema.org","@graph":[{"@type":"WebPage","@id":"https:\/\/es.greenpeace.org\/es\/en-profundidad\/darle-la-vuelta-al-sistema\/el-cambio-no-puede-ser-solo-dentro\/","url":"https:\/\/es.greenpeace.org\/es\/en-profundidad\/darle-la-vuelta-al-sistema\/el-cambio-no-puede-ser-solo-dentro\/","name":"El cambio no puede ser solo dentro - ES | Greenpeace Espa\u00f1a","isPartOf":{"@id":"https:\/\/es.greenpeace.org\/es\/#website"},"primaryImageOfPage":{"@id":"https:\/\/es.greenpeace.org\/es\/en-profundidad\/darle-la-vuelta-al-sistema\/el-cambio-no-puede-ser-solo-dentro\/#primaryimage"},"image":{"@id":"https:\/\/es.greenpeace.org\/es\/en-profundidad\/darle-la-vuelta-al-sistema\/el-cambio-no-puede-ser-solo-dentro\/#primaryimage"},"thumbnailUrl":"https:\/\/es.greenpeace.org\/es\/wp-content\/uploads\/sites\/3\/2020\/06\/GPES20200519PA0126-X41.jpg","datePublished":"2020-06-03T10:26:59+00:00","dateModified":"2020-06-03T11:43:16+00:00","breadcrumb":{"@id":"https:\/\/es.greenpeace.org\/es\/en-profundidad\/darle-la-vuelta-al-sistema\/el-cambio-no-puede-ser-solo-dentro\/#breadcrumb"},"inLanguage":"es","potentialAction":[{"@type":"ReadAction","target":["https:\/\/es.greenpeace.org\/es\/en-profundidad\/darle-la-vuelta-al-sistema\/el-cambio-no-puede-ser-solo-dentro\/"]}]},{"@type":"ImageObject","inLanguage":"es","@id":"https:\/\/es.greenpeace.org\/es\/en-profundidad\/darle-la-vuelta-al-sistema\/el-cambio-no-puede-ser-solo-dentro\/#primaryimage","url":"https:\/\/es.greenpeace.org\/es\/wp-content\/uploads\/sites\/3\/2020\/06\/GPES20200519PA0126-X41.jpg","contentUrl":"https:\/\/es.greenpeace.org\/es\/wp-content\/uploads\/sites\/3\/2020\/06\/GPES20200519PA0126-X41.jpg","width":2048,"height":1365,"caption":"19\/05\/2020. Colmenar Viejo, Madrid, Comunidad de Madrid, Espa\u00f1a. Hace unos meses, el mayor reto que enfrentaba la humanidad eran las crisis clim\u00e1tica y de biodiversidad: frenarlas a tiempo para no alcanzar un punto de no retorno y adaptarse a los impactos del cambio clim\u00e1tico que ya no se puedan evitar. Hoy la prioridad sigue siendo la misma, pero se le ha sumado una pandemia que ha dejado en evidencia la vulnerabilidad de las ciudades, los pa\u00edses, el planeta y, por tanto, de quienes habitamos en ellas. \u00a9Greenpeace\/Pedro"},{"@type":"BreadcrumbList","@id":"https:\/\/es.greenpeace.org\/es\/en-profundidad\/darle-la-vuelta-al-sistema\/el-cambio-no-puede-ser-solo-dentro\/#breadcrumb","itemListElement":[{"@type":"ListItem","position":1,"name":"Home","item":"https:\/\/es.greenpeace.org\/es\/"},{"@type":"ListItem","position":2,"name":"Darle la vuelta al sistema","item":"https:\/\/es.greenpeace.org\/es\/en-profundidad\/darle-la-vuelta-al-sistema\/"},{"@type":"ListItem","position":3,"name":"El cambio no puede ser solo dentro"}]},{"@type":"WebSite","@id":"https:\/\/es.greenpeace.org\/es\/#website","url":"https:\/\/es.greenpeace.org\/es\/","name":"Greenpeace Espa\u00f1a","description":"","publisher":{"@id":"https:\/\/es.greenpeace.org\/es\/#organization"},"potentialAction":[{"@type":"SearchAction","target":{"@type":"EntryPoint","urlTemplate":"https:\/\/es.greenpeace.org\/es\/?s={search_term_string}"},"query-input":{"@type":"PropertyValueSpecification","valueRequired":true,"valueName":"search_term_string"}}],"inLanguage":"es"},{"@type":"Organization","@id":"https:\/\/es.greenpeace.org\/es\/#organization","name":"Greenpeace Espa\u00f1a","alternateName":"Greenpeace","url":"https:\/\/es.greenpeace.org\/es\/","logo":{"@type":"ImageObject","inLanguage":"es","@id":"https:\/\/es.greenpeace.org\/es\/#\/schema\/logo\/image\/","url":"https:\/\/es.greenpeace.org\/es\/wp-content\/uploads\/sites\/3\/2024\/07\/greenpeace-logo-verde.svg","contentUrl":"https:\/\/es.greenpeace.org\/es\/wp-content\/uploads\/sites\/3\/2024\/07\/greenpeace-logo-verde.svg","width":1,"height":1,"caption":"Greenpeace Espa\u00f1a"},"image":{"@id":"https:\/\/es.greenpeace.org\/es\/#\/schema\/logo\/image\/"},"sameAs":["https:\/\/www.facebook.com\/greenpeace.spain","https:\/\/x.com\/greenpeace_esp","https:\/\/www.instagram.com\/greenpeace_esp\/"]}]}},"_links":{"self":[{"href":"https:\/\/es.greenpeace.org\/es\/wp-json\/wp\/v2\/post_profundidad\/25988","targetHints":{"allow":["GET"]}}],"collection":[{"href":"https:\/\/es.greenpeace.org\/es\/wp-json\/wp\/v2\/post_profundidad"}],"about":[{"href":"https:\/\/es.greenpeace.org\/es\/wp-json\/wp\/v2\/types\/post_profundidad"}],"author":[{"embeddable":true,"href":"https:\/\/es.greenpeace.org\/es\/wp-json\/wp\/v2\/users\/44"}],"version-history":[{"count":1,"href":"https:\/\/es.greenpeace.org\/es\/wp-json\/wp\/v2\/post_profundidad\/25988\/revisions"}],"predecessor-version":[{"id":25990,"href":"https:\/\/es.greenpeace.org\/es\/wp-json\/wp\/v2\/post_profundidad\/25988\/revisions\/25990"}],"up":[{"embeddable":true,"href":"https:\/\/es.greenpeace.org\/es\/wp-json\/wp\/v2\/post_profundidad\/25966"}],"wp:featuredmedia":[{"embeddable":true,"href":"https:\/\/es.greenpeace.org\/es\/wp-json\/wp\/v2\/media\/25989"}],"wp:attachment":[{"href":"https:\/\/es.greenpeace.org\/es\/wp-json\/wp\/v2\/media?parent=25988"}],"wp:term":[{"taxonomy":"category","embeddable":true,"href":"https:\/\/es.greenpeace.org\/es\/wp-json\/wp\/v2\/categories?post=25988"},{"taxonomy":"post_tag","embeddable":true,"href":"https:\/\/es.greenpeace.org\/es\/wp-json\/wp\/v2\/tags?post=25988"}],"curies":[{"name":"wp","href":"https:\/\/api.w.org\/{rel}","templated":true}]}}