{"id":25991,"date":"2020-06-03T12:34:56","date_gmt":"2020-06-03T10:34:56","guid":{"rendered":"https:\/\/es.greenpeace.org\/es\/?post_type=post_profundidad&#038;p=25991"},"modified":"2021-01-28T11:01:08","modified_gmt":"2021-01-28T09:01:08","slug":"propuestas-para-la-transformacion-del-sistema","status":"publish","type":"post_profundidad","link":"https:\/\/es.greenpeace.org\/es\/en-profundidad\/darle-la-vuelta-al-sistema\/propuestas-para-la-transformacion-del-sistema\/","title":{"rendered":"Propuestas para la transformaci\u00f3n del sistema"},"content":{"rendered":"<p>Con los anteriores ejes de actuaci\u00f3n como marco de referencia, la propuesta de <i>Green New Deal<\/i> de Greenpeace cuenta con las siguientes medidas agrupadas por sectores en <b>nueve bloques tem\u00e1ticos<\/b> (<b>incluidos uno sobre calidad democr\u00e1tica y otro sobre agenda exterior<\/b>) para acometer grandes y profundas reformas y transitar hacia una sociedad basada en la racionalidad ecol\u00f3gica, la igualdad social y el control democr\u00e1tico.<\/p>\n<p>Estos son los sectores para los que se lanzan las propuestas:<\/p>\n<p>&nbsp;<\/p>\n<ul>\n<li><strong>Sector de la construcci\u00f3n e infraestructuras<\/strong>, con medidas como la ampliaci\u00f3n del Plan estatal de vivienda 2018-2021 con ayudas para la rehabilitaci\u00f3n energ\u00e9tica de los edificios; el establecimiento de un Fondo estatal de vivienda ecol\u00f3gica y equitativa o la creaci\u00f3n de un Fondo de Resiliencia para la Justicia Clim\u00e1tica para afrontar mejor los impactos del cambio clim\u00e1tico.<\/li>\n<\/ul>\n<ul>\n<li><strong>Sector del transporte y movilidad<\/strong>, con medidas como la creaci\u00f3n de un Programa Nacional \u00abReparo primero\u00bb que priorice el mantenimiento y reparaci\u00f3n de infraestructuras viales; la promoci\u00f3n y la completa electrificaci\u00f3n del ferrocarril; el aumento del n\u00famero de carriles exclusivos para transporte p\u00fablico y de la red puntos de recarga para veh\u00edculos el\u00e9ctricos.<\/li>\n<\/ul>\n<ul>\n<li><strong>La transici\u00f3n justa hacia las renovables con incentivos para el empleo y la industria<\/strong>; la implementaci\u00f3n de una renta b\u00e1sica universal con garant\u00edas para que permita ir hacia la transici\u00f3n ecol\u00f3gica, o la puesta en marcha de una pol\u00edtica de bienes ecol\u00f3gicos de larga vida para impulsar la reindustrializaci\u00f3n.<\/li>\n<\/ul>\n<ul>\n<li><strong>Sector energ\u00e9tico y mercado el\u00e9ctrico<\/strong>, donde se alcance un sistema el\u00e9ctrico inteligente, eficiente y 100% renovable en manos de la ciudadan\u00eda para el a\u00f1o 2030; la mejora de la seguridad de los proyectos de inversi\u00f3n de energ\u00eda limpia, con incentivos para pymes, municipios o cooperativas, as\u00ed como acelerar la reforma del mercado el\u00e9ctrico.<\/li>\n<\/ul>\n<ul>\n<li><strong>Agricultura, ganader\u00eda, pesca y recursos forestales<\/strong> m\u00e1s modernas y sostenibles que sean considerados servicios esenciales para la sociedad y la agricultura 100% ecol\u00f3gica para 2050 y la incentivaci\u00f3n del empleo en el entorno rural ligado al mantenimiento de servicios ambientales.<\/li>\n<\/ul>\n<ul>\n<li><strong>Repensar el suelo y el territorio<\/strong> para que terrenos p\u00fablicos sean rescatados para usos como los cultivos ecol\u00f3gicos y se huya del uso especulativo del suelo y del resurgir \u201cdel ladrillo\u201d.<\/li>\n<\/ul>\n<ul>\n<li><strong>Fiscalidad, innovaci\u00f3n e inversi\u00f3n p\u00fablica<\/strong>, con una profunda reforma fiscal en que redistribuya la riqueza y sea progresiva y el desarrollo de una fiscalidad verde que aplique el principio de \u2018quien contamina paga\u2019 e incentive los comportamientos m\u00e1s sostenibles. Los rescates a grandes corporaciones que se efect\u00faen tienen que tener la condicionalidad ambiental, laboral y social<\/li>\n<\/ul>\n<ul>\n<li><strong>Calidad democr\u00e1tica<\/strong> que permita el mejor funcionamiento de la sociedad con medidas como la derogaci\u00f3n de la ley mordaza o el mejor control de la desinformaci\u00f3n o el freno a las acciones legales para silenciar a la ciudadan\u00eda por parte de grandes corporaciones.<\/li>\n<\/ul>\n<ul>\n<li><strong>Medidas de agenda exterior<\/strong> para impulsar una arquitectura global para la resiliencia y apoyar la reconversi\u00f3n y creaci\u00f3n de un conjunto de instituciones multilaterales enfocadas a un orden global m\u00e1s verde y resiliente.<\/li>\n<\/ul>\n<p>&nbsp;<\/p>\n<p>Para leer las 117 propuestas presentadas en detalle puedes ver el informe completo en PDF <a href=\"https:\/\/es.greenpeace.org\/es\/wp-content\/uploads\/sites\/3\/2020\/06\/medidas.pdf\" target=\"_blank\" rel=\"noopener noreferrer\">aqu\u00ed<\/a> (p\u00e1gina 30).<\/p>\n","protected":false},"author":44,"featured_media":25992,"parent":25966,"menu_order":4,"template":"","meta":{"_acf_changed":false,"footnotes":""},"categories":[],"tags":[],"class_list":["post-25991","post_profundidad","type-post_profundidad","status-publish","has-post-thumbnail","hentry"],"acf":[],"yoast_head":"<!-- This site is optimized with the Yoast SEO plugin v27.1.1 - https:\/\/yoast.com\/product\/yoast-seo-wordpress\/ -->\n<title>Propuestas para la transformaci\u00f3n del sistema - ES | Greenpeace Espa\u00f1a<\/title>\n<meta name=\"robots\" content=\"index, follow, max-snippet:-1, max-image-preview:large, max-video-preview:-1\" \/>\n<link rel=\"canonical\" href=\"https:\/\/es.greenpeace.org\/es\/en-profundidad\/darle-la-vuelta-al-sistema\/propuestas-para-la-transformacion-del-sistema\/\" \/>\n<meta property=\"og:locale\" content=\"es_ES\" \/>\n<meta property=\"og:type\" content=\"article\" \/>\n<meta property=\"og:title\" content=\"Propuestas para la transformaci\u00f3n del sistema - ES | Greenpeace Espa\u00f1a\" \/>\n<meta property=\"og:description\" content=\"Con los anteriores ejes de actuaci\u00f3n como marco de referencia, la propuesta de Green New Deal de Greenpeace cuenta con las siguientes medidas agrupadas por sectores en nueve bloques tem\u00e1ticos (incluidos uno sobre calidad democr\u00e1tica y otro sobre agenda exterior) para acometer grandes y profundas reformas y transitar hacia una sociedad basada en la racionalidad [&hellip;]\" \/>\n<meta property=\"og:url\" content=\"https:\/\/es.greenpeace.org\/es\/en-profundidad\/darle-la-vuelta-al-sistema\/propuestas-para-la-transformacion-del-sistema\/\" \/>\n<meta property=\"og:site_name\" content=\"ES | Greenpeace Espa\u00f1a\" \/>\n<meta property=\"article:publisher\" content=\"https:\/\/www.facebook.com\/greenpeace.spain\" \/>\n<meta property=\"article:modified_time\" content=\"2021-01-28T09:01:08+00:00\" \/>\n<meta property=\"og:image\" content=\"https:\/\/es.greenpeace.org\/es\/wp-content\/uploads\/sites\/3\/2020\/06\/GPES20200506PA0001-X41.jpg\" \/>\n\t<meta property=\"og:image:width\" content=\"2048\" \/>\n\t<meta property=\"og:image:height\" content=\"1365\" \/>\n\t<meta property=\"og:image:type\" content=\"image\/jpeg\" \/>\n<meta name=\"twitter:card\" content=\"summary_large_image\" \/>\n<meta name=\"twitter:site\" content=\"@greenpeace_esp\" \/>\n<meta name=\"twitter:label1\" content=\"Tiempo de lectura\" \/>\n\t<meta name=\"twitter:data1\" content=\"3 minutos\" \/>\n<script type=\"application\/ld+json\" class=\"yoast-schema-graph\">{\"@context\":\"https:\/\/schema.org\",\"@graph\":[{\"@type\":\"WebPage\",\"@id\":\"https:\/\/es.greenpeace.org\/es\/en-profundidad\/darle-la-vuelta-al-sistema\/propuestas-para-la-transformacion-del-sistema\/\",\"url\":\"https:\/\/es.greenpeace.org\/es\/en-profundidad\/darle-la-vuelta-al-sistema\/propuestas-para-la-transformacion-del-sistema\/\",\"name\":\"Propuestas para la transformaci\u00f3n del sistema - ES | Greenpeace Espa\u00f1a\",\"isPartOf\":{\"@id\":\"https:\/\/es.greenpeace.org\/es\/#website\"},\"primaryImageOfPage\":{\"@id\":\"https:\/\/es.greenpeace.org\/es\/en-profundidad\/darle-la-vuelta-al-sistema\/propuestas-para-la-transformacion-del-sistema\/#primaryimage\"},\"image\":{\"@id\":\"https:\/\/es.greenpeace.org\/es\/en-profundidad\/darle-la-vuelta-al-sistema\/propuestas-para-la-transformacion-del-sistema\/#primaryimage\"},\"thumbnailUrl\":\"https:\/\/es.greenpeace.org\/es\/wp-content\/uploads\/sites\/3\/2020\/06\/GPES20200506PA0001-X41.jpg\",\"datePublished\":\"2020-06-03T10:34:56+00:00\",\"dateModified\":\"2021-01-28T09:01:08+00:00\",\"breadcrumb\":{\"@id\":\"https:\/\/es.greenpeace.org\/es\/en-profundidad\/darle-la-vuelta-al-sistema\/propuestas-para-la-transformacion-del-sistema\/#breadcrumb\"},\"inLanguage\":\"es\",\"potentialAction\":[{\"@type\":\"ReadAction\",\"target\":[\"https:\/\/es.greenpeace.org\/es\/en-profundidad\/darle-la-vuelta-al-sistema\/propuestas-para-la-transformacion-del-sistema\/\"]}]},{\"@type\":\"ImageObject\",\"inLanguage\":\"es\",\"@id\":\"https:\/\/es.greenpeace.org\/es\/en-profundidad\/darle-la-vuelta-al-sistema\/propuestas-para-la-transformacion-del-sistema\/#primaryimage\",\"url\":\"https:\/\/es.greenpeace.org\/es\/wp-content\/uploads\/sites\/3\/2020\/06\/GPES20200506PA0001-X41.jpg\",\"contentUrl\":\"https:\/\/es.greenpeace.org\/es\/wp-content\/uploads\/sites\/3\/2020\/06\/GPES20200506PA0001-X41.jpg\",\"width\":2048,\"height\":1365,\"caption\":\"06\/05\/2020. Tres cantos, Madrid, Comunidad de Madrid, Espa\u00f1a. Hace unos meses, el mayor reto que enfrentaba la humanidad eran las crisis clim\u00e1tica y de biodiversidad: frenarlas a tiempo para no alcanzar un punto de no retorno y adaptarse a los impactos del cambio clim\u00e1tico que ya no se puedan evitar. Hoy la prioridad sigue siendo la misma, pero se le ha sumado una pandemia que ha dejado en evidencia la vulnerabilidad de las ciudades, los pa\u00edses, el planeta y, por tanto, de quienes habitamos en ellas. En la imagen una ni\u00f1a pasea durante el confinamiento por una zona de futura construcci\u00f3n en Tres Cantos, cerca de Madrid.r\u00a9Greenpeace\/Pedro\"},{\"@type\":\"BreadcrumbList\",\"@id\":\"https:\/\/es.greenpeace.org\/es\/en-profundidad\/darle-la-vuelta-al-sistema\/propuestas-para-la-transformacion-del-sistema\/#breadcrumb\",\"itemListElement\":[{\"@type\":\"ListItem\",\"position\":1,\"name\":\"Home\",\"item\":\"https:\/\/es.greenpeace.org\/es\/\"},{\"@type\":\"ListItem\",\"position\":2,\"name\":\"Darle la vuelta al sistema\",\"item\":\"https:\/\/es.greenpeace.org\/es\/en-profundidad\/darle-la-vuelta-al-sistema\/\"},{\"@type\":\"ListItem\",\"position\":3,\"name\":\"Propuestas para la transformaci\u00f3n del sistema\"}]},{\"@type\":\"WebSite\",\"@id\":\"https:\/\/es.greenpeace.org\/es\/#website\",\"url\":\"https:\/\/es.greenpeace.org\/es\/\",\"name\":\"Greenpeace Espa\u00f1a\",\"description\":\"\",\"publisher\":{\"@id\":\"https:\/\/es.greenpeace.org\/es\/#organization\"},\"potentialAction\":[{\"@type\":\"SearchAction\",\"target\":{\"@type\":\"EntryPoint\",\"urlTemplate\":\"https:\/\/es.greenpeace.org\/es\/?s={search_term_string}\"},\"query-input\":{\"@type\":\"PropertyValueSpecification\",\"valueRequired\":true,\"valueName\":\"search_term_string\"}}],\"inLanguage\":\"es\"},{\"@type\":\"Organization\",\"@id\":\"https:\/\/es.greenpeace.org\/es\/#organization\",\"name\":\"Greenpeace Espa\u00f1a\",\"alternateName\":\"Greenpeace\",\"url\":\"https:\/\/es.greenpeace.org\/es\/\",\"logo\":{\"@type\":\"ImageObject\",\"inLanguage\":\"es\",\"@id\":\"https:\/\/es.greenpeace.org\/es\/#\/schema\/logo\/image\/\",\"url\":\"https:\/\/es.greenpeace.org\/es\/wp-content\/uploads\/sites\/3\/2024\/07\/greenpeace-logo-verde.svg\",\"contentUrl\":\"https:\/\/es.greenpeace.org\/es\/wp-content\/uploads\/sites\/3\/2024\/07\/greenpeace-logo-verde.svg\",\"width\":1,\"height\":1,\"caption\":\"Greenpeace Espa\u00f1a\"},\"image\":{\"@id\":\"https:\/\/es.greenpeace.org\/es\/#\/schema\/logo\/image\/\"},\"sameAs\":[\"https:\/\/www.facebook.com\/greenpeace.spain\",\"https:\/\/x.com\/greenpeace_esp\",\"https:\/\/www.instagram.com\/greenpeace_esp\/\"]}]}<\/script>\n<!-- \/ Yoast SEO plugin. -->","yoast_head_json":{"title":"Propuestas para la transformaci\u00f3n del sistema - ES | Greenpeace Espa\u00f1a","robots":{"index":"index","follow":"follow","max-snippet":"max-snippet:-1","max-image-preview":"max-image-preview:large","max-video-preview":"max-video-preview:-1"},"canonical":"https:\/\/es.greenpeace.org\/es\/en-profundidad\/darle-la-vuelta-al-sistema\/propuestas-para-la-transformacion-del-sistema\/","og_locale":"es_ES","og_type":"article","og_title":"Propuestas para la transformaci\u00f3n del sistema - ES | Greenpeace Espa\u00f1a","og_description":"Con los anteriores ejes de actuaci\u00f3n como marco de referencia, la propuesta de Green New Deal de Greenpeace cuenta con las siguientes medidas agrupadas por sectores en nueve bloques tem\u00e1ticos (incluidos uno sobre calidad democr\u00e1tica y otro sobre agenda exterior) para acometer grandes y profundas reformas y transitar hacia una sociedad basada en la racionalidad [&hellip;]","og_url":"https:\/\/es.greenpeace.org\/es\/en-profundidad\/darle-la-vuelta-al-sistema\/propuestas-para-la-transformacion-del-sistema\/","og_site_name":"ES | Greenpeace Espa\u00f1a","article_publisher":"https:\/\/www.facebook.com\/greenpeace.spain","article_modified_time":"2021-01-28T09:01:08+00:00","og_image":[{"width":2048,"height":1365,"url":"https:\/\/es.greenpeace.org\/es\/wp-content\/uploads\/sites\/3\/2020\/06\/GPES20200506PA0001-X41.jpg","type":"image\/jpeg"}],"twitter_card":"summary_large_image","twitter_site":"@greenpeace_esp","twitter_misc":{"Tiempo de lectura":"3 minutos"},"schema":{"@context":"https:\/\/schema.org","@graph":[{"@type":"WebPage","@id":"https:\/\/es.greenpeace.org\/es\/en-profundidad\/darle-la-vuelta-al-sistema\/propuestas-para-la-transformacion-del-sistema\/","url":"https:\/\/es.greenpeace.org\/es\/en-profundidad\/darle-la-vuelta-al-sistema\/propuestas-para-la-transformacion-del-sistema\/","name":"Propuestas para la transformaci\u00f3n del sistema - ES | Greenpeace Espa\u00f1a","isPartOf":{"@id":"https:\/\/es.greenpeace.org\/es\/#website"},"primaryImageOfPage":{"@id":"https:\/\/es.greenpeace.org\/es\/en-profundidad\/darle-la-vuelta-al-sistema\/propuestas-para-la-transformacion-del-sistema\/#primaryimage"},"image":{"@id":"https:\/\/es.greenpeace.org\/es\/en-profundidad\/darle-la-vuelta-al-sistema\/propuestas-para-la-transformacion-del-sistema\/#primaryimage"},"thumbnailUrl":"https:\/\/es.greenpeace.org\/es\/wp-content\/uploads\/sites\/3\/2020\/06\/GPES20200506PA0001-X41.jpg","datePublished":"2020-06-03T10:34:56+00:00","dateModified":"2021-01-28T09:01:08+00:00","breadcrumb":{"@id":"https:\/\/es.greenpeace.org\/es\/en-profundidad\/darle-la-vuelta-al-sistema\/propuestas-para-la-transformacion-del-sistema\/#breadcrumb"},"inLanguage":"es","potentialAction":[{"@type":"ReadAction","target":["https:\/\/es.greenpeace.org\/es\/en-profundidad\/darle-la-vuelta-al-sistema\/propuestas-para-la-transformacion-del-sistema\/"]}]},{"@type":"ImageObject","inLanguage":"es","@id":"https:\/\/es.greenpeace.org\/es\/en-profundidad\/darle-la-vuelta-al-sistema\/propuestas-para-la-transformacion-del-sistema\/#primaryimage","url":"https:\/\/es.greenpeace.org\/es\/wp-content\/uploads\/sites\/3\/2020\/06\/GPES20200506PA0001-X41.jpg","contentUrl":"https:\/\/es.greenpeace.org\/es\/wp-content\/uploads\/sites\/3\/2020\/06\/GPES20200506PA0001-X41.jpg","width":2048,"height":1365,"caption":"06\/05\/2020. Tres cantos, Madrid, Comunidad de Madrid, Espa\u00f1a. Hace unos meses, el mayor reto que enfrentaba la humanidad eran las crisis clim\u00e1tica y de biodiversidad: frenarlas a tiempo para no alcanzar un punto de no retorno y adaptarse a los impactos del cambio clim\u00e1tico que ya no se puedan evitar. Hoy la prioridad sigue siendo la misma, pero se le ha sumado una pandemia que ha dejado en evidencia la vulnerabilidad de las ciudades, los pa\u00edses, el planeta y, por tanto, de quienes habitamos en ellas. En la imagen una ni\u00f1a pasea durante el confinamiento por una zona de futura construcci\u00f3n en Tres Cantos, cerca de Madrid.r\u00a9Greenpeace\/Pedro"},{"@type":"BreadcrumbList","@id":"https:\/\/es.greenpeace.org\/es\/en-profundidad\/darle-la-vuelta-al-sistema\/propuestas-para-la-transformacion-del-sistema\/#breadcrumb","itemListElement":[{"@type":"ListItem","position":1,"name":"Home","item":"https:\/\/es.greenpeace.org\/es\/"},{"@type":"ListItem","position":2,"name":"Darle la vuelta al sistema","item":"https:\/\/es.greenpeace.org\/es\/en-profundidad\/darle-la-vuelta-al-sistema\/"},{"@type":"ListItem","position":3,"name":"Propuestas para la transformaci\u00f3n del sistema"}]},{"@type":"WebSite","@id":"https:\/\/es.greenpeace.org\/es\/#website","url":"https:\/\/es.greenpeace.org\/es\/","name":"Greenpeace Espa\u00f1a","description":"","publisher":{"@id":"https:\/\/es.greenpeace.org\/es\/#organization"},"potentialAction":[{"@type":"SearchAction","target":{"@type":"EntryPoint","urlTemplate":"https:\/\/es.greenpeace.org\/es\/?s={search_term_string}"},"query-input":{"@type":"PropertyValueSpecification","valueRequired":true,"valueName":"search_term_string"}}],"inLanguage":"es"},{"@type":"Organization","@id":"https:\/\/es.greenpeace.org\/es\/#organization","name":"Greenpeace Espa\u00f1a","alternateName":"Greenpeace","url":"https:\/\/es.greenpeace.org\/es\/","logo":{"@type":"ImageObject","inLanguage":"es","@id":"https:\/\/es.greenpeace.org\/es\/#\/schema\/logo\/image\/","url":"https:\/\/es.greenpeace.org\/es\/wp-content\/uploads\/sites\/3\/2024\/07\/greenpeace-logo-verde.svg","contentUrl":"https:\/\/es.greenpeace.org\/es\/wp-content\/uploads\/sites\/3\/2024\/07\/greenpeace-logo-verde.svg","width":1,"height":1,"caption":"Greenpeace Espa\u00f1a"},"image":{"@id":"https:\/\/es.greenpeace.org\/es\/#\/schema\/logo\/image\/"},"sameAs":["https:\/\/www.facebook.com\/greenpeace.spain","https:\/\/x.com\/greenpeace_esp","https:\/\/www.instagram.com\/greenpeace_esp\/"]}]}},"_links":{"self":[{"href":"https:\/\/es.greenpeace.org\/es\/wp-json\/wp\/v2\/post_profundidad\/25991","targetHints":{"allow":["GET"]}}],"collection":[{"href":"https:\/\/es.greenpeace.org\/es\/wp-json\/wp\/v2\/post_profundidad"}],"about":[{"href":"https:\/\/es.greenpeace.org\/es\/wp-json\/wp\/v2\/types\/post_profundidad"}],"author":[{"embeddable":true,"href":"https:\/\/es.greenpeace.org\/es\/wp-json\/wp\/v2\/users\/44"}],"version-history":[{"count":8,"href":"https:\/\/es.greenpeace.org\/es\/wp-json\/wp\/v2\/post_profundidad\/25991\/revisions"}],"predecessor-version":[{"id":31262,"href":"https:\/\/es.greenpeace.org\/es\/wp-json\/wp\/v2\/post_profundidad\/25991\/revisions\/31262"}],"up":[{"embeddable":true,"href":"https:\/\/es.greenpeace.org\/es\/wp-json\/wp\/v2\/post_profundidad\/25966"}],"wp:featuredmedia":[{"embeddable":true,"href":"https:\/\/es.greenpeace.org\/es\/wp-json\/wp\/v2\/media\/25992"}],"wp:attachment":[{"href":"https:\/\/es.greenpeace.org\/es\/wp-json\/wp\/v2\/media?parent=25991"}],"wp:term":[{"taxonomy":"category","embeddable":true,"href":"https:\/\/es.greenpeace.org\/es\/wp-json\/wp\/v2\/categories?post=25991"},{"taxonomy":"post_tag","embeddable":true,"href":"https:\/\/es.greenpeace.org\/es\/wp-json\/wp\/v2\/tags?post=25991"}],"curies":[{"name":"wp","href":"https:\/\/api.w.org\/{rel}","templated":true}]}}