{"id":31322,"date":"2021-02-03T13:07:30","date_gmt":"2021-02-03T11:07:30","guid":{"rendered":"https:\/\/es.greenpeace.org\/es\/?post_type=post_profundidad&#038;p=31322"},"modified":"2021-02-04T09:42:19","modified_gmt":"2021-02-04T07:42:19","slug":"entrar-en-numeros-verdes","status":"publish","type":"post_profundidad","link":"https:\/\/es.greenpeace.org\/es\/en-profundidad\/darle-la-vuelta-al-sistema\/entrar-en-numeros-verdes\/","title":{"rendered":"Un 4,8% del PIB para entrar en n\u00fameros verdes"},"content":{"rendered":"<p>\u00bfAlguna vez has pensado que darle la vuelta al sistema es caro y complicado? En Greenpeace queremos demostrar que esto no es as\u00ed. Hemos cuantificado la inversi\u00f3n que supondr\u00edan <a href=\"https:\/\/es.greenpeace.org\/es\/en-profundidad\/darle-la-vuelta-al-sistema\/propuestas-para-la-transformacion-del-sistema\/\">las medidas que proponemos<\/a>, demostrando la viabilidad econ\u00f3mica de las mismas. Y el resultado es esperanzador: solo con el 4,8% del PIB podemos pasar de estar en n\u00fameros rojos a verdes y conseguir un modelo productivo pensado para la salud del planeta y de las personas. Estamos en un contexto de reconstrucci\u00f3n verde y la atribuci\u00f3n de los Fondos Europeos supone una oportunidad para que nuestro pa\u00eds camine hacia un futuro sostenible.<\/p>\n<div id=\"infografia48\" style=\"width: 100%;\"><\/div><script type=\"application\/javascript\">\n    \n    document.addEventListener(\"DOMContentLoaded\", function (t) {\n        var s, e = \"https:\/\/storage.googleapis.com\/gpes-static\/infografia-4-8\/infografia_360px.svg\",\n            o = \"https:\/\/storage.googleapis.com\/gpes-static\/infografia-4-8\/infografia_510px.svg\",\n            a = \"https:\/\/storage.googleapis.com\/gpes-static\/infografia-4-8\/infografia_730px.svg\",\n            i = \"https:\/\/storage.googleapis.com\/gpes-static\/infografia-4-8\/infografia_1024px.svg\",\n            g = document.getElementById(\"infografia48\"),\n            p = g.offsetWidth,\n            c = p;\n        p < 435 ? s = e : p >= 435 && p < 620 ? s = o : p >= 620 && p < 878 ? s = a : p >= 878 && (s = i);\n        var l = document.createElement(\"object\");\n        l.setAttribute(\"type\", \"image\/svg+xml\"), l.setAttribute(\"width\", c), l.setAttribute(\"height\", \"auto\"), l.setAttribute(\"data\", s), g.appendChild(l)\n    }); \n\n    <\/script>\n<!-- MAP FOOTER -->\n<div class=\"clearfix\" style=\"font-size: 85%;\">\n\n  <span class=\"float-left\">\n        <\/span>\n\n  <span class=\"float-right\">\n\n  <!-- MAKE SURE THE DATA-TARGET MATCHES THE ID -->\n      \n        <script>\n            var analyticsEvent = function(category, action, label) {\n                if (typeof(gtag) == \"function\") {\n                    gtag('event', action, {\n                        'event_category': category,\n                        'event_label': label\n                    });\n                }\n            };\n        <\/script>\n            <a href=\"javascript:void(0);\" data-toggle=\"modal\" data-target=\"#footer_Infografia48\" title=\"Difundir este mapa\" style=\"vertical-align: middle;\" onclick=\"analyticsEvent('Infobox', 'click', 'Descargar');\">\n                <img decoding=\"async\" src=\"https:\/\/storage.googleapis.com\/es-greenpeace-org\/ico\/download.svg\" loading=\"lazy\" \/>\n                Descargar gr\u00e1fico y\/o datos\n            <\/a>\n        <\/span>\n<\/div>\n<!-- \/MAP FOOTER -->\n\n<!-- MAP MODAL -->\n<style>\n  .download-modal code {\n    font-size: 0.8em;\n    margin-bottom: 1em;\n    background-color: #fff;\n    color: #bbb;\n    display: block;\n    line-height: 1.4em;\n    overflow-wrap: break-word;\n  }\n\n  .download-modal h4,\n  .download-modal p,\n  .download-modal code {\n    text-align: left;\n  }\n<\/style>\n\n<!-- MAKE SURE THE ID BELLOW MATCHES THE DATA TARGET ABOVE -->\n\n<div class=\"modal fade download-modal\" id=\"footer_Infografia48\" tabindex=\"-1\" role=\"dialog\" aria-labelledby=\"mapaModalLongTitle\" aria-hidden=\"true\">\n  <div class=\"modal-dialog\" role=\"document\">\n    <div class=\"modal-content\">\n      <div class=\"modal-header\">\n        <h3 class=\"modal-title\" id=\"mapaModalLongTitle\">\n                        Difunde esta infograf\u00eda                    <\/h3>\n        <button type=\"button\" class=\"close\" data-dismiss=\"modal\" aria-label=\"Close\">\n                    <span aria-hidden=\"true\">&times;<\/span>\n                <\/button>\n      <\/div>\n      <div class=\"modal-body\">\n\n        \n        <!-- LINKS TO SOCIAL MEDIA IMAGES HERE: -->\n\n                \n        \n        \n        \n                  \n        \n        \n\n                          \n        \n        <hr \/>\n\n                  <h4>Para materiales en papel<\/h4>\n          <p>Si tienes que imprimir esta infograf\u00eda hazlo a partir de los ficheros vectoriales en los enlaces abajo. Puedes abrir y editar estos ficheros con uno de los muchos programas de dise\u00f1o gr\u00e1fico que abren ficheros SVG.<\/p>\n          <hr \/>\n        \n        <h4>Traduce o adapta<\/h4>\n\n        <!-- LINK TO JSFIDDLE HERE: -->\n\n                  \n        \n                    <p>Traduce o adapta esta infograf\u00eda a partir de los ficheros vectoriales y la podr\u00e1s usar en tu site. Por favor prueba el c\u00f3digo primero para comprobar que funciona en tu site. No podemos dar soporte t\u00e9cnico a la traducci\u00f3n o adaptaci\u00f3n.<\/p>\n            <ul>\n                <li><a target=\"_blank\" rel=\"noopener\" href=\"https:\/\/storage.googleapis.com\/gpes-static\/infografia-4-8\/infografia_360px.svg\">360 px<\/a><\/li>\n                <li><a target=\"_blank\" rel=\"noopener\" href=\"https:\/\/storage.googleapis.com\/gpes-static\/infografia-4-8\/infografia_510px.svg\">510 px<\/a><\/li>\n                <li><a target=\"_blank\" rel=\"noopener\" href=\"https:\/\/storage.googleapis.com\/gpes-static\/infografia-4-8\/infografia_730px.svg\">730 px<\/a><\/li>\n                <li><a target=\"_blank\" rel=\"noopener\" href=\"https:\/\/storage.googleapis.com\/gpes-static\/infografia-4-8\/infografia_1024px.svg\">1024 px<\/a><\/li>\n            <\/ul>\n        \n        <hr \/>\n\n        \n          <!-- LICENSE HERE: -->\n\n          <p><\/p>\n      <\/div>\n    <\/div>\n  <\/div>\n<\/div>\n<!-- \/MAP MODAL -->\n\n<p><strong>De las 117 propuestas que presentamos para darle la vuelta al sistema no todas requieren recursos econ\u00f3micos<\/strong>, muchas tienen que ver con la voluntad pol\u00edtica. Tan solo el 34% de ellas requieren inversi\u00f3n o gasto, el resto son medidas que implican cambios regulatorios o una reorientaci\u00f3n de las pol\u00edticas p\u00fablicas hacia los objetivos energ\u00e9ticos y ambientales contemplados en la propuesta.<\/p>\n<p>&nbsp;<\/p>\n<script src=\"https:\/\/cdn.jsdelivr.net\/npm\/chart.js@2.9.1\/dist\/Chart.bundle.min.js\" defer><\/script>\r\n<script src=\"https:\/\/cdn.jsdelivr.net\/npm\/chartjs-plugin-deferred@1.0.1\" defer><\/script>\r\n<p style=\"text-align: center;\"><strong>Distribuci\u00f3n de las 117 medidas de la propuesta \u201cDarle la vuelta al sistema\u201d seg\u00fan contenido<\/strong><\/p>\r\n<div class=\"chart-container\" style=\"position: relative; height:auto; width:100%\">\r\n    <canvas id=\"grafica_medidas\" width=\"350\" height=\"250\"><\/canvas>\r\n<\/div>\r\n<script>\r\n    document.addEventListener(\"DOMContentLoaded\", function(event) {\r\n        var ctx = document.getElementById(\"grafica_medidas\").getContext(\"2d\");\r\n        var grafica_medidas = new Chart(ctx, {\r\n                type: 'pie',\r\n                data: {\r\n                    datasets: [{\r\n                        data: [\r\n                            22.7,\r\n                            43.2,\r\n                            34.1\r\n                        ],\r\n                        backgroundColor: [\r\n                            'rgba(122, 189, 148, 0.85)',\r\n                            'rgba(255, 225, 159, 0.85)',\r\n                            'rgba(255, 196, 167, 0.85)'\r\n                        ],\r\n                        label: 'Dataset 1'\r\n                    }],\r\n                    labels: [\r\n                        'Cambio de prioridades en las actuaciones',\r\n                        'Cambio normativo o regulatorio',\r\n                        'Inversi\u00f3n o gasto'\r\n\r\n                    ]\r\n                },\r\n                options: {\r\n                    circumference: 2 * Math.PI,\r\n                    rotation: -0.5 * Math.PI,\r\n                    title: {\r\n                        display: false,\r\n                        text: 'Distribuci\u00f3n de las 117 medidas de la propuesta \u201cDarle la vuelta al sistema\u201d seg\u00fan contenido',\r\n                        fontSize: 16,\r\n                        fontFamily: '\"Work Sans\",sans-serif',\r\n                        fontColor: '#212529',\r\n                        padding: 25\r\n                    },\r\n                    responsive: true,\r\n                    legend: {\r\n                        display: true,\r\n                        fullWidth: false,\r\n                        position: 'bottom',\r\n                        labels: {\r\n                            fontName: '\"Work Sans\",sans-serif',\r\n                            fontColor: '#212529',\r\n                            fontSize: 13\r\n                        }\r\n                    },\r\n                    layout: {\r\n                        padding: {\r\n                            bottom: 30\r\n                        }\r\n                    },\r\n                    tooltips: {\r\n                      callbacks: {\r\n                        label: function(tooltipItem, data) {\r\n                            var dataLabel = data.labels[tooltipItem.index];\r\n                            var value = ': ' + data.datasets[tooltipItem.datasetIndex].data[tooltipItem.index].toLocaleString();\r\n                            return dataLabel + value + '%';\r\n                          \r\n                        }\r\n                      }\r\n                    },\r\n                }\r\n            }\r\n\r\n        );\r\n    });\r\n\r\n<\/script>\n<!-- MAP FOOTER -->\n<div class=\"clearfix\" style=\"font-size: 85%;\">\n\n  <span class=\"float-left\">\n      <strong>Fuente:<\/strong> <a target=\"_blank\" rel=\"noopener\" href=\"\">Elaboraci\u00f3n propia ABAY\/Greenpeace<\/a>  <\/span>\n\n  <span class=\"float-right\">\n\n  <!-- MAKE SURE THE DATA-TARGET MATCHES THE ID -->\n      \n        <script>\n            var analyticsEvent = function(category, action, label) {\n                if (typeof(gtag) == \"function\") {\n                    gtag('event', action, {\n                        'event_category': category,\n                        'event_label': label\n                    });\n                }\n            };\n        <\/script>\n            <a href=\"javascript:void(0);\" data-toggle=\"modal\" data-target=\"#Distribucion117medidas\" title=\"Difundir este mapa\" style=\"vertical-align: middle;\" onclick=\"analyticsEvent('Infobox', 'click', 'Descargar');\">\n                <img decoding=\"async\" src=\"https:\/\/storage.googleapis.com\/es-greenpeace-org\/ico\/download.svg\" loading=\"lazy\" \/>\n                Descargar gr\u00e1fico y\/o datos\n            <\/a>\n        <\/span>\n<\/div>\n<!-- \/MAP FOOTER -->\n\n<!-- MAP MODAL -->\n<style>\n  .download-modal code {\n    font-size: 0.8em;\n    margin-bottom: 1em;\n    background-color: #fff;\n    color: #bbb;\n    display: block;\n    line-height: 1.4em;\n    overflow-wrap: break-word;\n  }\n\n  .download-modal h4,\n  .download-modal p,\n  .download-modal code {\n    text-align: left;\n  }\n<\/style>\n\n<!-- MAKE SURE THE ID BELLOW MATCHES THE DATA TARGET ABOVE -->\n\n<div class=\"modal fade download-modal\" id=\"Distribucion117medidas\" tabindex=\"-1\" role=\"dialog\" aria-labelledby=\"mapaModalLongTitle\" aria-hidden=\"true\">\n  <div class=\"modal-dialog\" role=\"document\">\n    <div class=\"modal-content\">\n      <div class=\"modal-header\">\n        <h3 class=\"modal-title\" id=\"mapaModalLongTitle\">\n                                    Difunde este gr\u00e1fico        <\/h3>\n        <button type=\"button\" class=\"close\" data-dismiss=\"modal\" aria-label=\"Close\">\n                    <span aria-hidden=\"true\">&times;<\/span>\n                <\/button>\n      <\/div>\n      <div class=\"modal-body\">\n\n        \n        <!-- LINKS TO SOCIAL MEDIA IMAGES HERE: -->\n\n                \n        \n                <h4>\n                                    Inserta este gr\u00e1fico en tu site        <\/h4>\n        \n        \n                  \n        <p>Inserta este gr\u00e1fico adaptable en tu site, a\u00f1adiendo el c\u00f3digo:<\/p>\n        <p><a target=\"_blank\" rel=\"noopener\" href=\"https:\/\/jsfiddle.net\/greenpeace\/7esyjqkm\/\" class=\"link button-2 h-auto mt-3 d-block d-md-inline-block text-center py-3 py-md-2\">Obtener c\u00f3digo<\/a><\/p>\n\n                          \n        <p>Ten en cuenta que algunos sites no te dejan a\u00f1adir HTML o Javascript. No podemos dar soporte t\u00e9cnico para insertar este gr\u00e1fico en tu site.<\/p>\n        <hr \/>\n\n        \n        <h4>Traduce o adapta<\/h4>\n\n        <!-- LINK TO JSFIDDLE HERE: -->\n\n                  \n                  <p>Traduce o adapta este gr\u00e1fico a partir de su <a href=\"https:\/\/jsfiddle.net\/greenpeace\/7esyjqkm\/\" target=\"_blank\" rel=\"noopener\">c\u00f3digo fuente<\/a> y lo puedes usar en tu site. Por favor prueba el c\u00f3digo primero para comprobar que funciona en tu site. No podemos dar soporte t\u00e9cnico a la traducci\u00f3n o adaptaci\u00f3n.<\/p>\n        \n        \n        <hr \/>\n\n                    <h4>Datos abiertos<\/h4>\n\n            <!-- OPEN DATA LINK HERE: -->\n\n            <p>Si prefieres producir tus propios materiales, puedes <a href=\"https:\/\/docs.google.com\/spreadsheets\/d\/1QSrvhJ-RO3PvPcgvCcXSCstj37UCYXbimNF8p9FCaEA\/edit#gid=1708743507\" target=\"_blank\">descargar los mismos datos abiertos<\/a> que hemos usado.<\/p>\n\n            <hr \/>        \n          <!-- LICENSE HERE: -->\n\n          <p>Fuente: <a href=\"\" target=\"_blank\">Elaboraci\u00f3n propia ABAY\/Greenpeace<\/a><\/p>\n      <\/div>\n    <\/div>\n  <\/div>\n<\/div>\n<!-- \/MAP MODAL -->\n\n<p>&nbsp;<\/p>\n<p>Si nos centramos en las medidas que requieren inversi\u00f3n o gasto, la mayor apuesta se centrar\u00eda en dos bloques de medidas: el de la <strong>transici\u00f3n energ\u00e9tica<\/strong> y el de las medidas destinadas a <strong>vivienda y rehabilitaci\u00f3n energ\u00e9tica<\/strong> para la poblaci\u00f3n m\u00e1s vulnerable. En conjunto suman el 58% del total de las inversiones. Las medidas destinadas al medio rural, a proteger y reconocer la conservaci\u00f3n de la biodiversidad o a favorecer la agricultura ecol\u00f3gica y el comercio ecol\u00f3gico, local y de proximidad sumar\u00edan 23.000 millones de euros.<\/p>\n<p>Las propuestas con un car\u00e1cter social m\u00e1s marcado, que hemos agrupado en el bloque \u201cTransici\u00f3n justa\u201d con medidas como los <strong>incentivos al empleo<\/strong> y la<strong> transformaci\u00f3n de la industria<\/strong>, junto con las propuestas destinadas a potenciar un orden global m\u00e1s verde y resiliente, agrupadas en \u00abAgenda exterior\u201d, supondr\u00edan un 8% de la inversi\u00f3n.<\/p>\n<script src=\"https:\/\/cdnjs.cloudflare.com\/ajax\/libs\/Chart.js\/2.9.1\/Chart.bundle.min.js\" defer><\/script>\r\n<script src=\"https:\/\/cdn.jsdelivr.net\/npm\/chartjs-plugin-deferred@1.0.1\" defer><\/script>\r\n<style>\r\n  .chart-container p {\r\n    font-family: \"Work Sans\", sans-serif;\r\n    font-weight: 700;\r\n    text-align: center;\r\n    margin: 0;\r\n  }\r\n\r\n<\/style>\r\n<div class=\"chart-container\" style=\"position: relative; height:auto; width:100%\">\r\n  <p>\r\n    Distribuci\u00f3n de las inversiones requeridas para \u201cDarle la vuelta al sistema\u201d por \u00e1mbitos de actuaci\u00f3n (2021-2024) \r\n  <\/p>\r\n  <canvas id=\"grafica_inversiones\" width=\"350\" height=\"250\"><\/canvas>\r\n<\/div>\r\n<script>\r\n  document.addEventListener(\"DOMContentLoaded\", function(event) {\r\n    var ctx = document.getElementById(\"grafica_inversiones\");\r\n    var grafica_inversiones = new Chart(ctx, {\r\n      type: 'horizontalBar',\r\n      data: {\r\n        labels: [\"Sistema energ\u00e9tico\", \"Rehabilitaci\u00f3n energ\u00e9tica viviendas\", \"Movilidad sostenible\", \"I+D+i para la reconstrucci\u00f3n verde\", \"Entorno rural\", \"Transici\u00f3n justa\", \"Suelo y territorio\", \"Agenda Exterior\"],\r\n        datasets: [{\r\n          label: '',\r\n          data: [53559655667, 52591522772, 29187167229, 22766412572, 15584557601, 12905000000, 7405951834, 2713714286],\r\n          backgroundColor: [\r\n            'rgba(134, 139, 134, 0.85)',\r\n            'rgba(91, 74, 89, 0.85)',\r\n            'rgba(122, 189, 148, 0.85)',\r\n            'rgba(195, 224, 166, 0.85)',\r\n            'rgba(215, 213, 161, 0.85)',\r\n            'rgba(255, 225, 159, 0.85)',\r\n            'rgba(218,241,250, 0.85)',\r\n            'rgba(253, 246, 178, 0.85)'\r\n\r\n          ]\r\n        }]\r\n      },\r\n      options: {\r\n        title: {\r\n          display: false,\r\n          text: 'Distribuci\u00f3n de las inversiones requeridas para \u201cDarle la vuelta al sistema\u201d por \u00e1mbitos de actuaci\u00f3n.',\r\n          fontSize: 16,\r\n          fontFamily: '\"Work Sans\",sans-serif',\r\n          fontColor: '#212529'\r\n        },\r\n        legend: {\r\n          display: false,\r\n          labels: {\r\n            fontName: '\"Work Sans\",sans-serif',\r\n            fontColor: '#212529',\r\n            fontSize: 13\r\n          }\r\n        },\r\n        layout: {\r\n          padding: {\r\n            bottom: 20\r\n          }\r\n        },\r\n        tooltips: {\r\n          callbacks: {\r\n            label: function(tooltipItem, data) {\r\n              var value = tooltipItem.xLabel;\r\n              return \" \" + value.toString().replace(\/\\B(?=(\\d{3})+(?!\\d))\/g, \".\") + \"\u20ac\";\r\n\r\n            }\r\n          }\r\n        },\r\n        scales: {\r\n          xAxes: [{\r\n            ticks: {\r\n            display: false,\r\n              beginAtZero: true,\r\n              fontFamily: '\"Work Sans\",sans-serif',\r\n              fontColor: '#212529'\r\n            },\r\n            scaleLabel: {\r\n              display: true,\r\n              fontFamily: '\"Work Sans\",sans-serif',\r\n              fontColor: '#212529'\r\n            }\r\n          }],\r\n          yAxes: [{\r\n            ticks: {\r\n              fontFamily: '\"Work Sans\",sans-serif',\r\n              fontColor: '#212529'\r\n            },\r\n            scaleLabel: {\r\n              display: true,\r\n              fontFamily: '\"Work Sans\",sans-serif',\r\n              fontColor: '#212529'\r\n            }\r\n          }]\r\n        }\r\n      }\r\n    });\r\n  });\r\n\r\n<\/script>\r\n\n<!-- MAP FOOTER -->\n<div class=\"clearfix\" style=\"font-size: 85%;\">\n\n  <span class=\"float-left\">\n      <strong>Fuente:<\/strong> <a target=\"_blank\" rel=\"noopener\" href=\"\">Elaboraci\u00f3n propia ABAY\/Greenpeace<\/a>  <\/span>\n\n  <span class=\"float-right\">\n\n  <!-- MAKE SURE THE DATA-TARGET MATCHES THE ID -->\n      \n        <script>\n            var analyticsEvent = function(category, action, label) {\n                if (typeof(gtag) == \"function\") {\n                    gtag('event', action, {\n                        'event_category': category,\n                        'event_label': label\n                    });\n                }\n            };\n        <\/script>\n            <a href=\"javascript:void(0);\" data-toggle=\"modal\" data-target=\"#Distribucioninversionesactuacion\" title=\"Difundir este mapa\" style=\"vertical-align: middle;\" onclick=\"analyticsEvent('Infobox', 'click', 'Descargar');\">\n                <img decoding=\"async\" src=\"https:\/\/storage.googleapis.com\/es-greenpeace-org\/ico\/download.svg\" loading=\"lazy\" \/>\n                Descargar gr\u00e1fico y\/o datos\n            <\/a>\n        <\/span>\n<\/div>\n<!-- \/MAP FOOTER -->\n\n<!-- MAP MODAL -->\n<style>\n  .download-modal code {\n    font-size: 0.8em;\n    margin-bottom: 1em;\n    background-color: #fff;\n    color: #bbb;\n    display: block;\n    line-height: 1.4em;\n    overflow-wrap: break-word;\n  }\n\n  .download-modal h4,\n  .download-modal p,\n  .download-modal code {\n    text-align: left;\n  }\n<\/style>\n\n<!-- MAKE SURE THE ID BELLOW MATCHES THE DATA TARGET ABOVE -->\n\n<div class=\"modal fade download-modal\" id=\"Distribucioninversionesactuacion\" tabindex=\"-1\" role=\"dialog\" aria-labelledby=\"mapaModalLongTitle\" aria-hidden=\"true\">\n  <div class=\"modal-dialog\" role=\"document\">\n    <div class=\"modal-content\">\n      <div class=\"modal-header\">\n        <h3 class=\"modal-title\" id=\"mapaModalLongTitle\">\n                                    Difunde este gr\u00e1fico        <\/h3>\n        <button type=\"button\" class=\"close\" data-dismiss=\"modal\" aria-label=\"Close\">\n                    <span aria-hidden=\"true\">&times;<\/span>\n                <\/button>\n      <\/div>\n      <div class=\"modal-body\">\n\n        \n        <!-- LINKS TO SOCIAL MEDIA IMAGES HERE: -->\n\n                \n        \n                <h4>\n                                    Inserta este gr\u00e1fico en tu site        <\/h4>\n        \n        \n                  \n        <p>Inserta este gr\u00e1fico adaptable en tu site, a\u00f1adiendo el c\u00f3digo:<\/p>\n        <p><a target=\"_blank\" rel=\"noopener\" href=\"https:\/\/jsfiddle.net\/greenpeace\/fvgz67un\/\" class=\"link button-2 h-auto mt-3 d-block d-md-inline-block text-center py-3 py-md-2\">Obtener c\u00f3digo<\/a><\/p>\n\n                          \n        <p>Ten en cuenta que algunos sites no te dejan a\u00f1adir HTML o Javascript. No podemos dar soporte t\u00e9cnico para insertar este gr\u00e1fico en tu site.<\/p>\n        <hr \/>\n\n        \n        <h4>Traduce o adapta<\/h4>\n\n        <!-- LINK TO JSFIDDLE HERE: -->\n\n                  \n                  <p>Traduce o adapta este gr\u00e1fico a partir de su <a href=\"https:\/\/jsfiddle.net\/greenpeace\/fvgz67un\/\" target=\"_blank\" rel=\"noopener\">c\u00f3digo fuente<\/a> y lo puedes usar en tu site. Por favor prueba el c\u00f3digo primero para comprobar que funciona en tu site. No podemos dar soporte t\u00e9cnico a la traducci\u00f3n o adaptaci\u00f3n.<\/p>\n        \n        \n        <hr \/>\n\n                    <h4>Datos abiertos<\/h4>\n\n            <!-- OPEN DATA LINK HERE: -->\n\n            <p>Si prefieres producir tus propios materiales, puedes <a href=\"https:\/\/docs.google.com\/spreadsheets\/d\/1QSrvhJ-RO3PvPcgvCcXSCstj37UCYXbimNF8p9FCaEA\/edit#gid=433136703\" target=\"_blank\">descargar los mismos datos abiertos<\/a> que hemos usado.<\/p>\n\n            <hr \/>        \n          <!-- LICENSE HERE: -->\n\n          <p>Fuente: <a href=\"\" target=\"_blank\">Elaboraci\u00f3n propia ABAY\/Greenpeace<\/a><\/p>\n      <\/div>\n    <\/div>\n  <\/div>\n<\/div>\n<!-- \/MAP MODAL -->\n\n<p>&nbsp;<\/p>\n<p>\u00bfQui\u00e9n pagar\u00eda esto? <strong>Las inversiones se repartir\u00edan casi a partes iguales entre sector p\u00fablico y privado<\/strong>. En torno al 53,7% de las inversiones se llevar\u00edan a cabo con financiaci\u00f3n p\u00fablica y el 46,3%, con inversi\u00f3n privada. Dependiendo del \u00e1mbito de actuaci\u00f3n este porcentaje var\u00eda. As\u00ed, por ejemplo, el 78,4% de las inversiones previstas para la transici\u00f3n energ\u00e9tica (cerca de 42.000 millones de euros) se llevar\u00eda a cabo con inversi\u00f3n privada, mientras que en el \u00e1mbito de la innovaci\u00f3n este porcentaje alcanzar\u00eda el 56,7%.<\/p>\n<script src=\"https:\/\/cdnjs.cloudflare.com\/ajax\/libs\/Chart.js\/2.7.1\/Chart.bundle.min.js\" defer><\/script>\r\n<script src=\"https:\/\/cdn.jsdelivr.net\/npm\/chartjs-plugin-deferred@1.0.1\" defer><\/script>\r\n<p style=\"text-align: center; font-weight: 700\">Distribuci\u00f3n de las inversiones requeridas para \u201cDarle la vuelta al sistema\u201d seg\u00fan naturaleza jur\u00eddica del inversor (2021-2024)<\/p>\r\n<div class=\"chart-container\" style=\"position: relative; height:auto; width:100%\">\r\n  <canvas id=\"grafica_publico_privado_2\" width=\"350\" height=\"250\"><\/canvas>\r\n<\/div>\r\n<script>\r\n  document.addEventListener(\"DOMContentLoaded\", function(event) {\r\n    var ctx = document.getElementById(\"grafica_publico_privado_2\");\r\n    var grafica_publico_privado_2 = new Chart(ctx, {\r\n      type: 'bar',\r\n      data: {\r\n        labels: [\"\u00c1mbito p\u00fablico (53,7%)\", \"\u00c4mbito privado (46,3%)\", ],\r\n        datasets: [{\r\n            label: 'Sistema energ\u00e9tico ',\r\n            data: [11573760000, 41985895667],\r\n            backgroundColor: 'rgba(134, 139, 134, 0.85)'\r\n          },\r\n          {\r\n            label: 'Rehabilitaci\u00f3n energ\u00e9tica viviendas ',\r\n            data: [24969061524, 27622461248],\r\n            backgroundColor: 'rgba(91, 74, 89, 0.85)'\r\n          },\r\n          {\r\n            label: 'Movilidad sostenible',\r\n            data: [25672167229, 3515000000],\r\n            backgroundColor: 'rgba(122, 189, 148, 0.85)'\r\n          },\r\n          {\r\n            label: 'I+D+i para la reconstrucci\u00f3n verde',\r\n            data: [9868000000, 12898000000],\r\n            backgroundColor: 'rgba(195, 224, 166, 0.85)'\r\n          },\r\n          {\r\n            label: 'Entorno rural',\r\n            data: [11250556927, 4334000674],\r\n            backgroundColor: 'rgba(215, 213, 161, 0.85)'\r\n          },\r\n          {\r\n            label: 'Transici\u00f3n Justa',\r\n            data: [12905000000, 0],\r\n            backgroundColor: 'rgba(255, 225, 159, 0.85)'\r\n          },\r\n          {\r\n            label: ' Suelo y territorio',\r\n            data: [6740764196, 665187638],\r\n            backgroundColor: 'rgba(218,241,250, 0.85)'\r\n          },\r\n          {\r\n            label: 'Agenda Exterior',\r\n            data: [2713714286, 0],\r\n            backgroundColor: 'rgba(253, 246, 178, 0.85)'\r\n          },\r\n        ]\r\n      },\r\n      options: {\r\n        title: {\r\n          display: false,\r\n          text: 'Distribuci\u00f3n de las inversiones requeridas para \u201cDarle la vuelta al sistema\u201d',\r\n          fontSize: 16,\r\n          fontFamily: '\"Work Sans\",sans-serif',\r\n          fontColor: '#212529'\r\n        },\r\n        legend: {\r\n          display: true,\r\n          position: 'bottom',\r\n          labels: {\r\n            fontName: '\"Work Sans\",sans-serif',\r\n            fontColor: '#212529',\r\n            fontSize: 13\r\n          }\r\n        },\r\n        layout: {\r\n          padding: {\r\n            bottom: 20\r\n          }\r\n        },\r\n        tooltips: {\r\n          callbacks: {\r\n            label: function(tooltipItem, data) {\r\n              var value = tooltipItem.yLabel;\r\n              return \" \" + value.toString().replace(\/\\B(?=(\\d{3})+(?!\\d))\/g, \".\") + \"\u20ac\";\r\n\r\n            }\r\n          }\r\n        },\r\n        scales: {\r\n          yAxes: [{\r\n            stacked: true,\r\n            ticks: {\r\n              fontFamily: '\"Work Sans\",sans-serif',\r\n              fontColor: '#212529',\r\n                callback: function(label, index, labels) {\r\n                    label = label \/ 1000;\r\n                    return label.toString().replace(\/\\B(?=(\\d{3})+(?!\\d))\/g, \".\") + ' Mil';\r\n                }\r\n            },\r\n            scaleLabel: {\r\n              display: true,\r\n              labelString: 'Euro',\r\n              fontFamily: '\"Work Sans\",sans-serif',\r\n              fontColor: '#212529'\r\n            }\r\n          }],\r\n          xAxes: [{\r\n            stacked: true,\r\n            ticks: {\r\n              fontFamily: '\"Work Sans\",sans-serif',\r\n              fontColor: '#212529'\r\n            },\r\n            scaleLabel: {\r\n              display: true,\r\n              labelString: '\u00c1mbito',\r\n              fontFamily: '\"Work Sans\",sans-serif',\r\n              fontColor: '#212529'\r\n            }\r\n          }]\r\n        }\r\n      }\r\n    });\r\n  });\r\n\r\n<\/script>\r\n\n<!-- MAP FOOTER -->\n<div class=\"clearfix\" style=\"font-size: 85%;\">\n\n  <span class=\"float-left\">\n      <strong>Fuente:<\/strong> <a target=\"_blank\" rel=\"noopener\" href=\"\">Elaboraci\u00f3n propia ABAY\/Greenpeace<\/a>  <\/span>\n\n  <span class=\"float-right\">\n\n  <!-- MAKE SURE THE DATA-TARGET MATCHES THE ID -->\n      \n        <script>\n            var analyticsEvent = function(category, action, label) {\n                if (typeof(gtag) == \"function\") {\n                    gtag('event', action, {\n                        'event_category': category,\n                        'event_label': label\n                    });\n                }\n            };\n        <\/script>\n            <a href=\"javascript:void(0);\" data-toggle=\"modal\" data-target=\"#Distribucioninversionesnaturaleza\" title=\"Difundir este mapa\" style=\"vertical-align: middle;\" onclick=\"analyticsEvent('Infobox', 'click', 'Descargar');\">\n                <img decoding=\"async\" src=\"https:\/\/storage.googleapis.com\/es-greenpeace-org\/ico\/download.svg\" loading=\"lazy\" \/>\n                Descargar gr\u00e1fico y\/o datos\n            <\/a>\n        <\/span>\n<\/div>\n<!-- \/MAP FOOTER -->\n\n<!-- MAP MODAL -->\n<style>\n  .download-modal code {\n    font-size: 0.8em;\n    margin-bottom: 1em;\n    background-color: #fff;\n    color: #bbb;\n    display: block;\n    line-height: 1.4em;\n    overflow-wrap: break-word;\n  }\n\n  .download-modal h4,\n  .download-modal p,\n  .download-modal code {\n    text-align: left;\n  }\n<\/style>\n\n<!-- MAKE SURE THE ID BELLOW MATCHES THE DATA TARGET ABOVE -->\n\n<div class=\"modal fade download-modal\" id=\"Distribucioninversionesnaturaleza\" tabindex=\"-1\" role=\"dialog\" aria-labelledby=\"mapaModalLongTitle\" aria-hidden=\"true\">\n  <div class=\"modal-dialog\" role=\"document\">\n    <div class=\"modal-content\">\n      <div class=\"modal-header\">\n        <h3 class=\"modal-title\" id=\"mapaModalLongTitle\">\n                                    Difunde este gr\u00e1fico        <\/h3>\n        <button type=\"button\" class=\"close\" data-dismiss=\"modal\" aria-label=\"Close\">\n                    <span aria-hidden=\"true\">&times;<\/span>\n                <\/button>\n      <\/div>\n      <div class=\"modal-body\">\n\n        \n        <!-- LINKS TO SOCIAL MEDIA IMAGES HERE: -->\n\n                \n        \n                <h4>\n                                    Inserta este gr\u00e1fico en tu site        <\/h4>\n        \n        \n                  \n        <p>Inserta este gr\u00e1fico adaptable en tu site, a\u00f1adiendo el c\u00f3digo:<\/p>\n        <p><a target=\"_blank\" rel=\"noopener\" href=\"https:\/\/jsfiddle.net\/greenpeace\/rhqkapb4\/\" class=\"link button-2 h-auto mt-3 d-block d-md-inline-block text-center py-3 py-md-2\">Obtener c\u00f3digo<\/a><\/p>\n\n                          \n        <p>Ten en cuenta que algunos sites no te dejan a\u00f1adir HTML o Javascript. No podemos dar soporte t\u00e9cnico para insertar este gr\u00e1fico en tu site.<\/p>\n        <hr \/>\n\n        \n        <h4>Traduce o adapta<\/h4>\n\n        <!-- LINK TO JSFIDDLE HERE: -->\n\n                  \n                  <p>Traduce o adapta este gr\u00e1fico a partir de su <a href=\"https:\/\/jsfiddle.net\/greenpeace\/rhqkapb4\/\" target=\"_blank\" rel=\"noopener\">c\u00f3digo fuente<\/a> y lo puedes usar en tu site. Por favor prueba el c\u00f3digo primero para comprobar que funciona en tu site. No podemos dar soporte t\u00e9cnico a la traducci\u00f3n o adaptaci\u00f3n.<\/p>\n        \n        \n        <hr \/>\n\n                    <h4>Datos abiertos<\/h4>\n\n            <!-- OPEN DATA LINK HERE: -->\n\n            <p>Si prefieres producir tus propios materiales, puedes <a href=\"https:\/\/docs.google.com\/spreadsheets\/d\/1QSrvhJ-RO3PvPcgvCcXSCstj37UCYXbimNF8p9FCaEA\/edit#gid=714220926\" target=\"_blank\">descargar los mismos datos abiertos<\/a> que hemos usado.<\/p>\n\n            <hr \/>        \n          <!-- LICENSE HERE: -->\n\n          <p>Fuente: <a href=\"\" target=\"_blank\">Elaboraci\u00f3n propia ABAY\/Greenpeace<\/a><\/p>\n      <\/div>\n    <\/div>\n  <\/div>\n<\/div>\n<!-- \/MAP MODAL -->\n\n<p>&nbsp;<\/p>\n<p>Si nos <strong>centramos en la inversi\u00f3n p\u00fablica<\/strong>, que de alguna manera marca la viabilidad de la propuesta, el esfuerzo adicional en relaci\u00f3n a lo que est\u00e1 presupuestado en los diversos planes contemplados por el Gobierno ser\u00eda de 43.103 millones de euros. El 42% de esta inversi\u00f3n extra se destinar\u00eda sobre todo a las inversiones en rehabilitaci\u00f3n energ\u00e9tica de viviendas y a las medidas para la poblaci\u00f3n m\u00e1s vulnerable.<\/p>\n<script src=\"https:\/\/cdn.jsdelivr.net\/npm\/chart.js@2.9.1\/dist\/Chart.bundle.min.js\" defer><\/script>\r\n<script src=\"https:\/\/cdn.jsdelivr.net\/npm\/chartjs-plugin-deferred@1.0.1\" defer><\/script>\r\n<p style=\"text-align: center;\"><strong>Esfuerzo de inversi\u00f3n p\u00fablica adicional requerida para \"Darle la vuelta al sistema\" (2021-2024) \r\n<\/strong><\/p>\r\n<div class=\"chart-container\" style=\"position: relative; height:auto; width:100%\">\r\n    <canvas id=\"publico_privado\" width=\"350\" height=\"250\"><\/canvas>\r\n<\/div>\r\n<script>\r\n    document.addEventListener(\"DOMContentLoaded\", function(event) {\r\n        var ctx = document.getElementById(\"publico_privado\").getContext(\"2d\");\r\n        var publico_privado = new Chart(ctx, {\r\n                type: 'pie',\r\n                data: {\r\n                    datasets: [{\r\n                            data: [\r\n                                2506960000,\r\n                                18586408191,\r\n                                7280458629,\r\n                                5534173158,\r\n                                4197790717,\r\n                                3431581996,\r\n                                1200000,\r\n                                2563714286\r\n                            ],\r\n                            backgroundColor: [\r\n                                'rgba(134, 139, 134, 0.85)',\r\n                                'rgba(91, 74, 89, 0.85)',\r\n                                'rgba(122, 189, 148, 0.85)',\r\n                                'rgba(195, 224, 166, 0.85)',\r\n                                'rgba(215, 213, 161, 0.85)',\r\n                                'rgba(218,241,250, 0.85)',\r\n                                'rgba(255, 225, 159, 0.85)',\r\n                                'rgba(253, 246, 178, 0.85)'\r\n                            ],\r\n                            label: 'Dataset 1'\r\n                        },\r\n                    ],\r\n                    labels: [\r\n                        'Sistema energ\u00e9tico',\r\n                        'Rehabilitaci\u00f3n energ\u00e9tica viviendas',\r\n                        'Movilidad sostenible',\r\n                        'I+D+i para la reconstrucci\u00f3n verde',\r\n                        'Entorno rural',\r\n                        'Suelo y territorio',\r\n                        'Transici\u00f3n Justa',\r\n                        'Agenda Exterior'\r\n                    ]\r\n                },\r\n                options: {\r\n                    circumference: 2 * Math.PI,\r\n                    rotation: -0.5 * Math.PI,\r\n                    title: {\r\n                        display: false,\r\n                        text: 'Distribuci\u00f3n de las medidas de la propuesta \u201cDarle la vuelta al sistema\u201d atendiendo al contenido',\r\n                        fontSize: 16,\r\n                        fontFamily: '\"Work Sans\",sans-serif',\r\n                        fontColor: '#212529',\r\n                        padding: 25\r\n                    },\r\n                    responsive: true,\r\n                    legend: {\r\n                        display: true,\r\n                        fullWidth: false,\r\n                        position: 'bottom',\r\n                        labels: {\r\n                            fontName: '\"Work Sans\",sans-serif',\r\n                            fontColor: '#212529',\r\n                            fontSize: 13\r\n                        }\r\n                    },\r\n                    layout: {\r\n                        padding: {\r\n                            bottom: 30\r\n                        }\r\n                    },\r\n                    tooltips: {\r\n                      callbacks: {\r\n                        label: function(tooltipItem, data) {\r\n                            var dataLabel = data.labels[tooltipItem.index];\r\n                            var value = ': ' + data.datasets[tooltipItem.datasetIndex].data[tooltipItem.index].toLocaleString();\r\n                            return dataLabel + value + '\u20ac';\r\n                          \r\n                        }\r\n                      }\r\n                    },\r\n                }\r\n            }\r\n\r\n        );\r\n    });\r\n\r\n<\/script>\r\n\n<!-- MAP FOOTER -->\n<div class=\"clearfix\" style=\"font-size: 85%;\">\n\n  <span class=\"float-left\">\n      <strong>Fuente:<\/strong> <a target=\"_blank\" rel=\"noopener\" href=\"\">Elaboraci\u00f3n propia ABAY\/Greenpeace<\/a>  <\/span>\n\n  <span class=\"float-right\">\n\n  <!-- MAKE SURE THE DATA-TARGET MATCHES THE ID -->\n      \n        <script>\n            var analyticsEvent = function(category, action, label) {\n                if (typeof(gtag) == \"function\") {\n                    gtag('event', action, {\n                        'event_category': category,\n                        'event_label': label\n                    });\n                }\n            };\n        <\/script>\n            <a href=\"javascript:void(0);\" data-toggle=\"modal\" data-target=\"#InversionPublica\" title=\"Difundir este mapa\" style=\"vertical-align: middle;\" onclick=\"analyticsEvent('Infobox', 'click', 'Descargar');\">\n                <img decoding=\"async\" src=\"https:\/\/storage.googleapis.com\/es-greenpeace-org\/ico\/download.svg\" loading=\"lazy\" \/>\n                Descargar gr\u00e1fico y\/o datos\n            <\/a>\n        <\/span>\n<\/div>\n<!-- \/MAP FOOTER -->\n\n<!-- MAP MODAL -->\n<style>\n  .download-modal code {\n    font-size: 0.8em;\n    margin-bottom: 1em;\n    background-color: #fff;\n    color: #bbb;\n    display: block;\n    line-height: 1.4em;\n    overflow-wrap: break-word;\n  }\n\n  .download-modal h4,\n  .download-modal p,\n  .download-modal code {\n    text-align: left;\n  }\n<\/style>\n\n<!-- MAKE SURE THE ID BELLOW MATCHES THE DATA TARGET ABOVE -->\n\n<div class=\"modal fade download-modal\" id=\"InversionPublica\" tabindex=\"-1\" role=\"dialog\" aria-labelledby=\"mapaModalLongTitle\" aria-hidden=\"true\">\n  <div class=\"modal-dialog\" role=\"document\">\n    <div class=\"modal-content\">\n      <div class=\"modal-header\">\n        <h3 class=\"modal-title\" id=\"mapaModalLongTitle\">\n                                    Difunde este gr\u00e1fico        <\/h3>\n        <button type=\"button\" class=\"close\" data-dismiss=\"modal\" aria-label=\"Close\">\n                    <span aria-hidden=\"true\">&times;<\/span>\n                <\/button>\n      <\/div>\n      <div class=\"modal-body\">\n\n        \n        <!-- LINKS TO SOCIAL MEDIA IMAGES HERE: -->\n\n                \n        \n                <h4>\n                                    Inserta este gr\u00e1fico en tu site        <\/h4>\n        \n        \n                  \n        <p>Inserta este gr\u00e1fico adaptable en tu site, a\u00f1adiendo el c\u00f3digo:<\/p>\n        <p><a target=\"_blank\" rel=\"noopener\" href=\"https:\/\/jsfiddle.net\/greenpeace\/ozsxpyg9\/\" class=\"link button-2 h-auto mt-3 d-block d-md-inline-block text-center py-3 py-md-2\">Obtener c\u00f3digo<\/a><\/p>\n\n                          \n        <p>Ten en cuenta que algunos sites no te dejan a\u00f1adir HTML o Javascript. No podemos dar soporte t\u00e9cnico para insertar este gr\u00e1fico en tu site.<\/p>\n        <hr \/>\n\n        \n        <h4>Traduce o adapta<\/h4>\n\n        <!-- LINK TO JSFIDDLE HERE: -->\n\n                  \n                  <p>Traduce o adapta este gr\u00e1fico a partir de su <a href=\"https:\/\/jsfiddle.net\/greenpeace\/ozsxpyg9\/\" target=\"_blank\" rel=\"noopener\">c\u00f3digo fuente<\/a> y lo puedes usar en tu site. Por favor prueba el c\u00f3digo primero para comprobar que funciona en tu site. No podemos dar soporte t\u00e9cnico a la traducci\u00f3n o adaptaci\u00f3n.<\/p>\n        \n        \n        <hr \/>\n\n                    <h4>Datos abiertos<\/h4>\n\n            <!-- OPEN DATA LINK HERE: -->\n\n            <p>Si prefieres producir tus propios materiales, puedes <a href=\"https:\/\/docs.google.com\/spreadsheets\/d\/1QSrvhJ-RO3PvPcgvCcXSCstj37UCYXbimNF8p9FCaEA\/edit#gid=2016942207\" target=\"_blank\">descargar los mismos datos abiertos<\/a> que hemos usado.<\/p>\n\n            <hr \/>        \n          <!-- LICENSE HERE: -->\n\n          <p>Fuente: <a href=\"\" target=\"_blank\">Elaboraci\u00f3n propia ABAY\/Greenpeace<\/a><\/p>\n      <\/div>\n    <\/div>\n  <\/div>\n<\/div>\n<!-- \/MAP MODAL -->\n\n<p>&nbsp;<\/p>\n<p>\u00bfDe d\u00f3nde saldr\u00eda el dinero? Este gasto extra para las arcas del Estado podr\u00eda obtenerse por varias v\u00edas, entre las que se encuentra una adecuada reforma fiscal que incluya la fiscalidad verde y el dinero procedente de los Fondos de Recuperaci\u00f3n Europeos. El <strong>Plan de Recuperaci\u00f3n, Transformaci\u00f3n y Resiliencia<\/strong> presentado por el Gobierno prev\u00e9 invertir 72.000 millones de euros en los pr\u00f3ximos tres a\u00f1os (2021-2023) y se espera que el 37% de las inversiones de este Plan se destinen a \u201cinversiones verdes\u201d.<\/p>\n<p>Aunque no solo es necesario un aporte econ\u00f3mico. Un cambio de prioridades y un alineamiento de las pol\u00edticas p\u00fablicas con los objetivos de la transformaci\u00f3n del sistema, entre lo que se incluir\u00eda por ejemplo, la <strong>reducci\u00f3n del gasto en armamento<\/strong>, permitir\u00edan que el Estado asumiera el esfuerzo econ\u00f3mico en las circunstancias actuales.<\/p>\n<h5>Empleo<\/h5>\n<p>Por \u00faltimo, el reto principal para la transformaci\u00f3n del sistema y el crecimiento inclusivo est\u00e1 en la formaci\u00f3n para el empleo. Las inversiones contempladas en el Plan de Recuperaci\u00f3n, Transformaci\u00f3n y Resiliencia son <strong>una gran oportunidad para crear empleo en un escenario pos-COVID<\/strong> que estar\u00e1 caracterizado por altas tasas de desempleo. Sin embargo, esta oportunidad solo se aprovechar\u00e1 plenamente si tenemos un sistema de formaci\u00f3n para el empleo capaz de acompa\u00f1ar la enorme transformaci\u00f3n de la estructura productiva provocada por el impacto de la pandemia y las inversiones contempladas en esta propuesta. As\u00ed quedar\u00eda la demanda \u201ctipo\u201d de empleo si se llevan a cabo las inversiones necesarias para una transici\u00f3n justa.<\/p>\n<p>As\u00ed quedar\u00eda la demanda \u201ctipo\u201d de empleo si se llevan a cabo las inversiones necesarias para una transici\u00f3n justa:<\/p>\n<style> #grafica_empleo .number-2 { font-size: 20px !important; } #grafica_empleo .number-3 { font-size: 54px !important; }<\/style>\r\n<div id=\"grafica_empleo\" class=\"row my-0\">\r\n    <div class=\"col-md-4 text-center content py-4 d-flex flex-column\">\r\n        <span class=\"custom-3 d-block mb-auto\"><\/span>\r\n        <div class=\"d-block d-flex flex-column py-2\" style=\"flex: 1;\">\r\n            <span class=\"number-3 m-auto\">50%<\/span>\r\n            <span class=\"number-2 m-auto\">Baja cualificaci\u00f3n<\/span>\r\n        <\/div>\r\n    <\/div>\r\n    <div class=\"col-md-4 text-center content py-4 d-flex flex-column\">\r\n        <span class=\"custom-3 d-block mb-auto\"><\/span>\r\n        <div class=\"d-block d-flex flex-column py-2\" style=\"flex: 1;\">\r\n            <span class=\"number-3 m-auto\">30%<\/span>\r\n            <span class=\"number-2 m-auto\">Media cualificaci\u00f3n<\/span>\r\n        <\/div>\r\n    <\/div>\r\n    <div class=\"col-md-4 text-center content py-4 d-flex flex-column\">\r\n        <span class=\"custom-3 d-block mb-auto\"><\/span>\r\n        <div class=\"d-block d-flex flex-column py-2\" style=\"flex: 1;\">\r\n            <span class=\"number-3 m-auto\">20%<\/span>\r\n            <span class=\"number-2 m-auto\">Alta cualificaci\u00f3n<\/span>\r\n        <\/div>\r\n    <\/div>\r\n<\/div>\n<p>&nbsp;<\/p>\n<blockquote><p>M\u00e1s informaci\u00f3n en el informe completo <a href=\"https:\/\/es.greenpeace.org\/es\/wp-content\/uploads\/sites\/3\/2021\/02\/Informe-economico-Darle-la-vuelta-al-sistema.pdf\">\u00abDarle la vuelta al sistema. Un 4,8% del PIB para entrar en n\u00fameros verdes\u00bb<\/a>.<\/p><\/blockquote>\n","protected":false},"author":1,"featured_media":31331,"parent":25966,"menu_order":6,"template":"","meta":{"_acf_changed":false,"footnotes":""},"categories":[],"tags":[],"class_list":["post-31322","post_profundidad","type-post_profundidad","status-publish","has-post-thumbnail","hentry"],"acf":[],"yoast_head":"<!-- This site is optimized with the Yoast SEO plugin v27.1.1 - https:\/\/yoast.com\/product\/yoast-seo-wordpress\/ -->\n<title>Un 4,8% del PIB para entrar en n\u00fameros verdes - ES | Greenpeace Espa\u00f1a<\/title>\n<meta name=\"robots\" content=\"index, follow, max-snippet:-1, max-image-preview:large, max-video-preview:-1\" \/>\n<link rel=\"canonical\" href=\"https:\/\/es.greenpeace.org\/es\/en-profundidad\/darle-la-vuelta-al-sistema\/entrar-en-numeros-verdes\/\" \/>\n<meta property=\"og:locale\" content=\"es_ES\" \/>\n<meta property=\"og:type\" content=\"article\" \/>\n<meta property=\"og:title\" content=\"Un 4,8% del PIB para entrar en n\u00fameros verdes - ES | Greenpeace Espa\u00f1a\" \/>\n<meta property=\"og:description\" content=\"\u00bfAlguna vez has pensado que darle la vuelta al sistema es caro y complicado? En Greenpeace queremos demostrar que esto no es as\u00ed. Hemos cuantificado la inversi\u00f3n que supondr\u00edan las medidas que proponemos, demostrando la viabilidad econ\u00f3mica de las mismas. Y el resultado es esperanzador: solo con el 4,8% del PIB podemos pasar de estar [&hellip;]\" \/>\n<meta property=\"og:url\" content=\"https:\/\/es.greenpeace.org\/es\/en-profundidad\/darle-la-vuelta-al-sistema\/entrar-en-numeros-verdes\/\" \/>\n<meta property=\"og:site_name\" content=\"ES | Greenpeace Espa\u00f1a\" \/>\n<meta property=\"article:publisher\" content=\"https:\/\/www.facebook.com\/greenpeace.spain\" \/>\n<meta property=\"article:modified_time\" content=\"2021-02-04T07:42:19+00:00\" \/>\n<meta property=\"og:image\" content=\"https:\/\/es.greenpeace.org\/es\/wp-content\/uploads\/sites\/3\/2021\/01\/GP1SUKL0_Medium_res.jpg\" \/>\n\t<meta property=\"og:image:width\" content=\"1200\" \/>\n\t<meta property=\"og:image:height\" content=\"800\" \/>\n\t<meta property=\"og:image:type\" content=\"image\/jpeg\" \/>\n<meta name=\"twitter:card\" content=\"summary_large_image\" \/>\n<meta name=\"twitter:site\" content=\"@greenpeace_esp\" \/>\n<meta name=\"twitter:label1\" content=\"Tiempo de lectura\" \/>\n\t<meta name=\"twitter:data1\" content=\"6 minutos\" \/>\n<script type=\"application\/ld+json\" class=\"yoast-schema-graph\">{\"@context\":\"https:\/\/schema.org\",\"@graph\":[{\"@type\":\"WebPage\",\"@id\":\"https:\/\/es.greenpeace.org\/es\/en-profundidad\/darle-la-vuelta-al-sistema\/entrar-en-numeros-verdes\/\",\"url\":\"https:\/\/es.greenpeace.org\/es\/en-profundidad\/darle-la-vuelta-al-sistema\/entrar-en-numeros-verdes\/\",\"name\":\"Un 4,8% del PIB para entrar en n\u00fameros verdes - ES | Greenpeace Espa\u00f1a\",\"isPartOf\":{\"@id\":\"https:\/\/es.greenpeace.org\/es\/#website\"},\"primaryImageOfPage\":{\"@id\":\"https:\/\/es.greenpeace.org\/es\/en-profundidad\/darle-la-vuelta-al-sistema\/entrar-en-numeros-verdes\/#primaryimage\"},\"image\":{\"@id\":\"https:\/\/es.greenpeace.org\/es\/en-profundidad\/darle-la-vuelta-al-sistema\/entrar-en-numeros-verdes\/#primaryimage\"},\"thumbnailUrl\":\"https:\/\/es.greenpeace.org\/es\/wp-content\/uploads\/sites\/3\/2021\/01\/GP1SUKL0_Medium_res.jpg\",\"datePublished\":\"2021-02-03T11:07:30+00:00\",\"dateModified\":\"2021-02-04T07:42:19+00:00\",\"breadcrumb\":{\"@id\":\"https:\/\/es.greenpeace.org\/es\/en-profundidad\/darle-la-vuelta-al-sistema\/entrar-en-numeros-verdes\/#breadcrumb\"},\"inLanguage\":\"es\",\"potentialAction\":[{\"@type\":\"ReadAction\",\"target\":[\"https:\/\/es.greenpeace.org\/es\/en-profundidad\/darle-la-vuelta-al-sistema\/entrar-en-numeros-verdes\/\"]}]},{\"@type\":\"ImageObject\",\"inLanguage\":\"es\",\"@id\":\"https:\/\/es.greenpeace.org\/es\/en-profundidad\/darle-la-vuelta-al-sistema\/entrar-en-numeros-verdes\/#primaryimage\",\"url\":\"https:\/\/es.greenpeace.org\/es\/wp-content\/uploads\/sites\/3\/2021\/01\/GP1SUKL0_Medium_res.jpg\",\"contentUrl\":\"https:\/\/es.greenpeace.org\/es\/wp-content\/uploads\/sites\/3\/2021\/01\/GP1SUKL0_Medium_res.jpg\",\"width\":1200,\"height\":800,\"caption\":\"The Dannenroeder Forest in Hesse is in danger of being cleared for a new highway (A49). Activists are occupying the forest in tree houses. They are protesting with numerous colorful signs and banners. Der Dannenr\u00f6der Wald in Hessen soll f\u00fcr die neue Autobahn A49 gerodet werden. Aktivist*Innen besetzen den Wald in Baumh\u00e4usern und protestieren mit zahlreichen bunten Schildern und Bannern gegen die anstehende Rodung.\"},{\"@type\":\"BreadcrumbList\",\"@id\":\"https:\/\/es.greenpeace.org\/es\/en-profundidad\/darle-la-vuelta-al-sistema\/entrar-en-numeros-verdes\/#breadcrumb\",\"itemListElement\":[{\"@type\":\"ListItem\",\"position\":1,\"name\":\"Home\",\"item\":\"https:\/\/es.greenpeace.org\/es\/\"},{\"@type\":\"ListItem\",\"position\":2,\"name\":\"Darle la vuelta al sistema\",\"item\":\"https:\/\/es.greenpeace.org\/es\/en-profundidad\/darle-la-vuelta-al-sistema\/\"},{\"@type\":\"ListItem\",\"position\":3,\"name\":\"Un 4,8% del PIB para entrar en n\u00fameros verdes\"}]},{\"@type\":\"WebSite\",\"@id\":\"https:\/\/es.greenpeace.org\/es\/#website\",\"url\":\"https:\/\/es.greenpeace.org\/es\/\",\"name\":\"Greenpeace Espa\u00f1a\",\"description\":\"\",\"publisher\":{\"@id\":\"https:\/\/es.greenpeace.org\/es\/#organization\"},\"potentialAction\":[{\"@type\":\"SearchAction\",\"target\":{\"@type\":\"EntryPoint\",\"urlTemplate\":\"https:\/\/es.greenpeace.org\/es\/?s={search_term_string}\"},\"query-input\":{\"@type\":\"PropertyValueSpecification\",\"valueRequired\":true,\"valueName\":\"search_term_string\"}}],\"inLanguage\":\"es\"},{\"@type\":\"Organization\",\"@id\":\"https:\/\/es.greenpeace.org\/es\/#organization\",\"name\":\"Greenpeace Espa\u00f1a\",\"alternateName\":\"Greenpeace\",\"url\":\"https:\/\/es.greenpeace.org\/es\/\",\"logo\":{\"@type\":\"ImageObject\",\"inLanguage\":\"es\",\"@id\":\"https:\/\/es.greenpeace.org\/es\/#\/schema\/logo\/image\/\",\"url\":\"https:\/\/es.greenpeace.org\/es\/wp-content\/uploads\/sites\/3\/2024\/07\/greenpeace-logo-verde.svg\",\"contentUrl\":\"https:\/\/es.greenpeace.org\/es\/wp-content\/uploads\/sites\/3\/2024\/07\/greenpeace-logo-verde.svg\",\"width\":1,\"height\":1,\"caption\":\"Greenpeace Espa\u00f1a\"},\"image\":{\"@id\":\"https:\/\/es.greenpeace.org\/es\/#\/schema\/logo\/image\/\"},\"sameAs\":[\"https:\/\/www.facebook.com\/greenpeace.spain\",\"https:\/\/x.com\/greenpeace_esp\",\"https:\/\/www.instagram.com\/greenpeace_esp\/\"]}]}<\/script>\n<!-- \/ Yoast SEO plugin. -->","yoast_head_json":{"title":"Un 4,8% del PIB para entrar en n\u00fameros verdes - ES | Greenpeace Espa\u00f1a","robots":{"index":"index","follow":"follow","max-snippet":"max-snippet:-1","max-image-preview":"max-image-preview:large","max-video-preview":"max-video-preview:-1"},"canonical":"https:\/\/es.greenpeace.org\/es\/en-profundidad\/darle-la-vuelta-al-sistema\/entrar-en-numeros-verdes\/","og_locale":"es_ES","og_type":"article","og_title":"Un 4,8% del PIB para entrar en n\u00fameros verdes - ES | Greenpeace Espa\u00f1a","og_description":"\u00bfAlguna vez has pensado que darle la vuelta al sistema es caro y complicado? En Greenpeace queremos demostrar que esto no es as\u00ed. Hemos cuantificado la inversi\u00f3n que supondr\u00edan las medidas que proponemos, demostrando la viabilidad econ\u00f3mica de las mismas. Y el resultado es esperanzador: solo con el 4,8% del PIB podemos pasar de estar [&hellip;]","og_url":"https:\/\/es.greenpeace.org\/es\/en-profundidad\/darle-la-vuelta-al-sistema\/entrar-en-numeros-verdes\/","og_site_name":"ES | Greenpeace Espa\u00f1a","article_publisher":"https:\/\/www.facebook.com\/greenpeace.spain","article_modified_time":"2021-02-04T07:42:19+00:00","og_image":[{"width":1200,"height":800,"url":"https:\/\/es.greenpeace.org\/es\/wp-content\/uploads\/sites\/3\/2021\/01\/GP1SUKL0_Medium_res.jpg","type":"image\/jpeg"}],"twitter_card":"summary_large_image","twitter_site":"@greenpeace_esp","twitter_misc":{"Tiempo de lectura":"6 minutos"},"schema":{"@context":"https:\/\/schema.org","@graph":[{"@type":"WebPage","@id":"https:\/\/es.greenpeace.org\/es\/en-profundidad\/darle-la-vuelta-al-sistema\/entrar-en-numeros-verdes\/","url":"https:\/\/es.greenpeace.org\/es\/en-profundidad\/darle-la-vuelta-al-sistema\/entrar-en-numeros-verdes\/","name":"Un 4,8% del PIB para entrar en n\u00fameros verdes - ES | Greenpeace Espa\u00f1a","isPartOf":{"@id":"https:\/\/es.greenpeace.org\/es\/#website"},"primaryImageOfPage":{"@id":"https:\/\/es.greenpeace.org\/es\/en-profundidad\/darle-la-vuelta-al-sistema\/entrar-en-numeros-verdes\/#primaryimage"},"image":{"@id":"https:\/\/es.greenpeace.org\/es\/en-profundidad\/darle-la-vuelta-al-sistema\/entrar-en-numeros-verdes\/#primaryimage"},"thumbnailUrl":"https:\/\/es.greenpeace.org\/es\/wp-content\/uploads\/sites\/3\/2021\/01\/GP1SUKL0_Medium_res.jpg","datePublished":"2021-02-03T11:07:30+00:00","dateModified":"2021-02-04T07:42:19+00:00","breadcrumb":{"@id":"https:\/\/es.greenpeace.org\/es\/en-profundidad\/darle-la-vuelta-al-sistema\/entrar-en-numeros-verdes\/#breadcrumb"},"inLanguage":"es","potentialAction":[{"@type":"ReadAction","target":["https:\/\/es.greenpeace.org\/es\/en-profundidad\/darle-la-vuelta-al-sistema\/entrar-en-numeros-verdes\/"]}]},{"@type":"ImageObject","inLanguage":"es","@id":"https:\/\/es.greenpeace.org\/es\/en-profundidad\/darle-la-vuelta-al-sistema\/entrar-en-numeros-verdes\/#primaryimage","url":"https:\/\/es.greenpeace.org\/es\/wp-content\/uploads\/sites\/3\/2021\/01\/GP1SUKL0_Medium_res.jpg","contentUrl":"https:\/\/es.greenpeace.org\/es\/wp-content\/uploads\/sites\/3\/2021\/01\/GP1SUKL0_Medium_res.jpg","width":1200,"height":800,"caption":"The Dannenroeder Forest in Hesse is in danger of being cleared for a new highway (A49). Activists are occupying the forest in tree houses. They are protesting with numerous colorful signs and banners. Der Dannenr\u00f6der Wald in Hessen soll f\u00fcr die neue Autobahn A49 gerodet werden. Aktivist*Innen besetzen den Wald in Baumh\u00e4usern und protestieren mit zahlreichen bunten Schildern und Bannern gegen die anstehende Rodung."},{"@type":"BreadcrumbList","@id":"https:\/\/es.greenpeace.org\/es\/en-profundidad\/darle-la-vuelta-al-sistema\/entrar-en-numeros-verdes\/#breadcrumb","itemListElement":[{"@type":"ListItem","position":1,"name":"Home","item":"https:\/\/es.greenpeace.org\/es\/"},{"@type":"ListItem","position":2,"name":"Darle la vuelta al sistema","item":"https:\/\/es.greenpeace.org\/es\/en-profundidad\/darle-la-vuelta-al-sistema\/"},{"@type":"ListItem","position":3,"name":"Un 4,8% del PIB para entrar en n\u00fameros verdes"}]},{"@type":"WebSite","@id":"https:\/\/es.greenpeace.org\/es\/#website","url":"https:\/\/es.greenpeace.org\/es\/","name":"Greenpeace Espa\u00f1a","description":"","publisher":{"@id":"https:\/\/es.greenpeace.org\/es\/#organization"},"potentialAction":[{"@type":"SearchAction","target":{"@type":"EntryPoint","urlTemplate":"https:\/\/es.greenpeace.org\/es\/?s={search_term_string}"},"query-input":{"@type":"PropertyValueSpecification","valueRequired":true,"valueName":"search_term_string"}}],"inLanguage":"es"},{"@type":"Organization","@id":"https:\/\/es.greenpeace.org\/es\/#organization","name":"Greenpeace Espa\u00f1a","alternateName":"Greenpeace","url":"https:\/\/es.greenpeace.org\/es\/","logo":{"@type":"ImageObject","inLanguage":"es","@id":"https:\/\/es.greenpeace.org\/es\/#\/schema\/logo\/image\/","url":"https:\/\/es.greenpeace.org\/es\/wp-content\/uploads\/sites\/3\/2024\/07\/greenpeace-logo-verde.svg","contentUrl":"https:\/\/es.greenpeace.org\/es\/wp-content\/uploads\/sites\/3\/2024\/07\/greenpeace-logo-verde.svg","width":1,"height":1,"caption":"Greenpeace Espa\u00f1a"},"image":{"@id":"https:\/\/es.greenpeace.org\/es\/#\/schema\/logo\/image\/"},"sameAs":["https:\/\/www.facebook.com\/greenpeace.spain","https:\/\/x.com\/greenpeace_esp","https:\/\/www.instagram.com\/greenpeace_esp\/"]}]}},"_links":{"self":[{"href":"https:\/\/es.greenpeace.org\/es\/wp-json\/wp\/v2\/post_profundidad\/31322","targetHints":{"allow":["GET"]}}],"collection":[{"href":"https:\/\/es.greenpeace.org\/es\/wp-json\/wp\/v2\/post_profundidad"}],"about":[{"href":"https:\/\/es.greenpeace.org\/es\/wp-json\/wp\/v2\/types\/post_profundidad"}],"author":[{"embeddable":true,"href":"https:\/\/es.greenpeace.org\/es\/wp-json\/wp\/v2\/users\/1"}],"version-history":[{"count":10,"href":"https:\/\/es.greenpeace.org\/es\/wp-json\/wp\/v2\/post_profundidad\/31322\/revisions"}],"predecessor-version":[{"id":31529,"href":"https:\/\/es.greenpeace.org\/es\/wp-json\/wp\/v2\/post_profundidad\/31322\/revisions\/31529"}],"up":[{"embeddable":true,"href":"https:\/\/es.greenpeace.org\/es\/wp-json\/wp\/v2\/post_profundidad\/25966"}],"wp:featuredmedia":[{"embeddable":true,"href":"https:\/\/es.greenpeace.org\/es\/wp-json\/wp\/v2\/media\/31331"}],"wp:attachment":[{"href":"https:\/\/es.greenpeace.org\/es\/wp-json\/wp\/v2\/media?parent=31322"}],"wp:term":[{"taxonomy":"category","embeddable":true,"href":"https:\/\/es.greenpeace.org\/es\/wp-json\/wp\/v2\/categories?post=31322"},{"taxonomy":"post_tag","embeddable":true,"href":"https:\/\/es.greenpeace.org\/es\/wp-json\/wp\/v2\/tags?post=31322"}],"curies":[{"name":"wp","href":"https:\/\/api.w.org\/{rel}","templated":true}]}}