{"id":45508,"date":"2022-09-30T14:55:52","date_gmt":"2022-09-30T12:55:52","guid":{"rendered":"https:\/\/es.greenpeace.org\/es\/?post_type=post_profundidad&#038;p=45508"},"modified":"2022-10-10T18:13:14","modified_gmt":"2022-10-10T16:13:14","slug":"como-estamos-echando-a-perder-los-acuiferos","status":"publish","type":"post_profundidad","link":"https:\/\/es.greenpeace.org\/es\/en-profundidad\/sos-acuiferos\/como-estamos-echando-a-perder-los-acuiferos\/","title":{"rendered":"Greenpeace se\u00f1ala: \u00bfqui\u00e9n destruye los acu\u00edferos?"},"content":{"rendered":"<p><script>\n    document.addEventListener(\"DOMContentLoaded\", function () {\n        jQuery(\"#toc-posts > div.toc-posts__header > h3\").hide();\n    });\n<\/script>\n<style>\n    @media screen and (min-width: 768px) {\n        #toc-posts {\n            background-color: #F6F6F5;\n        }\n        .en-profundidad #toc-posts .toc-posts__child-row .toc-posts__child-title {\n            font-size: 16px;\n        }\n        \n        .toc-posts__content {\n            max-height: 450px;\n            overflow-y: scroll;\n        }\n        \n        .toc-posts__content::-webkit-scrollbar {\n            -webkit-appearance: none;\n        }\n        \n        .toc-posts__content::-webkit-scrollbar:vertical {\n            width: 11px;\n        }\n        \n        .toc-posts__content::-webkit-scrollbar:horizontal {\n            height: 11px;\n        }\n        \n        .toc-posts__content::-webkit-scrollbar-thumb {\n            border-radius: 8px;\n            border: 2px solid white; \/* should match background, can't be transparent *\/\n            background-color: rgba(0, 0, 0, .5);\n        }\n        \n    }\n<\/style>\n<br \/>\nLa agricultura y la ganader\u00eda industriales son las principales responsables de la sobreexplotaci\u00f3n y del grave estado de contaminaci\u00f3n de nuestras aguas subterr\u00e1neas y superficiales. En el caso de las aguas superficiales, los vertidos de aguas urbanas e industriales mal depuradas tambi\u00e9n cobran un peso importante.<\/p>\n<p>La extracci\u00f3n abusiva y la <a href=\"https:\/\/es.greenpeace.org\/es\/trabajamos-en\/agua\/contaminacion-del-agua\/\" target=\"_blank\" rel=\"noopener\">contaminaci\u00f3n de las aguas<\/a> amenazan seriamente el abastecimiento humano (algunos pueblos de Espa\u00f1a ya no tienen agua potable), la producci\u00f3n de alimentos y la supervivencia de muchos de los ecosistemas peninsulares, as\u00ed como los peque\u00f1os y medianos productores y productoras que quieren hacer las cosas bien. Si la agricultura industrial es la gran responsable de la sobreexplotaci\u00f3n de los acu\u00edferos, las causas de la contaminaci\u00f3n son diversas y se pueden agrupar en:<\/p>\n<div class=\"container-fluid pb-5\">\n<div class=\"row\">\n<div class=\"container py-2\">\n<div class=\"row\">\n<div class=\"col-12\">\n<div class=\"bg-white p-4\">\n<h6 id=\"cortar-arboles\">Vertidos urbanos<\/h6>\n<p>En muchos casos es el principal causante de la p\u00e9rdida de calidad y degradaci\u00f3n del medio h\u00eddrico. Todav\u00eda existen decenas de municipios y ciudades que no depuran convenientemente sus aguas. El Tribunal de Justicia de la UE ya impuso a Espa\u00f1a una multa millonaria por este motivo, adem\u00e1s de la creciente presencia de micropl\u00e1sticos, f\u00e1rmacos y otros productos qu\u00edmicos de s\u00edntesis.<\/p>\n<\/div>\n<\/div>\n<\/div>\n<\/div>\n<div class=\"container py-2\">\n<div class=\"row\">\n<div class=\"col-12\">\n<div class=\"bg-white p-4\">\n<h6>Vertidos industriales<\/h6>\n<p>Desde que comenz\u00f3 el desarrollo de la industria qu\u00edmica, se calcula que se han diseminado en el medioambiente unas 100.000 sustancias (1.000 nuevas cada a\u00f1o). El conocimiento sobre su impacto es escaso o nulo por lo que es urgente adoptar el principio de precauci\u00f3n y abandonar el actual modelo centrado en lo que llamamos soluciones de \u201cfinal de tuber\u00eda\u201d, que buscan tratar de solucionar los problemas cuando ya est\u00e1n causados en lugar de ir a su ra\u00edz y de prevenirlos.<\/p>\n<\/div>\n<\/div>\n<\/div>\n<\/div>\n<div class=\"container py-2\">\n<div class=\"row\">\n<div class=\"col-12\">\n<div class=\"bg-white p-4\">\n<h6>Vertidos agropecuarios<\/h6>\n<p>La contaminaci\u00f3n difusa que est\u00e1 generando el creciente modelo agropecuario industrial es insostenible debido fundamentalmente al empleo generalizado en el sector agrario de fertilizantes sint\u00e9ticos y otros productos como los plaguicidas que se filtran en la tierra hasta llegar a los acu\u00edferos de \u00e1reas cada vez m\u00e1s extensas del pa\u00eds. A esto se suma el aumento de la macrogranjas (y los desechos del ganado estabulado que contienen elevadas cantidades de contaminantes como los nitratos o el amoniaco). Tambi\u00e9n los antibi\u00f3ticos utilizados en la ganader\u00eda industrial, un problema emergente al que no se est\u00e1 prestando atenci\u00f3n.<\/p>\n<\/div>\n<\/div>\n<\/div>\n<\/div>\n<\/div>\n<\/div>\n<p>Estamos en un pa\u00eds con tres tercios del territorio amenazado por la desertificaci\u00f3n y donde las previsiones de impactos por el cambio clim\u00e1tico son de las m\u00e1s preocupantes y severas del continente. Sin embargo, la pol\u00edtica agraria ha apostado por una agricultura de regad\u00edo intensivo e industrial totalmente sobredimensionada y no adaptada al clima mediterr\u00e1neo que consume el 84,3% del agua, seg\u00fan los \u00faltimos datos del INE (2015). El resto, un 15,7% se lo reparten el abastecimiento humano y los usos industriales.<\/p>\n<p>Desde Greenpeace llevamos a\u00f1os denunciando la falta de transparencia y el desgobierno en torno a los pozos ilegales y la impunidad en el robo del agua. La sobreexplotaci\u00f3n ilegal e indiscriminada del agua para regad\u00edos industriales e intensivos y el descontrolado desarrollo urban\u00edstico ha provocado la proliferaci\u00f3n de pozos y sondeos ilegales en los \u00faltimos a\u00f1os.<\/p>\n<p>A trav\u00e9s de una carta dirigida a la ministra para la Transici\u00f3n Ecol\u00f3gica, Teresa Ribera, desde Greenpeace solicitamos en 2019 al Gobierno que llevara a cabo una investigaci\u00f3n para localizar y situar en un mapa los pozos ilegales existentes en todo el pa\u00eds y que proceda lo antes posible a su clausura.<\/p>\n<p>La inacci\u00f3n ante las denuncias de esta situaci\u00f3n constata la impunidad y desgobierno en torno a una cuesti\u00f3n tan relevante para la seguridad ciudadana y para la protecci\u00f3n de un recurso fundamental para la vida: el agua. En 2018, realizamos peticiones de informaci\u00f3n p\u00fablica a las distintas confederaciones hidrogr\u00e1ficas para recopilar informaci\u00f3n y <a href=\"https:\/\/es.greenpeace.org\/es\/trabajamos-en\/agricultura\/pozos-ilegales\/\" target=\"_blank\" rel=\"noopener\">este<\/a> fue el resultado.<\/p>\n<p>Los \u00faltimos datos p\u00fablicos son de 2006, cuando el Gobierno admiti\u00f3 la existencia de 510.000 pozos abiertos ilegalmente que podr\u00edan llegar a extraer hasta 3.570 hect\u00f3metros c\u00fabicos de agua al a\u00f1o, el equivalente al consumo medio de 58 millones de habitantes; esto supondr\u00eda que la mitad del agua bombeada de los acu\u00edferos se extraer\u00eda al margen de la legalidad. Sin embargo, en 2017, una filtraci\u00f3n del gabinete de prensa del Ministerio de Medio Ambiente reconoci\u00f3 que podr\u00edan ascender a m\u00e1s de un mill\u00f3n.<\/p>\n<p>La pasividad gubernamental se produce a pesar de que la extracci\u00f3n ilegal de agua es un delito tipificado en el C\u00f3digo Penal con multas e incluso penas de prisi\u00f3n, pero la falta de informaci\u00f3n y de medios de las fiscal\u00edas para perseguirlo contribuye a la impunidad.<\/p>\n<h4>\u00bfQui\u00e9nes son los principales responsables?<\/h4>\n<p>La avaricia y la falta de escr\u00fapulos de las grandes empresas agroganaderas; la inoperancia de los organismos de cuenca (Confederaciones y CC. AA.); los diferentes grupos de presi\u00f3n (comunidades de regantes, organizaciones de agricultores, empresa constructoras, fundaciones creadas ad hoc\u2026) o el papel necesario de las empresas distribuidoras de productos agr\u00edcolas y de alimentos, componen la foto de los principales responsables de la p\u00e9sima gesti\u00f3n del agua que est\u00e1 llevando a Espa\u00f1a hacia el abismo de la escasez de un bien tan necesario como el agua.<\/p>\n<p>Pero \u00bfqui\u00e9nes son los responsables de esta mala gesti\u00f3n del agua?<\/p>\n<div class=\"container-fluid pb-5\">\n<div class=\"row\">\n<div class=\"container py-2\">\n<div class=\"row\">\n<div class=\"col-12\">\n<div class=\"bg-white p-4\">\n<h6 id=\"cortar-arboles\">Gobierno central<\/h6>\n<p>Del Gobierno central dependen las confederaciones hidrogr\u00e1ficas, en concreto del Ministerio de Transici\u00f3n Ecol\u00f3gica y para el Reto Demogr\u00e1fico, que son quienes gestionan el d\u00eda a d\u00eda del agua en Espa\u00f1a y por tanto, son las grandes responsables de la situaci\u00f3n actual.<\/p>\n<p>Las confederaciones son los llamados organismos de cuenca y fueron creadas en el a\u00f1o 1926 por real decreto ley, viniendo definidas en la Ley de Aguas como entidades de Derecho p\u00fablico con personalidad jur\u00eddica propia y distinta del Estado, adscritas a efectos administrativos al Ministerio para la Transici\u00f3n Ecol\u00f3gica y el Reto Demogr\u00e1fico, a trav\u00e9s de la Direcci\u00f3n General del Agua, como organismos con plena autonom\u00eda funcional.<\/p>\n<p>Las confederaciones hidrogr\u00e1ficas han funcionado ininterrumpidamente, desde su nacimiento, con un importante papel en la planificaci\u00f3n hidrol\u00f3gica, gesti\u00f3n de recursos y aprovechamientos, protecci\u00f3n del dominio p\u00fablico hidr\u00e1ulico, concesiones de derechos de uso privativo del agua, control de calidad del agua, proyecci\u00f3n y ejecuci\u00f3n de nuevas infraestructuras hidr\u00e1ulicas, programas de seguridad de presas, bancos de datos del sector, etc.<\/p>\n<p>Las confederaciones hidrogr\u00e1ficas son quienes autorizan y controlan el uso final del agua y, obviamente, en las \u00faltimas d\u00e9cadas, no siempre han hecho su trabajo correctamente, a la vista del insostenible aumento en algunas regiones del n\u00famero de hect\u00e1reas de regad\u00edo (legales o ilegales) y de la contaminaci\u00f3n del agua, que en el caso de la originada por los nitratos ya ha obligado a la Comisi\u00f3n Europea a llevar a Espa\u00f1a ante el Tribunal de Justicia de la UE.<\/p>\n<p>En rara ocasi\u00f3n se ha sancionado a empresas poderosas por el uso abusivo o incorrecto del agua o su contaminaci\u00f3n, ni se ha puesto atenci\u00f3n especial a las gestiones de las organizaciones de regantes, que gestionan un bien p\u00fablico como el agua. Sin la dejadez del Gobierno central, que no ha hecho todo lo posible para que el trabajo de las confederaciones fuera mejor, jam\u00e1s se podr\u00eda haber llegado a la situaci\u00f3n de contaminaci\u00f3n y sobreexplotaci\u00f3n que viven las aguas subterr\u00e1neas de nuestro pa\u00eds.<\/p>\n<\/div>\n<\/div>\n<\/div>\n<\/div>\n<div class=\"container py-2\">\n<div class=\"row\">\n<div class=\"col-12\">\n<div class=\"bg-white p-4\">\n<h6>Comunidades Aut\u00f3nomas<\/h6>\n<p>\u00d3rganos de gesti\u00f3n del agua, consejer\u00edas de Medioambiente o Agricultura. No ha habido ning\u00fan Gobierno auton\u00f3mico que se haya puesto firme frente al sector agr\u00edcola y ganadero industrial y siempre han actuado en defensa de los intereses de las grandes empresas. Son quienes tienen las competencias para poder poner en marcha las medidas para frenar y revertir la situaci\u00f3n.<\/p>\n<\/div>\n<\/div>\n<\/div>\n<\/div>\n<div class=\"container py-2\">\n<div class=\"row\">\n<div class=\"col-12\">\n<div class=\"bg-white p-4\">\n<h6>Oligarqu\u00eda del campo<\/h6>\n<p>Agroindustria, macrogranjas, fondos de inversi\u00f3n\u2026 Se trata de grandes empresas agr\u00edcolas y ganaderas que tienen tanto poder que podemos hablar de una \u2018oligarqu\u00eda\u2019 del campo que ejerce su fuerza y presi\u00f3n a todos los niveles (administrativo y pol\u00edtico) en los que su negocio tiene algo que ver. La industria c\u00e1rnica es ya el cuarto poder econ\u00f3mico en Espa\u00f1a, solo por detr\u00e1s del autom\u00f3vil, del petr\u00f3leo y combustibles y de la producci\u00f3n y distribuci\u00f3n de energ\u00eda el\u00e9ctrica. En el caso del agua, se les permite actuaciones que al resto de agricultores les est\u00e1n vedadas (archivo expedientes sancionadores, facilidades administrativas, nulas inspecciones\u2026). Muchas de estas empresas son multinacionales o est\u00e1n controladas por fondos de inversi\u00f3n, que poco o nada tienen que ver con el campo.<\/p>\n<\/div>\n<\/div>\n<\/div>\n<\/div>\n<div class=\"container py-2\">\n<div class=\"row\">\n<div class=\"col-12\">\n<div class=\"bg-white p-4\">\n<h6>Grandes empresas constructoras<\/h6>\n<p>Las grandes empresas constructoras siempre pasan desapercibidas cuando hablamos de los problemas relativos al agua, porque parece que no los provocan y, aparentemente, no se benefician de ello, ya que solo construyen infraestructuras y se marchan. Sin embargo, estas empresas se benefician notablemente de este modelo de producci\u00f3n agr\u00edcola a base de agua en tuber\u00edas y desaladoras, grandes presas, etc., ya que son quienes las construyen y quienes las gestionan.<\/p>\n<\/div>\n<\/div>\n<\/div>\n<\/div>\n<div class=\"container py-2\">\n<div class=\"row\">\n<div class=\"col-12\">\n<div class=\"bg-white p-4\">\n<h6>Grandes empresas distribuidoras<\/h6>\n<p>El sector de la gran distribuci\u00f3n es, sin lugar a dudas, el \u00faltimo c\u00f3mplice de la mala gesti\u00f3n del agua. Pueden decidir a qu\u00e9 proveedores comprar y qu\u00e9 productos vender, sin embargo, en su lucha por vender barato, sin importar las consecuencias, empujan a los productores hacia el abismo de la producci\u00f3n insostenible.<\/p>\n<\/div>\n<\/div>\n<\/div>\n<\/div>\n<div class=\"container py-2\">\n<div class=\"row\">\n<div class=\"col-12\">\n<div class=\"bg-white p-4\">\n<h6>Grandes asociaciones y sindicatos de regantes<\/h6>\n<p>Agrupan a los regantes con derecho al agua y son un grupo de presi\u00f3n a nivel nacional a trav\u00e9s de asociaciones como Fenacore. Los sindicatos de regantes tienen adem\u00e1s una peculiaridad y es que son entidades privadas pero que gestionan un bien p\u00fablico, como es el agua, de modo que es su papel repartir a cada cual el agua asignada por la Administraci\u00f3n, lo que les confiere un poder extra.<\/p>\n<\/div>\n<\/div>\n<\/div>\n<\/div>\n<div class=\"container py-2\">\n<div class=\"row\">\n<div class=\"col-12\">\n<div class=\"bg-white p-4\">\n<h6>Organizaciones de agricultores y ganaderos<\/h6>\n<p>Algunas organizaciones de agricultores y ganaderos, lejos de defender los intereses leg\u00edtimos de sus asociados y apoyar pol\u00edticas que garanticen su sobrevivencia (el cambio clim\u00e1tico y la falta de agua son dos grandes amenazas para la producci\u00f3n de alimentos en el futuro, lo que hace al sector agr\u00edcola una de las principales v\u00edctimas de estos fen\u00f3menos) defienden, por ejemplo, los intereses de la industria qu\u00edmica, que ha vuelto al sector agr\u00edcola totalmente dependiente de sus productos.<\/p>\n<\/div>\n<\/div>\n<\/div>\n<\/div>\n<\/div>\n<\/div>\n","protected":false},"author":1,"featured_media":45515,"parent":45428,"menu_order":101,"template":"","meta":{"_acf_changed":false,"footnotes":""},"categories":[946],"tags":[949,850],"class_list":["post-45508","post_profundidad","type-post_profundidad","status-publish","has-post-thumbnail","hentry","category-agua","tag-contaminacion-del-agua","tag-robo-de-agua"],"acf":[],"yoast_head":"<!-- This site is optimized with the Yoast SEO plugin v27.1.1 - https:\/\/yoast.com\/product\/yoast-seo-wordpress\/ -->\n<title>Greenpeace se\u00f1ala: \u00bfqui\u00e9n destruye los acu\u00edferos? - ES | Greenpeace Espa\u00f1a<\/title>\n<meta name=\"robots\" content=\"index, follow, max-snippet:-1, max-image-preview:large, max-video-preview:-1\" \/>\n<link rel=\"canonical\" href=\"https:\/\/es.greenpeace.org\/es\/en-profundidad\/sos-acuiferos\/como-estamos-echando-a-perder-los-acuiferos\/\" \/>\n<meta property=\"og:locale\" content=\"es_ES\" \/>\n<meta property=\"og:type\" content=\"article\" \/>\n<meta property=\"og:title\" content=\"Greenpeace se\u00f1ala: \u00bfqui\u00e9n destruye los acu\u00edferos? - ES | Greenpeace Espa\u00f1a\" \/>\n<meta property=\"og:description\" content=\"La agricultura y la ganader\u00eda industriales son las principales responsables de la sobreexplotaci\u00f3n y del grave estado de contaminaci\u00f3n de nuestras aguas subterr\u00e1neas y superficiales. En el caso de las aguas superficiales, los vertidos de aguas urbanas e industriales mal depuradas tambi\u00e9n cobran un peso importante. La extracci\u00f3n abusiva y la contaminaci\u00f3n de las aguas [&hellip;]\" \/>\n<meta property=\"og:url\" content=\"https:\/\/es.greenpeace.org\/es\/en-profundidad\/sos-acuiferos\/como-estamos-echando-a-perder-los-acuiferos\/\" \/>\n<meta property=\"og:site_name\" content=\"ES | Greenpeace Espa\u00f1a\" \/>\n<meta property=\"article:publisher\" content=\"https:\/\/www.facebook.com\/greenpeace.spain\" \/>\n<meta property=\"article:modified_time\" content=\"2022-10-10T16:13:14+00:00\" \/>\n<meta property=\"og:image\" content=\"https:\/\/es.greenpeace.org\/es\/wp-content\/uploads\/sites\/3\/2022\/09\/acuiferos-responsables.jpeg\" \/>\n\t<meta property=\"og:image:width\" content=\"1280\" \/>\n\t<meta property=\"og:image:height\" content=\"853\" \/>\n\t<meta property=\"og:image:type\" content=\"image\/jpeg\" \/>\n<meta name=\"twitter:card\" content=\"summary_large_image\" \/>\n<meta name=\"twitter:site\" content=\"@greenpeace_esp\" \/>\n<meta name=\"twitter:label1\" content=\"Tiempo de lectura\" \/>\n\t<meta name=\"twitter:data1\" content=\"9 minutos\" \/>\n<script type=\"application\/ld+json\" class=\"yoast-schema-graph\">{\"@context\":\"https:\/\/schema.org\",\"@graph\":[{\"@type\":\"WebPage\",\"@id\":\"https:\/\/es.greenpeace.org\/es\/en-profundidad\/sos-acuiferos\/como-estamos-echando-a-perder-los-acuiferos\/\",\"url\":\"https:\/\/es.greenpeace.org\/es\/en-profundidad\/sos-acuiferos\/como-estamos-echando-a-perder-los-acuiferos\/\",\"name\":\"Greenpeace se\u00f1ala: \u00bfqui\u00e9n destruye los acu\u00edferos? - ES | Greenpeace Espa\u00f1a\",\"isPartOf\":{\"@id\":\"https:\/\/es.greenpeace.org\/es\/#website\"},\"primaryImageOfPage\":{\"@id\":\"https:\/\/es.greenpeace.org\/es\/en-profundidad\/sos-acuiferos\/como-estamos-echando-a-perder-los-acuiferos\/#primaryimage\"},\"image\":{\"@id\":\"https:\/\/es.greenpeace.org\/es\/en-profundidad\/sos-acuiferos\/como-estamos-echando-a-perder-los-acuiferos\/#primaryimage\"},\"thumbnailUrl\":\"https:\/\/es.greenpeace.org\/es\/wp-content\/uploads\/sites\/3\/2022\/09\/acuiferos-responsables.jpeg\",\"datePublished\":\"2022-09-30T12:55:52+00:00\",\"dateModified\":\"2022-10-10T16:13:14+00:00\",\"breadcrumb\":{\"@id\":\"https:\/\/es.greenpeace.org\/es\/en-profundidad\/sos-acuiferos\/como-estamos-echando-a-perder-los-acuiferos\/#breadcrumb\"},\"inLanguage\":\"es\",\"potentialAction\":[{\"@type\":\"ReadAction\",\"target\":[\"https:\/\/es.greenpeace.org\/es\/en-profundidad\/sos-acuiferos\/como-estamos-echando-a-perder-los-acuiferos\/\"]}]},{\"@type\":\"ImageObject\",\"inLanguage\":\"es\",\"@id\":\"https:\/\/es.greenpeace.org\/es\/en-profundidad\/sos-acuiferos\/como-estamos-echando-a-perder-los-acuiferos\/#primaryimage\",\"url\":\"https:\/\/es.greenpeace.org\/es\/wp-content\/uploads\/sites\/3\/2022\/09\/acuiferos-responsables.jpeg\",\"contentUrl\":\"https:\/\/es.greenpeace.org\/es\/wp-content\/uploads\/sites\/3\/2022\/09\/acuiferos-responsables.jpeg\",\"width\":1280,\"height\":853,\"caption\":\"29\/05\/2022. Alhama de Murcia, Muricia, Regi\u00f3n de Murcia, Espa\u00f1a.rrGranja de ganado porcino en Alhama de Murcia silos de almacenamiento de alimento para animales. En las im\u00e1genes a\u00e9reas tambi\u00e9n se aprecian las balsas de vertido de purinesr\u00a9Greenpeace\/Pedro Armestrer r\u00a9Greenpeace Handout\/Pedro Armestre- No sales - No Archives - Editorial Use Only - Free use only for 14 days after release. Photo provided by GREENPEACE, distributed handout photo to be used only to illustrate news reporting or commentary on the facts or events depicted in this image.\"},{\"@type\":\"BreadcrumbList\",\"@id\":\"https:\/\/es.greenpeace.org\/es\/en-profundidad\/sos-acuiferos\/como-estamos-echando-a-perder-los-acuiferos\/#breadcrumb\",\"itemListElement\":[{\"@type\":\"ListItem\",\"position\":1,\"name\":\"Home\",\"item\":\"https:\/\/es.greenpeace.org\/es\/\"},{\"@type\":\"ListItem\",\"position\":2,\"name\":\"SOS acu\u00edferos: la grave situaci\u00f3n de nuestras reservas de agua subterr\u00e1nea\",\"item\":\"https:\/\/es.greenpeace.org\/es\/en-profundidad\/sos-acuiferos\/\"},{\"@type\":\"ListItem\",\"position\":3,\"name\":\"Greenpeace se\u00f1ala: \u00bfqui\u00e9n destruye los acu\u00edferos?\"}]},{\"@type\":\"WebSite\",\"@id\":\"https:\/\/es.greenpeace.org\/es\/#website\",\"url\":\"https:\/\/es.greenpeace.org\/es\/\",\"name\":\"Greenpeace Espa\u00f1a\",\"description\":\"\",\"publisher\":{\"@id\":\"https:\/\/es.greenpeace.org\/es\/#organization\"},\"potentialAction\":[{\"@type\":\"SearchAction\",\"target\":{\"@type\":\"EntryPoint\",\"urlTemplate\":\"https:\/\/es.greenpeace.org\/es\/?s={search_term_string}\"},\"query-input\":{\"@type\":\"PropertyValueSpecification\",\"valueRequired\":true,\"valueName\":\"search_term_string\"}}],\"inLanguage\":\"es\"},{\"@type\":\"Organization\",\"@id\":\"https:\/\/es.greenpeace.org\/es\/#organization\",\"name\":\"Greenpeace Espa\u00f1a\",\"alternateName\":\"Greenpeace\",\"url\":\"https:\/\/es.greenpeace.org\/es\/\",\"logo\":{\"@type\":\"ImageObject\",\"inLanguage\":\"es\",\"@id\":\"https:\/\/es.greenpeace.org\/es\/#\/schema\/logo\/image\/\",\"url\":\"https:\/\/es.greenpeace.org\/es\/wp-content\/uploads\/sites\/3\/2024\/07\/greenpeace-logo-verde.svg\",\"contentUrl\":\"https:\/\/es.greenpeace.org\/es\/wp-content\/uploads\/sites\/3\/2024\/07\/greenpeace-logo-verde.svg\",\"width\":1,\"height\":1,\"caption\":\"Greenpeace Espa\u00f1a\"},\"image\":{\"@id\":\"https:\/\/es.greenpeace.org\/es\/#\/schema\/logo\/image\/\"},\"sameAs\":[\"https:\/\/www.facebook.com\/greenpeace.spain\",\"https:\/\/x.com\/greenpeace_esp\",\"https:\/\/www.instagram.com\/greenpeace_esp\/\"]}]}<\/script>\n<!-- \/ Yoast SEO plugin. -->","yoast_head_json":{"title":"Greenpeace se\u00f1ala: \u00bfqui\u00e9n destruye los acu\u00edferos? - ES | Greenpeace Espa\u00f1a","robots":{"index":"index","follow":"follow","max-snippet":"max-snippet:-1","max-image-preview":"max-image-preview:large","max-video-preview":"max-video-preview:-1"},"canonical":"https:\/\/es.greenpeace.org\/es\/en-profundidad\/sos-acuiferos\/como-estamos-echando-a-perder-los-acuiferos\/","og_locale":"es_ES","og_type":"article","og_title":"Greenpeace se\u00f1ala: \u00bfqui\u00e9n destruye los acu\u00edferos? - ES | Greenpeace Espa\u00f1a","og_description":"La agricultura y la ganader\u00eda industriales son las principales responsables de la sobreexplotaci\u00f3n y del grave estado de contaminaci\u00f3n de nuestras aguas subterr\u00e1neas y superficiales. En el caso de las aguas superficiales, los vertidos de aguas urbanas e industriales mal depuradas tambi\u00e9n cobran un peso importante. La extracci\u00f3n abusiva y la contaminaci\u00f3n de las aguas [&hellip;]","og_url":"https:\/\/es.greenpeace.org\/es\/en-profundidad\/sos-acuiferos\/como-estamos-echando-a-perder-los-acuiferos\/","og_site_name":"ES | Greenpeace Espa\u00f1a","article_publisher":"https:\/\/www.facebook.com\/greenpeace.spain","article_modified_time":"2022-10-10T16:13:14+00:00","og_image":[{"width":1280,"height":853,"url":"https:\/\/es.greenpeace.org\/es\/wp-content\/uploads\/sites\/3\/2022\/09\/acuiferos-responsables.jpeg","type":"image\/jpeg"}],"twitter_card":"summary_large_image","twitter_site":"@greenpeace_esp","twitter_misc":{"Tiempo de lectura":"9 minutos"},"schema":{"@context":"https:\/\/schema.org","@graph":[{"@type":"WebPage","@id":"https:\/\/es.greenpeace.org\/es\/en-profundidad\/sos-acuiferos\/como-estamos-echando-a-perder-los-acuiferos\/","url":"https:\/\/es.greenpeace.org\/es\/en-profundidad\/sos-acuiferos\/como-estamos-echando-a-perder-los-acuiferos\/","name":"Greenpeace se\u00f1ala: \u00bfqui\u00e9n destruye los acu\u00edferos? - ES | Greenpeace Espa\u00f1a","isPartOf":{"@id":"https:\/\/es.greenpeace.org\/es\/#website"},"primaryImageOfPage":{"@id":"https:\/\/es.greenpeace.org\/es\/en-profundidad\/sos-acuiferos\/como-estamos-echando-a-perder-los-acuiferos\/#primaryimage"},"image":{"@id":"https:\/\/es.greenpeace.org\/es\/en-profundidad\/sos-acuiferos\/como-estamos-echando-a-perder-los-acuiferos\/#primaryimage"},"thumbnailUrl":"https:\/\/es.greenpeace.org\/es\/wp-content\/uploads\/sites\/3\/2022\/09\/acuiferos-responsables.jpeg","datePublished":"2022-09-30T12:55:52+00:00","dateModified":"2022-10-10T16:13:14+00:00","breadcrumb":{"@id":"https:\/\/es.greenpeace.org\/es\/en-profundidad\/sos-acuiferos\/como-estamos-echando-a-perder-los-acuiferos\/#breadcrumb"},"inLanguage":"es","potentialAction":[{"@type":"ReadAction","target":["https:\/\/es.greenpeace.org\/es\/en-profundidad\/sos-acuiferos\/como-estamos-echando-a-perder-los-acuiferos\/"]}]},{"@type":"ImageObject","inLanguage":"es","@id":"https:\/\/es.greenpeace.org\/es\/en-profundidad\/sos-acuiferos\/como-estamos-echando-a-perder-los-acuiferos\/#primaryimage","url":"https:\/\/es.greenpeace.org\/es\/wp-content\/uploads\/sites\/3\/2022\/09\/acuiferos-responsables.jpeg","contentUrl":"https:\/\/es.greenpeace.org\/es\/wp-content\/uploads\/sites\/3\/2022\/09\/acuiferos-responsables.jpeg","width":1280,"height":853,"caption":"29\/05\/2022. Alhama de Murcia, Muricia, Regi\u00f3n de Murcia, Espa\u00f1a.rrGranja de ganado porcino en Alhama de Murcia silos de almacenamiento de alimento para animales. En las im\u00e1genes a\u00e9reas tambi\u00e9n se aprecian las balsas de vertido de purinesr\u00a9Greenpeace\/Pedro Armestrer r\u00a9Greenpeace Handout\/Pedro Armestre- No sales - No Archives - Editorial Use Only - Free use only for 14 days after release. Photo provided by GREENPEACE, distributed handout photo to be used only to illustrate news reporting or commentary on the facts or events depicted in this image."},{"@type":"BreadcrumbList","@id":"https:\/\/es.greenpeace.org\/es\/en-profundidad\/sos-acuiferos\/como-estamos-echando-a-perder-los-acuiferos\/#breadcrumb","itemListElement":[{"@type":"ListItem","position":1,"name":"Home","item":"https:\/\/es.greenpeace.org\/es\/"},{"@type":"ListItem","position":2,"name":"SOS acu\u00edferos: la grave situaci\u00f3n de nuestras reservas de agua subterr\u00e1nea","item":"https:\/\/es.greenpeace.org\/es\/en-profundidad\/sos-acuiferos\/"},{"@type":"ListItem","position":3,"name":"Greenpeace se\u00f1ala: \u00bfqui\u00e9n destruye los acu\u00edferos?"}]},{"@type":"WebSite","@id":"https:\/\/es.greenpeace.org\/es\/#website","url":"https:\/\/es.greenpeace.org\/es\/","name":"Greenpeace Espa\u00f1a","description":"","publisher":{"@id":"https:\/\/es.greenpeace.org\/es\/#organization"},"potentialAction":[{"@type":"SearchAction","target":{"@type":"EntryPoint","urlTemplate":"https:\/\/es.greenpeace.org\/es\/?s={search_term_string}"},"query-input":{"@type":"PropertyValueSpecification","valueRequired":true,"valueName":"search_term_string"}}],"inLanguage":"es"},{"@type":"Organization","@id":"https:\/\/es.greenpeace.org\/es\/#organization","name":"Greenpeace Espa\u00f1a","alternateName":"Greenpeace","url":"https:\/\/es.greenpeace.org\/es\/","logo":{"@type":"ImageObject","inLanguage":"es","@id":"https:\/\/es.greenpeace.org\/es\/#\/schema\/logo\/image\/","url":"https:\/\/es.greenpeace.org\/es\/wp-content\/uploads\/sites\/3\/2024\/07\/greenpeace-logo-verde.svg","contentUrl":"https:\/\/es.greenpeace.org\/es\/wp-content\/uploads\/sites\/3\/2024\/07\/greenpeace-logo-verde.svg","width":1,"height":1,"caption":"Greenpeace Espa\u00f1a"},"image":{"@id":"https:\/\/es.greenpeace.org\/es\/#\/schema\/logo\/image\/"},"sameAs":["https:\/\/www.facebook.com\/greenpeace.spain","https:\/\/x.com\/greenpeace_esp","https:\/\/www.instagram.com\/greenpeace_esp\/"]}]}},"_links":{"self":[{"href":"https:\/\/es.greenpeace.org\/es\/wp-json\/wp\/v2\/post_profundidad\/45508","targetHints":{"allow":["GET"]}}],"collection":[{"href":"https:\/\/es.greenpeace.org\/es\/wp-json\/wp\/v2\/post_profundidad"}],"about":[{"href":"https:\/\/es.greenpeace.org\/es\/wp-json\/wp\/v2\/types\/post_profundidad"}],"author":[{"embeddable":true,"href":"https:\/\/es.greenpeace.org\/es\/wp-json\/wp\/v2\/users\/1"}],"version-history":[{"count":10,"href":"https:\/\/es.greenpeace.org\/es\/wp-json\/wp\/v2\/post_profundidad\/45508\/revisions"}],"predecessor-version":[{"id":46137,"href":"https:\/\/es.greenpeace.org\/es\/wp-json\/wp\/v2\/post_profundidad\/45508\/revisions\/46137"}],"up":[{"embeddable":true,"href":"https:\/\/es.greenpeace.org\/es\/wp-json\/wp\/v2\/post_profundidad\/45428"}],"wp:featuredmedia":[{"embeddable":true,"href":"https:\/\/es.greenpeace.org\/es\/wp-json\/wp\/v2\/media\/45515"}],"wp:attachment":[{"href":"https:\/\/es.greenpeace.org\/es\/wp-json\/wp\/v2\/media?parent=45508"}],"wp:term":[{"taxonomy":"category","embeddable":true,"href":"https:\/\/es.greenpeace.org\/es\/wp-json\/wp\/v2\/categories?post=45508"},{"taxonomy":"post_tag","embeddable":true,"href":"https:\/\/es.greenpeace.org\/es\/wp-json\/wp\/v2\/tags?post=45508"}],"curies":[{"name":"wp","href":"https:\/\/api.w.org\/{rel}","templated":true}]}}