{"id":45617,"date":"2022-10-03T14:03:02","date_gmt":"2022-10-03T12:03:02","guid":{"rendered":"https:\/\/es.greenpeace.org\/es\/?post_type=post_profundidad&#038;p=45617"},"modified":"2022-10-10T18:08:49","modified_gmt":"2022-10-10T16:08:49","slug":"aguas-subterraneas-guadalquivir","status":"publish","type":"post_profundidad","link":"https:\/\/es.greenpeace.org\/es\/en-profundidad\/sos-acuiferos\/aguas-subterraneas-guadalquivir\/","title":{"rendered":"Cuenca del Guadalquivir, el reino del descontrol"},"content":{"rendered":"<p><script>\n    document.addEventListener(\"DOMContentLoaded\", function () {\n        jQuery(\"#toc-posts > div.toc-posts__header > h3\").hide();\n    });\n<\/script>\n<style>\n    @media screen and (min-width: 768px) {\n        #toc-posts {\n            background-color: #F6F6F5;\n        }\n        .en-profundidad #toc-posts .toc-posts__child-row .toc-posts__child-title {\n            font-size: 16px;\n        }\n        \n        .toc-posts__content {\n            max-height: 450px;\n            overflow-y: scroll;\n        }\n        \n        .toc-posts__content::-webkit-scrollbar {\n            -webkit-appearance: none;\n        }\n        \n        .toc-posts__content::-webkit-scrollbar:vertical {\n            width: 11px;\n        }\n        \n        .toc-posts__content::-webkit-scrollbar:horizontal {\n            height: 11px;\n        }\n        \n        .toc-posts__content::-webkit-scrollbar-thumb {\n            border-radius: 8px;\n            border: 2px solid white; \/* should match background, can't be transparent *\/\n            background-color: rgba(0, 0, 0, .5);\n        }\n        \n    }\n<\/style>\n<br \/>\n<!-- LIBRERIAS Y C\u00d3DIGO CSS Y JS-->\n<link rel=\"stylesheet\" href=\"https:\/\/storage.googleapis.com\/gpes-static\/acuiferos\/assets\/css\/app.css\" \/>\n<script src=\"https:\/\/storage.googleapis.com\/gpes-static\/acuiferos\/assets\/js\/main_app-min.js\" defer><\/script>\n<script src=\"https:\/\/storage.googleapis.com\/gpes-static\/acuiferos\/assets\/js\/app3-min.js\" defer><\/script>\n<!-- \/LIBRERIAS Y C\u00d3DIGO CSS Y JS -->\n\n<!-- HACK DEL MENU-->\n<style>\n    \/* ALARGAR LA COMUMNA A 100% *\/\n    section>div>div.description.col-md-8 {\n    flex: 0 0 100%;\n    max-width: 100%;\n    }\n\n    \/* ESCONDE EL MENU ORIGINALMENTE *\/\n    section>div>div.col-md-4 {\n    display: none;\n    }\n<\/style>\n<script>\n    document.addEventListener(\"DOMContentLoaded\", function() {\n    const $menuElement = jQuery(\"section > div > div.col-md-4\");\n    $menuElement.remove();\n    jQuery(\"#nuevoMenu\").append($menuElement);\n    jQuery(\"#nuevoMenu > div\").removeClass(\"col-md-4\");\n    });\n<\/script>\n<!-- \/HACK DEL MENU -->\n<\/p>\n<p class=\"pt-3 p_full\">Hay dos causas de que el 52% de las masas de agua subterr\u00e1nea de la cuenca del Guadalquivir (45 masas) est\u00e9 en mal estado: el regad\u00edo y la falta de control sobre el regad\u00edo. Las extracciones de agua subterr\u00e1nea son de 841,47 hm<sup>3<\/sup>\/a\u00f1o de los que cerca del 90% se destina a riego agr\u00edcola. Su presi\u00f3n es tal que la afecci\u00f3n al consumo humano, pese a ser en teor\u00eda prioritario, es ya muy alta en algunos puntos.<\/p>\n<p class=\"p_full\">La situaci\u00f3n ha empeorado sensiblemente desde el segundo ciclo, con 12 masas que empeoran su estado cuantitativo y 6 el qu\u00edmico, as\u00ed como con 32 masas sobreexplotadas acogi\u00e9ndose a las posibilidades de pr\u00f3rroga para el cumplimiento de los objetivos medioambientales, 10 m\u00e1s que en el Plan 2015-2021; y 24 a las pr\u00f3rrogas por mal estado qu\u00edmico, 6 m\u00e1s que en el Segundo Ciclo.<\/p>\n<p class=\"p_full\">Las explicaciones de la Confederaci\u00f3n Hidrogr\u00e1fica del Guadalquivir para no haber alcanzado el buen estado en un n\u00famero tan alto de masas pasa por reconocer que el 20% de las medidas que se plantearon en el Plan de Segundo Ciclo (2016-2021) para revertir la situaci\u00f3n ni se han iniciado. Entre ellas destacan las m\u00e1s efectivas para controlar el volumen de extracciones de los acu\u00edferos: declarar oficialmente la masa como sobreexplotada, con su correspondiente publicaci\u00f3n en el BOE; conformar una comunidad de usuarios y aprobar un plan de extracciones.<\/p>\n<!-- destacado texto -->\n<div class=\"container_min\">\n    <div class=\"row\">\n\n\n    <div class=\"col-12\">\n        <div class=\"row py-1\">\n        <div class=\"col-md-6 text-center content py-3 d-flex flex-column\"><span class=\"custom-3 d-block mb-auto font-weight-bold\">El <\/span>\n            <p><\/p>\n            <div class=\"d-block d-flex flex-column py-2\" style=\"flex: 1;\"><span class=\"number-3 m-auto\">28%<\/span><br>\n            <span class=\"number-2 m-auto\">de las masas<\/span>\n            <\/div>\n            <p><span class=\"custom-3 d-block font-weight-bold\">presentan mal estado qu\u00edmico<\/span><\/p>\n        <\/div>\n        <div class=\"col-md-6 text-center content py-3 d-flex flex-column\"><span class=\"custom-3 d-block mb-auto font-weight-bold\">El<\/span>\n            <p><\/p>\n            <div class=\"d-block d-flex flex-column py-2\" style=\"flex: 1;\"><span class=\"number-3 m-auto\">37%<\/span><br>\n            <span class=\"number-2 m-auto\">de las masas<\/span>\n            <\/div>\n            <p><span class=\"custom-3 d-block font-weight-bold\">presentan mal estado cuantitativo<\/span><\/p>\n        <\/div>\n\n        <\/div>\n\n    <\/div>\n\n\n    <\/div>\n<\/div>\n\n<!-- fin destacado texto -->\n<p>&nbsp;<\/p>\n<!-- mapa-->\n\n<section id='scrolly_mapa' class=\"pt-5\" style=\"min-width:270px;max-width:850px;margin:0 auto;\">\n\n    <figure>\n    <img id=\"mapa_guadalquivir\" data-src='https:\/\/storage.googleapis.com\/gpes-static\/acuiferos\/assets\/images\/mapa_guadalquivir_0.png' src='https:\/\/storage.googleapis.com\/gpes-static\/acuiferos\/assets\/images\/mapa_guadalquivir_0.png'\n        style=\"display:block;margin:0 auto;min-width:270px;max-width:100%;vertical-align:middle;z-index: 0!important;\" class=\"sticked is-visible\">\n    <\/figure>\n    <article>\n    <div class='step mt-5' data-step='1'>\n        <span class=\"parrafostep\">ESTADO QU\u00cdMICO<br> 24 masas de agua subterr\u00e1nea (28%) est\u00e1n en <span style=\"background-color:rgb(198, 43, 43);color:white;\"> mal estado qu\u00edmico <\/span> en la cuenca del Guadalquivir. De estas, hay 9\n        masas que ya han pedido <span style=\"background-color:#333333;color:white;\">pr\u00f3rroga por mal estado<\/span> m\u00e1s all\u00e1 de 2027.\n\n        <\/span>\n    <\/div>\n\n\n    <div class='step mt-5' data-step='2'>\n        <span class=\"parrafostep\">ESTADO CUANTITATIVO<br> 32 masas de agua subterr\u00e1neas (37%) est\u00e1n en <span style=\"background-color:rgb(198, 43, 43);color:white;\"> mal estado cuantitativo <\/span>. 9 de ellas est\u00e1n en <span\n            style=\"background-color:#333333;color:white;\">mal estado cuantitativo con pr\u00f3rroga<\/span>.\n\n        <\/span>\n    <\/div>\n\n    <br><br><br><br><br><br><br><br><br><br><br><br><br>\n    <\/article>\n<\/section>\n\n<!-- fin mapa-->\n","protected":false},"author":1,"featured_media":45661,"parent":45428,"menu_order":2,"template":"","meta":{"_acf_changed":false,"footnotes":""},"categories":[946],"tags":[949,850],"class_list":["post-45617","post_profundidad","type-post_profundidad","status-publish","has-post-thumbnail","hentry","category-agua","tag-contaminacion-del-agua","tag-robo-de-agua"],"acf":[],"yoast_head":"<!-- This site is optimized with the Yoast SEO plugin v27.1.1 - https:\/\/yoast.com\/product\/yoast-seo-wordpress\/ -->\n<title>Cuenca del Guadalquivir, el reino del descontrol - ES | Greenpeace Espa\u00f1a<\/title>\n<meta name=\"robots\" content=\"index, follow, max-snippet:-1, max-image-preview:large, max-video-preview:-1\" \/>\n<link rel=\"canonical\" href=\"https:\/\/es.greenpeace.org\/es\/en-profundidad\/sos-acuiferos\/aguas-subterraneas-guadalquivir\/\" \/>\n<meta property=\"og:locale\" content=\"es_ES\" \/>\n<meta property=\"og:type\" content=\"article\" \/>\n<meta property=\"og:title\" content=\"Cuenca del Guadalquivir, el reino del descontrol - ES | Greenpeace Espa\u00f1a\" \/>\n<meta property=\"og:description\" content=\"Hay dos causas de que el 52% de las masas de agua subterr\u00e1nea de la cuenca del Guadalquivir (45 masas) est\u00e9 en mal estado: el regad\u00edo y la falta de control sobre el regad\u00edo. Las extracciones de agua subterr\u00e1nea son de 841,47 hm3\/a\u00f1o de los que cerca del 90% se destina a riego agr\u00edcola. Su [&hellip;]\" \/>\n<meta property=\"og:url\" content=\"https:\/\/es.greenpeace.org\/es\/en-profundidad\/sos-acuiferos\/aguas-subterraneas-guadalquivir\/\" \/>\n<meta property=\"og:site_name\" content=\"ES | Greenpeace Espa\u00f1a\" \/>\n<meta property=\"article:publisher\" content=\"https:\/\/www.facebook.com\/greenpeace.spain\" \/>\n<meta property=\"article:modified_time\" content=\"2022-10-10T16:08:49+00:00\" \/>\n<meta property=\"og:image\" content=\"https:\/\/es.greenpeace.org\/es\/wp-content\/uploads\/sites\/3\/2022\/10\/apertura-guadalquivir.jpg\" \/>\n\t<meta property=\"og:image:width\" content=\"1200\" \/>\n\t<meta property=\"og:image:height\" content=\"900\" \/>\n\t<meta property=\"og:image:type\" content=\"image\/jpeg\" \/>\n<meta name=\"twitter:card\" content=\"summary_large_image\" \/>\n<meta name=\"twitter:site\" content=\"@greenpeace_esp\" \/>\n<meta name=\"twitter:label1\" content=\"Tiempo de lectura\" \/>\n\t<meta name=\"twitter:data1\" content=\"1 minuto\" \/>\n<script type=\"application\/ld+json\" class=\"yoast-schema-graph\">{\"@context\":\"https:\/\/schema.org\",\"@graph\":[{\"@type\":\"WebPage\",\"@id\":\"https:\/\/es.greenpeace.org\/es\/en-profundidad\/sos-acuiferos\/aguas-subterraneas-guadalquivir\/\",\"url\":\"https:\/\/es.greenpeace.org\/es\/en-profundidad\/sos-acuiferos\/aguas-subterraneas-guadalquivir\/\",\"name\":\"Cuenca del Guadalquivir, el reino del descontrol - ES | Greenpeace Espa\u00f1a\",\"isPartOf\":{\"@id\":\"https:\/\/es.greenpeace.org\/es\/#website\"},\"primaryImageOfPage\":{\"@id\":\"https:\/\/es.greenpeace.org\/es\/en-profundidad\/sos-acuiferos\/aguas-subterraneas-guadalquivir\/#primaryimage\"},\"image\":{\"@id\":\"https:\/\/es.greenpeace.org\/es\/en-profundidad\/sos-acuiferos\/aguas-subterraneas-guadalquivir\/#primaryimage\"},\"thumbnailUrl\":\"https:\/\/es.greenpeace.org\/es\/wp-content\/uploads\/sites\/3\/2022\/10\/apertura-guadalquivir.jpg\",\"datePublished\":\"2022-10-03T12:03:02+00:00\",\"dateModified\":\"2022-10-10T16:08:49+00:00\",\"breadcrumb\":{\"@id\":\"https:\/\/es.greenpeace.org\/es\/en-profundidad\/sos-acuiferos\/aguas-subterraneas-guadalquivir\/#breadcrumb\"},\"inLanguage\":\"es\",\"potentialAction\":[{\"@type\":\"ReadAction\",\"target\":[\"https:\/\/es.greenpeace.org\/es\/en-profundidad\/sos-acuiferos\/aguas-subterraneas-guadalquivir\/\"]}]},{\"@type\":\"ImageObject\",\"inLanguage\":\"es\",\"@id\":\"https:\/\/es.greenpeace.org\/es\/en-profundidad\/sos-acuiferos\/aguas-subterraneas-guadalquivir\/#primaryimage\",\"url\":\"https:\/\/es.greenpeace.org\/es\/wp-content\/uploads\/sites\/3\/2022\/10\/apertura-guadalquivir.jpg\",\"contentUrl\":\"https:\/\/es.greenpeace.org\/es\/wp-content\/uploads\/sites\/3\/2022\/10\/apertura-guadalquivir.jpg\",\"width\":1200,\"height\":900,\"caption\":\"Cuenca del Guadalquivir, el reino del descontrol\"},{\"@type\":\"BreadcrumbList\",\"@id\":\"https:\/\/es.greenpeace.org\/es\/en-profundidad\/sos-acuiferos\/aguas-subterraneas-guadalquivir\/#breadcrumb\",\"itemListElement\":[{\"@type\":\"ListItem\",\"position\":1,\"name\":\"Home\",\"item\":\"https:\/\/es.greenpeace.org\/es\/\"},{\"@type\":\"ListItem\",\"position\":2,\"name\":\"SOS acu\u00edferos: la grave situaci\u00f3n de nuestras reservas de agua subterr\u00e1nea\",\"item\":\"https:\/\/es.greenpeace.org\/es\/en-profundidad\/sos-acuiferos\/\"},{\"@type\":\"ListItem\",\"position\":3,\"name\":\"Cuenca del Guadalquivir, el reino del descontrol\"}]},{\"@type\":\"WebSite\",\"@id\":\"https:\/\/es.greenpeace.org\/es\/#website\",\"url\":\"https:\/\/es.greenpeace.org\/es\/\",\"name\":\"Greenpeace Espa\u00f1a\",\"description\":\"\",\"publisher\":{\"@id\":\"https:\/\/es.greenpeace.org\/es\/#organization\"},\"potentialAction\":[{\"@type\":\"SearchAction\",\"target\":{\"@type\":\"EntryPoint\",\"urlTemplate\":\"https:\/\/es.greenpeace.org\/es\/?s={search_term_string}\"},\"query-input\":{\"@type\":\"PropertyValueSpecification\",\"valueRequired\":true,\"valueName\":\"search_term_string\"}}],\"inLanguage\":\"es\"},{\"@type\":\"Organization\",\"@id\":\"https:\/\/es.greenpeace.org\/es\/#organization\",\"name\":\"Greenpeace Espa\u00f1a\",\"alternateName\":\"Greenpeace\",\"url\":\"https:\/\/es.greenpeace.org\/es\/\",\"logo\":{\"@type\":\"ImageObject\",\"inLanguage\":\"es\",\"@id\":\"https:\/\/es.greenpeace.org\/es\/#\/schema\/logo\/image\/\",\"url\":\"https:\/\/es.greenpeace.org\/es\/wp-content\/uploads\/sites\/3\/2024\/07\/greenpeace-logo-verde.svg\",\"contentUrl\":\"https:\/\/es.greenpeace.org\/es\/wp-content\/uploads\/sites\/3\/2024\/07\/greenpeace-logo-verde.svg\",\"width\":1,\"height\":1,\"caption\":\"Greenpeace Espa\u00f1a\"},\"image\":{\"@id\":\"https:\/\/es.greenpeace.org\/es\/#\/schema\/logo\/image\/\"},\"sameAs\":[\"https:\/\/www.facebook.com\/greenpeace.spain\",\"https:\/\/x.com\/greenpeace_esp\",\"https:\/\/www.instagram.com\/greenpeace_esp\/\"]}]}<\/script>\n<!-- \/ Yoast SEO plugin. -->","yoast_head_json":{"title":"Cuenca del Guadalquivir, el reino del descontrol - ES | Greenpeace Espa\u00f1a","robots":{"index":"index","follow":"follow","max-snippet":"max-snippet:-1","max-image-preview":"max-image-preview:large","max-video-preview":"max-video-preview:-1"},"canonical":"https:\/\/es.greenpeace.org\/es\/en-profundidad\/sos-acuiferos\/aguas-subterraneas-guadalquivir\/","og_locale":"es_ES","og_type":"article","og_title":"Cuenca del Guadalquivir, el reino del descontrol - ES | Greenpeace Espa\u00f1a","og_description":"Hay dos causas de que el 52% de las masas de agua subterr\u00e1nea de la cuenca del Guadalquivir (45 masas) est\u00e9 en mal estado: el regad\u00edo y la falta de control sobre el regad\u00edo. Las extracciones de agua subterr\u00e1nea son de 841,47 hm3\/a\u00f1o de los que cerca del 90% se destina a riego agr\u00edcola. Su [&hellip;]","og_url":"https:\/\/es.greenpeace.org\/es\/en-profundidad\/sos-acuiferos\/aguas-subterraneas-guadalquivir\/","og_site_name":"ES | Greenpeace Espa\u00f1a","article_publisher":"https:\/\/www.facebook.com\/greenpeace.spain","article_modified_time":"2022-10-10T16:08:49+00:00","og_image":[{"width":1200,"height":900,"url":"https:\/\/es.greenpeace.org\/es\/wp-content\/uploads\/sites\/3\/2022\/10\/apertura-guadalquivir.jpg","type":"image\/jpeg"}],"twitter_card":"summary_large_image","twitter_site":"@greenpeace_esp","twitter_misc":{"Tiempo de lectura":"1 minuto"},"schema":{"@context":"https:\/\/schema.org","@graph":[{"@type":"WebPage","@id":"https:\/\/es.greenpeace.org\/es\/en-profundidad\/sos-acuiferos\/aguas-subterraneas-guadalquivir\/","url":"https:\/\/es.greenpeace.org\/es\/en-profundidad\/sos-acuiferos\/aguas-subterraneas-guadalquivir\/","name":"Cuenca del Guadalquivir, el reino del descontrol - ES | Greenpeace Espa\u00f1a","isPartOf":{"@id":"https:\/\/es.greenpeace.org\/es\/#website"},"primaryImageOfPage":{"@id":"https:\/\/es.greenpeace.org\/es\/en-profundidad\/sos-acuiferos\/aguas-subterraneas-guadalquivir\/#primaryimage"},"image":{"@id":"https:\/\/es.greenpeace.org\/es\/en-profundidad\/sos-acuiferos\/aguas-subterraneas-guadalquivir\/#primaryimage"},"thumbnailUrl":"https:\/\/es.greenpeace.org\/es\/wp-content\/uploads\/sites\/3\/2022\/10\/apertura-guadalquivir.jpg","datePublished":"2022-10-03T12:03:02+00:00","dateModified":"2022-10-10T16:08:49+00:00","breadcrumb":{"@id":"https:\/\/es.greenpeace.org\/es\/en-profundidad\/sos-acuiferos\/aguas-subterraneas-guadalquivir\/#breadcrumb"},"inLanguage":"es","potentialAction":[{"@type":"ReadAction","target":["https:\/\/es.greenpeace.org\/es\/en-profundidad\/sos-acuiferos\/aguas-subterraneas-guadalquivir\/"]}]},{"@type":"ImageObject","inLanguage":"es","@id":"https:\/\/es.greenpeace.org\/es\/en-profundidad\/sos-acuiferos\/aguas-subterraneas-guadalquivir\/#primaryimage","url":"https:\/\/es.greenpeace.org\/es\/wp-content\/uploads\/sites\/3\/2022\/10\/apertura-guadalquivir.jpg","contentUrl":"https:\/\/es.greenpeace.org\/es\/wp-content\/uploads\/sites\/3\/2022\/10\/apertura-guadalquivir.jpg","width":1200,"height":900,"caption":"Cuenca del Guadalquivir, el reino del descontrol"},{"@type":"BreadcrumbList","@id":"https:\/\/es.greenpeace.org\/es\/en-profundidad\/sos-acuiferos\/aguas-subterraneas-guadalquivir\/#breadcrumb","itemListElement":[{"@type":"ListItem","position":1,"name":"Home","item":"https:\/\/es.greenpeace.org\/es\/"},{"@type":"ListItem","position":2,"name":"SOS acu\u00edferos: la grave situaci\u00f3n de nuestras reservas de agua subterr\u00e1nea","item":"https:\/\/es.greenpeace.org\/es\/en-profundidad\/sos-acuiferos\/"},{"@type":"ListItem","position":3,"name":"Cuenca del Guadalquivir, el reino del descontrol"}]},{"@type":"WebSite","@id":"https:\/\/es.greenpeace.org\/es\/#website","url":"https:\/\/es.greenpeace.org\/es\/","name":"Greenpeace Espa\u00f1a","description":"","publisher":{"@id":"https:\/\/es.greenpeace.org\/es\/#organization"},"potentialAction":[{"@type":"SearchAction","target":{"@type":"EntryPoint","urlTemplate":"https:\/\/es.greenpeace.org\/es\/?s={search_term_string}"},"query-input":{"@type":"PropertyValueSpecification","valueRequired":true,"valueName":"search_term_string"}}],"inLanguage":"es"},{"@type":"Organization","@id":"https:\/\/es.greenpeace.org\/es\/#organization","name":"Greenpeace Espa\u00f1a","alternateName":"Greenpeace","url":"https:\/\/es.greenpeace.org\/es\/","logo":{"@type":"ImageObject","inLanguage":"es","@id":"https:\/\/es.greenpeace.org\/es\/#\/schema\/logo\/image\/","url":"https:\/\/es.greenpeace.org\/es\/wp-content\/uploads\/sites\/3\/2024\/07\/greenpeace-logo-verde.svg","contentUrl":"https:\/\/es.greenpeace.org\/es\/wp-content\/uploads\/sites\/3\/2024\/07\/greenpeace-logo-verde.svg","width":1,"height":1,"caption":"Greenpeace Espa\u00f1a"},"image":{"@id":"https:\/\/es.greenpeace.org\/es\/#\/schema\/logo\/image\/"},"sameAs":["https:\/\/www.facebook.com\/greenpeace.spain","https:\/\/x.com\/greenpeace_esp","https:\/\/www.instagram.com\/greenpeace_esp\/"]}]}},"_links":{"self":[{"href":"https:\/\/es.greenpeace.org\/es\/wp-json\/wp\/v2\/post_profundidad\/45617","targetHints":{"allow":["GET"]}}],"collection":[{"href":"https:\/\/es.greenpeace.org\/es\/wp-json\/wp\/v2\/post_profundidad"}],"about":[{"href":"https:\/\/es.greenpeace.org\/es\/wp-json\/wp\/v2\/types\/post_profundidad"}],"author":[{"embeddable":true,"href":"https:\/\/es.greenpeace.org\/es\/wp-json\/wp\/v2\/users\/1"}],"version-history":[{"count":10,"href":"https:\/\/es.greenpeace.org\/es\/wp-json\/wp\/v2\/post_profundidad\/45617\/revisions"}],"predecessor-version":[{"id":46129,"href":"https:\/\/es.greenpeace.org\/es\/wp-json\/wp\/v2\/post_profundidad\/45617\/revisions\/46129"}],"up":[{"embeddable":true,"href":"https:\/\/es.greenpeace.org\/es\/wp-json\/wp\/v2\/post_profundidad\/45428"}],"wp:featuredmedia":[{"embeddable":true,"href":"https:\/\/es.greenpeace.org\/es\/wp-json\/wp\/v2\/media\/45661"}],"wp:attachment":[{"href":"https:\/\/es.greenpeace.org\/es\/wp-json\/wp\/v2\/media?parent=45617"}],"wp:term":[{"taxonomy":"category","embeddable":true,"href":"https:\/\/es.greenpeace.org\/es\/wp-json\/wp\/v2\/categories?post=45617"},{"taxonomy":"post_tag","embeddable":true,"href":"https:\/\/es.greenpeace.org\/es\/wp-json\/wp\/v2\/tags?post=45617"}],"curies":[{"name":"wp","href":"https:\/\/api.w.org\/{rel}","templated":true}]}}