{"id":45945,"date":"2023-01-31T18:33:10","date_gmt":"2023-01-31T16:33:10","guid":{"rendered":"https:\/\/es.greenpeace.org\/es\/?post_type=post_profundidad&#038;p=45945"},"modified":"2023-02-02T14:54:45","modified_gmt":"2023-02-02T12:54:45","slug":"humedal-las-tablas-de-daimiel","status":"publish","type":"post_profundidad","link":"https:\/\/es.greenpeace.org\/es\/en-profundidad\/sos-acuiferos\/humedal-las-tablas-de-daimiel\/","title":{"rendered":"Las Tablas de Daimiel, 50 a\u00f1os de un humedal que (casi) no existe"},"content":{"rendered":"<p><script>\n    document.addEventListener(\"DOMContentLoaded\", function () {\n        jQuery(\"#toc-posts > div.toc-posts__header > h3\").hide();\n    });\n<\/script>\n<style>\n    @media screen and (min-width: 768px) {\n        #toc-posts {\n            background-color: #F6F6F5;\n        }\n        .en-profundidad #toc-posts .toc-posts__child-row .toc-posts__child-title {\n            font-size: 16px;\n        }\n        \n        .toc-posts__content {\n            max-height: 450px;\n            overflow-y: scroll;\n        }\n        \n        .toc-posts__content::-webkit-scrollbar {\n            -webkit-appearance: none;\n        }\n        \n        .toc-posts__content::-webkit-scrollbar:vertical {\n            width: 11px;\n        }\n        \n        .toc-posts__content::-webkit-scrollbar:horizontal {\n            height: 11px;\n        }\n        \n        .toc-posts__content::-webkit-scrollbar-thumb {\n            border-radius: 8px;\n            border: 2px solid white; \/* should match background, can't be transparent *\/\n            background-color: rgba(0, 0, 0, .5);\n        }\n        \n    }\n<\/style>\n<br \/>\n<!-- LIBRERIAS Y C\u00d3DIGO CSS Y JS-->\n<link rel=\"stylesheet\" href=\"https:\/\/storage.googleapis.com\/gpes-static\/acuiferos\/assets\/css\/app.css\" \/>\n<script src=\"https:\/\/storage.googleapis.com\/gpes-static\/acuiferos\/assets\/js\/main_app-min.js\" defer charset=\"utf-8\"><\/script>\n<script src=\"https:\/\/storage.googleapis.com\/gpes-static\/acuiferos\/assets\/js\/app6-min.js\" defer><\/script>\n<!-- \/LIBRERIAS Y C\u00d3DIGO CSS Y JS -->\n\n<!-- HACK DEL MENU-->\n<style>\n  \/* ALARGAR LA COMUMNA A 100% *\/\n  section>div>div.description.col-md-8 {\n    flex: 0 0 100%;\n    max-width: 100%;\n  }\n\n  \/* ESCONDE EL MENU ORIGINALMENTE *\/\n  section>div>div.col-md-4 {\n    display: none;\n  }\n<\/style>\n<script>\n  document.addEventListener(\"DOMContentLoaded\", function() {\n    const $menuElement = jQuery(\"section > div > div.col-md-4\");\n    $menuElement.remove();\n    jQuery(\"#nuevoMenu\").append($menuElement);\n    jQuery(\"#nuevoMenu > div\").removeClass(\"col-md-4\");\n  });\n<\/script>\n<!-- \/HACK DEL MENU -->\n<\/p>\n<p class=\"p_full\">El 30 de julio de 1973, fecha de la que se cumple este a\u00f1o medio siglo, el Bolet\u00edn Oficial del Estado recogi\u00f3 la declaraci\u00f3n de Parque Nacional de las Tablas de Daimiel y la creaci\u00f3n de una zona de reserva integral de aves acu\u00e1ticas dentro del mismo. 50 a\u00f1os despu\u00e9s, lo que fue el humedal de las Tablas pr\u00e1cticamente no existe. No como fen\u00f3meno natural surgido del encuentro y acumulaci\u00f3n en llano del agua superficial y subterr\u00e1nea. No como sistema capaz de crear un h\u00e1bitat te\u00f3ricamente protegido de fauna y flora, que lo hizo merecedor no solo de ser Parque Nacional, sino tambi\u00e9n Reserva de la Biosfera, humedal incluido en el convenio Ramsar y parte de la Red Natura.<\/p>\n<p class=\"p_full\">Ni las lluvias de diciembre de 2022, que tuvieron en alerta a la provincia de Ciudad Real durante d\u00edas, lograron que la superficie inundada superase a principios de a\u00f1o el 15% con respecto a la superficie inundable. Tampoco el trasvase de emergencia iniciado el pasado mes de agosto utilizando el periodo de pruebas de la llamada tuber\u00eda manchega. Ni la puesta en marcha una vez m\u00e1s de los pozos de sequ\u00eda el mismo mes de diciembre pasado. Mucho tiene que llover para cambiar la situaci\u00f3n del Parque, que lleva a\u00f1os convertido en una maqueta a gran escala a la que se le echa agua de forma artificial para mantener la humedad m\u00ednima que evite que la turba bajo el suelo entre en combusti\u00f3n, como ocurri\u00f3 en 2009, o que los ecosistemas desaparezcan por completo en los periodos m\u00e1s secos.<\/p>\n<p><img decoding=\"async\" class=\"mt-3\" src=\"https:\/\/storage.googleapis.com\/gpes-static\/acuiferos\/assets\/images\/29012023-tablas_daimiel.jpg\" alt=\"Situaci\u00f3n de las Tablas de Daimiel en enero de 2023. Solo se ha logrado inundar el 14,42% de la superficie.\" \/><\/p>\n<p>Situaci\u00f3n de las Tablas de Daimiel el 29 enero de 2023. A pesar de las lluvias, el trasvase de la tuber\u00eda manchega y el agua de los sondeos, solo se ha logrado inundar el 14,42% de la superficie. \/ Autor: DATADISTA<\/p>\n<p class=\"p_full\">En enero de 2023, las pilastras de las pasarelas tienen al menos de nuevo los pies metidos en agua pero basta con mirar alrededor para ver la escasa superficie que esta ocupa. La Laguna Permanente es m\u00e1s una sucesi\u00f3n de zonas encharcadas m\u00e1s o menos extensas en las que se acumulan las aves, y el agua ni siquiera llega a los medidores de profundidad, totalmente al aire sobre el suelo seco.<\/p>\n<p class=\"p_full\">En este largo periodo sin lluvias, el subsuelo de las Tablas no ha ardido de nuevo porque se hacen transfusiones in extremis para humectar la turbera cuando la superficie queda incluso por debajo de las 30 hect\u00e1reas inundadas, menos del 2% de la superficie inundable.<\/p>\n<!-- mapa-->\n\n<!-- Generated by ai2html v0.111.0 - 2022-08-31 12:15 -->\n<!-- ai file: acuifero23-guadiana.ai -->\n<style media=\"screen,print\">\n    #g-acuifero23-guadiana-box,\n    #g-acuifero23-guadiana-box .g-artboard {\n        margin: 0 auto;\n    }\n\n    #g-acuifero23-guadiana-box p {\n        margin: 0;\n    }\n\n    #g-acuifero23-guadiana-box .g-aiAbs {\n        position: absolute;\n    }\n\n    #g-acuifero23-guadiana-box .g-aiImg {\n        position: absolute;\n        top: 0;\n        display: block;\n        width: 100% !important;\n    }\n\n    #g-acuifero23-guadiana-box .g-aiSymbol {\n        position: absolute;\n        box-sizing: border-box;\n    }\n\n    #g-acuifero23-guadiana-box .g-aiPointText p {\n        white-space: nowrap;\n    }\n\n    #g-acuifero23-guadiana-movil {\n        position: relative;\n        overflow: hidden;\n    }\n\n    #g-acuifero23-guadiana-movil p {\n        font-family: 'Source Sans Pro', sans-serif;\n        font-weight: 500;\n        line-height: 14px;\n        height: auto;\n        opacity: 1;\n        letter-spacing: 0em;\n        font-size: 12px;\n        text-align: left;\n        color: rgb(68, 68, 68);\n        text-transform: none;\n        padding-bottom: 0;\n        padding-top: 0;\n        mix-blend-mode: normal;\n        font-style: normal;\n        position: static;\n    }\n\n    #g-acuifero23-guadiana-movil .g-pstyle0 {\n        height: 14px;\n    }\n\n    #g-acuifero23-guadiana-movil .g-pstyle1 {\n        line-height: 17px;\n        height: 17px;\n        font-size: 14px;\n        color: rgb(68, 68, 68);\n    }\n\n    #g-acuifero23-guadiana-desktop {\n        position: relative;\n        overflow: hidden;\n    }\n\n    #g-acuifero23-guadiana-desktop p {\n        font-family: 'Source Sans Pro', sans-serif;\n        font-weight: 500;\n        line-height: 17px;\n        height: auto;\n        opacity: 1;\n        letter-spacing: 0em;\n        font-size: 14px;\n        text-align: left;\n        color: rgb(68, 68, 68);\n        text-transform: none;\n        padding-bottom: 0;\n        padding-top: 0;\n        mix-blend-mode: normal;\n        font-style: normal;\n        position: static;\n    }\n\n    #g-acuifero23-guadiana-desktop .g-pstyle0 {\n        line-height: 22px;\n        height: 22px;\n        letter-spacing: 0.05em;\n        font-size: 18px;\n        color: rgb(68, 68, 68);\n    }\n\n    #g-acuifero23-guadiana-desktop .g-pstyle1 {\n        height: 17px;\n    }\n<\/style>\n\n<div id=\"g-acuifero23-guadiana-box\" class=\"ai2html\">\n\n    <!-- Artboard: movil -->\n    <div id=\"g-acuifero23-guadiana-movil\" class=\"g-artboard\" style=\"max-width: 320px;max-height: 368px\"\n        data-aspect-ratio=\"0.87\" data-min-width=\"0\" data-max-width=\"649\">\n        <div style=\"padding: 0 0 114.8821% 0;\"><\/div>\n        <img decoding=\"async\" id=\"g-acuifero23-guadiana-movil-img\" class=\"g-acuifero23-guadiana-movil-img g-aiImg\" alt=\"\"\n            src=\"https:\/\/storage.googleapis.com\/gpes-static\/acuiferos\/assets\/images\/acuifero23-guadiana-movil.png\" \/>\n        <div id=\"g-ai0-1\" class=\"g-movil g-aiAbs g-aiPointText\"\n            style=\"top:17.1106%;margin-top:-14.9px;left:69.9385%;width:87px;\">\n            <p class=\"g-pstyle0\">Extensi\u00f3n del<\/p>\n            <p class=\"g-pstyle0\"> acu\u00edfero 23<\/p>\n        <\/div>\n        <div id=\"g-ai0-2\" class=\"g-movil g-aiAbs g-aiPointText\"\n            style=\"top:29.8455%;margin-top:-17.7px;left:47.4043%;width:88px;\">\n            <p class=\"g-pstyle1\">CASTILLA-<\/p>\n            <p class=\"g-pstyle1\">LA MANCHA<\/p>\n        <\/div>\n        <div id=\"g-ai0-3\" class=\"g-movil g-aiAbs g-aiPointText\"\n            style=\"top:32.4569%;margin-top:-9.3px;left:13.34%;width:107px;\">\n            <p class=\"g-pstyle1\">EXTREMADURA<\/p>\n        <\/div>\n        <div id=\"g-ai0-4\" class=\"g-movil g-aiAbs g-aiPointText\"\n            style=\"top:66.0738%;margin-top:-14.9px;left:52.729%;width:74px;\">\n            <p class=\"g-pstyle0\">Las Tablas<\/p>\n            <p class=\"g-pstyle0\">de Daimiel<\/p>\n        <\/div>\n        <div id=\"g-ai0-5\" class=\"g-movil g-aiAbs g-aiPointText\"\n            style=\"top:66.3458%;margin-top:-14.9px;left:76.9875%;width:78px;\">\n            <p class=\"g-pstyle0\">Lagunas de<\/p>\n            <p class=\"g-pstyle0\">Ruidera<\/p>\n        <\/div>\n        <div id=\"g-ai0-6\" class=\"g-movil g-aiAbs g-aiPointText\"\n            style=\"top:71.3553%;margin-top:-9.3px;left:17.298%;width:87px;\">\n            <p class=\"g-pstyle1\">ANDALUC\u00cdA<\/p>\n        <\/div>\n    <\/div>\n\n    <!-- Artboard: desktop -->\n    <div id=\"g-acuifero23-guadiana-desktop\" class=\"g-artboard\" style=\"width:650px; height:453.559472745903px;\"\n        data-aspect-ratio=\"1.433\" data-min-width=\"650\">\n        <div style=\"\"><\/div>\n        <img decoding=\"async\" id=\"g-acuifero23-guadiana-desktop-img\" class=\"g-acuifero23-guadiana-desktop-img g-aiImg\" alt=\"\"\n            src=\"https:\/\/storage.googleapis.com\/gpes-static\/acuiferos\/assets\/images\/acuifero23-guadiana-desktop.png\" \/>\n        <div id=\"g-ai1-1\" class=\"g-desktop g-aiAbs g-aiPointText\"\n            style=\"top:17.209%;margin-top:-12.1px;left:41.4619%;width:206px;\">\n            <p class=\"g-pstyle0\">CASTILLA - LA MANCHA<\/p>\n        <\/div>\n        <div id=\"g-ai1-2\" class=\"g-desktop g-aiAbs g-aiPointText\"\n            style=\"top:25.293%;margin-top:-17.7px;left:55.7382%;width:82px;\">\n            <p class=\"g-pstyle1\">Las Tablas<\/p>\n            <p class=\"g-pstyle1\">de Daimiel<\/p>\n        <\/div>\n        <div id=\"g-ai1-3\" class=\"g-desktop g-aiAbs g-aiPointText\"\n            style=\"top:24.7053%;margin-top:-12.1px;left:14.1061%;width:141px;\">\n            <p class=\"g-pstyle0\">EXTREMADURA<\/p>\n        <\/div>\n        <div id=\"g-ai1-4\" class=\"g-desktop g-aiAbs g-aiPointText\"\n            style=\"top:45.577%;margin-top:-17.7px;left:86.1693%;width:98px;\">\n            <p class=\"g-pstyle1\">Extensi\u00f3n del<\/p>\n            <p class=\"g-pstyle1\"> acu\u00edfero 23<\/p>\n        <\/div>\n        <div id=\"g-ai1-5\" class=\"g-desktop g-aiAbs g-aiPointText\"\n            style=\"top:59.2466%;margin-top:-17.7px;left:85.8737%;width:87px;\">\n            <p class=\"g-pstyle1\">Lagunas de<\/p>\n            <p class=\"g-pstyle1\">Ruidera<\/p>\n        <\/div>\n        <div id=\"g-ai1-6\" class=\"g-desktop g-aiAbs g-aiPointText\"\n            style=\"top:74.9743%;margin-top:-12.1px;left:39.4545%;width:113px;\">\n            <p class=\"g-pstyle0\">ANDALUC\u00cdA<\/p>\n        <\/div>\n    <\/div>\n\n<\/div>\n\n<!-- End ai2html - 2022-08-31 12:15 -->\n\n<div class=\"container_full my-4\">\n    <span class=\"leyenda_chart\">\n        <div class=\"leyenda_chart_c\" style=\"background: #C62C2C\"><\/div> En mal estado cuantitativo\n        <div class=\"leyenda_chart_c\" style=\"background: #333333\"><\/div> En mal estado m\u00e1s all\u00e1 de 2027\n        <div class=\"leyenda_chart_c\" style=\"background: #d0e8f3\"><\/div> Resto de masas\n    <\/span>\n    <figcaption class=\"leyenda_chart figure-caption text-center small mb-4\">Masas de agua subterr\u00e1nea en mal estado\n        cuantitativo. La mayor sobreexplotaci\u00f3n se localiza en el acu\u00edfero que alimenta las Tablas de Daimiel. Fuente:\n        CHG.<\/figcaption>\n<\/div>\n\n<!-- fin mapa-->\n<p class=\"p_full\">El Plan Rector del Parque Nacional de las Tablas de Daimiel, publicado en el Diario Oficial de Castilla-La Mancha el 18 de diciembre de 2017, fij\u00f3 un \u201cobjetivo m\u00ednimo de inundaci\u00f3n\u201d para el Parque de \u201c1.400 hect\u00e1reas inundadas a comienzos de primavera y 600 hect\u00e1reas a finales de verano\u201d. M\u00ednimo. El m\u00e1ximo se estableci\u00f3 en 2.200 hect\u00e1reas, aunque el c\u00e1lculo mensual porcentual que realiza la CHG de la superficie inundada utiliza un total inundable en torno a 1.735 hect\u00e1reas.<\/p>\n<p class=\"p_full\">Cifras en cualquier caso a a\u00f1os luz de la actualidad. Las descargas artificiales efectuadas desde la primavera de 2020 no han logrado que la superficie inundada pase de las 340 hect\u00e1reas. El suelo seco durante meses, que antes se encharcaba de forma natural, y la evaporaci\u00f3n se han tragado r\u00e1pidamente el agua enviada. Ha servido para humectar el cauce del Guadiana, que es donde est\u00e1n las turberas, para evitar el mal mayor, que la turba se contraiga por la falta de humedad, que se creen grietas en el suelo por las que entre el ox\u00edgeno y que en el proceso de oxidaci\u00f3n se alcance una temperatura suficiente (superior a 200 grados) que provoque chispas que incendien la turba, fen\u00f3meno que se ve realimentado por el ox\u00edgeno generando un incendio que, al ser subterr\u00e1neo, puede tardar tiempo en detectarse.<\/p>\n<p class=\"p_full\">Los parches se suceden ante el evidente abandono de soluciones mayores para un humedal que depend\u00eda de un acu\u00edfero declarado como sobreexplotado ya en 1987 de forma provisional y luego de forma definitiva en 1994 pero al que esa declaraci\u00f3n no le ha sido suficiente. Los derechos de extracci\u00f3n doblan y hasta triplican en algunos casos la capacidad de regeneraci\u00f3n del agua subterr\u00e1nea por el ciclo natural. La declaraci\u00f3n de sobreexplotaci\u00f3n obliga a limitar el agua extra\u00edda pero la falta de caudal\u00edmetros y su manipulaci\u00f3n impide un verdadero control efectivo. Y eso sin contar con los pozos ilegales.<\/p>\n<p><img decoding=\"async\" class=\"mt-3\" src=\"https:\/\/storage.googleapis.com\/gpes-static\/acuiferos\/assets\/images\/29012023-tablas_laguna_permanente.jpg\" alt=\"Situaci\u00f3n de las Tablas de Daimiel en enero de 2023. Solo se ha logrado inundar el 14,42% de la superficie.\" \/><\/p>\n<p>Laguna Permanente de las Tablas de Daimiel el 29 de enero de 2023. \/ Autor: DATADISTA<\/p>\n<p class=\"p_full\">Ante esta situaci\u00f3n, las Tablas dependen de que llueva. De que llueva mucho. El resto de las soluciones adoptadas a lo largo de la historia de degradaci\u00f3n del Parque acaban pareciendo un apa\u00f1o transitorio en espera de otro periodo de lluvias prolongado e intenso para no afrontar la \u00fanica soluci\u00f3n: reducir dr\u00e1sticamente las extracciones para regad\u00edo que desconectaron el acu\u00edfero de la superficie.<\/p>\n<p class=\"p_full\">Los informes mensuales de Seguimiento de Indicadores y escenarios de sequ\u00eda y escasez de la CHG son la cr\u00f3nica del grado de precariedad de esta f\u00f3rmula en los periodos secos. En junio de 2019, la superficie inundada del Parque alcanzaba las 600 hect\u00e1reas. En noviembre de ese a\u00f1o, tras el periodo estival, se hab\u00eda quedado en 86 hect\u00e1reas. Y las lluvias no llegaban. En marzo de 2020, en lugar de haber mejorado durante el oto\u00f1o e invierno, el \u00e1rea encharcada era de 73 hect\u00e1reas.<\/p>\n<p class=\"p_full\">La Comisi\u00f3n Mixta de Gesti\u00f3n de Parques Nacionales de Castilla-La Mancha solicit\u00f3 un trasvase de 20 hm<sup>3<\/sup> a la Comisi\u00f3n de explotaci\u00f3n del Acueducto Tajo-Segura para \u201cmantenimiento de los procesos ecol\u00f3gicos esenciales del Parque\u201d. No se aprob\u00f3. El Gobierno actual se ha mostrado contrario al env\u00edo de agua por este cauce que hace que se pierda la mayor parte.<\/p>\n","protected":false},"author":1,"featured_media":46016,"parent":45428,"menu_order":11,"template":"","meta":{"_acf_changed":false,"footnotes":""},"categories":[946],"tags":[949,850],"class_list":["post-45945","post_profundidad","type-post_profundidad","status-publish","has-post-thumbnail","hentry","category-agua","tag-contaminacion-del-agua","tag-robo-de-agua"],"acf":[],"yoast_head":"<!-- This site is optimized with the Yoast SEO plugin v27.1.1 - https:\/\/yoast.com\/product\/yoast-seo-wordpress\/ -->\n<title>Las Tablas de Daimiel, 50 a\u00f1os de un humedal que (casi) no existe - ES | Greenpeace Espa\u00f1a<\/title>\n<meta name=\"robots\" content=\"index, follow, max-snippet:-1, max-image-preview:large, max-video-preview:-1\" \/>\n<link rel=\"canonical\" href=\"https:\/\/es.greenpeace.org\/es\/en-profundidad\/sos-acuiferos\/humedal-las-tablas-de-daimiel\/\" \/>\n<meta property=\"og:locale\" content=\"es_ES\" \/>\n<meta property=\"og:type\" content=\"article\" \/>\n<meta property=\"og:title\" content=\"Las Tablas de Daimiel, 50 a\u00f1os de un humedal que (casi) no existe - ES | Greenpeace Espa\u00f1a\" \/>\n<meta property=\"og:description\" content=\"El 30 de julio de 1973, fecha de la que se cumple este a\u00f1o medio siglo, el Bolet\u00edn Oficial del Estado recogi\u00f3 la declaraci\u00f3n de Parque Nacional de las Tablas de Daimiel y la creaci\u00f3n de una zona de reserva integral de aves acu\u00e1ticas dentro del mismo. 50 a\u00f1os despu\u00e9s, lo que fue el humedal [&hellip;]\" \/>\n<meta property=\"og:url\" content=\"https:\/\/es.greenpeace.org\/es\/en-profundidad\/sos-acuiferos\/humedal-las-tablas-de-daimiel\/\" \/>\n<meta property=\"og:site_name\" content=\"ES | Greenpeace Espa\u00f1a\" \/>\n<meta property=\"article:publisher\" content=\"https:\/\/www.facebook.com\/greenpeace.spain\" \/>\n<meta property=\"article:modified_time\" content=\"2023-02-02T12:54:45+00:00\" \/>\n<meta property=\"og:image\" content=\"https:\/\/es.greenpeace.org\/es\/wp-content\/uploads\/sites\/3\/2022\/10\/home-las-tablas-desktop.jpg\" \/>\n\t<meta property=\"og:image:width\" content=\"1200\" \/>\n\t<meta property=\"og:image:height\" content=\"900\" \/>\n\t<meta property=\"og:image:type\" content=\"image\/jpeg\" \/>\n<meta name=\"twitter:card\" content=\"summary_large_image\" \/>\n<meta name=\"twitter:site\" content=\"@greenpeace_esp\" \/>\n<meta name=\"twitter:label1\" content=\"Tiempo de lectura\" \/>\n\t<meta name=\"twitter:data1\" content=\"5 minutos\" \/>\n<script type=\"application\/ld+json\" class=\"yoast-schema-graph\">{\"@context\":\"https:\/\/schema.org\",\"@graph\":[{\"@type\":\"WebPage\",\"@id\":\"https:\/\/es.greenpeace.org\/es\/en-profundidad\/sos-acuiferos\/humedal-las-tablas-de-daimiel\/\",\"url\":\"https:\/\/es.greenpeace.org\/es\/en-profundidad\/sos-acuiferos\/humedal-las-tablas-de-daimiel\/\",\"name\":\"Las Tablas de Daimiel, 50 a\u00f1os de un humedal que (casi) no existe - ES | Greenpeace Espa\u00f1a\",\"isPartOf\":{\"@id\":\"https:\/\/es.greenpeace.org\/es\/#website\"},\"primaryImageOfPage\":{\"@id\":\"https:\/\/es.greenpeace.org\/es\/en-profundidad\/sos-acuiferos\/humedal-las-tablas-de-daimiel\/#primaryimage\"},\"image\":{\"@id\":\"https:\/\/es.greenpeace.org\/es\/en-profundidad\/sos-acuiferos\/humedal-las-tablas-de-daimiel\/#primaryimage\"},\"thumbnailUrl\":\"https:\/\/es.greenpeace.org\/es\/wp-content\/uploads\/sites\/3\/2022\/10\/home-las-tablas-desktop.jpg\",\"datePublished\":\"2023-01-31T16:33:10+00:00\",\"dateModified\":\"2023-02-02T12:54:45+00:00\",\"breadcrumb\":{\"@id\":\"https:\/\/es.greenpeace.org\/es\/en-profundidad\/sos-acuiferos\/humedal-las-tablas-de-daimiel\/#breadcrumb\"},\"inLanguage\":\"es\",\"potentialAction\":[{\"@type\":\"ReadAction\",\"target\":[\"https:\/\/es.greenpeace.org\/es\/en-profundidad\/sos-acuiferos\/humedal-las-tablas-de-daimiel\/\"]}]},{\"@type\":\"ImageObject\",\"inLanguage\":\"es\",\"@id\":\"https:\/\/es.greenpeace.org\/es\/en-profundidad\/sos-acuiferos\/humedal-las-tablas-de-daimiel\/#primaryimage\",\"url\":\"https:\/\/es.greenpeace.org\/es\/wp-content\/uploads\/sites\/3\/2022\/10\/home-las-tablas-desktop.jpg\",\"contentUrl\":\"https:\/\/es.greenpeace.org\/es\/wp-content\/uploads\/sites\/3\/2022\/10\/home-las-tablas-desktop.jpg\",\"width\":1200,\"height\":900,\"caption\":\"Las Tablas de Daimiel, el humedal que no existe\"},{\"@type\":\"BreadcrumbList\",\"@id\":\"https:\/\/es.greenpeace.org\/es\/en-profundidad\/sos-acuiferos\/humedal-las-tablas-de-daimiel\/#breadcrumb\",\"itemListElement\":[{\"@type\":\"ListItem\",\"position\":1,\"name\":\"Home\",\"item\":\"https:\/\/es.greenpeace.org\/es\/\"},{\"@type\":\"ListItem\",\"position\":2,\"name\":\"SOS acu\u00edferos: la grave situaci\u00f3n de nuestras reservas de agua subterr\u00e1nea\",\"item\":\"https:\/\/es.greenpeace.org\/es\/en-profundidad\/sos-acuiferos\/\"},{\"@type\":\"ListItem\",\"position\":3,\"name\":\"Las Tablas de Daimiel, 50 a\u00f1os de un humedal que (casi) no existe\"}]},{\"@type\":\"WebSite\",\"@id\":\"https:\/\/es.greenpeace.org\/es\/#website\",\"url\":\"https:\/\/es.greenpeace.org\/es\/\",\"name\":\"Greenpeace Espa\u00f1a\",\"description\":\"\",\"publisher\":{\"@id\":\"https:\/\/es.greenpeace.org\/es\/#organization\"},\"potentialAction\":[{\"@type\":\"SearchAction\",\"target\":{\"@type\":\"EntryPoint\",\"urlTemplate\":\"https:\/\/es.greenpeace.org\/es\/?s={search_term_string}\"},\"query-input\":{\"@type\":\"PropertyValueSpecification\",\"valueRequired\":true,\"valueName\":\"search_term_string\"}}],\"inLanguage\":\"es\"},{\"@type\":\"Organization\",\"@id\":\"https:\/\/es.greenpeace.org\/es\/#organization\",\"name\":\"Greenpeace Espa\u00f1a\",\"alternateName\":\"Greenpeace\",\"url\":\"https:\/\/es.greenpeace.org\/es\/\",\"logo\":{\"@type\":\"ImageObject\",\"inLanguage\":\"es\",\"@id\":\"https:\/\/es.greenpeace.org\/es\/#\/schema\/logo\/image\/\",\"url\":\"https:\/\/es.greenpeace.org\/es\/wp-content\/uploads\/sites\/3\/2024\/07\/greenpeace-logo-verde.svg\",\"contentUrl\":\"https:\/\/es.greenpeace.org\/es\/wp-content\/uploads\/sites\/3\/2024\/07\/greenpeace-logo-verde.svg\",\"width\":1,\"height\":1,\"caption\":\"Greenpeace Espa\u00f1a\"},\"image\":{\"@id\":\"https:\/\/es.greenpeace.org\/es\/#\/schema\/logo\/image\/\"},\"sameAs\":[\"https:\/\/www.facebook.com\/greenpeace.spain\",\"https:\/\/x.com\/greenpeace_esp\",\"https:\/\/www.instagram.com\/greenpeace_esp\/\"]}]}<\/script>\n<!-- \/ Yoast SEO plugin. -->","yoast_head_json":{"title":"Las Tablas de Daimiel, 50 a\u00f1os de un humedal que (casi) no existe - ES | Greenpeace Espa\u00f1a","robots":{"index":"index","follow":"follow","max-snippet":"max-snippet:-1","max-image-preview":"max-image-preview:large","max-video-preview":"max-video-preview:-1"},"canonical":"https:\/\/es.greenpeace.org\/es\/en-profundidad\/sos-acuiferos\/humedal-las-tablas-de-daimiel\/","og_locale":"es_ES","og_type":"article","og_title":"Las Tablas de Daimiel, 50 a\u00f1os de un humedal que (casi) no existe - ES | Greenpeace Espa\u00f1a","og_description":"El 30 de julio de 1973, fecha de la que se cumple este a\u00f1o medio siglo, el Bolet\u00edn Oficial del Estado recogi\u00f3 la declaraci\u00f3n de Parque Nacional de las Tablas de Daimiel y la creaci\u00f3n de una zona de reserva integral de aves acu\u00e1ticas dentro del mismo. 50 a\u00f1os despu\u00e9s, lo que fue el humedal [&hellip;]","og_url":"https:\/\/es.greenpeace.org\/es\/en-profundidad\/sos-acuiferos\/humedal-las-tablas-de-daimiel\/","og_site_name":"ES | Greenpeace Espa\u00f1a","article_publisher":"https:\/\/www.facebook.com\/greenpeace.spain","article_modified_time":"2023-02-02T12:54:45+00:00","og_image":[{"width":1200,"height":900,"url":"https:\/\/es.greenpeace.org\/es\/wp-content\/uploads\/sites\/3\/2022\/10\/home-las-tablas-desktop.jpg","type":"image\/jpeg"}],"twitter_card":"summary_large_image","twitter_site":"@greenpeace_esp","twitter_misc":{"Tiempo de lectura":"5 minutos"},"schema":{"@context":"https:\/\/schema.org","@graph":[{"@type":"WebPage","@id":"https:\/\/es.greenpeace.org\/es\/en-profundidad\/sos-acuiferos\/humedal-las-tablas-de-daimiel\/","url":"https:\/\/es.greenpeace.org\/es\/en-profundidad\/sos-acuiferos\/humedal-las-tablas-de-daimiel\/","name":"Las Tablas de Daimiel, 50 a\u00f1os de un humedal que (casi) no existe - ES | Greenpeace Espa\u00f1a","isPartOf":{"@id":"https:\/\/es.greenpeace.org\/es\/#website"},"primaryImageOfPage":{"@id":"https:\/\/es.greenpeace.org\/es\/en-profundidad\/sos-acuiferos\/humedal-las-tablas-de-daimiel\/#primaryimage"},"image":{"@id":"https:\/\/es.greenpeace.org\/es\/en-profundidad\/sos-acuiferos\/humedal-las-tablas-de-daimiel\/#primaryimage"},"thumbnailUrl":"https:\/\/es.greenpeace.org\/es\/wp-content\/uploads\/sites\/3\/2022\/10\/home-las-tablas-desktop.jpg","datePublished":"2023-01-31T16:33:10+00:00","dateModified":"2023-02-02T12:54:45+00:00","breadcrumb":{"@id":"https:\/\/es.greenpeace.org\/es\/en-profundidad\/sos-acuiferos\/humedal-las-tablas-de-daimiel\/#breadcrumb"},"inLanguage":"es","potentialAction":[{"@type":"ReadAction","target":["https:\/\/es.greenpeace.org\/es\/en-profundidad\/sos-acuiferos\/humedal-las-tablas-de-daimiel\/"]}]},{"@type":"ImageObject","inLanguage":"es","@id":"https:\/\/es.greenpeace.org\/es\/en-profundidad\/sos-acuiferos\/humedal-las-tablas-de-daimiel\/#primaryimage","url":"https:\/\/es.greenpeace.org\/es\/wp-content\/uploads\/sites\/3\/2022\/10\/home-las-tablas-desktop.jpg","contentUrl":"https:\/\/es.greenpeace.org\/es\/wp-content\/uploads\/sites\/3\/2022\/10\/home-las-tablas-desktop.jpg","width":1200,"height":900,"caption":"Las Tablas de Daimiel, el humedal que no existe"},{"@type":"BreadcrumbList","@id":"https:\/\/es.greenpeace.org\/es\/en-profundidad\/sos-acuiferos\/humedal-las-tablas-de-daimiel\/#breadcrumb","itemListElement":[{"@type":"ListItem","position":1,"name":"Home","item":"https:\/\/es.greenpeace.org\/es\/"},{"@type":"ListItem","position":2,"name":"SOS acu\u00edferos: la grave situaci\u00f3n de nuestras reservas de agua subterr\u00e1nea","item":"https:\/\/es.greenpeace.org\/es\/en-profundidad\/sos-acuiferos\/"},{"@type":"ListItem","position":3,"name":"Las Tablas de Daimiel, 50 a\u00f1os de un humedal que (casi) no existe"}]},{"@type":"WebSite","@id":"https:\/\/es.greenpeace.org\/es\/#website","url":"https:\/\/es.greenpeace.org\/es\/","name":"Greenpeace Espa\u00f1a","description":"","publisher":{"@id":"https:\/\/es.greenpeace.org\/es\/#organization"},"potentialAction":[{"@type":"SearchAction","target":{"@type":"EntryPoint","urlTemplate":"https:\/\/es.greenpeace.org\/es\/?s={search_term_string}"},"query-input":{"@type":"PropertyValueSpecification","valueRequired":true,"valueName":"search_term_string"}}],"inLanguage":"es"},{"@type":"Organization","@id":"https:\/\/es.greenpeace.org\/es\/#organization","name":"Greenpeace Espa\u00f1a","alternateName":"Greenpeace","url":"https:\/\/es.greenpeace.org\/es\/","logo":{"@type":"ImageObject","inLanguage":"es","@id":"https:\/\/es.greenpeace.org\/es\/#\/schema\/logo\/image\/","url":"https:\/\/es.greenpeace.org\/es\/wp-content\/uploads\/sites\/3\/2024\/07\/greenpeace-logo-verde.svg","contentUrl":"https:\/\/es.greenpeace.org\/es\/wp-content\/uploads\/sites\/3\/2024\/07\/greenpeace-logo-verde.svg","width":1,"height":1,"caption":"Greenpeace Espa\u00f1a"},"image":{"@id":"https:\/\/es.greenpeace.org\/es\/#\/schema\/logo\/image\/"},"sameAs":["https:\/\/www.facebook.com\/greenpeace.spain","https:\/\/x.com\/greenpeace_esp","https:\/\/www.instagram.com\/greenpeace_esp\/"]}]}},"_links":{"self":[{"href":"https:\/\/es.greenpeace.org\/es\/wp-json\/wp\/v2\/post_profundidad\/45945","targetHints":{"allow":["GET"]}}],"collection":[{"href":"https:\/\/es.greenpeace.org\/es\/wp-json\/wp\/v2\/post_profundidad"}],"about":[{"href":"https:\/\/es.greenpeace.org\/es\/wp-json\/wp\/v2\/types\/post_profundidad"}],"author":[{"embeddable":true,"href":"https:\/\/es.greenpeace.org\/es\/wp-json\/wp\/v2\/users\/1"}],"version-history":[{"count":10,"href":"https:\/\/es.greenpeace.org\/es\/wp-json\/wp\/v2\/post_profundidad\/45945\/revisions"}],"predecessor-version":[{"id":48679,"href":"https:\/\/es.greenpeace.org\/es\/wp-json\/wp\/v2\/post_profundidad\/45945\/revisions\/48679"}],"up":[{"embeddable":true,"href":"https:\/\/es.greenpeace.org\/es\/wp-json\/wp\/v2\/post_profundidad\/45428"}],"wp:featuredmedia":[{"embeddable":true,"href":"https:\/\/es.greenpeace.org\/es\/wp-json\/wp\/v2\/media\/46016"}],"wp:attachment":[{"href":"https:\/\/es.greenpeace.org\/es\/wp-json\/wp\/v2\/media?parent=45945"}],"wp:term":[{"taxonomy":"category","embeddable":true,"href":"https:\/\/es.greenpeace.org\/es\/wp-json\/wp\/v2\/categories?post=45945"},{"taxonomy":"post_tag","embeddable":true,"href":"https:\/\/es.greenpeace.org\/es\/wp-json\/wp\/v2\/tags?post=45945"}],"curies":[{"name":"wp","href":"https:\/\/api.w.org\/{rel}","templated":true}]}}