{"id":46206,"date":"2022-10-17T14:30:38","date_gmt":"2022-10-17T12:30:38","guid":{"rendered":"https:\/\/es.greenpeace.org\/es\/?post_type=post_profundidad&#038;p=46206"},"modified":"2022-10-18T10:44:43","modified_gmt":"2022-10-18T08:44:43","slug":"renovables-y-ahorro-de-energia","status":"publish","type":"post_profundidad","link":"https:\/\/es.greenpeace.org\/es\/en-profundidad\/renovables-en-tus-manos-ya\/renovables-y-ahorro-de-energia\/","title":{"rendered":"Renovables y ahorro de energ\u00eda: es posible"},"content":{"rendered":"<p>Avanzar m\u00e1s r\u00e1pido hacia las energ\u00edas renovables y el ahorro de energ\u00eda es posible. Conseguir <strong>un sistema energ\u00e9tico eficiente, inteligente, 100% renovable y democr\u00e1tico<\/strong> es una cuesti\u00f3n de co-responsabilidad entre todas las partes de la sociedad. Pero, tal y como indica el IPCC (Grupo Intergubernamental de Expertos sobre el Cambio Clim\u00e1tico de la ONU), los cambios de h\u00e1bitos y acciones individuales pueden aportar una tercera parte del potencial de reducci\u00f3n de emisiones de gases de efecto invernadero. Aunque es una parte imprescindible y muy importante, el 70% restante corresponde a cambios institucionales, empresariales y estructurales que necesitan de voluntad pol\u00edtica y empresarial. E inevitablemente habr\u00e1n de venir de la mano de la movilizaci\u00f3n ciudadana.<\/p>\n","protected":false},"author":1,"featured_media":46216,"parent":46187,"menu_order":1,"template":"","meta":{"_acf_changed":false,"footnotes":""},"categories":[35],"tags":[775,71],"class_list":["post-46206","post_profundidad","type-post_profundidad","status-publish","has-post-thumbnail","hentry","category-cambio-climatico","tag-ahorro-energetico","tag-energias-renovables"],"acf":[],"yoast_head":"<!-- This site is optimized with the Yoast SEO plugin v27.1.1 - https:\/\/yoast.com\/product\/yoast-seo-wordpress\/ -->\n<title>Renovables y ahorro de energ\u00eda: es posible - ES | Greenpeace Espa\u00f1a<\/title>\n<meta name=\"robots\" content=\"index, follow, max-snippet:-1, max-image-preview:large, max-video-preview:-1\" \/>\n<link rel=\"canonical\" href=\"https:\/\/es.greenpeace.org\/es\/en-profundidad\/renovables-en-tus-manos-ya\/renovables-y-ahorro-de-energia\/\" \/>\n<meta property=\"og:locale\" content=\"es_ES\" \/>\n<meta property=\"og:type\" content=\"article\" \/>\n<meta property=\"og:title\" content=\"Renovables y ahorro de energ\u00eda: es posible - ES | Greenpeace Espa\u00f1a\" \/>\n<meta property=\"og:description\" content=\"Avanzar m\u00e1s r\u00e1pido hacia las energ\u00edas renovables y el ahorro de energ\u00eda es posible. Conseguir un sistema energ\u00e9tico eficiente, inteligente, 100% renovable y democr\u00e1tico es una cuesti\u00f3n de co-responsabilidad entre todas las partes de la sociedad. Pero, tal y como indica el IPCC (Grupo Intergubernamental de Expertos sobre el Cambio Clim\u00e1tico de la ONU), los [&hellip;]\" \/>\n<meta property=\"og:url\" content=\"https:\/\/es.greenpeace.org\/es\/en-profundidad\/renovables-en-tus-manos-ya\/renovables-y-ahorro-de-energia\/\" \/>\n<meta property=\"og:site_name\" content=\"ES | Greenpeace Espa\u00f1a\" \/>\n<meta property=\"article:publisher\" content=\"https:\/\/www.facebook.com\/greenpeace.spain\" \/>\n<meta property=\"article:modified_time\" content=\"2022-10-18T08:44:43+00:00\" \/>\n<meta property=\"og:image\" content=\"https:\/\/es.greenpeace.org\/es\/wp-content\/uploads\/sites\/3\/2022\/10\/ahorro.jpeg\" \/>\n\t<meta property=\"og:image:width\" content=\"1920\" \/>\n\t<meta property=\"og:image:height\" content=\"1279\" \/>\n\t<meta property=\"og:image:type\" content=\"image\/jpeg\" \/>\n<meta name=\"twitter:card\" content=\"summary_large_image\" \/>\n<meta name=\"twitter:site\" content=\"@greenpeace_esp\" \/>\n<meta name=\"twitter:label1\" content=\"Tiempo de lectura\" \/>\n\t<meta name=\"twitter:data1\" content=\"1 minuto\" \/>\n<script type=\"application\/ld+json\" class=\"yoast-schema-graph\">{\"@context\":\"https:\/\/schema.org\",\"@graph\":[{\"@type\":\"WebPage\",\"@id\":\"https:\/\/es.greenpeace.org\/es\/en-profundidad\/renovables-en-tus-manos-ya\/renovables-y-ahorro-de-energia\/\",\"url\":\"https:\/\/es.greenpeace.org\/es\/en-profundidad\/renovables-en-tus-manos-ya\/renovables-y-ahorro-de-energia\/\",\"name\":\"Renovables y ahorro de energ\u00eda: es posible - ES | Greenpeace Espa\u00f1a\",\"isPartOf\":{\"@id\":\"https:\/\/es.greenpeace.org\/es\/#website\"},\"primaryImageOfPage\":{\"@id\":\"https:\/\/es.greenpeace.org\/es\/en-profundidad\/renovables-en-tus-manos-ya\/renovables-y-ahorro-de-energia\/#primaryimage\"},\"image\":{\"@id\":\"https:\/\/es.greenpeace.org\/es\/en-profundidad\/renovables-en-tus-manos-ya\/renovables-y-ahorro-de-energia\/#primaryimage\"},\"thumbnailUrl\":\"https:\/\/es.greenpeace.org\/es\/wp-content\/uploads\/sites\/3\/2022\/10\/ahorro.jpeg\",\"datePublished\":\"2022-10-17T12:30:38+00:00\",\"dateModified\":\"2022-10-18T08:44:43+00:00\",\"breadcrumb\":{\"@id\":\"https:\/\/es.greenpeace.org\/es\/en-profundidad\/renovables-en-tus-manos-ya\/renovables-y-ahorro-de-energia\/#breadcrumb\"},\"inLanguage\":\"es\",\"potentialAction\":[{\"@type\":\"ReadAction\",\"target\":[\"https:\/\/es.greenpeace.org\/es\/en-profundidad\/renovables-en-tus-manos-ya\/renovables-y-ahorro-de-energia\/\"]}]},{\"@type\":\"ImageObject\",\"inLanguage\":\"es\",\"@id\":\"https:\/\/es.greenpeace.org\/es\/en-profundidad\/renovables-en-tus-manos-ya\/renovables-y-ahorro-de-energia\/#primaryimage\",\"url\":\"https:\/\/es.greenpeace.org\/es\/wp-content\/uploads\/sites\/3\/2022\/10\/ahorro.jpeg\",\"contentUrl\":\"https:\/\/es.greenpeace.org\/es\/wp-content\/uploads\/sites\/3\/2022\/10\/ahorro.jpeg\",\"width\":1920,\"height\":1279,\"caption\":\"Ahorro y energ\u00edas renovables\"},{\"@type\":\"BreadcrumbList\",\"@id\":\"https:\/\/es.greenpeace.org\/es\/en-profundidad\/renovables-en-tus-manos-ya\/renovables-y-ahorro-de-energia\/#breadcrumb\",\"itemListElement\":[{\"@type\":\"ListItem\",\"position\":1,\"name\":\"Home\",\"item\":\"https:\/\/es.greenpeace.org\/es\/\"},{\"@type\":\"ListItem\",\"position\":2,\"name\":\"Renovables en tus manos YA\",\"item\":\"https:\/\/es.greenpeace.org\/es\/en-profundidad\/renovables-en-tus-manos-ya\/\"},{\"@type\":\"ListItem\",\"position\":3,\"name\":\"Renovables y ahorro de energ\u00eda: es posible\"}]},{\"@type\":\"WebSite\",\"@id\":\"https:\/\/es.greenpeace.org\/es\/#website\",\"url\":\"https:\/\/es.greenpeace.org\/es\/\",\"name\":\"Greenpeace Espa\u00f1a\",\"description\":\"\",\"publisher\":{\"@id\":\"https:\/\/es.greenpeace.org\/es\/#organization\"},\"potentialAction\":[{\"@type\":\"SearchAction\",\"target\":{\"@type\":\"EntryPoint\",\"urlTemplate\":\"https:\/\/es.greenpeace.org\/es\/?s={search_term_string}\"},\"query-input\":{\"@type\":\"PropertyValueSpecification\",\"valueRequired\":true,\"valueName\":\"search_term_string\"}}],\"inLanguage\":\"es\"},{\"@type\":\"Organization\",\"@id\":\"https:\/\/es.greenpeace.org\/es\/#organization\",\"name\":\"Greenpeace Espa\u00f1a\",\"alternateName\":\"Greenpeace\",\"url\":\"https:\/\/es.greenpeace.org\/es\/\",\"logo\":{\"@type\":\"ImageObject\",\"inLanguage\":\"es\",\"@id\":\"https:\/\/es.greenpeace.org\/es\/#\/schema\/logo\/image\/\",\"url\":\"https:\/\/es.greenpeace.org\/es\/wp-content\/uploads\/sites\/3\/2024\/07\/greenpeace-logo-verde.svg\",\"contentUrl\":\"https:\/\/es.greenpeace.org\/es\/wp-content\/uploads\/sites\/3\/2024\/07\/greenpeace-logo-verde.svg\",\"width\":1,\"height\":1,\"caption\":\"Greenpeace Espa\u00f1a\"},\"image\":{\"@id\":\"https:\/\/es.greenpeace.org\/es\/#\/schema\/logo\/image\/\"},\"sameAs\":[\"https:\/\/www.facebook.com\/greenpeace.spain\",\"https:\/\/x.com\/greenpeace_esp\",\"https:\/\/www.instagram.com\/greenpeace_esp\/\"]}]}<\/script>\n<!-- \/ Yoast SEO plugin. -->","yoast_head_json":{"title":"Renovables y ahorro de energ\u00eda: es posible - ES | Greenpeace Espa\u00f1a","robots":{"index":"index","follow":"follow","max-snippet":"max-snippet:-1","max-image-preview":"max-image-preview:large","max-video-preview":"max-video-preview:-1"},"canonical":"https:\/\/es.greenpeace.org\/es\/en-profundidad\/renovables-en-tus-manos-ya\/renovables-y-ahorro-de-energia\/","og_locale":"es_ES","og_type":"article","og_title":"Renovables y ahorro de energ\u00eda: es posible - ES | Greenpeace Espa\u00f1a","og_description":"Avanzar m\u00e1s r\u00e1pido hacia las energ\u00edas renovables y el ahorro de energ\u00eda es posible. Conseguir un sistema energ\u00e9tico eficiente, inteligente, 100% renovable y democr\u00e1tico es una cuesti\u00f3n de co-responsabilidad entre todas las partes de la sociedad. Pero, tal y como indica el IPCC (Grupo Intergubernamental de Expertos sobre el Cambio Clim\u00e1tico de la ONU), los [&hellip;]","og_url":"https:\/\/es.greenpeace.org\/es\/en-profundidad\/renovables-en-tus-manos-ya\/renovables-y-ahorro-de-energia\/","og_site_name":"ES | Greenpeace Espa\u00f1a","article_publisher":"https:\/\/www.facebook.com\/greenpeace.spain","article_modified_time":"2022-10-18T08:44:43+00:00","og_image":[{"width":1920,"height":1279,"url":"https:\/\/es.greenpeace.org\/es\/wp-content\/uploads\/sites\/3\/2022\/10\/ahorro.jpeg","type":"image\/jpeg"}],"twitter_card":"summary_large_image","twitter_site":"@greenpeace_esp","twitter_misc":{"Tiempo de lectura":"1 minuto"},"schema":{"@context":"https:\/\/schema.org","@graph":[{"@type":"WebPage","@id":"https:\/\/es.greenpeace.org\/es\/en-profundidad\/renovables-en-tus-manos-ya\/renovables-y-ahorro-de-energia\/","url":"https:\/\/es.greenpeace.org\/es\/en-profundidad\/renovables-en-tus-manos-ya\/renovables-y-ahorro-de-energia\/","name":"Renovables y ahorro de energ\u00eda: es posible - ES | Greenpeace Espa\u00f1a","isPartOf":{"@id":"https:\/\/es.greenpeace.org\/es\/#website"},"primaryImageOfPage":{"@id":"https:\/\/es.greenpeace.org\/es\/en-profundidad\/renovables-en-tus-manos-ya\/renovables-y-ahorro-de-energia\/#primaryimage"},"image":{"@id":"https:\/\/es.greenpeace.org\/es\/en-profundidad\/renovables-en-tus-manos-ya\/renovables-y-ahorro-de-energia\/#primaryimage"},"thumbnailUrl":"https:\/\/es.greenpeace.org\/es\/wp-content\/uploads\/sites\/3\/2022\/10\/ahorro.jpeg","datePublished":"2022-10-17T12:30:38+00:00","dateModified":"2022-10-18T08:44:43+00:00","breadcrumb":{"@id":"https:\/\/es.greenpeace.org\/es\/en-profundidad\/renovables-en-tus-manos-ya\/renovables-y-ahorro-de-energia\/#breadcrumb"},"inLanguage":"es","potentialAction":[{"@type":"ReadAction","target":["https:\/\/es.greenpeace.org\/es\/en-profundidad\/renovables-en-tus-manos-ya\/renovables-y-ahorro-de-energia\/"]}]},{"@type":"ImageObject","inLanguage":"es","@id":"https:\/\/es.greenpeace.org\/es\/en-profundidad\/renovables-en-tus-manos-ya\/renovables-y-ahorro-de-energia\/#primaryimage","url":"https:\/\/es.greenpeace.org\/es\/wp-content\/uploads\/sites\/3\/2022\/10\/ahorro.jpeg","contentUrl":"https:\/\/es.greenpeace.org\/es\/wp-content\/uploads\/sites\/3\/2022\/10\/ahorro.jpeg","width":1920,"height":1279,"caption":"Ahorro y energ\u00edas renovables"},{"@type":"BreadcrumbList","@id":"https:\/\/es.greenpeace.org\/es\/en-profundidad\/renovables-en-tus-manos-ya\/renovables-y-ahorro-de-energia\/#breadcrumb","itemListElement":[{"@type":"ListItem","position":1,"name":"Home","item":"https:\/\/es.greenpeace.org\/es\/"},{"@type":"ListItem","position":2,"name":"Renovables en tus manos YA","item":"https:\/\/es.greenpeace.org\/es\/en-profundidad\/renovables-en-tus-manos-ya\/"},{"@type":"ListItem","position":3,"name":"Renovables y ahorro de energ\u00eda: es posible"}]},{"@type":"WebSite","@id":"https:\/\/es.greenpeace.org\/es\/#website","url":"https:\/\/es.greenpeace.org\/es\/","name":"Greenpeace Espa\u00f1a","description":"","publisher":{"@id":"https:\/\/es.greenpeace.org\/es\/#organization"},"potentialAction":[{"@type":"SearchAction","target":{"@type":"EntryPoint","urlTemplate":"https:\/\/es.greenpeace.org\/es\/?s={search_term_string}"},"query-input":{"@type":"PropertyValueSpecification","valueRequired":true,"valueName":"search_term_string"}}],"inLanguage":"es"},{"@type":"Organization","@id":"https:\/\/es.greenpeace.org\/es\/#organization","name":"Greenpeace Espa\u00f1a","alternateName":"Greenpeace","url":"https:\/\/es.greenpeace.org\/es\/","logo":{"@type":"ImageObject","inLanguage":"es","@id":"https:\/\/es.greenpeace.org\/es\/#\/schema\/logo\/image\/","url":"https:\/\/es.greenpeace.org\/es\/wp-content\/uploads\/sites\/3\/2024\/07\/greenpeace-logo-verde.svg","contentUrl":"https:\/\/es.greenpeace.org\/es\/wp-content\/uploads\/sites\/3\/2024\/07\/greenpeace-logo-verde.svg","width":1,"height":1,"caption":"Greenpeace Espa\u00f1a"},"image":{"@id":"https:\/\/es.greenpeace.org\/es\/#\/schema\/logo\/image\/"},"sameAs":["https:\/\/www.facebook.com\/greenpeace.spain","https:\/\/x.com\/greenpeace_esp","https:\/\/www.instagram.com\/greenpeace_esp\/"]}]}},"_links":{"self":[{"href":"https:\/\/es.greenpeace.org\/es\/wp-json\/wp\/v2\/post_profundidad\/46206","targetHints":{"allow":["GET"]}}],"collection":[{"href":"https:\/\/es.greenpeace.org\/es\/wp-json\/wp\/v2\/post_profundidad"}],"about":[{"href":"https:\/\/es.greenpeace.org\/es\/wp-json\/wp\/v2\/types\/post_profundidad"}],"author":[{"embeddable":true,"href":"https:\/\/es.greenpeace.org\/es\/wp-json\/wp\/v2\/users\/1"}],"version-history":[{"count":9,"href":"https:\/\/es.greenpeace.org\/es\/wp-json\/wp\/v2\/post_profundidad\/46206\/revisions"}],"predecessor-version":[{"id":46331,"href":"https:\/\/es.greenpeace.org\/es\/wp-json\/wp\/v2\/post_profundidad\/46206\/revisions\/46331"}],"up":[{"embeddable":true,"href":"https:\/\/es.greenpeace.org\/es\/wp-json\/wp\/v2\/post_profundidad\/46187"}],"wp:featuredmedia":[{"embeddable":true,"href":"https:\/\/es.greenpeace.org\/es\/wp-json\/wp\/v2\/media\/46216"}],"wp:attachment":[{"href":"https:\/\/es.greenpeace.org\/es\/wp-json\/wp\/v2\/media?parent=46206"}],"wp:term":[{"taxonomy":"category","embeddable":true,"href":"https:\/\/es.greenpeace.org\/es\/wp-json\/wp\/v2\/categories?post=46206"},{"taxonomy":"post_tag","embeddable":true,"href":"https:\/\/es.greenpeace.org\/es\/wp-json\/wp\/v2\/tags?post=46206"}],"curies":[{"name":"wp","href":"https:\/\/api.w.org\/{rel}","templated":true}]}}