{"id":46758,"date":"2022-11-08T13:03:57","date_gmt":"2022-11-08T11:03:57","guid":{"rendered":"https:\/\/es.greenpeace.org\/es\/?post_type=post_profundidad&#038;p=46758"},"modified":"2022-11-10T13:40:34","modified_gmt":"2022-11-10T11:40:34","slug":"el-desastre-del-prestige-20-anos-despues","status":"publish","type":"post_profundidad","link":"https:\/\/es.greenpeace.org\/es\/en-profundidad\/el-desastre-del-prestige-20-anos-despues\/","title":{"rendered":"El desastre del Prestige: 20 a\u00f1os despu\u00e9s"},"content":{"rendered":"<p>El 19 de noviembre de 2002 el buque petrolero <strong>Prestige<\/strong>, con <strong>77.000 toneladas de crudo de petr\u00f3leo<\/strong>, se parti\u00f3 en dos y se hundi\u00f3 frente a las costas de Galicia despu\u00e9s de 6 d\u00edas de agon\u00eda. Una tormenta hab\u00eda provocado una v\u00eda de agua el 13 de noviembre. Un periplo de malas decisiones e incompetencia agrav\u00f3 el desastre.<\/p>\n<p id=\"video\">\n\n\t\t\t<div class=\"plyr__video-embed\"  data-plyr-provider=\"youtube\" data-plyr-embed-id=\"https:\/\/youtu.be\/P7ZAP2nJ3-w\" data-plyr-config=\"{noCookie:true,youtube:{noCookie:true}}\"><\/div>\n    \n<p>El<strong> derramamiento del petr\u00f3leo del Prestige<\/strong> emponzo\u00f1\u00f3 las costas de Galicia, gran parte del Cant\u00e1brico e incluso zonas de Francia. Una palabra ennegreci\u00f3 para siempre los recuerdos de millones de personas: <strong>chapapote<\/strong>.<\/p>\n<p>Al final, unas 65.000 toneladas de aquella pasta negra se vertieron al mar en el <strong>peor desastre ambiental de estas caracter\u00edsticas en Espa\u00f1a<\/strong>.<\/p>\n<p>El chapapote se pegaba a las rocas, a las playas, al lecho marino, a la fauna\u2026 Pero tambi\u00e9n a los guantes y a los monos de miles de <strong>personas voluntarias<\/strong> que acudieron en masa para ayudar como pudieron en las tareas de limpieza.<\/p>\n<div id=\"attachment_46773\" class=\"wp-caption aligncenter\" style=\"max-width: 740px;\"><img loading=\"lazy\" decoding=\"async\" class=\"wp-image-46773 size-medium\" src=\"https:\/\/es.greenpeace.org\/es\/wp-content\/uploads\/sites\/3\/2022\/11\/voluntarios-limpieza-730x484.jpeg\" alt=\"Prestige: limpieza playa de Barra, Pontevedra\" width=\"730\" height=\"484\" srcset=\"https:\/\/es.greenpeace.org\/es\/wp-content\/uploads\/sites\/3\/2022\/11\/voluntarios-limpieza-730x484.jpeg 730w, https:\/\/es.greenpeace.org\/es\/wp-content\/uploads\/sites\/3\/2022\/11\/voluntarios-limpieza-500x331.jpeg 500w, https:\/\/es.greenpeace.org\/es\/wp-content\/uploads\/sites\/3\/2022\/11\/voluntarios-limpieza-768x509.jpeg 768w, https:\/\/es.greenpeace.org\/es\/wp-content\/uploads\/sites\/3\/2022\/11\/voluntarios-limpieza.jpeg 1280w\" sizes=\"auto, (max-width: 730px) 100vw, 730px\" \/><p class=\"wp-caption-text wp-caption-media\">19\/11\/2002. Vecinos voluntarios ayudan en la limpieza del crudo en la playa de Barra, Pontevedra. \u00a9Greenpeace\/Pedro Armestre<\/p><\/div>\n<p>El mazazo ambiental, social y econ\u00f3mico fue duro, y la p\u00e9sima gesti\u00f3n pol\u00edtica de aquellos d\u00edas agrav\u00f3 el malestar hasta generar uno de los movimientos socioambientales m\u00e1s contundentes que se recuerdan: una marea ciudadana despert\u00f3 y aneg\u00f3 las calles de Galicia y toda Espa\u00f1a con un grito: <strong>\u00a1NUNCA M\u00c1IS!<\/strong><\/p>\n","protected":false},"author":1,"featured_media":46766,"parent":0,"menu_order":0,"template":"","meta":{"_acf_changed":false,"footnotes":""},"categories":[4],"tags":[129,87,971],"class_list":["post-46758","post_profundidad","type-post_profundidad","status-publish","has-post-thumbnail","hentry","category-general","tag-galicia","tag-petroleo","tag-prestige"],"acf":[],"yoast_head":"<!-- This site is optimized with the Yoast SEO plugin v27.1.1 - https:\/\/yoast.com\/product\/yoast-seo-wordpress\/ -->\n<title>El desastre del Prestige: 20 a\u00f1os despu\u00e9s - ES | Greenpeace Espa\u00f1a<\/title>\n<meta name=\"robots\" content=\"index, follow, max-snippet:-1, max-image-preview:large, max-video-preview:-1\" \/>\n<link rel=\"canonical\" href=\"https:\/\/es.greenpeace.org\/es\/en-profundidad\/el-desastre-del-prestige-20-anos-despues\/\" \/>\n<meta property=\"og:locale\" content=\"es_ES\" \/>\n<meta property=\"og:type\" content=\"article\" \/>\n<meta property=\"og:title\" content=\"El desastre del Prestige: 20 a\u00f1os despu\u00e9s - ES | Greenpeace Espa\u00f1a\" \/>\n<meta property=\"og:description\" content=\"El 19 de noviembre de 2002 el buque petrolero Prestige, con 77.000 toneladas de crudo de petr\u00f3leo, se parti\u00f3 en dos y se hundi\u00f3 frente a las costas de Galicia despu\u00e9s de 6 d\u00edas de agon\u00eda. Una tormenta hab\u00eda provocado una v\u00eda de agua el 13 de noviembre. Un periplo de malas decisiones e incompetencia [&hellip;]\" \/>\n<meta property=\"og:url\" content=\"https:\/\/es.greenpeace.org\/es\/en-profundidad\/el-desastre-del-prestige-20-anos-despues\/\" \/>\n<meta property=\"og:site_name\" content=\"ES | Greenpeace Espa\u00f1a\" \/>\n<meta property=\"article:publisher\" content=\"https:\/\/www.facebook.com\/greenpeace.spain\" \/>\n<meta property=\"article:modified_time\" content=\"2022-11-10T11:40:34+00:00\" \/>\n<meta property=\"og:image\" content=\"https:\/\/es.greenpeace.org\/es\/wp-content\/uploads\/sites\/3\/2022\/11\/chapapote-costa.jpeg\" \/>\n\t<meta property=\"og:image:width\" content=\"2024\" \/>\n\t<meta property=\"og:image:height\" content=\"1372\" \/>\n\t<meta property=\"og:image:type\" content=\"image\/jpeg\" \/>\n<meta name=\"twitter:card\" content=\"summary_large_image\" \/>\n<meta name=\"twitter:site\" content=\"@greenpeace_esp\" \/>\n<meta name=\"twitter:label1\" content=\"Tiempo de lectura\" \/>\n\t<meta name=\"twitter:data1\" content=\"1 minuto\" \/>\n<script type=\"application\/ld+json\" class=\"yoast-schema-graph\">{\"@context\":\"https:\/\/schema.org\",\"@graph\":[{\"@type\":\"WebPage\",\"@id\":\"https:\/\/es.greenpeace.org\/es\/en-profundidad\/el-desastre-del-prestige-20-anos-despues\/\",\"url\":\"https:\/\/es.greenpeace.org\/es\/en-profundidad\/el-desastre-del-prestige-20-anos-despues\/\",\"name\":\"El desastre del Prestige: 20 a\u00f1os despu\u00e9s - ES | Greenpeace Espa\u00f1a\",\"isPartOf\":{\"@id\":\"https:\/\/es.greenpeace.org\/es\/#website\"},\"primaryImageOfPage\":{\"@id\":\"https:\/\/es.greenpeace.org\/es\/en-profundidad\/el-desastre-del-prestige-20-anos-despues\/#primaryimage\"},\"image\":{\"@id\":\"https:\/\/es.greenpeace.org\/es\/en-profundidad\/el-desastre-del-prestige-20-anos-despues\/#primaryimage\"},\"thumbnailUrl\":\"https:\/\/es.greenpeace.org\/es\/wp-content\/uploads\/sites\/3\/2022\/11\/chapapote-costa.jpeg\",\"datePublished\":\"2022-11-08T11:03:57+00:00\",\"dateModified\":\"2022-11-10T11:40:34+00:00\",\"breadcrumb\":{\"@id\":\"https:\/\/es.greenpeace.org\/es\/en-profundidad\/el-desastre-del-prestige-20-anos-despues\/#breadcrumb\"},\"inLanguage\":\"es\",\"potentialAction\":[{\"@type\":\"ReadAction\",\"target\":[\"https:\/\/es.greenpeace.org\/es\/en-profundidad\/el-desastre-del-prestige-20-anos-despues\/\"]}]},{\"@type\":\"ImageObject\",\"inLanguage\":\"es\",\"@id\":\"https:\/\/es.greenpeace.org\/es\/en-profundidad\/el-desastre-del-prestige-20-anos-despues\/#primaryimage\",\"url\":\"https:\/\/es.greenpeace.org\/es\/wp-content\/uploads\/sites\/3\/2022\/11\/chapapote-costa.jpeg\",\"contentUrl\":\"https:\/\/es.greenpeace.org\/es\/wp-content\/uploads\/sites\/3\/2022\/11\/chapapote-costa.jpeg\",\"width\":2024,\"height\":1372,\"caption\":\"01\/12\/2002. Muxia, A Coru\u00f1a, Galicia, Espa\u00f1a. La marea negra de fuel del Prestige ha entrado de nuevo en la playa del municipio de Muxia. \u00a9Greenpeace\/Pedro Armestre \u00a9Greenpeace Handout\/Pedro ARMESTRE - No sales - No Archives - Editorial Use Only - Free use only for 14 days after release. Photo provided by GREENPEACE, distributed handout photo to be used only to illustrate news reporting or commentary on the facts or events depicted in this image.\"},{\"@type\":\"BreadcrumbList\",\"@id\":\"https:\/\/es.greenpeace.org\/es\/en-profundidad\/el-desastre-del-prestige-20-anos-despues\/#breadcrumb\",\"itemListElement\":[{\"@type\":\"ListItem\",\"position\":1,\"name\":\"Home\",\"item\":\"https:\/\/es.greenpeace.org\/es\/\"},{\"@type\":\"ListItem\",\"position\":2,\"name\":\"El desastre del Prestige: 20 a\u00f1os despu\u00e9s\"}]},{\"@type\":\"WebSite\",\"@id\":\"https:\/\/es.greenpeace.org\/es\/#website\",\"url\":\"https:\/\/es.greenpeace.org\/es\/\",\"name\":\"Greenpeace Espa\u00f1a\",\"description\":\"\",\"publisher\":{\"@id\":\"https:\/\/es.greenpeace.org\/es\/#organization\"},\"potentialAction\":[{\"@type\":\"SearchAction\",\"target\":{\"@type\":\"EntryPoint\",\"urlTemplate\":\"https:\/\/es.greenpeace.org\/es\/?s={search_term_string}\"},\"query-input\":{\"@type\":\"PropertyValueSpecification\",\"valueRequired\":true,\"valueName\":\"search_term_string\"}}],\"inLanguage\":\"es\"},{\"@type\":\"Organization\",\"@id\":\"https:\/\/es.greenpeace.org\/es\/#organization\",\"name\":\"Greenpeace Espa\u00f1a\",\"alternateName\":\"Greenpeace\",\"url\":\"https:\/\/es.greenpeace.org\/es\/\",\"logo\":{\"@type\":\"ImageObject\",\"inLanguage\":\"es\",\"@id\":\"https:\/\/es.greenpeace.org\/es\/#\/schema\/logo\/image\/\",\"url\":\"https:\/\/es.greenpeace.org\/es\/wp-content\/uploads\/sites\/3\/2024\/07\/greenpeace-logo-verde.svg\",\"contentUrl\":\"https:\/\/es.greenpeace.org\/es\/wp-content\/uploads\/sites\/3\/2024\/07\/greenpeace-logo-verde.svg\",\"width\":1,\"height\":1,\"caption\":\"Greenpeace Espa\u00f1a\"},\"image\":{\"@id\":\"https:\/\/es.greenpeace.org\/es\/#\/schema\/logo\/image\/\"},\"sameAs\":[\"https:\/\/www.facebook.com\/greenpeace.spain\",\"https:\/\/x.com\/greenpeace_esp\",\"https:\/\/www.instagram.com\/greenpeace_esp\/\"]}]}<\/script>\n<!-- \/ Yoast SEO plugin. -->","yoast_head_json":{"title":"El desastre del Prestige: 20 a\u00f1os despu\u00e9s - ES | Greenpeace Espa\u00f1a","robots":{"index":"index","follow":"follow","max-snippet":"max-snippet:-1","max-image-preview":"max-image-preview:large","max-video-preview":"max-video-preview:-1"},"canonical":"https:\/\/es.greenpeace.org\/es\/en-profundidad\/el-desastre-del-prestige-20-anos-despues\/","og_locale":"es_ES","og_type":"article","og_title":"El desastre del Prestige: 20 a\u00f1os despu\u00e9s - ES | Greenpeace Espa\u00f1a","og_description":"El 19 de noviembre de 2002 el buque petrolero Prestige, con 77.000 toneladas de crudo de petr\u00f3leo, se parti\u00f3 en dos y se hundi\u00f3 frente a las costas de Galicia despu\u00e9s de 6 d\u00edas de agon\u00eda. Una tormenta hab\u00eda provocado una v\u00eda de agua el 13 de noviembre. Un periplo de malas decisiones e incompetencia [&hellip;]","og_url":"https:\/\/es.greenpeace.org\/es\/en-profundidad\/el-desastre-del-prestige-20-anos-despues\/","og_site_name":"ES | Greenpeace Espa\u00f1a","article_publisher":"https:\/\/www.facebook.com\/greenpeace.spain","article_modified_time":"2022-11-10T11:40:34+00:00","og_image":[{"width":2024,"height":1372,"url":"https:\/\/es.greenpeace.org\/es\/wp-content\/uploads\/sites\/3\/2022\/11\/chapapote-costa.jpeg","type":"image\/jpeg"}],"twitter_card":"summary_large_image","twitter_site":"@greenpeace_esp","twitter_misc":{"Tiempo de lectura":"1 minuto"},"schema":{"@context":"https:\/\/schema.org","@graph":[{"@type":"WebPage","@id":"https:\/\/es.greenpeace.org\/es\/en-profundidad\/el-desastre-del-prestige-20-anos-despues\/","url":"https:\/\/es.greenpeace.org\/es\/en-profundidad\/el-desastre-del-prestige-20-anos-despues\/","name":"El desastre del Prestige: 20 a\u00f1os despu\u00e9s - ES | Greenpeace Espa\u00f1a","isPartOf":{"@id":"https:\/\/es.greenpeace.org\/es\/#website"},"primaryImageOfPage":{"@id":"https:\/\/es.greenpeace.org\/es\/en-profundidad\/el-desastre-del-prestige-20-anos-despues\/#primaryimage"},"image":{"@id":"https:\/\/es.greenpeace.org\/es\/en-profundidad\/el-desastre-del-prestige-20-anos-despues\/#primaryimage"},"thumbnailUrl":"https:\/\/es.greenpeace.org\/es\/wp-content\/uploads\/sites\/3\/2022\/11\/chapapote-costa.jpeg","datePublished":"2022-11-08T11:03:57+00:00","dateModified":"2022-11-10T11:40:34+00:00","breadcrumb":{"@id":"https:\/\/es.greenpeace.org\/es\/en-profundidad\/el-desastre-del-prestige-20-anos-despues\/#breadcrumb"},"inLanguage":"es","potentialAction":[{"@type":"ReadAction","target":["https:\/\/es.greenpeace.org\/es\/en-profundidad\/el-desastre-del-prestige-20-anos-despues\/"]}]},{"@type":"ImageObject","inLanguage":"es","@id":"https:\/\/es.greenpeace.org\/es\/en-profundidad\/el-desastre-del-prestige-20-anos-despues\/#primaryimage","url":"https:\/\/es.greenpeace.org\/es\/wp-content\/uploads\/sites\/3\/2022\/11\/chapapote-costa.jpeg","contentUrl":"https:\/\/es.greenpeace.org\/es\/wp-content\/uploads\/sites\/3\/2022\/11\/chapapote-costa.jpeg","width":2024,"height":1372,"caption":"01\/12\/2002. Muxia, A Coru\u00f1a, Galicia, Espa\u00f1a. La marea negra de fuel del Prestige ha entrado de nuevo en la playa del municipio de Muxia. \u00a9Greenpeace\/Pedro Armestre \u00a9Greenpeace Handout\/Pedro ARMESTRE - No sales - No Archives - Editorial Use Only - Free use only for 14 days after release. Photo provided by GREENPEACE, distributed handout photo to be used only to illustrate news reporting or commentary on the facts or events depicted in this image."},{"@type":"BreadcrumbList","@id":"https:\/\/es.greenpeace.org\/es\/en-profundidad\/el-desastre-del-prestige-20-anos-despues\/#breadcrumb","itemListElement":[{"@type":"ListItem","position":1,"name":"Home","item":"https:\/\/es.greenpeace.org\/es\/"},{"@type":"ListItem","position":2,"name":"El desastre del Prestige: 20 a\u00f1os despu\u00e9s"}]},{"@type":"WebSite","@id":"https:\/\/es.greenpeace.org\/es\/#website","url":"https:\/\/es.greenpeace.org\/es\/","name":"Greenpeace Espa\u00f1a","description":"","publisher":{"@id":"https:\/\/es.greenpeace.org\/es\/#organization"},"potentialAction":[{"@type":"SearchAction","target":{"@type":"EntryPoint","urlTemplate":"https:\/\/es.greenpeace.org\/es\/?s={search_term_string}"},"query-input":{"@type":"PropertyValueSpecification","valueRequired":true,"valueName":"search_term_string"}}],"inLanguage":"es"},{"@type":"Organization","@id":"https:\/\/es.greenpeace.org\/es\/#organization","name":"Greenpeace Espa\u00f1a","alternateName":"Greenpeace","url":"https:\/\/es.greenpeace.org\/es\/","logo":{"@type":"ImageObject","inLanguage":"es","@id":"https:\/\/es.greenpeace.org\/es\/#\/schema\/logo\/image\/","url":"https:\/\/es.greenpeace.org\/es\/wp-content\/uploads\/sites\/3\/2024\/07\/greenpeace-logo-verde.svg","contentUrl":"https:\/\/es.greenpeace.org\/es\/wp-content\/uploads\/sites\/3\/2024\/07\/greenpeace-logo-verde.svg","width":1,"height":1,"caption":"Greenpeace Espa\u00f1a"},"image":{"@id":"https:\/\/es.greenpeace.org\/es\/#\/schema\/logo\/image\/"},"sameAs":["https:\/\/www.facebook.com\/greenpeace.spain","https:\/\/x.com\/greenpeace_esp","https:\/\/www.instagram.com\/greenpeace_esp\/"]}]}},"_links":{"self":[{"href":"https:\/\/es.greenpeace.org\/es\/wp-json\/wp\/v2\/post_profundidad\/46758","targetHints":{"allow":["GET"]}}],"collection":[{"href":"https:\/\/es.greenpeace.org\/es\/wp-json\/wp\/v2\/post_profundidad"}],"about":[{"href":"https:\/\/es.greenpeace.org\/es\/wp-json\/wp\/v2\/types\/post_profundidad"}],"author":[{"embeddable":true,"href":"https:\/\/es.greenpeace.org\/es\/wp-json\/wp\/v2\/users\/1"}],"version-history":[{"count":8,"href":"https:\/\/es.greenpeace.org\/es\/wp-json\/wp\/v2\/post_profundidad\/46758\/revisions"}],"predecessor-version":[{"id":47106,"href":"https:\/\/es.greenpeace.org\/es\/wp-json\/wp\/v2\/post_profundidad\/46758\/revisions\/47106"}],"wp:featuredmedia":[{"embeddable":true,"href":"https:\/\/es.greenpeace.org\/es\/wp-json\/wp\/v2\/media\/46766"}],"wp:attachment":[{"href":"https:\/\/es.greenpeace.org\/es\/wp-json\/wp\/v2\/media?parent=46758"}],"wp:term":[{"taxonomy":"category","embeddable":true,"href":"https:\/\/es.greenpeace.org\/es\/wp-json\/wp\/v2\/categories?post=46758"},{"taxonomy":"post_tag","embeddable":true,"href":"https:\/\/es.greenpeace.org\/es\/wp-json\/wp\/v2\/tags?post=46758"}],"curies":[{"name":"wp","href":"https:\/\/api.w.org\/{rel}","templated":true}]}}