{"id":46977,"date":"2022-11-08T13:10:23","date_gmt":"2022-11-08T11:10:23","guid":{"rendered":"https:\/\/es.greenpeace.org\/es\/?post_type=post_profundidad&#038;p=46977"},"modified":"2022-11-10T13:08:49","modified_gmt":"2022-11-10T11:08:49","slug":"volvera-a-pasar-como-evitarlo","status":"publish","type":"post_profundidad","link":"https:\/\/es.greenpeace.org\/es\/en-profundidad\/el-desastre-del-prestige-20-anos-despues\/volvera-a-pasar-como-evitarlo\/","title":{"rendered":"\u00bfVolver\u00e1 a pasar? \u00bfC\u00f3mo evitarlo?"},"content":{"rendered":"<p>El tratamiento que los gobiernos central y auton\u00f3mico dieron a la cat\u00e1strofe del Prestige <strong>puso en riesgo al medio ambiente y a las personas<\/strong>. El juicio que se llev\u00f3 a cabo en 2013 y su correspondiente sentencia corroboraron este riesgo, confirmando que contaminar o generar un desastre ambiental en Espa\u00f1a no tiene consecuencias, algo que no deber\u00eda ser considerado aceptable.<\/p>\n<div id=\"attachment_47008\" class=\"wp-caption aligncenter\" style=\"max-width: 740px;\"><img loading=\"lazy\" decoding=\"async\" class=\"size-medium wp-image-47008\" src=\"https:\/\/es.greenpeace.org\/es\/wp-content\/uploads\/sites\/3\/2022\/11\/soluciones2-730x465.jpeg\" alt=\"Protesta subacu\u00e1tica de Greenpeace en los fondos marinos de las islas C\u00edes. \" width=\"730\" height=\"465\" srcset=\"https:\/\/es.greenpeace.org\/es\/wp-content\/uploads\/sites\/3\/2022\/11\/soluciones2-730x465.jpeg 730w, https:\/\/es.greenpeace.org\/es\/wp-content\/uploads\/sites\/3\/2022\/11\/soluciones2-500x318.jpeg 500w, https:\/\/es.greenpeace.org\/es\/wp-content\/uploads\/sites\/3\/2022\/11\/soluciones2-768x489.jpeg 768w, https:\/\/es.greenpeace.org\/es\/wp-content\/uploads\/sites\/3\/2022\/11\/soluciones2.jpeg 1279w\" sizes=\"auto, (max-width: 730px) 100vw, 730px\" \/><p class=\"wp-caption-text wp-caption-media\">10\/12\/2002. Protesta subacu\u00e1tica de Greenpeace en los fondos marinos de las islas C\u00edes. \u00a9Greenpeace\/Jorge J. Candan\u00bb<\/p><\/div>\n<p>El siniestro del Prestige dej\u00f3 al descubierto las <strong>grav\u00edsimas deficiencias de las regulaciones internacionales<\/strong>, entre ellas, la utilizaci\u00f3n habitual de banderas de conveniencia, en el caso del Prestige, de pabell\u00f3n de Bahamas; el empleo de verdaderos entramados de sociedades interpuestas, capaces de disolverse y desaparecer en un breve espacio de tiempo ante un siniestro, lo que impide la exigencia de responsabilidades o conocer la verdadera identidad del propietario, del armador o del cargador del buque; la insuficiencia de las indemnizaciones que limitan la responsabilidad de los operadores, del cargador y del propietario del buque en caso de siniestro, as\u00ed como de las cuant\u00edas cubiertas por los aseguradores y por el Fondo Internacional (FIDAC).<\/p>\n<p>Para que un desastre as\u00ed no vuelva a suceder, resulta imprescindible <strong>un cambio en el tratamiento jur\u00eddico europeo<\/strong>. No deber\u00edan darse incoherencias como que, ante un mismo delito, como la marea negra provocada por el buque Erika en la Breta\u00f1a francesa en 1999, supusiera una condena a la petrolera Total, al atribuir la responsabilidad al aut\u00e9ntico beneficiario del transporte del crudo y que en Espa\u00f1a pase todo lo contrario.<\/p>\n<p>Somos testigos de que <strong>otros \u201cprestiges\u201d suceden constantemente<\/strong> en diferentes formas y lugares, a veces en el mar, otras veces en tierra y constantemente en el aire que respiramos.<\/p>\n<p>El hundimiento del Prestige fue el resultado visible de una cadena de pe\u015bimas decisiones, pero la primera mala decisi\u00f3n y la que no hemos cambiado todav\u00eda a pesar de los impactos que sufrimos debido al cambio clim\u00e1tico es la decisi\u00f3n de <strong>seguir utilizando combustibles f\u00f3siles<\/strong>: seguimos enganchados al petr\u00f3leo y al gas f\u00f3sil como hace 20 a\u00f1os: la actual policrisis energ\u00e9tica, econ\u00f3mica, social, ambiental e incluso geopol\u00edtica (invasi\u00f3n de Rusia sobre Ucrania) no se explican sin el contexto de la adicci\u00f3n global a las energ\u00edas f\u00f3siles.<\/p>\n<p>Desastres recientes como el <a href=\"https:\/\/es.greenpeace.org\/es\/noticias\/el-vertido-de-repsol-en-peru\/\" target=\"_blank\" rel=\"noopener\">vertido de petr\u00f3leo de Repsol en Per\u00fa<\/a>, el <a href=\"https:\/\/es.greenpeace.org\/es\/noticias\/nord-stream-cuando-el-chapapote-invisible-se-hizo-visible\/\" target=\"_blank\" rel=\"noopener\">sabotaje del gasoducto Nord Stream II<\/a> o el <a href=\"https:\/\/es.greenpeace.org\/es\/sala-de-prensa\/comunicados\/greenpeace-considera-un-alivio-que-la-onu-tenga-fondos-para-rescatar-el-buque-fso-safer\/\" target=\"_blank\" rel=\"noopener\">incierto rescate in extremis del petrolero FSO Safer<\/a>, agonizando en el Mar Rojo con 140.000 toneladas de petr\u00f3leo listas para el desastre, son ejemplos recientes de los desaguisados constantes que pueden provocar <strong>el gas y el petr\u00f3leo en nuestro planeta<\/strong> y en nuestra sociedad.<\/p>\n<p>Y por supuesto, aunque no ocurran accidentes o sabotajes, el funcionamiento \u2018normal\u2019 de los combustibles f\u00f3siles acaba derramando en nuestra atm\u00f3sfera megatoneladas de CO2 una vez que se queman: solo en Espa\u00f1a vertemos, si no al mar, s\u00ed al aire, el equivalente a <strong>unos 1.190 \u201cprestiges\u201d<\/strong> cada a\u00f1o.<\/p>\n<h3>\u00bfQu\u00e9 hacer para que no vuelva a pasar?<\/h3>\n<p>Lamentablemente, muchas cosas deben cambiar para que otro Prestige no sea posible.<\/p>\n<div class=\"container-fluid pb-5\">\n<div class=\"row\">\n<div class=\"container py-2\">\n<div class=\"row\">\n<div class=\"col-12\">\n<div class=\"bg-white p-4\">\n<h6 id=\"cortar-arboles\">#1<\/h6>\n<p>Desde Greenpeace reclamamos el <strong>abandono del uso del petr\u00f3leo y del resto de energ\u00edas sucias<\/strong> proponiendo alternativas: un sistema energ\u00e9tico basado en inteligencia, eficiencia y renovables 100%. El petr\u00f3leo, como el resto de combustibles f\u00f3siles, desde su extracci\u00f3n, transporte, y consumo, genera irreparables, inevitables y permanentes impactos ambientales, y su utilidad en el sistema energ\u00e9tico puede ser sustituida por otras alternativas.<\/p>\n<\/div>\n<\/div>\n<\/div>\n<\/div>\n<div class=\"container py-2\">\n<div class=\"row\">\n<div class=\"col-12\">\n<div class=\"bg-white p-4\">\n<h6>#2<\/h6>\n<p>La <strong>informaci\u00f3n<\/strong> proporcionada por las administraciones ante una cat\u00e1strofe ambiental debe ser <strong>r\u00e1pida, completa y veraz<\/strong>. Ante todo, lo referente a los impactos para la poblaci\u00f3n, as\u00ed como las medidas de protecci\u00f3n necesarias para reducirlos.<\/p>\n<\/div>\n<\/div>\n<\/div>\n<\/div>\n<div class=\"container py-2\">\n<div class=\"row\">\n<div class=\"col-12\">\n<div class=\"bg-white p-4\">\n<h6>#3<\/h6>\n<p>Los <strong>impactos ambientales y sanitarios deben ser recogidos y analizados<\/strong> a trav\u00e9s de un estudio integral que permita caracterizarlos, evaluarlos y cuantificarlos en su totalidad para conocer la verdadera dimensi\u00f3n de las cat\u00e1strofes ambientales. La ausencia de un estudio de estas caracter\u00edsticas resta relevancia al desastre y dificulta que se tomen las medidas adecuadas para evitarlos.<\/p>\n<\/div>\n<\/div>\n<\/div>\n<\/div>\n<div class=\"container py-2\">\n<div class=\"row\">\n<div class=\"col-12\">\n<div class=\"bg-white p-4\">\n<h6>#4<\/h6>\n<p>El Prestige tambi\u00e9n nos record\u00f3 que debemos <strong>invertir mucho m\u00e1s en ciencia<\/strong>. Muchos de los efectos del Prestige nunca se podr\u00e1n conocer porque no ten\u00edamos el suficiente conocimiento de los ecosistemas marinos antes de la cat\u00e1strofe. Es muy posible que el chapapote haya extinguido comunidades enteras e incluso haya dado cabida a otras especies oportunistas.<\/p>\n<\/div>\n<\/div>\n<\/div>\n<\/div>\n<div class=\"container py-2\">\n<div class=\"row\">\n<div class=\"col-12\">\n<div class=\"bg-white p-4\">\n<h6>#5<\/h6>\n<p>Es necesario el <strong>refuerzo de la red de \u00e1reas marinas protegidas<\/strong> que englobe los espacios de mayor riqueza biol\u00f3gica donde se limite el paso de buques peligrosos y permita acelerar la recuperaci\u00f3n de los ecosistemas en su totalidad.<\/p>\n<\/div>\n<\/div>\n<\/div>\n<\/div>\n<div class=\"container py-2\">\n<div class=\"row\">\n<div class=\"col-12\">\n<div class=\"bg-white p-4\">\n<h6>#6<\/h6>\n<p>La gesti\u00f3n pol\u00edtica de una cat\u00e1strofe ambiental <strong>no puede priorizar los intereses personales y\/o partidistas<\/strong> de los representantes pol\u00edticos sobre los intereses sociales y del medio ambiente, incluso sobre la propia responsabilidad legal que asumen al ejercer sus cargos.<\/p>\n<\/div>\n<\/div>\n<\/div>\n<\/div>\n<div class=\"container py-2\">\n<div class=\"row\">\n<div class=\"col-12\">\n<div class=\"bg-white p-4\">\n<h6>#7<\/h6>\n<p>Ante una cat\u00e1strofe ambiental, debe crearse una <strong>comisi\u00f3n de seguimiento<\/strong> de manera inmediata con la participaci\u00f3n de todos los sectores y colectivos implicados.<\/p>\n<\/div>\n<\/div>\n<\/div>\n<\/div>\n<div class=\"container py-2\">\n<div class=\"row\">\n<div class=\"col-12\">\n<div class=\"bg-white p-4\">\n<h6>#8<\/h6>\n<p><strong>El derecho penal se encuentra limitado<\/strong> a la hora de defender el medio ambiente en casos con da\u00f1os de gran envergadura, donde se acumulan actuaciones previas de m\u00faltiples empresas, fallos en los mecanismos de control, ausencia de informes periciales para fijar tanto da\u00f1os como responsables y pasan a\u00f1os antes de que se produzca el juicio.<\/p>\n<\/div>\n<\/div>\n<\/div>\n<\/div>\n<div class=\"container py-2\">\n<div class=\"row\">\n<div class=\"col-12\">\n<div class=\"bg-white p-4\">\n<h6>#9<\/h6>\n<p>Desde Greenpeace proponemos la <strong>creaci\u00f3n de un cuerpo de peritos forenses ambientales<\/strong> que, con car\u00e1cter nacional, puedan auxiliar en estas materias tan complejas como las cat\u00e1strofes ambientales a los Tribunales de Justicia. Para poder exigir responsabilidades hay que demostrarlas y esto se hace bas\u00e1ndose en pruebas periciales que son fundamentales, no solo para determinar la responsabilidad penal sino tambi\u00e9n para fijar la responsabilidad civil.<\/p>\n<\/div>\n<\/div>\n<\/div>\n<\/div>\n<div class=\"container py-2\">\n<div class=\"row\">\n<div class=\"col-12\">\n<div class=\"bg-white p-4\">\n<h6>#10<\/h6>\n<p>Deben ponerse los medios para que la <strong>asunci\u00f3n de responsabilidades sea inmediata<\/strong>. El juicio por el accidente del Prestige se celebr\u00f3 m\u00e1s de una d\u00e9cada despu\u00e9s. Dicho retraso pone de manifiesto la incapacidad t\u00e9cnica de nuestro sistema judicial.<\/p>\n<\/div>\n<\/div>\n<\/div>\n<\/div>\n<div class=\"container py-2\">\n<div class=\"row\">\n<div class=\"col-12\">\n<div class=\"bg-white p-4\">\n<h6>#11<\/h6>\n<p>Es necesario <strong>un cambio en el derecho internacional<\/strong> para que las cat\u00e1strofes ambientales, cuya persistencia en el tiempo trasciende generaciones y en el espacio traspasan fronteras, sean perseguidas por los Tribunales Internacionales y no prescriban en el tiempo.<\/p>\n<\/div>\n<\/div>\n<\/div>\n<\/div>\n<div class=\"container py-2\">\n<div class=\"row\">\n<div class=\"col-12\">\n<div class=\"bg-white p-4\">\n<h6>#12<\/h6>\n<p>Debe existir un mecanismo claro que haga que la <strong>industria petrolera<\/strong>, que aprovecha los recursos naturales, se haga <strong>responsable<\/strong> de las consecuencias derivadas de su lucrativa actividad econ\u00f3mica.<\/p>\n<\/div>\n<\/div>\n<\/div>\n<\/div>\n<div class=\"container py-2\">\n<div class=\"row\">\n<div class=\"col-12\">\n<div class=\"bg-white p-4\">\n<h6>#13<\/h6>\n<p>Resulta urgente y vital <strong>corregir las grandes deficiencias de la legislaci\u00f3n<\/strong> y del r\u00e9gimen de responsabilidad en el transporte mar\u00edtimo para que no se sigan protegiendo los intereses de la industria petrolera. Esta responsabilidad debe ser ilimitada a lo largo de toda la cadena de transporte, incluyendo a los due\u00f1os de la carga.<\/p>\n<\/div>\n<\/div>\n<\/div>\n<\/div>\n<div class=\"container py-2\">\n<div class=\"row\">\n<div class=\"col-12\">\n<div class=\"bg-white p-4\">\n<h6>#14<\/h6>\n<p>Debe <strong>modificarse la legislaci\u00f3n<\/strong> para asegurar que los Estados de pabell\u00f3n sean sancionados si no cumplen estrictamente las normativas, como fue el caso del Prestige, con bandera de conveniencia.<\/p>\n<\/div>\n<\/div>\n<\/div>\n<\/div>\n<\/div>\n<\/div>\n<p>A lo largo de estos 20 a\u00f1os, desde Greenpeace hemos realizado y participado en diversas investigaciones sobre el desastre del Prestige:<\/p>\n<ul>\n<li><a href=\"https:\/\/archivo-es.greenpeace.org\/espana\/Global\/espana\/report\/other\/prestige-cr-nica-de-una-marea.pdf\" target=\"_blank\" rel=\"noopener\">Prestige: cr\u00f3nica de una marea negra<\/a>\u00a0(2002)<\/li>\n<li><a href=\"https:\/\/archivo-es.greenpeace.org\/espana\/Global\/espana\/report\/contaminacion\/resumen-del-informe-quot-el-p.pdf\" target=\"_blank\" rel=\"noopener\">El Prestige y las personas. Estudio epidemiol\u00f3gico<\/a>\u00a0(2002)<\/li>\n<li><a href=\"http:\/\/www.ceida.org\/prestige\/Documentacion\/Prestige6D-N.pdf\" target=\"_blank\" rel=\"noopener\">Prestige: seis meses despu\u00e9s<\/a>\u00a0(2003)<\/li>\n<li><a href=\"https:\/\/archivo-es.greenpeace.org\/espana\/Global\/espana\/report\/contaminacion\/prestigeinforme.pdf\" target=\"_blank\" rel=\"noopener\">La injusticia del Prestige<\/a>\u00a0(2012)<\/li>\n<li><a href=\"https:\/\/archivo-es.greenpeace.org\/espana\/Global\/espana\/report\/cambio_climatico\/gp_otroPrestigeesposible.pdf\" target=\"_blank\" rel=\"noopener\">Otro Prestige es posible<\/a>\u00a0(2012)<\/li>\n<\/ul>\n","protected":false},"author":1,"featured_media":47005,"parent":46758,"menu_order":5,"template":"","meta":{"_acf_changed":false,"footnotes":""},"categories":[4],"tags":[129,87,971],"class_list":["post-46977","post_profundidad","type-post_profundidad","status-publish","has-post-thumbnail","hentry","category-general","tag-galicia","tag-petroleo","tag-prestige"],"acf":[],"yoast_head":"<!-- This site is optimized with the Yoast SEO plugin v27.1.1 - https:\/\/yoast.com\/product\/yoast-seo-wordpress\/ -->\n<title>\u00bfVolver\u00e1 a pasar? \u00bfC\u00f3mo evitarlo? - ES | Greenpeace Espa\u00f1a<\/title>\n<meta name=\"robots\" content=\"index, follow, max-snippet:-1, max-image-preview:large, max-video-preview:-1\" \/>\n<link rel=\"canonical\" href=\"https:\/\/es.greenpeace.org\/es\/en-profundidad\/el-desastre-del-prestige-20-anos-despues\/volvera-a-pasar-como-evitarlo\/\" \/>\n<meta property=\"og:locale\" content=\"es_ES\" \/>\n<meta property=\"og:type\" content=\"article\" \/>\n<meta property=\"og:title\" content=\"\u00bfVolver\u00e1 a pasar? \u00bfC\u00f3mo evitarlo? - ES | Greenpeace Espa\u00f1a\" \/>\n<meta property=\"og:description\" content=\"El tratamiento que los gobiernos central y auton\u00f3mico dieron a la cat\u00e1strofe del Prestige puso en riesgo al medio ambiente y a las personas. El juicio que se llev\u00f3 a cabo en 2013 y su correspondiente sentencia corroboraron este riesgo, confirmando que contaminar o generar un desastre ambiental en Espa\u00f1a no tiene consecuencias, algo que [&hellip;]\" \/>\n<meta property=\"og:url\" content=\"https:\/\/es.greenpeace.org\/es\/en-profundidad\/el-desastre-del-prestige-20-anos-despues\/volvera-a-pasar-como-evitarlo\/\" \/>\n<meta property=\"og:site_name\" content=\"ES | Greenpeace Espa\u00f1a\" \/>\n<meta property=\"article:publisher\" content=\"https:\/\/www.facebook.com\/greenpeace.spain\" \/>\n<meta property=\"article:modified_time\" content=\"2022-11-10T11:08:49+00:00\" \/>\n<meta property=\"og:image\" content=\"https:\/\/es.greenpeace.org\/es\/wp-content\/uploads\/sites\/3\/2022\/11\/oilkills.jpeg\" \/>\n\t<meta property=\"og:image:width\" content=\"1279\" \/>\n\t<meta property=\"og:image:height\" content=\"853\" \/>\n\t<meta property=\"og:image:type\" content=\"image\/jpeg\" \/>\n<meta name=\"twitter:card\" content=\"summary_large_image\" \/>\n<meta name=\"twitter:site\" content=\"@greenpeace_esp\" \/>\n<meta name=\"twitter:label1\" content=\"Tiempo de lectura\" \/>\n\t<meta name=\"twitter:data1\" content=\"6 minutos\" \/>\n<script type=\"application\/ld+json\" class=\"yoast-schema-graph\">{\"@context\":\"https:\/\/schema.org\",\"@graph\":[{\"@type\":\"WebPage\",\"@id\":\"https:\/\/es.greenpeace.org\/es\/en-profundidad\/el-desastre-del-prestige-20-anos-despues\/volvera-a-pasar-como-evitarlo\/\",\"url\":\"https:\/\/es.greenpeace.org\/es\/en-profundidad\/el-desastre-del-prestige-20-anos-despues\/volvera-a-pasar-como-evitarlo\/\",\"name\":\"\u00bfVolver\u00e1 a pasar? \u00bfC\u00f3mo evitarlo? - ES | Greenpeace Espa\u00f1a\",\"isPartOf\":{\"@id\":\"https:\/\/es.greenpeace.org\/es\/#website\"},\"primaryImageOfPage\":{\"@id\":\"https:\/\/es.greenpeace.org\/es\/en-profundidad\/el-desastre-del-prestige-20-anos-despues\/volvera-a-pasar-como-evitarlo\/#primaryimage\"},\"image\":{\"@id\":\"https:\/\/es.greenpeace.org\/es\/en-profundidad\/el-desastre-del-prestige-20-anos-despues\/volvera-a-pasar-como-evitarlo\/#primaryimage\"},\"thumbnailUrl\":\"https:\/\/es.greenpeace.org\/es\/wp-content\/uploads\/sites\/3\/2022\/11\/oilkills.jpeg\",\"datePublished\":\"2022-11-08T11:10:23+00:00\",\"dateModified\":\"2022-11-10T11:08:49+00:00\",\"breadcrumb\":{\"@id\":\"https:\/\/es.greenpeace.org\/es\/en-profundidad\/el-desastre-del-prestige-20-anos-despues\/volvera-a-pasar-como-evitarlo\/#breadcrumb\"},\"inLanguage\":\"es\",\"potentialAction\":[{\"@type\":\"ReadAction\",\"target\":[\"https:\/\/es.greenpeace.org\/es\/en-profundidad\/el-desastre-del-prestige-20-anos-despues\/volvera-a-pasar-como-evitarlo\/\"]}]},{\"@type\":\"ImageObject\",\"inLanguage\":\"es\",\"@id\":\"https:\/\/es.greenpeace.org\/es\/en-profundidad\/el-desastre-del-prestige-20-anos-despues\/volvera-a-pasar-como-evitarlo\/#primaryimage\",\"url\":\"https:\/\/es.greenpeace.org\/es\/wp-content\/uploads\/sites\/3\/2022\/11\/oilkills.jpeg\",\"contentUrl\":\"https:\/\/es.greenpeace.org\/es\/wp-content\/uploads\/sites\/3\/2022\/11\/oilkills.jpeg\",\"width\":1279,\"height\":853,\"caption\":\"\\\"23\/11\/2002. A Coru\u00f1a, Galicia, Espa\u00f1a Protesta de una treintena de activistas de Greenpeace de nueve pa\u00edses diferentes frente al edificio del Gobierno Provincial de Galicia en La Coru\u00f1a. Greenpeace protesta por la falta de compromiso por parte del gobierno provincial y nacional para limpiar el petr\u00f3leo derramado en las playas tras el hundimiento del petrolero 'Prestige'. \u00a9Greenpeace\/Kurt Prinz 30 Greenpeace activists from 9 countries demonstrate in front of the Galician Provincial Government building in La Coruna, Spain today. Greenpeace is protesting at the lack of commitment by the provincial and national government to clean-up the spilled oil that has been washed up onto the beach after the recent sinking of the oil tanker 'Prestige'. \u00a9Greenpeace Handout - No sales - No Archives - Editorial Use Only - Free use only for 14 days after release. Photo provided by GREENPEACE, distributed handout photo to be used only to illustrate news reporting or commentary on the facts or events depicted in this image.\\\"\"},{\"@type\":\"BreadcrumbList\",\"@id\":\"https:\/\/es.greenpeace.org\/es\/en-profundidad\/el-desastre-del-prestige-20-anos-despues\/volvera-a-pasar-como-evitarlo\/#breadcrumb\",\"itemListElement\":[{\"@type\":\"ListItem\",\"position\":1,\"name\":\"Home\",\"item\":\"https:\/\/es.greenpeace.org\/es\/\"},{\"@type\":\"ListItem\",\"position\":2,\"name\":\"El desastre del Prestige: 20 a\u00f1os despu\u00e9s\",\"item\":\"https:\/\/es.greenpeace.org\/es\/en-profundidad\/el-desastre-del-prestige-20-anos-despues\/\"},{\"@type\":\"ListItem\",\"position\":3,\"name\":\"\u00bfVolver\u00e1 a pasar? \u00bfC\u00f3mo evitarlo?\"}]},{\"@type\":\"WebSite\",\"@id\":\"https:\/\/es.greenpeace.org\/es\/#website\",\"url\":\"https:\/\/es.greenpeace.org\/es\/\",\"name\":\"Greenpeace Espa\u00f1a\",\"description\":\"\",\"publisher\":{\"@id\":\"https:\/\/es.greenpeace.org\/es\/#organization\"},\"potentialAction\":[{\"@type\":\"SearchAction\",\"target\":{\"@type\":\"EntryPoint\",\"urlTemplate\":\"https:\/\/es.greenpeace.org\/es\/?s={search_term_string}\"},\"query-input\":{\"@type\":\"PropertyValueSpecification\",\"valueRequired\":true,\"valueName\":\"search_term_string\"}}],\"inLanguage\":\"es\"},{\"@type\":\"Organization\",\"@id\":\"https:\/\/es.greenpeace.org\/es\/#organization\",\"name\":\"Greenpeace Espa\u00f1a\",\"alternateName\":\"Greenpeace\",\"url\":\"https:\/\/es.greenpeace.org\/es\/\",\"logo\":{\"@type\":\"ImageObject\",\"inLanguage\":\"es\",\"@id\":\"https:\/\/es.greenpeace.org\/es\/#\/schema\/logo\/image\/\",\"url\":\"https:\/\/es.greenpeace.org\/es\/wp-content\/uploads\/sites\/3\/2024\/07\/greenpeace-logo-verde.svg\",\"contentUrl\":\"https:\/\/es.greenpeace.org\/es\/wp-content\/uploads\/sites\/3\/2024\/07\/greenpeace-logo-verde.svg\",\"width\":1,\"height\":1,\"caption\":\"Greenpeace Espa\u00f1a\"},\"image\":{\"@id\":\"https:\/\/es.greenpeace.org\/es\/#\/schema\/logo\/image\/\"},\"sameAs\":[\"https:\/\/www.facebook.com\/greenpeace.spain\",\"https:\/\/x.com\/greenpeace_esp\",\"https:\/\/www.instagram.com\/greenpeace_esp\/\"]}]}<\/script>\n<!-- \/ Yoast SEO plugin. -->","yoast_head_json":{"title":"\u00bfVolver\u00e1 a pasar? \u00bfC\u00f3mo evitarlo? - ES | Greenpeace Espa\u00f1a","robots":{"index":"index","follow":"follow","max-snippet":"max-snippet:-1","max-image-preview":"max-image-preview:large","max-video-preview":"max-video-preview:-1"},"canonical":"https:\/\/es.greenpeace.org\/es\/en-profundidad\/el-desastre-del-prestige-20-anos-despues\/volvera-a-pasar-como-evitarlo\/","og_locale":"es_ES","og_type":"article","og_title":"\u00bfVolver\u00e1 a pasar? \u00bfC\u00f3mo evitarlo? - ES | Greenpeace Espa\u00f1a","og_description":"El tratamiento que los gobiernos central y auton\u00f3mico dieron a la cat\u00e1strofe del Prestige puso en riesgo al medio ambiente y a las personas. El juicio que se llev\u00f3 a cabo en 2013 y su correspondiente sentencia corroboraron este riesgo, confirmando que contaminar o generar un desastre ambiental en Espa\u00f1a no tiene consecuencias, algo que [&hellip;]","og_url":"https:\/\/es.greenpeace.org\/es\/en-profundidad\/el-desastre-del-prestige-20-anos-despues\/volvera-a-pasar-como-evitarlo\/","og_site_name":"ES | Greenpeace Espa\u00f1a","article_publisher":"https:\/\/www.facebook.com\/greenpeace.spain","article_modified_time":"2022-11-10T11:08:49+00:00","og_image":[{"width":1279,"height":853,"url":"https:\/\/es.greenpeace.org\/es\/wp-content\/uploads\/sites\/3\/2022\/11\/oilkills.jpeg","type":"image\/jpeg"}],"twitter_card":"summary_large_image","twitter_site":"@greenpeace_esp","twitter_misc":{"Tiempo de lectura":"6 minutos"},"schema":{"@context":"https:\/\/schema.org","@graph":[{"@type":"WebPage","@id":"https:\/\/es.greenpeace.org\/es\/en-profundidad\/el-desastre-del-prestige-20-anos-despues\/volvera-a-pasar-como-evitarlo\/","url":"https:\/\/es.greenpeace.org\/es\/en-profundidad\/el-desastre-del-prestige-20-anos-despues\/volvera-a-pasar-como-evitarlo\/","name":"\u00bfVolver\u00e1 a pasar? \u00bfC\u00f3mo evitarlo? - ES | Greenpeace Espa\u00f1a","isPartOf":{"@id":"https:\/\/es.greenpeace.org\/es\/#website"},"primaryImageOfPage":{"@id":"https:\/\/es.greenpeace.org\/es\/en-profundidad\/el-desastre-del-prestige-20-anos-despues\/volvera-a-pasar-como-evitarlo\/#primaryimage"},"image":{"@id":"https:\/\/es.greenpeace.org\/es\/en-profundidad\/el-desastre-del-prestige-20-anos-despues\/volvera-a-pasar-como-evitarlo\/#primaryimage"},"thumbnailUrl":"https:\/\/es.greenpeace.org\/es\/wp-content\/uploads\/sites\/3\/2022\/11\/oilkills.jpeg","datePublished":"2022-11-08T11:10:23+00:00","dateModified":"2022-11-10T11:08:49+00:00","breadcrumb":{"@id":"https:\/\/es.greenpeace.org\/es\/en-profundidad\/el-desastre-del-prestige-20-anos-despues\/volvera-a-pasar-como-evitarlo\/#breadcrumb"},"inLanguage":"es","potentialAction":[{"@type":"ReadAction","target":["https:\/\/es.greenpeace.org\/es\/en-profundidad\/el-desastre-del-prestige-20-anos-despues\/volvera-a-pasar-como-evitarlo\/"]}]},{"@type":"ImageObject","inLanguage":"es","@id":"https:\/\/es.greenpeace.org\/es\/en-profundidad\/el-desastre-del-prestige-20-anos-despues\/volvera-a-pasar-como-evitarlo\/#primaryimage","url":"https:\/\/es.greenpeace.org\/es\/wp-content\/uploads\/sites\/3\/2022\/11\/oilkills.jpeg","contentUrl":"https:\/\/es.greenpeace.org\/es\/wp-content\/uploads\/sites\/3\/2022\/11\/oilkills.jpeg","width":1279,"height":853,"caption":"\"23\/11\/2002. A Coru\u00f1a, Galicia, Espa\u00f1a Protesta de una treintena de activistas de Greenpeace de nueve pa\u00edses diferentes frente al edificio del Gobierno Provincial de Galicia en La Coru\u00f1a. Greenpeace protesta por la falta de compromiso por parte del gobierno provincial y nacional para limpiar el petr\u00f3leo derramado en las playas tras el hundimiento del petrolero 'Prestige'. \u00a9Greenpeace\/Kurt Prinz 30 Greenpeace activists from 9 countries demonstrate in front of the Galician Provincial Government building in La Coruna, Spain today. Greenpeace is protesting at the lack of commitment by the provincial and national government to clean-up the spilled oil that has been washed up onto the beach after the recent sinking of the oil tanker 'Prestige'. \u00a9Greenpeace Handout - No sales - No Archives - Editorial Use Only - Free use only for 14 days after release. Photo provided by GREENPEACE, distributed handout photo to be used only to illustrate news reporting or commentary on the facts or events depicted in this image.\""},{"@type":"BreadcrumbList","@id":"https:\/\/es.greenpeace.org\/es\/en-profundidad\/el-desastre-del-prestige-20-anos-despues\/volvera-a-pasar-como-evitarlo\/#breadcrumb","itemListElement":[{"@type":"ListItem","position":1,"name":"Home","item":"https:\/\/es.greenpeace.org\/es\/"},{"@type":"ListItem","position":2,"name":"El desastre del Prestige: 20 a\u00f1os despu\u00e9s","item":"https:\/\/es.greenpeace.org\/es\/en-profundidad\/el-desastre-del-prestige-20-anos-despues\/"},{"@type":"ListItem","position":3,"name":"\u00bfVolver\u00e1 a pasar? \u00bfC\u00f3mo evitarlo?"}]},{"@type":"WebSite","@id":"https:\/\/es.greenpeace.org\/es\/#website","url":"https:\/\/es.greenpeace.org\/es\/","name":"Greenpeace Espa\u00f1a","description":"","publisher":{"@id":"https:\/\/es.greenpeace.org\/es\/#organization"},"potentialAction":[{"@type":"SearchAction","target":{"@type":"EntryPoint","urlTemplate":"https:\/\/es.greenpeace.org\/es\/?s={search_term_string}"},"query-input":{"@type":"PropertyValueSpecification","valueRequired":true,"valueName":"search_term_string"}}],"inLanguage":"es"},{"@type":"Organization","@id":"https:\/\/es.greenpeace.org\/es\/#organization","name":"Greenpeace Espa\u00f1a","alternateName":"Greenpeace","url":"https:\/\/es.greenpeace.org\/es\/","logo":{"@type":"ImageObject","inLanguage":"es","@id":"https:\/\/es.greenpeace.org\/es\/#\/schema\/logo\/image\/","url":"https:\/\/es.greenpeace.org\/es\/wp-content\/uploads\/sites\/3\/2024\/07\/greenpeace-logo-verde.svg","contentUrl":"https:\/\/es.greenpeace.org\/es\/wp-content\/uploads\/sites\/3\/2024\/07\/greenpeace-logo-verde.svg","width":1,"height":1,"caption":"Greenpeace Espa\u00f1a"},"image":{"@id":"https:\/\/es.greenpeace.org\/es\/#\/schema\/logo\/image\/"},"sameAs":["https:\/\/www.facebook.com\/greenpeace.spain","https:\/\/x.com\/greenpeace_esp","https:\/\/www.instagram.com\/greenpeace_esp\/"]}]}},"_links":{"self":[{"href":"https:\/\/es.greenpeace.org\/es\/wp-json\/wp\/v2\/post_profundidad\/46977","targetHints":{"allow":["GET"]}}],"collection":[{"href":"https:\/\/es.greenpeace.org\/es\/wp-json\/wp\/v2\/post_profundidad"}],"about":[{"href":"https:\/\/es.greenpeace.org\/es\/wp-json\/wp\/v2\/types\/post_profundidad"}],"author":[{"embeddable":true,"href":"https:\/\/es.greenpeace.org\/es\/wp-json\/wp\/v2\/users\/1"}],"version-history":[{"count":10,"href":"https:\/\/es.greenpeace.org\/es\/wp-json\/wp\/v2\/post_profundidad\/46977\/revisions"}],"predecessor-version":[{"id":47099,"href":"https:\/\/es.greenpeace.org\/es\/wp-json\/wp\/v2\/post_profundidad\/46977\/revisions\/47099"}],"up":[{"embeddable":true,"href":"https:\/\/es.greenpeace.org\/es\/wp-json\/wp\/v2\/post_profundidad\/46758"}],"wp:featuredmedia":[{"embeddable":true,"href":"https:\/\/es.greenpeace.org\/es\/wp-json\/wp\/v2\/media\/47005"}],"wp:attachment":[{"href":"https:\/\/es.greenpeace.org\/es\/wp-json\/wp\/v2\/media?parent=46977"}],"wp:term":[{"taxonomy":"category","embeddable":true,"href":"https:\/\/es.greenpeace.org\/es\/wp-json\/wp\/v2\/categories?post=46977"},{"taxonomy":"post_tag","embeddable":true,"href":"https:\/\/es.greenpeace.org\/es\/wp-json\/wp\/v2\/tags?post=46977"}],"curies":[{"name":"wp","href":"https:\/\/api.w.org\/{rel}","templated":true}]}}