{"id":51189,"date":"2023-06-13T08:53:51","date_gmt":"2023-06-13T06:53:51","guid":{"rendered":"https:\/\/es.greenpeace.org\/es\/?post_type=post_profundidad&#038;p=51189"},"modified":"2024-09-26T11:20:00","modified_gmt":"2024-09-26T09:20:00","slug":"modernizar-el-regadio-es-la-solucion","status":"publish","type":"post_profundidad","link":"https:\/\/es.greenpeace.org\/es\/en-profundidad\/la-burbuja-del-regadio-en-espana\/modernizar-el-regadio-es-la-solucion\/","title":{"rendered":"\u00bfModernizar el regad\u00edo es la soluci\u00f3n?"},"content":{"rendered":"\n<p>A menudo se plantea la <strong>modernizaci\u00f3n de las t\u00e9cnicas de regad\u00edo <\/strong>como soluci\u00f3n a la escasez de agua. Sin embargo, esto no es m\u00e1s que una trampa.&nbsp;<\/p>\n\n\n\n<p>Cuando se han acometido supuestas modernizaciones en la eficiencia del regad\u00edo, lo que ha seguido ha sido un aumento acusado de la demanda de agua, adem\u00e1s de introducir algunos problemas colaterales.<\/p>\n\n\n\n<p>Por un lado, <strong>la percepci\u00f3n generalizada de que hay agua en abundancia, gracias a la \u2018eficiencia\u2019, incentiva aumentos en la superficie de regad\u00edo<\/strong> y en la densidad de plantas por unidad de superficie, as\u00ed como cambios hacia cultivos m\u00e1s demandantes de agua, y estimula las dobles o triples cosechas anuales.<\/p>\n\n\n\n<figure class=\"wp-block-image size-full\"><img loading=\"lazy\" decoding=\"async\" width=\"1280\" height=\"853\" src=\"https:\/\/es.greenpeace.org\/es\/wp-content\/uploads\/sites\/3\/2023\/06\/tubos-regadio-1.jpeg\" alt=\"\u00bfModernizar el regad\u00edo?\" class=\"wp-image-51225\" srcset=\"https:\/\/es.greenpeace.org\/es\/wp-content\/uploads\/sites\/3\/2023\/06\/tubos-regadio-1.jpeg 1280w, https:\/\/es.greenpeace.org\/es\/wp-content\/uploads\/sites\/3\/2023\/06\/tubos-regadio-1-730x486.jpeg 730w, https:\/\/es.greenpeace.org\/es\/wp-content\/uploads\/sites\/3\/2023\/06\/tubos-regadio-1-500x333.jpeg 500w, https:\/\/es.greenpeace.org\/es\/wp-content\/uploads\/sites\/3\/2023\/06\/tubos-regadio-1-768x512.jpeg 768w\" sizes=\"auto, (max-width: 1280px) 100vw, 1280px\" \/><figcaption class=\"wp-element-caption\">Cambio de tubos de regad\u00edo para optimizar riego en Huelva. \u00a9Greenpeace\/Mario G\u00f3mez<\/figcaption><\/figure>\n\n\n\n<p>Otro problema sobrevenido es que <strong>merman el retorno de agua<\/strong> a r\u00edos, humedales o acu\u00edferos, estimulan una mayor evapotranspiraci\u00f3n de las plantas y, adem\u00e1s, dejan mayor concentraci\u00f3n de fertilizantes y plaguicidas.<\/p>\n\n\n\n<p>Por \u00faltimo, pero no menos importante, estas supuestas modernizaciones suelen acometerse con grandes desembolsos de dinero p\u00fablico, lo que detrae <strong>fondos que podr\u00edan servir mucho mejor a la agricultura si se usaran en modelos de adaptaci\u00f3n al cambio clim\u00e1tico.<\/strong><\/p>\n","protected":false},"author":1,"featured_media":51221,"parent":51095,"menu_order":2,"template":"","meta":{"_acf_changed":false,"footnotes":""},"categories":[38,946],"tags":[785,54],"class_list":["post-51189","post_profundidad","type-post_profundidad","status-publish","has-post-thumbnail","hentry","category-agricultura","category-agua","tag-agua","tag-sequia"],"acf":[],"yoast_head":"<!-- This site is optimized with the Yoast SEO plugin v27.1.1 - https:\/\/yoast.com\/product\/yoast-seo-wordpress\/ -->\n<title>\u00bfModernizar el regad\u00edo es la soluci\u00f3n? | Greenpeace Espa\u00f1a<\/title>\n<meta name=\"description\" content=\"\u00bfEs la modernizaci\u00f3n de las t\u00e9cnicas de regad\u00edo la soluci\u00f3n a la escasez de agua? Cuidado, porque podr\u00eda ser una trampa.\" \/>\n<meta name=\"robots\" content=\"index, follow, max-snippet:-1, max-image-preview:large, max-video-preview:-1\" \/>\n<link rel=\"canonical\" href=\"https:\/\/es.greenpeace.org\/es\/en-profundidad\/la-burbuja-del-regadio-en-espana\/modernizar-el-regadio-es-la-solucion\/\" \/>\n<meta property=\"og:locale\" content=\"es_ES\" \/>\n<meta property=\"og:type\" content=\"article\" \/>\n<meta property=\"og:title\" content=\"\u00bfModernizar el regad\u00edo es la soluci\u00f3n? | Greenpeace Espa\u00f1a\" \/>\n<meta property=\"og:description\" content=\"\u00bfEs la modernizaci\u00f3n de las t\u00e9cnicas de regad\u00edo la soluci\u00f3n a la escasez de agua? Cuidado, porque podr\u00eda ser una trampa.\" \/>\n<meta property=\"og:url\" content=\"https:\/\/es.greenpeace.org\/es\/en-profundidad\/la-burbuja-del-regadio-en-espana\/modernizar-el-regadio-es-la-solucion\/\" \/>\n<meta property=\"og:site_name\" content=\"ES | Greenpeace Espa\u00f1a\" \/>\n<meta property=\"article:publisher\" content=\"https:\/\/www.facebook.com\/greenpeace.spain\" \/>\n<meta property=\"article:modified_time\" content=\"2024-09-26T09:20:00+00:00\" \/>\n<meta property=\"og:image\" content=\"https:\/\/es.greenpeace.org\/es\/wp-content\/uploads\/sites\/3\/2023\/06\/modernizar-regadio.jpeg\" \/>\n\t<meta property=\"og:image:width\" content=\"1280\" \/>\n\t<meta property=\"og:image:height\" content=\"852\" \/>\n\t<meta property=\"og:image:type\" content=\"image\/jpeg\" \/>\n<meta name=\"twitter:card\" content=\"summary_large_image\" \/>\n<meta name=\"twitter:site\" content=\"@greenpeace_esp\" \/>\n<meta name=\"twitter:label1\" content=\"Tiempo de lectura\" \/>\n\t<meta name=\"twitter:data1\" content=\"2 minutos\" \/>\n<script type=\"application\/ld+json\" class=\"yoast-schema-graph\">{\"@context\":\"https:\/\/schema.org\",\"@graph\":[{\"@type\":\"WebPage\",\"@id\":\"https:\/\/es.greenpeace.org\/es\/en-profundidad\/la-burbuja-del-regadio-en-espana\/modernizar-el-regadio-es-la-solucion\/\",\"url\":\"https:\/\/es.greenpeace.org\/es\/en-profundidad\/la-burbuja-del-regadio-en-espana\/modernizar-el-regadio-es-la-solucion\/\",\"name\":\"\u00bfModernizar el regad\u00edo es la soluci\u00f3n? | Greenpeace Espa\u00f1a\",\"isPartOf\":{\"@id\":\"https:\/\/es.greenpeace.org\/es\/#website\"},\"primaryImageOfPage\":{\"@id\":\"https:\/\/es.greenpeace.org\/es\/en-profundidad\/la-burbuja-del-regadio-en-espana\/modernizar-el-regadio-es-la-solucion\/#primaryimage\"},\"image\":{\"@id\":\"https:\/\/es.greenpeace.org\/es\/en-profundidad\/la-burbuja-del-regadio-en-espana\/modernizar-el-regadio-es-la-solucion\/#primaryimage\"},\"thumbnailUrl\":\"https:\/\/es.greenpeace.org\/es\/wp-content\/uploads\/sites\/3\/2023\/06\/modernizar-regadio.jpeg\",\"datePublished\":\"2023-06-13T06:53:51+00:00\",\"dateModified\":\"2024-09-26T09:20:00+00:00\",\"description\":\"\u00bfEs la modernizaci\u00f3n de las t\u00e9cnicas de regad\u00edo la soluci\u00f3n a la escasez de agua? Cuidado, porque podr\u00eda ser una trampa.\",\"breadcrumb\":{\"@id\":\"https:\/\/es.greenpeace.org\/es\/en-profundidad\/la-burbuja-del-regadio-en-espana\/modernizar-el-regadio-es-la-solucion\/#breadcrumb\"},\"inLanguage\":\"es\",\"potentialAction\":[{\"@type\":\"ReadAction\",\"target\":[\"https:\/\/es.greenpeace.org\/es\/en-profundidad\/la-burbuja-del-regadio-en-espana\/modernizar-el-regadio-es-la-solucion\/\"]}]},{\"@type\":\"ImageObject\",\"inLanguage\":\"es\",\"@id\":\"https:\/\/es.greenpeace.org\/es\/en-profundidad\/la-burbuja-del-regadio-en-espana\/modernizar-el-regadio-es-la-solucion\/#primaryimage\",\"url\":\"https:\/\/es.greenpeace.org\/es\/wp-content\/uploads\/sites\/3\/2023\/06\/modernizar-regadio.jpeg\",\"contentUrl\":\"https:\/\/es.greenpeace.org\/es\/wp-content\/uploads\/sites\/3\/2023\/06\/modernizar-regadio.jpeg\",\"width\":1280,\"height\":852,\"caption\":\"\u00bfModernizar el regad\u00edo es la soluci\u00f3n?\"},{\"@type\":\"BreadcrumbList\",\"@id\":\"https:\/\/es.greenpeace.org\/es\/en-profundidad\/la-burbuja-del-regadio-en-espana\/modernizar-el-regadio-es-la-solucion\/#breadcrumb\",\"itemListElement\":[{\"@type\":\"ListItem\",\"position\":1,\"name\":\"Home\",\"item\":\"https:\/\/es.greenpeace.org\/es\/\"},{\"@type\":\"ListItem\",\"position\":2,\"name\":\"La burbuja del regad\u00edo en Espa\u00f1a\",\"item\":\"https:\/\/es.greenpeace.org\/es\/en-profundidad\/la-burbuja-del-regadio-en-espana\/\"},{\"@type\":\"ListItem\",\"position\":3,\"name\":\"\u00bfModernizar el regad\u00edo es la soluci\u00f3n?\"}]},{\"@type\":\"WebSite\",\"@id\":\"https:\/\/es.greenpeace.org\/es\/#website\",\"url\":\"https:\/\/es.greenpeace.org\/es\/\",\"name\":\"Greenpeace Espa\u00f1a\",\"description\":\"\",\"publisher\":{\"@id\":\"https:\/\/es.greenpeace.org\/es\/#organization\"},\"potentialAction\":[{\"@type\":\"SearchAction\",\"target\":{\"@type\":\"EntryPoint\",\"urlTemplate\":\"https:\/\/es.greenpeace.org\/es\/?s={search_term_string}\"},\"query-input\":{\"@type\":\"PropertyValueSpecification\",\"valueRequired\":true,\"valueName\":\"search_term_string\"}}],\"inLanguage\":\"es\"},{\"@type\":\"Organization\",\"@id\":\"https:\/\/es.greenpeace.org\/es\/#organization\",\"name\":\"Greenpeace Espa\u00f1a\",\"alternateName\":\"Greenpeace\",\"url\":\"https:\/\/es.greenpeace.org\/es\/\",\"logo\":{\"@type\":\"ImageObject\",\"inLanguage\":\"es\",\"@id\":\"https:\/\/es.greenpeace.org\/es\/#\/schema\/logo\/image\/\",\"url\":\"https:\/\/es.greenpeace.org\/es\/wp-content\/uploads\/sites\/3\/2024\/07\/greenpeace-logo-verde.svg\",\"contentUrl\":\"https:\/\/es.greenpeace.org\/es\/wp-content\/uploads\/sites\/3\/2024\/07\/greenpeace-logo-verde.svg\",\"width\":1,\"height\":1,\"caption\":\"Greenpeace Espa\u00f1a\"},\"image\":{\"@id\":\"https:\/\/es.greenpeace.org\/es\/#\/schema\/logo\/image\/\"},\"sameAs\":[\"https:\/\/www.facebook.com\/greenpeace.spain\",\"https:\/\/x.com\/greenpeace_esp\",\"https:\/\/www.instagram.com\/greenpeace_esp\/\"]}]}<\/script>\n<!-- \/ Yoast SEO plugin. -->","yoast_head_json":{"title":"\u00bfModernizar el regad\u00edo es la soluci\u00f3n? | Greenpeace Espa\u00f1a","description":"\u00bfEs la modernizaci\u00f3n de las t\u00e9cnicas de regad\u00edo la soluci\u00f3n a la escasez de agua? Cuidado, porque podr\u00eda ser una trampa.","robots":{"index":"index","follow":"follow","max-snippet":"max-snippet:-1","max-image-preview":"max-image-preview:large","max-video-preview":"max-video-preview:-1"},"canonical":"https:\/\/es.greenpeace.org\/es\/en-profundidad\/la-burbuja-del-regadio-en-espana\/modernizar-el-regadio-es-la-solucion\/","og_locale":"es_ES","og_type":"article","og_title":"\u00bfModernizar el regad\u00edo es la soluci\u00f3n? | Greenpeace Espa\u00f1a","og_description":"\u00bfEs la modernizaci\u00f3n de las t\u00e9cnicas de regad\u00edo la soluci\u00f3n a la escasez de agua? Cuidado, porque podr\u00eda ser una trampa.","og_url":"https:\/\/es.greenpeace.org\/es\/en-profundidad\/la-burbuja-del-regadio-en-espana\/modernizar-el-regadio-es-la-solucion\/","og_site_name":"ES | Greenpeace Espa\u00f1a","article_publisher":"https:\/\/www.facebook.com\/greenpeace.spain","article_modified_time":"2024-09-26T09:20:00+00:00","og_image":[{"width":1280,"height":852,"url":"https:\/\/es.greenpeace.org\/es\/wp-content\/uploads\/sites\/3\/2023\/06\/modernizar-regadio.jpeg","type":"image\/jpeg"}],"twitter_card":"summary_large_image","twitter_site":"@greenpeace_esp","twitter_misc":{"Tiempo de lectura":"2 minutos"},"schema":{"@context":"https:\/\/schema.org","@graph":[{"@type":"WebPage","@id":"https:\/\/es.greenpeace.org\/es\/en-profundidad\/la-burbuja-del-regadio-en-espana\/modernizar-el-regadio-es-la-solucion\/","url":"https:\/\/es.greenpeace.org\/es\/en-profundidad\/la-burbuja-del-regadio-en-espana\/modernizar-el-regadio-es-la-solucion\/","name":"\u00bfModernizar el regad\u00edo es la soluci\u00f3n? | Greenpeace Espa\u00f1a","isPartOf":{"@id":"https:\/\/es.greenpeace.org\/es\/#website"},"primaryImageOfPage":{"@id":"https:\/\/es.greenpeace.org\/es\/en-profundidad\/la-burbuja-del-regadio-en-espana\/modernizar-el-regadio-es-la-solucion\/#primaryimage"},"image":{"@id":"https:\/\/es.greenpeace.org\/es\/en-profundidad\/la-burbuja-del-regadio-en-espana\/modernizar-el-regadio-es-la-solucion\/#primaryimage"},"thumbnailUrl":"https:\/\/es.greenpeace.org\/es\/wp-content\/uploads\/sites\/3\/2023\/06\/modernizar-regadio.jpeg","datePublished":"2023-06-13T06:53:51+00:00","dateModified":"2024-09-26T09:20:00+00:00","description":"\u00bfEs la modernizaci\u00f3n de las t\u00e9cnicas de regad\u00edo la soluci\u00f3n a la escasez de agua? Cuidado, porque podr\u00eda ser una trampa.","breadcrumb":{"@id":"https:\/\/es.greenpeace.org\/es\/en-profundidad\/la-burbuja-del-regadio-en-espana\/modernizar-el-regadio-es-la-solucion\/#breadcrumb"},"inLanguage":"es","potentialAction":[{"@type":"ReadAction","target":["https:\/\/es.greenpeace.org\/es\/en-profundidad\/la-burbuja-del-regadio-en-espana\/modernizar-el-regadio-es-la-solucion\/"]}]},{"@type":"ImageObject","inLanguage":"es","@id":"https:\/\/es.greenpeace.org\/es\/en-profundidad\/la-burbuja-del-regadio-en-espana\/modernizar-el-regadio-es-la-solucion\/#primaryimage","url":"https:\/\/es.greenpeace.org\/es\/wp-content\/uploads\/sites\/3\/2023\/06\/modernizar-regadio.jpeg","contentUrl":"https:\/\/es.greenpeace.org\/es\/wp-content\/uploads\/sites\/3\/2023\/06\/modernizar-regadio.jpeg","width":1280,"height":852,"caption":"\u00bfModernizar el regad\u00edo es la soluci\u00f3n?"},{"@type":"BreadcrumbList","@id":"https:\/\/es.greenpeace.org\/es\/en-profundidad\/la-burbuja-del-regadio-en-espana\/modernizar-el-regadio-es-la-solucion\/#breadcrumb","itemListElement":[{"@type":"ListItem","position":1,"name":"Home","item":"https:\/\/es.greenpeace.org\/es\/"},{"@type":"ListItem","position":2,"name":"La burbuja del regad\u00edo en Espa\u00f1a","item":"https:\/\/es.greenpeace.org\/es\/en-profundidad\/la-burbuja-del-regadio-en-espana\/"},{"@type":"ListItem","position":3,"name":"\u00bfModernizar el regad\u00edo es la soluci\u00f3n?"}]},{"@type":"WebSite","@id":"https:\/\/es.greenpeace.org\/es\/#website","url":"https:\/\/es.greenpeace.org\/es\/","name":"Greenpeace Espa\u00f1a","description":"","publisher":{"@id":"https:\/\/es.greenpeace.org\/es\/#organization"},"potentialAction":[{"@type":"SearchAction","target":{"@type":"EntryPoint","urlTemplate":"https:\/\/es.greenpeace.org\/es\/?s={search_term_string}"},"query-input":{"@type":"PropertyValueSpecification","valueRequired":true,"valueName":"search_term_string"}}],"inLanguage":"es"},{"@type":"Organization","@id":"https:\/\/es.greenpeace.org\/es\/#organization","name":"Greenpeace Espa\u00f1a","alternateName":"Greenpeace","url":"https:\/\/es.greenpeace.org\/es\/","logo":{"@type":"ImageObject","inLanguage":"es","@id":"https:\/\/es.greenpeace.org\/es\/#\/schema\/logo\/image\/","url":"https:\/\/es.greenpeace.org\/es\/wp-content\/uploads\/sites\/3\/2024\/07\/greenpeace-logo-verde.svg","contentUrl":"https:\/\/es.greenpeace.org\/es\/wp-content\/uploads\/sites\/3\/2024\/07\/greenpeace-logo-verde.svg","width":1,"height":1,"caption":"Greenpeace Espa\u00f1a"},"image":{"@id":"https:\/\/es.greenpeace.org\/es\/#\/schema\/logo\/image\/"},"sameAs":["https:\/\/www.facebook.com\/greenpeace.spain","https:\/\/x.com\/greenpeace_esp","https:\/\/www.instagram.com\/greenpeace_esp\/"]}]}},"_links":{"self":[{"href":"https:\/\/es.greenpeace.org\/es\/wp-json\/wp\/v2\/post_profundidad\/51189","targetHints":{"allow":["GET"]}}],"collection":[{"href":"https:\/\/es.greenpeace.org\/es\/wp-json\/wp\/v2\/post_profundidad"}],"about":[{"href":"https:\/\/es.greenpeace.org\/es\/wp-json\/wp\/v2\/types\/post_profundidad"}],"author":[{"embeddable":true,"href":"https:\/\/es.greenpeace.org\/es\/wp-json\/wp\/v2\/users\/1"}],"version-history":[{"count":5,"href":"https:\/\/es.greenpeace.org\/es\/wp-json\/wp\/v2\/post_profundidad\/51189\/revisions"}],"predecessor-version":[{"id":60831,"href":"https:\/\/es.greenpeace.org\/es\/wp-json\/wp\/v2\/post_profundidad\/51189\/revisions\/60831"}],"up":[{"embeddable":true,"href":"https:\/\/es.greenpeace.org\/es\/wp-json\/wp\/v2\/post_profundidad\/51095"}],"wp:featuredmedia":[{"embeddable":true,"href":"https:\/\/es.greenpeace.org\/es\/wp-json\/wp\/v2\/media\/51221"}],"wp:attachment":[{"href":"https:\/\/es.greenpeace.org\/es\/wp-json\/wp\/v2\/media?parent=51189"}],"wp:term":[{"taxonomy":"category","embeddable":true,"href":"https:\/\/es.greenpeace.org\/es\/wp-json\/wp\/v2\/categories?post=51189"},{"taxonomy":"post_tag","embeddable":true,"href":"https:\/\/es.greenpeace.org\/es\/wp-json\/wp\/v2\/tags?post=51189"}],"curies":[{"name":"wp","href":"https:\/\/api.w.org\/{rel}","templated":true}]}}