{"id":51191,"date":"2023-06-13T08:55:09","date_gmt":"2023-06-13T06:55:09","guid":{"rendered":"https:\/\/es.greenpeace.org\/es\/?post_type=post_profundidad&#038;p=51191"},"modified":"2024-09-26T11:23:44","modified_gmt":"2024-09-26T09:23:44","slug":"estos-son-los-regadios-que-deberian-reducirse","status":"publish","type":"post_profundidad","link":"https:\/\/es.greenpeace.org\/es\/en-profundidad\/la-burbuja-del-regadio-en-espana\/estos-son-los-regadios-que-deberian-reducirse\/","title":{"rendered":"Estos son los regad\u00edos que deber\u00edan reducirse"},"content":{"rendered":"\r\n<p>Existen muchas zonas en el territorio en las que la industria agr\u00edcola y\/o la ganadera han sometido al territorio a una presi\u00f3n tan elevada que hace <strong>injustificable el mantenimiento de regad\u00edos<\/strong>.\u00a0<\/p>\r\n\r\n\r\n\r\n<p>Las primeras zonas que deben ser recortadas son las que ya tienen <strong>acu\u00edferos en mal estado <\/strong>y donde ya se est\u00e1 modificando el clima por el<strong> cambio clim\u00e1tico<\/strong>. Y, dentro de ellas, los regad\u00edos que son ilegales, haciendo un an\u00e1lisis socioecon\u00f3mico de las explotaciones, en colaboraci\u00f3n con las personas afectadas del sector.\u00a0<\/p>\r\n\r\n\r\n\r\n<p>Un <strong>16,2% de los actuales regad\u00edos<\/strong> (516.803 hect\u00e1reas) est\u00e1n ubicados sobre zonas tensionadas (sobre acu\u00edferos mal estado cuantitativo, qu\u00edmico y sobre zonas vulnerables a nitratos). Las zonas m\u00e1s tensionadas para la agricultura se concentran principalmente en <strong>Castilla La Mancha, Comunidad Valenciana, Regi\u00f3n de Murcia<\/strong> (en estas tres comunidades, alrededor de una tercera parte de los regad\u00edos se sit\u00faan en zonas tensionadas), seguidas de Baleares y Andaluc\u00eda. Por cuencas, destaca la cuenca del Guadiana, seguida del Segura, Baleares, J\u00facar y Mediterr\u00e1neas Andaluzas.\u00a0<\/p>\r\n\r\n\r\n\r\n<p>Dentro de ese 16,2%, <strong>el 3,7% ya est\u00e1 sobre zonas cr\u00edticas<\/strong> (116.708 hect\u00e1reas), \u00e1reas donde, adem\u00e1s, ya se ha modificado el clima (sobre todo cuenca del Guadiana, seguida de lejos por J\u00facar y Duero y, por CCAA, Castilla La Mancha, con una de cada cinco hect\u00e1reas regadas en zonas cr\u00edticas, Comunidad Valenciana, Castilla y Le\u00f3n y Extremadura.<\/p>\r\n\r\n\r\n\r\n<div class=\"container-fluid pb-5\">\r\n<div class=\"row\">\r\n<div class=\"container py-2\">\r\n<div class=\"row\">\r\n<div class=\"col-12\">\r\n<div class=\"bg-white p-4\">\r\n<h5>Los regad\u00edos en el entorno de las zonas protegidas<\/h5>\r\nEl 1,6% de los regad\u00edos se sit\u00faan sobre parques naturales o parques nacionales, que son los espacios naturales protegidos de m\u00e1xima importancia. Si tenemos en consideraci\u00f3n una zona de amortiguaci\u00f3n de 5 km, el porcentaje asciende a 13,8% de los regad\u00edos sobre parques naturales o nacionales. Es decir, 1 de cada 7 hect\u00e1reas de regad\u00edo est\u00e1 sobre zonas de gran inter\u00e9s ecol\u00f3gico.<img decoding=\"async\" class=\"alignleft wp-image-22535 size-medium\" style=\"max-width: 100%;\" src=\"https:\/\/es.greenpeace.org\/es\/wp-content\/uploads\/sites\/3\/2023\/06\/salvar-donana.jpg\" alt=\"Do\u00f1ana\" \/>\r\n<ul style=\"margin-top: 1em;\">\r\n<li style=\"list-style-type: none;\">\r\n<ul style=\"margin-top: 1em;\">Todas estas zonas vulnerables deber\u00edan encontrarse en mejor situaci\u00f3n pero hay algunos puntos en un estado especialmente preocupante. El Mar Menor, las Tablas de Daimiel y Do\u00f1ana, presentan una presi\u00f3n extrema por la agricultura, algo extraordinariamente grave por su enorme valor para la biodiversidad.<\/ul>\r\n<\/li>\r\n<\/ul>\r\n<\/div>\r\n<\/div>\r\n<\/div>\r\n<\/div>\r\n<\/div>\r\n<\/div>\r\n\r\n\r\n\r\n<p>&nbsp;<\/p>\r\n","protected":false},"author":1,"featured_media":51227,"parent":51095,"menu_order":3,"template":"","meta":{"_acf_changed":false,"footnotes":""},"categories":[38,946],"tags":[785,54],"class_list":["post-51191","post_profundidad","type-post_profundidad","status-publish","has-post-thumbnail","hentry","category-agricultura","category-agua","tag-agua","tag-sequia"],"acf":[],"yoast_head":"<!-- This site is optimized with the Yoast SEO plugin v27.1.1 - https:\/\/yoast.com\/product\/yoast-seo-wordpress\/ -->\n<title>\u00bfQu\u00e9 regad\u00edos deber\u00edan reducirse? | Greenpeace Espa\u00f1a<\/title>\n<meta name=\"description\" content=\"En muchas zonas la industria agr\u00edcola y la ganadera han sometido al territorio a una presi\u00f3n tan alta que es injustificable mantener regad\u00edos\" \/>\n<meta name=\"robots\" content=\"index, follow, max-snippet:-1, max-image-preview:large, max-video-preview:-1\" \/>\n<link rel=\"canonical\" href=\"https:\/\/es.greenpeace.org\/es\/en-profundidad\/la-burbuja-del-regadio-en-espana\/estos-son-los-regadios-que-deberian-reducirse\/\" \/>\n<meta property=\"og:locale\" content=\"es_ES\" \/>\n<meta property=\"og:type\" content=\"article\" \/>\n<meta property=\"og:title\" content=\"\u00bfQu\u00e9 regad\u00edos deber\u00edan reducirse? | Greenpeace Espa\u00f1a\" \/>\n<meta property=\"og:description\" content=\"En muchas zonas la industria agr\u00edcola y la ganadera han sometido al territorio a una presi\u00f3n tan alta que es injustificable mantener regad\u00edos\" \/>\n<meta property=\"og:url\" content=\"https:\/\/es.greenpeace.org\/es\/en-profundidad\/la-burbuja-del-regadio-en-espana\/estos-son-los-regadios-que-deberian-reducirse\/\" \/>\n<meta property=\"og:site_name\" content=\"ES | Greenpeace Espa\u00f1a\" \/>\n<meta property=\"article:publisher\" content=\"https:\/\/www.facebook.com\/greenpeace.spain\" \/>\n<meta property=\"article:modified_time\" content=\"2024-09-26T09:23:44+00:00\" \/>\n<meta property=\"og:image\" content=\"https:\/\/es.greenpeace.org\/es\/wp-content\/uploads\/sites\/3\/2023\/06\/invernaderos-donana.jpeg\" \/>\n\t<meta property=\"og:image:width\" content=\"1280\" \/>\n\t<meta property=\"og:image:height\" content=\"853\" \/>\n\t<meta property=\"og:image:type\" content=\"image\/jpeg\" \/>\n<meta name=\"twitter:card\" content=\"summary_large_image\" \/>\n<meta name=\"twitter:site\" content=\"@greenpeace_esp\" \/>\n<meta name=\"twitter:label1\" content=\"Tiempo de lectura\" \/>\n\t<meta name=\"twitter:data1\" content=\"3 minutos\" \/>\n<script type=\"application\/ld+json\" class=\"yoast-schema-graph\">{\"@context\":\"https:\/\/schema.org\",\"@graph\":[{\"@type\":\"WebPage\",\"@id\":\"https:\/\/es.greenpeace.org\/es\/en-profundidad\/la-burbuja-del-regadio-en-espana\/estos-son-los-regadios-que-deberian-reducirse\/\",\"url\":\"https:\/\/es.greenpeace.org\/es\/en-profundidad\/la-burbuja-del-regadio-en-espana\/estos-son-los-regadios-que-deberian-reducirse\/\",\"name\":\"\u00bfQu\u00e9 regad\u00edos deber\u00edan reducirse? | Greenpeace Espa\u00f1a\",\"isPartOf\":{\"@id\":\"https:\/\/es.greenpeace.org\/es\/#website\"},\"primaryImageOfPage\":{\"@id\":\"https:\/\/es.greenpeace.org\/es\/en-profundidad\/la-burbuja-del-regadio-en-espana\/estos-son-los-regadios-que-deberian-reducirse\/#primaryimage\"},\"image\":{\"@id\":\"https:\/\/es.greenpeace.org\/es\/en-profundidad\/la-burbuja-del-regadio-en-espana\/estos-son-los-regadios-que-deberian-reducirse\/#primaryimage\"},\"thumbnailUrl\":\"https:\/\/es.greenpeace.org\/es\/wp-content\/uploads\/sites\/3\/2023\/06\/invernaderos-donana.jpeg\",\"datePublished\":\"2023-06-13T06:55:09+00:00\",\"dateModified\":\"2024-09-26T09:23:44+00:00\",\"description\":\"En muchas zonas la industria agr\u00edcola y la ganadera han sometido al territorio a una presi\u00f3n tan alta que es injustificable mantener regad\u00edos\",\"breadcrumb\":{\"@id\":\"https:\/\/es.greenpeace.org\/es\/en-profundidad\/la-burbuja-del-regadio-en-espana\/estos-son-los-regadios-que-deberian-reducirse\/#breadcrumb\"},\"inLanguage\":\"es\",\"potentialAction\":[{\"@type\":\"ReadAction\",\"target\":[\"https:\/\/es.greenpeace.org\/es\/en-profundidad\/la-burbuja-del-regadio-en-espana\/estos-son-los-regadios-que-deberian-reducirse\/\"]}]},{\"@type\":\"ImageObject\",\"inLanguage\":\"es\",\"@id\":\"https:\/\/es.greenpeace.org\/es\/en-profundidad\/la-burbuja-del-regadio-en-espana\/estos-son-los-regadios-que-deberian-reducirse\/#primaryimage\",\"url\":\"https:\/\/es.greenpeace.org\/es\/wp-content\/uploads\/sites\/3\/2023\/06\/invernaderos-donana.jpeg\",\"contentUrl\":\"https:\/\/es.greenpeace.org\/es\/wp-content\/uploads\/sites\/3\/2023\/06\/invernaderos-donana.jpeg\",\"width\":1280,\"height\":853,\"caption\":\"Invernaderos en Moguer, Huelva.\"},{\"@type\":\"BreadcrumbList\",\"@id\":\"https:\/\/es.greenpeace.org\/es\/en-profundidad\/la-burbuja-del-regadio-en-espana\/estos-son-los-regadios-que-deberian-reducirse\/#breadcrumb\",\"itemListElement\":[{\"@type\":\"ListItem\",\"position\":1,\"name\":\"Home\",\"item\":\"https:\/\/es.greenpeace.org\/es\/\"},{\"@type\":\"ListItem\",\"position\":2,\"name\":\"La burbuja del regad\u00edo en Espa\u00f1a\",\"item\":\"https:\/\/es.greenpeace.org\/es\/en-profundidad\/la-burbuja-del-regadio-en-espana\/\"},{\"@type\":\"ListItem\",\"position\":3,\"name\":\"Estos son los regad\u00edos que deber\u00edan reducirse\"}]},{\"@type\":\"WebSite\",\"@id\":\"https:\/\/es.greenpeace.org\/es\/#website\",\"url\":\"https:\/\/es.greenpeace.org\/es\/\",\"name\":\"Greenpeace Espa\u00f1a\",\"description\":\"\",\"publisher\":{\"@id\":\"https:\/\/es.greenpeace.org\/es\/#organization\"},\"potentialAction\":[{\"@type\":\"SearchAction\",\"target\":{\"@type\":\"EntryPoint\",\"urlTemplate\":\"https:\/\/es.greenpeace.org\/es\/?s={search_term_string}\"},\"query-input\":{\"@type\":\"PropertyValueSpecification\",\"valueRequired\":true,\"valueName\":\"search_term_string\"}}],\"inLanguage\":\"es\"},{\"@type\":\"Organization\",\"@id\":\"https:\/\/es.greenpeace.org\/es\/#organization\",\"name\":\"Greenpeace Espa\u00f1a\",\"alternateName\":\"Greenpeace\",\"url\":\"https:\/\/es.greenpeace.org\/es\/\",\"logo\":{\"@type\":\"ImageObject\",\"inLanguage\":\"es\",\"@id\":\"https:\/\/es.greenpeace.org\/es\/#\/schema\/logo\/image\/\",\"url\":\"https:\/\/es.greenpeace.org\/es\/wp-content\/uploads\/sites\/3\/2024\/07\/greenpeace-logo-verde.svg\",\"contentUrl\":\"https:\/\/es.greenpeace.org\/es\/wp-content\/uploads\/sites\/3\/2024\/07\/greenpeace-logo-verde.svg\",\"width\":1,\"height\":1,\"caption\":\"Greenpeace Espa\u00f1a\"},\"image\":{\"@id\":\"https:\/\/es.greenpeace.org\/es\/#\/schema\/logo\/image\/\"},\"sameAs\":[\"https:\/\/www.facebook.com\/greenpeace.spain\",\"https:\/\/x.com\/greenpeace_esp\",\"https:\/\/www.instagram.com\/greenpeace_esp\/\"]}]}<\/script>\n<!-- \/ Yoast SEO plugin. -->","yoast_head_json":{"title":"\u00bfQu\u00e9 regad\u00edos deber\u00edan reducirse? | Greenpeace Espa\u00f1a","description":"En muchas zonas la industria agr\u00edcola y la ganadera han sometido al territorio a una presi\u00f3n tan alta que es injustificable mantener regad\u00edos","robots":{"index":"index","follow":"follow","max-snippet":"max-snippet:-1","max-image-preview":"max-image-preview:large","max-video-preview":"max-video-preview:-1"},"canonical":"https:\/\/es.greenpeace.org\/es\/en-profundidad\/la-burbuja-del-regadio-en-espana\/estos-son-los-regadios-que-deberian-reducirse\/","og_locale":"es_ES","og_type":"article","og_title":"\u00bfQu\u00e9 regad\u00edos deber\u00edan reducirse? | Greenpeace Espa\u00f1a","og_description":"En muchas zonas la industria agr\u00edcola y la ganadera han sometido al territorio a una presi\u00f3n tan alta que es injustificable mantener regad\u00edos","og_url":"https:\/\/es.greenpeace.org\/es\/en-profundidad\/la-burbuja-del-regadio-en-espana\/estos-son-los-regadios-que-deberian-reducirse\/","og_site_name":"ES | Greenpeace Espa\u00f1a","article_publisher":"https:\/\/www.facebook.com\/greenpeace.spain","article_modified_time":"2024-09-26T09:23:44+00:00","og_image":[{"width":1280,"height":853,"url":"https:\/\/es.greenpeace.org\/es\/wp-content\/uploads\/sites\/3\/2023\/06\/invernaderos-donana.jpeg","type":"image\/jpeg"}],"twitter_card":"summary_large_image","twitter_site":"@greenpeace_esp","twitter_misc":{"Tiempo de lectura":"3 minutos"},"schema":{"@context":"https:\/\/schema.org","@graph":[{"@type":"WebPage","@id":"https:\/\/es.greenpeace.org\/es\/en-profundidad\/la-burbuja-del-regadio-en-espana\/estos-son-los-regadios-que-deberian-reducirse\/","url":"https:\/\/es.greenpeace.org\/es\/en-profundidad\/la-burbuja-del-regadio-en-espana\/estos-son-los-regadios-que-deberian-reducirse\/","name":"\u00bfQu\u00e9 regad\u00edos deber\u00edan reducirse? | Greenpeace Espa\u00f1a","isPartOf":{"@id":"https:\/\/es.greenpeace.org\/es\/#website"},"primaryImageOfPage":{"@id":"https:\/\/es.greenpeace.org\/es\/en-profundidad\/la-burbuja-del-regadio-en-espana\/estos-son-los-regadios-que-deberian-reducirse\/#primaryimage"},"image":{"@id":"https:\/\/es.greenpeace.org\/es\/en-profundidad\/la-burbuja-del-regadio-en-espana\/estos-son-los-regadios-que-deberian-reducirse\/#primaryimage"},"thumbnailUrl":"https:\/\/es.greenpeace.org\/es\/wp-content\/uploads\/sites\/3\/2023\/06\/invernaderos-donana.jpeg","datePublished":"2023-06-13T06:55:09+00:00","dateModified":"2024-09-26T09:23:44+00:00","description":"En muchas zonas la industria agr\u00edcola y la ganadera han sometido al territorio a una presi\u00f3n tan alta que es injustificable mantener regad\u00edos","breadcrumb":{"@id":"https:\/\/es.greenpeace.org\/es\/en-profundidad\/la-burbuja-del-regadio-en-espana\/estos-son-los-regadios-que-deberian-reducirse\/#breadcrumb"},"inLanguage":"es","potentialAction":[{"@type":"ReadAction","target":["https:\/\/es.greenpeace.org\/es\/en-profundidad\/la-burbuja-del-regadio-en-espana\/estos-son-los-regadios-que-deberian-reducirse\/"]}]},{"@type":"ImageObject","inLanguage":"es","@id":"https:\/\/es.greenpeace.org\/es\/en-profundidad\/la-burbuja-del-regadio-en-espana\/estos-son-los-regadios-que-deberian-reducirse\/#primaryimage","url":"https:\/\/es.greenpeace.org\/es\/wp-content\/uploads\/sites\/3\/2023\/06\/invernaderos-donana.jpeg","contentUrl":"https:\/\/es.greenpeace.org\/es\/wp-content\/uploads\/sites\/3\/2023\/06\/invernaderos-donana.jpeg","width":1280,"height":853,"caption":"Invernaderos en Moguer, Huelva."},{"@type":"BreadcrumbList","@id":"https:\/\/es.greenpeace.org\/es\/en-profundidad\/la-burbuja-del-regadio-en-espana\/estos-son-los-regadios-que-deberian-reducirse\/#breadcrumb","itemListElement":[{"@type":"ListItem","position":1,"name":"Home","item":"https:\/\/es.greenpeace.org\/es\/"},{"@type":"ListItem","position":2,"name":"La burbuja del regad\u00edo en Espa\u00f1a","item":"https:\/\/es.greenpeace.org\/es\/en-profundidad\/la-burbuja-del-regadio-en-espana\/"},{"@type":"ListItem","position":3,"name":"Estos son los regad\u00edos que deber\u00edan reducirse"}]},{"@type":"WebSite","@id":"https:\/\/es.greenpeace.org\/es\/#website","url":"https:\/\/es.greenpeace.org\/es\/","name":"Greenpeace Espa\u00f1a","description":"","publisher":{"@id":"https:\/\/es.greenpeace.org\/es\/#organization"},"potentialAction":[{"@type":"SearchAction","target":{"@type":"EntryPoint","urlTemplate":"https:\/\/es.greenpeace.org\/es\/?s={search_term_string}"},"query-input":{"@type":"PropertyValueSpecification","valueRequired":true,"valueName":"search_term_string"}}],"inLanguage":"es"},{"@type":"Organization","@id":"https:\/\/es.greenpeace.org\/es\/#organization","name":"Greenpeace Espa\u00f1a","alternateName":"Greenpeace","url":"https:\/\/es.greenpeace.org\/es\/","logo":{"@type":"ImageObject","inLanguage":"es","@id":"https:\/\/es.greenpeace.org\/es\/#\/schema\/logo\/image\/","url":"https:\/\/es.greenpeace.org\/es\/wp-content\/uploads\/sites\/3\/2024\/07\/greenpeace-logo-verde.svg","contentUrl":"https:\/\/es.greenpeace.org\/es\/wp-content\/uploads\/sites\/3\/2024\/07\/greenpeace-logo-verde.svg","width":1,"height":1,"caption":"Greenpeace Espa\u00f1a"},"image":{"@id":"https:\/\/es.greenpeace.org\/es\/#\/schema\/logo\/image\/"},"sameAs":["https:\/\/www.facebook.com\/greenpeace.spain","https:\/\/x.com\/greenpeace_esp","https:\/\/www.instagram.com\/greenpeace_esp\/"]}]}},"_links":{"self":[{"href":"https:\/\/es.greenpeace.org\/es\/wp-json\/wp\/v2\/post_profundidad\/51191","targetHints":{"allow":["GET"]}}],"collection":[{"href":"https:\/\/es.greenpeace.org\/es\/wp-json\/wp\/v2\/post_profundidad"}],"about":[{"href":"https:\/\/es.greenpeace.org\/es\/wp-json\/wp\/v2\/types\/post_profundidad"}],"author":[{"embeddable":true,"href":"https:\/\/es.greenpeace.org\/es\/wp-json\/wp\/v2\/users\/1"}],"version-history":[{"count":10,"href":"https:\/\/es.greenpeace.org\/es\/wp-json\/wp\/v2\/post_profundidad\/51191\/revisions"}],"predecessor-version":[{"id":60832,"href":"https:\/\/es.greenpeace.org\/es\/wp-json\/wp\/v2\/post_profundidad\/51191\/revisions\/60832"}],"up":[{"embeddable":true,"href":"https:\/\/es.greenpeace.org\/es\/wp-json\/wp\/v2\/post_profundidad\/51095"}],"wp:featuredmedia":[{"embeddable":true,"href":"https:\/\/es.greenpeace.org\/es\/wp-json\/wp\/v2\/media\/51227"}],"wp:attachment":[{"href":"https:\/\/es.greenpeace.org\/es\/wp-json\/wp\/v2\/media?parent=51191"}],"wp:term":[{"taxonomy":"category","embeddable":true,"href":"https:\/\/es.greenpeace.org\/es\/wp-json\/wp\/v2\/categories?post=51191"},{"taxonomy":"post_tag","embeddable":true,"href":"https:\/\/es.greenpeace.org\/es\/wp-json\/wp\/v2\/tags?post=51191"}],"curies":[{"name":"wp","href":"https:\/\/api.w.org\/{rel}","templated":true}]}}