{"id":51200,"date":"2023-06-13T08:55:47","date_gmt":"2023-06-13T06:55:47","guid":{"rendered":"https:\/\/es.greenpeace.org\/es\/?post_type=post_profundidad&#038;p=51200"},"modified":"2024-09-26T11:31:17","modified_gmt":"2024-09-26T09:31:17","slug":"los-responsables-de-la-burbuja-del-regadio","status":"publish","type":"post_profundidad","link":"https:\/\/es.greenpeace.org\/es\/en-profundidad\/la-burbuja-del-regadio-en-espana\/los-responsables-de-la-burbuja-del-regadio\/","title":{"rendered":"Los responsables de la burbuja del regad\u00edo"},"content":{"rendered":"\r\n<p>Tanto la <strong>industria agroalimentaria intensiva,<\/strong> usurpando y contaminando el agua, como <strong>la administraci\u00f3n, <\/strong>que ha observado impasible el saqueo o incluso lo ha fomentado, son responsables de la burbuja del regad\u00edo. Espa\u00f1a se ha convertido en un hub de producci\u00f3n agr\u00edcola para el enriquecimiento de grandes corporaciones, donde los <strong>fondos de inversi\u00f3n<\/strong> ponen los ojos, agotando nuestros recursos naturales.<\/p>\r\n\r\n\r\n\r\n<div class=\"container-fluid pb-5\">\r\n<div class=\"row\">\r\n<div class=\"container py-2\">\r\n<div class=\"row\">\r\n<div class=\"col-12\">\r\n<div class=\"bg-white p-4\">\r\n<h6 id=\"cortar-arboles\">Los organismos de cuenca<\/h6>\r\nSobre todo las confederaciones hidrogr\u00e1ficas, siguen permitiendo nuevas concesiones y dejan abiertas f\u00f3rmulas para ampliar zonas regables, lo cual va a ocasionar un aumento del colapso h\u00eddrico.<\/div>\r\n<\/div>\r\n<\/div>\r\n<\/div>\r\n<div class=\"container py-2\">\r\n<div class=\"row\">\r\n<div class=\"col-12\">\r\n<div class=\"bg-white p-4\">\r\n<h6>La Pol\u00edtica Agraria Com\u00fan (PAC)<\/h6>\r\nHa afianzado la concentraci\u00f3n de capital en grandes grupos empresariales y por ello en la expansi\u00f3n de la agricultura industrial de regad\u00edo.<\/div>\r\n<\/div>\r\n<\/div>\r\n<\/div>\r\n<div class=\"container py-2\">\r\n<div class=\"row\">\r\n<div class=\"col-12\">\r\n<div class=\"bg-white p-4\">\r\n<h6>Las grandes corporaciones y los fondos de inversi\u00f3n<\/h6>\r\nSolo buscan el m\u00e1ximo beneficio econ\u00f3mico<\/div>\r\n<\/div>\r\n<\/div>\r\n<\/div>\r\n<div class=\"container py-2\">\r\n<div class=\"row\">\r\n<div class=\"col-12\">\r\n<div class=\"bg-white p-4\">\r\n<h6>Las administraciones<\/h6>\r\nEspecialmente el Ministerio de Agricultura, Pesca y Alimentaci\u00f3n. Al apostar por las falsas soluciones vinculadas a la nuevas tecnolog\u00edas (modernizaci\u00f3n del regad\u00edo), est\u00e1n favoreciendo unas tendencias inversoras que no contemplan las limitaciones de acceso al agua.<\/div>\r\n<\/div>\r\n<\/div>\r\n<\/div>\r\n<\/div>\r\n<\/div>\r\n","protected":false},"author":1,"featured_media":51239,"parent":51095,"menu_order":5,"template":"","meta":{"_acf_changed":false,"footnotes":""},"categories":[38,946],"tags":[785,54],"class_list":["post-51200","post_profundidad","type-post_profundidad","status-publish","has-post-thumbnail","hentry","category-agricultura","category-agua","tag-agua","tag-sequia"],"acf":[],"yoast_head":"<!-- This site is optimized with the Yoast SEO plugin v27.1.1 - https:\/\/yoast.com\/product\/yoast-seo-wordpress\/ -->\n<title>Los responsables de la burbuja del regad\u00edo | Greenpeace Espa\u00f1a<\/title>\n<meta name=\"description\" content=\"Tanto la industria agroalimentaria intensiva como la administraci\u00f3n son responsables de la burbuja del regad\u00edo.\" \/>\n<meta name=\"robots\" content=\"index, follow, max-snippet:-1, max-image-preview:large, max-video-preview:-1\" \/>\n<link rel=\"canonical\" href=\"https:\/\/es.greenpeace.org\/es\/en-profundidad\/la-burbuja-del-regadio-en-espana\/los-responsables-de-la-burbuja-del-regadio\/\" \/>\n<meta property=\"og:locale\" content=\"es_ES\" \/>\n<meta property=\"og:type\" content=\"article\" \/>\n<meta property=\"og:title\" content=\"Los responsables de la burbuja del regad\u00edo | Greenpeace Espa\u00f1a\" \/>\n<meta property=\"og:description\" content=\"Tanto la industria agroalimentaria intensiva como la administraci\u00f3n son responsables de la burbuja del regad\u00edo.\" \/>\n<meta property=\"og:url\" content=\"https:\/\/es.greenpeace.org\/es\/en-profundidad\/la-burbuja-del-regadio-en-espana\/los-responsables-de-la-burbuja-del-regadio\/\" \/>\n<meta property=\"og:site_name\" content=\"ES | Greenpeace Espa\u00f1a\" \/>\n<meta property=\"article:publisher\" content=\"https:\/\/www.facebook.com\/greenpeace.spain\" \/>\n<meta property=\"article:modified_time\" content=\"2024-09-26T09:31:17+00:00\" \/>\n<meta property=\"og:image\" content=\"https:\/\/es.greenpeace.org\/es\/wp-content\/uploads\/sites\/3\/2023\/06\/responsables.jpeg\" \/>\n\t<meta property=\"og:image:width\" content=\"1280\" \/>\n\t<meta property=\"og:image:height\" content=\"853\" \/>\n\t<meta property=\"og:image:type\" content=\"image\/jpeg\" \/>\n<meta name=\"twitter:card\" content=\"summary_large_image\" \/>\n<meta name=\"twitter:site\" content=\"@greenpeace_esp\" \/>\n<meta name=\"twitter:label1\" content=\"Tiempo de lectura\" \/>\n\t<meta name=\"twitter:data1\" content=\"2 minutos\" \/>\n<script type=\"application\/ld+json\" class=\"yoast-schema-graph\">{\"@context\":\"https:\/\/schema.org\",\"@graph\":[{\"@type\":\"WebPage\",\"@id\":\"https:\/\/es.greenpeace.org\/es\/en-profundidad\/la-burbuja-del-regadio-en-espana\/los-responsables-de-la-burbuja-del-regadio\/\",\"url\":\"https:\/\/es.greenpeace.org\/es\/en-profundidad\/la-burbuja-del-regadio-en-espana\/los-responsables-de-la-burbuja-del-regadio\/\",\"name\":\"Los responsables de la burbuja del regad\u00edo | Greenpeace Espa\u00f1a\",\"isPartOf\":{\"@id\":\"https:\/\/es.greenpeace.org\/es\/#website\"},\"primaryImageOfPage\":{\"@id\":\"https:\/\/es.greenpeace.org\/es\/en-profundidad\/la-burbuja-del-regadio-en-espana\/los-responsables-de-la-burbuja-del-regadio\/#primaryimage\"},\"image\":{\"@id\":\"https:\/\/es.greenpeace.org\/es\/en-profundidad\/la-burbuja-del-regadio-en-espana\/los-responsables-de-la-burbuja-del-regadio\/#primaryimage\"},\"thumbnailUrl\":\"https:\/\/es.greenpeace.org\/es\/wp-content\/uploads\/sites\/3\/2023\/06\/responsables.jpeg\",\"datePublished\":\"2023-06-13T06:55:47+00:00\",\"dateModified\":\"2024-09-26T09:31:17+00:00\",\"description\":\"Tanto la industria agroalimentaria intensiva como la administraci\u00f3n son responsables de la burbuja del regad\u00edo.\",\"breadcrumb\":{\"@id\":\"https:\/\/es.greenpeace.org\/es\/en-profundidad\/la-burbuja-del-regadio-en-espana\/los-responsables-de-la-burbuja-del-regadio\/#breadcrumb\"},\"inLanguage\":\"es\",\"potentialAction\":[{\"@type\":\"ReadAction\",\"target\":[\"https:\/\/es.greenpeace.org\/es\/en-profundidad\/la-burbuja-del-regadio-en-espana\/los-responsables-de-la-burbuja-del-regadio\/\"]}]},{\"@type\":\"ImageObject\",\"inLanguage\":\"es\",\"@id\":\"https:\/\/es.greenpeace.org\/es\/en-profundidad\/la-burbuja-del-regadio-en-espana\/los-responsables-de-la-burbuja-del-regadio\/#primaryimage\",\"url\":\"https:\/\/es.greenpeace.org\/es\/wp-content\/uploads\/sites\/3\/2023\/06\/responsables.jpeg\",\"contentUrl\":\"https:\/\/es.greenpeace.org\/es\/wp-content\/uploads\/sites\/3\/2023\/06\/responsables.jpeg\",\"width\":1280,\"height\":853},{\"@type\":\"BreadcrumbList\",\"@id\":\"https:\/\/es.greenpeace.org\/es\/en-profundidad\/la-burbuja-del-regadio-en-espana\/los-responsables-de-la-burbuja-del-regadio\/#breadcrumb\",\"itemListElement\":[{\"@type\":\"ListItem\",\"position\":1,\"name\":\"Home\",\"item\":\"https:\/\/es.greenpeace.org\/es\/\"},{\"@type\":\"ListItem\",\"position\":2,\"name\":\"La burbuja del regad\u00edo en Espa\u00f1a\",\"item\":\"https:\/\/es.greenpeace.org\/es\/en-profundidad\/la-burbuja-del-regadio-en-espana\/\"},{\"@type\":\"ListItem\",\"position\":3,\"name\":\"Los responsables de la burbuja del regad\u00edo\"}]},{\"@type\":\"WebSite\",\"@id\":\"https:\/\/es.greenpeace.org\/es\/#website\",\"url\":\"https:\/\/es.greenpeace.org\/es\/\",\"name\":\"Greenpeace Espa\u00f1a\",\"description\":\"\",\"publisher\":{\"@id\":\"https:\/\/es.greenpeace.org\/es\/#organization\"},\"potentialAction\":[{\"@type\":\"SearchAction\",\"target\":{\"@type\":\"EntryPoint\",\"urlTemplate\":\"https:\/\/es.greenpeace.org\/es\/?s={search_term_string}\"},\"query-input\":{\"@type\":\"PropertyValueSpecification\",\"valueRequired\":true,\"valueName\":\"search_term_string\"}}],\"inLanguage\":\"es\"},{\"@type\":\"Organization\",\"@id\":\"https:\/\/es.greenpeace.org\/es\/#organization\",\"name\":\"Greenpeace Espa\u00f1a\",\"alternateName\":\"Greenpeace\",\"url\":\"https:\/\/es.greenpeace.org\/es\/\",\"logo\":{\"@type\":\"ImageObject\",\"inLanguage\":\"es\",\"@id\":\"https:\/\/es.greenpeace.org\/es\/#\/schema\/logo\/image\/\",\"url\":\"https:\/\/es.greenpeace.org\/es\/wp-content\/uploads\/sites\/3\/2024\/07\/greenpeace-logo-verde.svg\",\"contentUrl\":\"https:\/\/es.greenpeace.org\/es\/wp-content\/uploads\/sites\/3\/2024\/07\/greenpeace-logo-verde.svg\",\"width\":1,\"height\":1,\"caption\":\"Greenpeace Espa\u00f1a\"},\"image\":{\"@id\":\"https:\/\/es.greenpeace.org\/es\/#\/schema\/logo\/image\/\"},\"sameAs\":[\"https:\/\/www.facebook.com\/greenpeace.spain\",\"https:\/\/x.com\/greenpeace_esp\",\"https:\/\/www.instagram.com\/greenpeace_esp\/\"]}]}<\/script>\n<!-- \/ Yoast SEO plugin. -->","yoast_head_json":{"title":"Los responsables de la burbuja del regad\u00edo | Greenpeace Espa\u00f1a","description":"Tanto la industria agroalimentaria intensiva como la administraci\u00f3n son responsables de la burbuja del regad\u00edo.","robots":{"index":"index","follow":"follow","max-snippet":"max-snippet:-1","max-image-preview":"max-image-preview:large","max-video-preview":"max-video-preview:-1"},"canonical":"https:\/\/es.greenpeace.org\/es\/en-profundidad\/la-burbuja-del-regadio-en-espana\/los-responsables-de-la-burbuja-del-regadio\/","og_locale":"es_ES","og_type":"article","og_title":"Los responsables de la burbuja del regad\u00edo | Greenpeace Espa\u00f1a","og_description":"Tanto la industria agroalimentaria intensiva como la administraci\u00f3n son responsables de la burbuja del regad\u00edo.","og_url":"https:\/\/es.greenpeace.org\/es\/en-profundidad\/la-burbuja-del-regadio-en-espana\/los-responsables-de-la-burbuja-del-regadio\/","og_site_name":"ES | Greenpeace Espa\u00f1a","article_publisher":"https:\/\/www.facebook.com\/greenpeace.spain","article_modified_time":"2024-09-26T09:31:17+00:00","og_image":[{"width":1280,"height":853,"url":"https:\/\/es.greenpeace.org\/es\/wp-content\/uploads\/sites\/3\/2023\/06\/responsables.jpeg","type":"image\/jpeg"}],"twitter_card":"summary_large_image","twitter_site":"@greenpeace_esp","twitter_misc":{"Tiempo de lectura":"2 minutos"},"schema":{"@context":"https:\/\/schema.org","@graph":[{"@type":"WebPage","@id":"https:\/\/es.greenpeace.org\/es\/en-profundidad\/la-burbuja-del-regadio-en-espana\/los-responsables-de-la-burbuja-del-regadio\/","url":"https:\/\/es.greenpeace.org\/es\/en-profundidad\/la-burbuja-del-regadio-en-espana\/los-responsables-de-la-burbuja-del-regadio\/","name":"Los responsables de la burbuja del regad\u00edo | Greenpeace Espa\u00f1a","isPartOf":{"@id":"https:\/\/es.greenpeace.org\/es\/#website"},"primaryImageOfPage":{"@id":"https:\/\/es.greenpeace.org\/es\/en-profundidad\/la-burbuja-del-regadio-en-espana\/los-responsables-de-la-burbuja-del-regadio\/#primaryimage"},"image":{"@id":"https:\/\/es.greenpeace.org\/es\/en-profundidad\/la-burbuja-del-regadio-en-espana\/los-responsables-de-la-burbuja-del-regadio\/#primaryimage"},"thumbnailUrl":"https:\/\/es.greenpeace.org\/es\/wp-content\/uploads\/sites\/3\/2023\/06\/responsables.jpeg","datePublished":"2023-06-13T06:55:47+00:00","dateModified":"2024-09-26T09:31:17+00:00","description":"Tanto la industria agroalimentaria intensiva como la administraci\u00f3n son responsables de la burbuja del regad\u00edo.","breadcrumb":{"@id":"https:\/\/es.greenpeace.org\/es\/en-profundidad\/la-burbuja-del-regadio-en-espana\/los-responsables-de-la-burbuja-del-regadio\/#breadcrumb"},"inLanguage":"es","potentialAction":[{"@type":"ReadAction","target":["https:\/\/es.greenpeace.org\/es\/en-profundidad\/la-burbuja-del-regadio-en-espana\/los-responsables-de-la-burbuja-del-regadio\/"]}]},{"@type":"ImageObject","inLanguage":"es","@id":"https:\/\/es.greenpeace.org\/es\/en-profundidad\/la-burbuja-del-regadio-en-espana\/los-responsables-de-la-burbuja-del-regadio\/#primaryimage","url":"https:\/\/es.greenpeace.org\/es\/wp-content\/uploads\/sites\/3\/2023\/06\/responsables.jpeg","contentUrl":"https:\/\/es.greenpeace.org\/es\/wp-content\/uploads\/sites\/3\/2023\/06\/responsables.jpeg","width":1280,"height":853},{"@type":"BreadcrumbList","@id":"https:\/\/es.greenpeace.org\/es\/en-profundidad\/la-burbuja-del-regadio-en-espana\/los-responsables-de-la-burbuja-del-regadio\/#breadcrumb","itemListElement":[{"@type":"ListItem","position":1,"name":"Home","item":"https:\/\/es.greenpeace.org\/es\/"},{"@type":"ListItem","position":2,"name":"La burbuja del regad\u00edo en Espa\u00f1a","item":"https:\/\/es.greenpeace.org\/es\/en-profundidad\/la-burbuja-del-regadio-en-espana\/"},{"@type":"ListItem","position":3,"name":"Los responsables de la burbuja del regad\u00edo"}]},{"@type":"WebSite","@id":"https:\/\/es.greenpeace.org\/es\/#website","url":"https:\/\/es.greenpeace.org\/es\/","name":"Greenpeace Espa\u00f1a","description":"","publisher":{"@id":"https:\/\/es.greenpeace.org\/es\/#organization"},"potentialAction":[{"@type":"SearchAction","target":{"@type":"EntryPoint","urlTemplate":"https:\/\/es.greenpeace.org\/es\/?s={search_term_string}"},"query-input":{"@type":"PropertyValueSpecification","valueRequired":true,"valueName":"search_term_string"}}],"inLanguage":"es"},{"@type":"Organization","@id":"https:\/\/es.greenpeace.org\/es\/#organization","name":"Greenpeace Espa\u00f1a","alternateName":"Greenpeace","url":"https:\/\/es.greenpeace.org\/es\/","logo":{"@type":"ImageObject","inLanguage":"es","@id":"https:\/\/es.greenpeace.org\/es\/#\/schema\/logo\/image\/","url":"https:\/\/es.greenpeace.org\/es\/wp-content\/uploads\/sites\/3\/2024\/07\/greenpeace-logo-verde.svg","contentUrl":"https:\/\/es.greenpeace.org\/es\/wp-content\/uploads\/sites\/3\/2024\/07\/greenpeace-logo-verde.svg","width":1,"height":1,"caption":"Greenpeace Espa\u00f1a"},"image":{"@id":"https:\/\/es.greenpeace.org\/es\/#\/schema\/logo\/image\/"},"sameAs":["https:\/\/www.facebook.com\/greenpeace.spain","https:\/\/x.com\/greenpeace_esp","https:\/\/www.instagram.com\/greenpeace_esp\/"]}]}},"_links":{"self":[{"href":"https:\/\/es.greenpeace.org\/es\/wp-json\/wp\/v2\/post_profundidad\/51200","targetHints":{"allow":["GET"]}}],"collection":[{"href":"https:\/\/es.greenpeace.org\/es\/wp-json\/wp\/v2\/post_profundidad"}],"about":[{"href":"https:\/\/es.greenpeace.org\/es\/wp-json\/wp\/v2\/types\/post_profundidad"}],"author":[{"embeddable":true,"href":"https:\/\/es.greenpeace.org\/es\/wp-json\/wp\/v2\/users\/1"}],"version-history":[{"count":4,"href":"https:\/\/es.greenpeace.org\/es\/wp-json\/wp\/v2\/post_profundidad\/51200\/revisions"}],"predecessor-version":[{"id":60835,"href":"https:\/\/es.greenpeace.org\/es\/wp-json\/wp\/v2\/post_profundidad\/51200\/revisions\/60835"}],"up":[{"embeddable":true,"href":"https:\/\/es.greenpeace.org\/es\/wp-json\/wp\/v2\/post_profundidad\/51095"}],"wp:featuredmedia":[{"embeddable":true,"href":"https:\/\/es.greenpeace.org\/es\/wp-json\/wp\/v2\/media\/51239"}],"wp:attachment":[{"href":"https:\/\/es.greenpeace.org\/es\/wp-json\/wp\/v2\/media?parent=51200"}],"wp:term":[{"taxonomy":"category","embeddable":true,"href":"https:\/\/es.greenpeace.org\/es\/wp-json\/wp\/v2\/categories?post=51200"},{"taxonomy":"post_tag","embeddable":true,"href":"https:\/\/es.greenpeace.org\/es\/wp-json\/wp\/v2\/tags?post=51200"}],"curies":[{"name":"wp","href":"https:\/\/api.w.org\/{rel}","templated":true}]}}