{"id":51203,"date":"2023-06-13T08:56:20","date_gmt":"2023-06-13T06:56:20","guid":{"rendered":"https:\/\/es.greenpeace.org\/es\/?post_type=post_profundidad&#038;p=51203"},"modified":"2023-06-13T08:58:46","modified_gmt":"2023-06-13T06:58:46","slug":"demandas-de-greenpeace-para-un-regadio-sostenible","status":"publish","type":"post_profundidad","link":"https:\/\/es.greenpeace.org\/es\/en-profundidad\/la-burbuja-del-regadio-en-espana\/demandas-de-greenpeace-para-un-regadio-sostenible\/","title":{"rendered":"Demandas de Greenpeace para un regad\u00edo sostenible"},"content":{"rendered":"\r\n<div class=\"container-fluid pb-5\">\r\n<div class=\"row\">\r\n<div class=\"container py-2\">\r\n<div class=\"row\">\r\n<div class=\"col-12\">\r\n<div class=\"bg-white p-4\">\r\n<h6 id=\"cortar-arboles\">#1<\/h6>\r\n<strong>Hoja de ruta para acoplar el regad\u00edo<\/strong> a la disponibilidad h\u00eddrica de manera que se garantice el abastecimiento de las poblaciones, los caudales ecol\u00f3gicos y otros usos prioritarios.<\/div>\r\n<\/div>\r\n<\/div>\r\n<\/div>\r\n<div class=\"container py-2\">\r\n<div class=\"row\">\r\n<div class=\"col-12\">\r\n<div class=\"bg-white p-4\">\r\n<h6>#2<\/h6>\r\n<strong>Transici\u00f3n hidrol\u00f3gica justa<\/strong> con un reparto equitativo de los recursos en cantidad y calidad suficiente, lo que implica tomar medidas dr\u00e1sticas para lograrlo y evitar futuros conflictos y enfrentamientos entre territorios y actividades.<\/div>\r\n<\/div>\r\n<\/div>\r\n<\/div>\r\n<div class=\"container py-2\">\r\n<div class=\"row\">\r\n<div class=\"col-12\">\r\n<div class=\"bg-white p-4\">\r\n<h6>#3<\/h6>\r\n<strong>PAC socialmente justa<\/strong> y ambientalmente resiliente<\/div>\r\n<\/div>\r\n<\/div>\r\n<\/div>\r\n<div class=\"container py-2\">\r\n<div class=\"row\">\r\n<div class=\"col-12\">\r\n<div class=\"bg-white p-4\">\r\n<h6>#4<\/h6>\r\n<strong>Medidas que debe tomar la administraci\u00f3n p\u00fablica (Estado o CCAA):<\/strong>\r\n<ul style=\"margin-top: 1em;\">\r\n<li style=\"list-style-type: none;\">\r\n<ul>\r\n<li>Prohibir la implantaci\u00f3n de nuevos regad\u00edos intensivos e industriales en especial en zonas tensionadas<\/li>\r\n<li>Eliminar las ayudas para transformaci\u00f3n de regad\u00edo en estas zonas tensionadas.<\/li>\r\n<li>Establecer un Plan ejecutivo obligatorio de transici\u00f3n hidrol\u00f3gica que determine una reducci\u00f3n de regad\u00edos en las zonas se\u00f1aladas anteriormente.<\/li>\r\n<li>Registro p\u00fablico de hect\u00e1reas de regad\u00edo realizado por sistemas con teledetecci\u00f3n a escala municipal, comarcal y provincial, para tener la mejor informaci\u00f3n disponible de nuevos regad\u00edos.<\/li>\r\n<li>Explicaci\u00f3n detallada a la poblaci\u00f3n (riesgos de seguir aumentando los regad\u00edos y necesidad de recortarlos) en un escenario de cambio clim\u00e1tico.<\/li>\r\n<li>Valoraci\u00f3n de compras de grandes fincas de regad\u00edo, analizando impactos sobre biodiversidad, zonas protegidas, acu\u00edferos lim\u00edtrofes a poblaciones.<\/li>\r\n<li>Visualizaci\u00f3n de los casos de grandes empresas o fondos de inversi\u00f3n que compran amplias superficies de regad\u00edo o con intenci\u00f3n de su transformaci\u00f3n y comunicaci\u00f3n a los municipios lim\u00edtrofes.<\/li>\r\n<li>Potenciaci\u00f3n de la agricultura ecol\u00f3gica.<\/li>\r\n<\/ul>\r\n<\/li>\r\n<\/ul>\r\n<\/div>\r\n<\/div>\r\n<\/div>\r\n<\/div>\r\n<div class=\"container py-2\">\r\n<div class=\"row\">\r\n<div class=\"col-12\">\r\n<div class=\"bg-white p-4\">\r\n<h6>#5<\/h6>\r\n<strong>Medidas que deben tomar las grandes y medianas empresas:<\/strong>\r\n<ul style=\"margin-top: 1em;\">\r\n<li style=\"list-style-type: none;\">\r\n<ul>\r\n<li>Paralizaci\u00f3n de inversiones para aumentar regad\u00edos intensivos e industriales en escenarios de cambio clim\u00e1tico con posibles impactos sobre biodiversidad, zonas protegidas, acu\u00edferos lim\u00edtrofes a poblaciones.<\/li>\r\n<li>Empresas y fondos de inversi\u00f3n deben tener informaci\u00f3n detallada de los riesgos de seguir aumentando los regad\u00edos intensivos e industriales y porqu\u00e9 deben de limitarse en el Sur de Europa en un escenario de cambio clim\u00e1tico.<\/li>\r\n<li>Obligaci\u00f3n de informaci\u00f3n p\u00fablica detallada de acciones de compra a las grandes empresas o fondos de inversi\u00f3n que compran amplias superficies de regad\u00edo o con intenci\u00f3n de su transformaci\u00f3n y comunicaci\u00f3n al conjunto de la sociedad y a los municipios lim\u00edtrofes donde se visualice los efectos sobre un recurso escaso como el agua.<\/li>\r\n<\/ul>\r\n<\/li>\r\n<\/ul>\r\n<\/div>\r\n<\/div>\r\n<\/div>\r\n<\/div>\r\n<\/div>\r\n<\/div>\r\n\r\n\r\n\r\n<p>Si quieres profundizar sobre la situaci\u00f3n del regad\u00edo en Espa\u00f1a, lee el informe <a href=\"https:\/\/es.greenpeace.org\/es\/wp-content\/uploads\/sites\/3\/2023\/06\/la_burbuja_del_regadio_compressed.pdf\" target=\"_blank\" rel=\"noopener\"><em>\u201cLa burbuja del regad\u00edo\u201d<\/em><\/a> o su <a href=\"https:\/\/es.greenpeace.org\/es\/wp-content\/uploads\/sites\/3\/2023\/06\/Resumen-La-Burbuja-del-Regadio.pdf\" target=\"_blank\" rel=\"noopener\">resumen ejecutivo<\/a>.<\/p>\r\n","protected":false},"author":1,"featured_media":51238,"parent":51095,"menu_order":6,"template":"","meta":{"_acf_changed":false,"footnotes":""},"categories":[38,946],"tags":[785,54],"class_list":["post-51203","post_profundidad","type-post_profundidad","status-publish","has-post-thumbnail","hentry","category-agricultura","category-agua","tag-agua","tag-sequia"],"acf":[],"yoast_head":"<!-- This site is optimized with the Yoast SEO plugin v27.1.1 - https:\/\/yoast.com\/product\/yoast-seo-wordpress\/ -->\n<title>Demandas de Greenpeace para un regad\u00edo sostenible - ES | Greenpeace Espa\u00f1a<\/title>\n<meta name=\"robots\" content=\"index, follow, max-snippet:-1, max-image-preview:large, max-video-preview:-1\" \/>\n<link rel=\"canonical\" href=\"https:\/\/es.greenpeace.org\/es\/en-profundidad\/la-burbuja-del-regadio-en-espana\/demandas-de-greenpeace-para-un-regadio-sostenible\/\" \/>\n<meta property=\"og:locale\" content=\"es_ES\" \/>\n<meta property=\"og:type\" content=\"article\" \/>\n<meta property=\"og:title\" content=\"Demandas de Greenpeace para un regad\u00edo sostenible - ES | Greenpeace Espa\u00f1a\" \/>\n<meta property=\"og:description\" content=\"#1 Hoja de ruta para acoplar el regad\u00edo a la disponibilidad h\u00eddrica de manera que se garantice el abastecimiento de las poblaciones, los caudales ecol\u00f3gicos y otros usos prioritarios. #2 Transici\u00f3n hidrol\u00f3gica justa con un reparto equitativo de los recursos en cantidad y calidad suficiente, lo que implica tomar medidas dr\u00e1sticas para lograrlo y evitar [&hellip;]\" \/>\n<meta property=\"og:url\" content=\"https:\/\/es.greenpeace.org\/es\/en-profundidad\/la-burbuja-del-regadio-en-espana\/demandas-de-greenpeace-para-un-regadio-sostenible\/\" \/>\n<meta property=\"og:site_name\" content=\"ES | Greenpeace Espa\u00f1a\" \/>\n<meta property=\"article:publisher\" content=\"https:\/\/www.facebook.com\/greenpeace.spain\" \/>\n<meta property=\"article:modified_time\" content=\"2023-06-13T06:58:46+00:00\" \/>\n<meta property=\"og:image\" content=\"https:\/\/es.greenpeace.org\/es\/wp-content\/uploads\/sites\/3\/2023\/06\/demandas-regadio.jpeg\" \/>\n\t<meta property=\"og:image:width\" content=\"1280\" \/>\n\t<meta property=\"og:image:height\" content=\"959\" \/>\n\t<meta property=\"og:image:type\" content=\"image\/jpeg\" \/>\n<meta name=\"twitter:card\" content=\"summary_large_image\" \/>\n<meta name=\"twitter:site\" content=\"@greenpeace_esp\" \/>\n<meta name=\"twitter:label1\" content=\"Tiempo de lectura\" \/>\n\t<meta name=\"twitter:data1\" content=\"2 minutos\" \/>\n<script type=\"application\/ld+json\" class=\"yoast-schema-graph\">{\"@context\":\"https:\/\/schema.org\",\"@graph\":[{\"@type\":\"WebPage\",\"@id\":\"https:\/\/es.greenpeace.org\/es\/en-profundidad\/la-burbuja-del-regadio-en-espana\/demandas-de-greenpeace-para-un-regadio-sostenible\/\",\"url\":\"https:\/\/es.greenpeace.org\/es\/en-profundidad\/la-burbuja-del-regadio-en-espana\/demandas-de-greenpeace-para-un-regadio-sostenible\/\",\"name\":\"Demandas de Greenpeace para un regad\u00edo sostenible - ES | Greenpeace Espa\u00f1a\",\"isPartOf\":{\"@id\":\"https:\/\/es.greenpeace.org\/es\/#website\"},\"primaryImageOfPage\":{\"@id\":\"https:\/\/es.greenpeace.org\/es\/en-profundidad\/la-burbuja-del-regadio-en-espana\/demandas-de-greenpeace-para-un-regadio-sostenible\/#primaryimage\"},\"image\":{\"@id\":\"https:\/\/es.greenpeace.org\/es\/en-profundidad\/la-burbuja-del-regadio-en-espana\/demandas-de-greenpeace-para-un-regadio-sostenible\/#primaryimage\"},\"thumbnailUrl\":\"https:\/\/es.greenpeace.org\/es\/wp-content\/uploads\/sites\/3\/2023\/06\/demandas-regadio.jpeg\",\"datePublished\":\"2023-06-13T06:56:20+00:00\",\"dateModified\":\"2023-06-13T06:58:46+00:00\",\"breadcrumb\":{\"@id\":\"https:\/\/es.greenpeace.org\/es\/en-profundidad\/la-burbuja-del-regadio-en-espana\/demandas-de-greenpeace-para-un-regadio-sostenible\/#breadcrumb\"},\"inLanguage\":\"es\",\"potentialAction\":[{\"@type\":\"ReadAction\",\"target\":[\"https:\/\/es.greenpeace.org\/es\/en-profundidad\/la-burbuja-del-regadio-en-espana\/demandas-de-greenpeace-para-un-regadio-sostenible\/\"]}]},{\"@type\":\"ImageObject\",\"inLanguage\":\"es\",\"@id\":\"https:\/\/es.greenpeace.org\/es\/en-profundidad\/la-burbuja-del-regadio-en-espana\/demandas-de-greenpeace-para-un-regadio-sostenible\/#primaryimage\",\"url\":\"https:\/\/es.greenpeace.org\/es\/wp-content\/uploads\/sites\/3\/2023\/06\/demandas-regadio.jpeg\",\"contentUrl\":\"https:\/\/es.greenpeace.org\/es\/wp-content\/uploads\/sites\/3\/2023\/06\/demandas-regadio.jpeg\",\"width\":1280,\"height\":959},{\"@type\":\"BreadcrumbList\",\"@id\":\"https:\/\/es.greenpeace.org\/es\/en-profundidad\/la-burbuja-del-regadio-en-espana\/demandas-de-greenpeace-para-un-regadio-sostenible\/#breadcrumb\",\"itemListElement\":[{\"@type\":\"ListItem\",\"position\":1,\"name\":\"Home\",\"item\":\"https:\/\/es.greenpeace.org\/es\/\"},{\"@type\":\"ListItem\",\"position\":2,\"name\":\"La burbuja del regad\u00edo en Espa\u00f1a\",\"item\":\"https:\/\/es.greenpeace.org\/es\/en-profundidad\/la-burbuja-del-regadio-en-espana\/\"},{\"@type\":\"ListItem\",\"position\":3,\"name\":\"Demandas de Greenpeace para un regad\u00edo sostenible\"}]},{\"@type\":\"WebSite\",\"@id\":\"https:\/\/es.greenpeace.org\/es\/#website\",\"url\":\"https:\/\/es.greenpeace.org\/es\/\",\"name\":\"Greenpeace Espa\u00f1a\",\"description\":\"\",\"publisher\":{\"@id\":\"https:\/\/es.greenpeace.org\/es\/#organization\"},\"potentialAction\":[{\"@type\":\"SearchAction\",\"target\":{\"@type\":\"EntryPoint\",\"urlTemplate\":\"https:\/\/es.greenpeace.org\/es\/?s={search_term_string}\"},\"query-input\":{\"@type\":\"PropertyValueSpecification\",\"valueRequired\":true,\"valueName\":\"search_term_string\"}}],\"inLanguage\":\"es\"},{\"@type\":\"Organization\",\"@id\":\"https:\/\/es.greenpeace.org\/es\/#organization\",\"name\":\"Greenpeace Espa\u00f1a\",\"alternateName\":\"Greenpeace\",\"url\":\"https:\/\/es.greenpeace.org\/es\/\",\"logo\":{\"@type\":\"ImageObject\",\"inLanguage\":\"es\",\"@id\":\"https:\/\/es.greenpeace.org\/es\/#\/schema\/logo\/image\/\",\"url\":\"https:\/\/es.greenpeace.org\/es\/wp-content\/uploads\/sites\/3\/2024\/07\/greenpeace-logo-verde.svg\",\"contentUrl\":\"https:\/\/es.greenpeace.org\/es\/wp-content\/uploads\/sites\/3\/2024\/07\/greenpeace-logo-verde.svg\",\"width\":1,\"height\":1,\"caption\":\"Greenpeace Espa\u00f1a\"},\"image\":{\"@id\":\"https:\/\/es.greenpeace.org\/es\/#\/schema\/logo\/image\/\"},\"sameAs\":[\"https:\/\/www.facebook.com\/greenpeace.spain\",\"https:\/\/x.com\/greenpeace_esp\",\"https:\/\/www.instagram.com\/greenpeace_esp\/\"]}]}<\/script>\n<!-- \/ Yoast SEO plugin. -->","yoast_head_json":{"title":"Demandas de Greenpeace para un regad\u00edo sostenible - ES | Greenpeace Espa\u00f1a","robots":{"index":"index","follow":"follow","max-snippet":"max-snippet:-1","max-image-preview":"max-image-preview:large","max-video-preview":"max-video-preview:-1"},"canonical":"https:\/\/es.greenpeace.org\/es\/en-profundidad\/la-burbuja-del-regadio-en-espana\/demandas-de-greenpeace-para-un-regadio-sostenible\/","og_locale":"es_ES","og_type":"article","og_title":"Demandas de Greenpeace para un regad\u00edo sostenible - ES | Greenpeace Espa\u00f1a","og_description":"#1 Hoja de ruta para acoplar el regad\u00edo a la disponibilidad h\u00eddrica de manera que se garantice el abastecimiento de las poblaciones, los caudales ecol\u00f3gicos y otros usos prioritarios. #2 Transici\u00f3n hidrol\u00f3gica justa con un reparto equitativo de los recursos en cantidad y calidad suficiente, lo que implica tomar medidas dr\u00e1sticas para lograrlo y evitar [&hellip;]","og_url":"https:\/\/es.greenpeace.org\/es\/en-profundidad\/la-burbuja-del-regadio-en-espana\/demandas-de-greenpeace-para-un-regadio-sostenible\/","og_site_name":"ES | Greenpeace Espa\u00f1a","article_publisher":"https:\/\/www.facebook.com\/greenpeace.spain","article_modified_time":"2023-06-13T06:58:46+00:00","og_image":[{"width":1280,"height":959,"url":"https:\/\/es.greenpeace.org\/es\/wp-content\/uploads\/sites\/3\/2023\/06\/demandas-regadio.jpeg","type":"image\/jpeg"}],"twitter_card":"summary_large_image","twitter_site":"@greenpeace_esp","twitter_misc":{"Tiempo de lectura":"2 minutos"},"schema":{"@context":"https:\/\/schema.org","@graph":[{"@type":"WebPage","@id":"https:\/\/es.greenpeace.org\/es\/en-profundidad\/la-burbuja-del-regadio-en-espana\/demandas-de-greenpeace-para-un-regadio-sostenible\/","url":"https:\/\/es.greenpeace.org\/es\/en-profundidad\/la-burbuja-del-regadio-en-espana\/demandas-de-greenpeace-para-un-regadio-sostenible\/","name":"Demandas de Greenpeace para un regad\u00edo sostenible - ES | Greenpeace Espa\u00f1a","isPartOf":{"@id":"https:\/\/es.greenpeace.org\/es\/#website"},"primaryImageOfPage":{"@id":"https:\/\/es.greenpeace.org\/es\/en-profundidad\/la-burbuja-del-regadio-en-espana\/demandas-de-greenpeace-para-un-regadio-sostenible\/#primaryimage"},"image":{"@id":"https:\/\/es.greenpeace.org\/es\/en-profundidad\/la-burbuja-del-regadio-en-espana\/demandas-de-greenpeace-para-un-regadio-sostenible\/#primaryimage"},"thumbnailUrl":"https:\/\/es.greenpeace.org\/es\/wp-content\/uploads\/sites\/3\/2023\/06\/demandas-regadio.jpeg","datePublished":"2023-06-13T06:56:20+00:00","dateModified":"2023-06-13T06:58:46+00:00","breadcrumb":{"@id":"https:\/\/es.greenpeace.org\/es\/en-profundidad\/la-burbuja-del-regadio-en-espana\/demandas-de-greenpeace-para-un-regadio-sostenible\/#breadcrumb"},"inLanguage":"es","potentialAction":[{"@type":"ReadAction","target":["https:\/\/es.greenpeace.org\/es\/en-profundidad\/la-burbuja-del-regadio-en-espana\/demandas-de-greenpeace-para-un-regadio-sostenible\/"]}]},{"@type":"ImageObject","inLanguage":"es","@id":"https:\/\/es.greenpeace.org\/es\/en-profundidad\/la-burbuja-del-regadio-en-espana\/demandas-de-greenpeace-para-un-regadio-sostenible\/#primaryimage","url":"https:\/\/es.greenpeace.org\/es\/wp-content\/uploads\/sites\/3\/2023\/06\/demandas-regadio.jpeg","contentUrl":"https:\/\/es.greenpeace.org\/es\/wp-content\/uploads\/sites\/3\/2023\/06\/demandas-regadio.jpeg","width":1280,"height":959},{"@type":"BreadcrumbList","@id":"https:\/\/es.greenpeace.org\/es\/en-profundidad\/la-burbuja-del-regadio-en-espana\/demandas-de-greenpeace-para-un-regadio-sostenible\/#breadcrumb","itemListElement":[{"@type":"ListItem","position":1,"name":"Home","item":"https:\/\/es.greenpeace.org\/es\/"},{"@type":"ListItem","position":2,"name":"La burbuja del regad\u00edo en Espa\u00f1a","item":"https:\/\/es.greenpeace.org\/es\/en-profundidad\/la-burbuja-del-regadio-en-espana\/"},{"@type":"ListItem","position":3,"name":"Demandas de Greenpeace para un regad\u00edo sostenible"}]},{"@type":"WebSite","@id":"https:\/\/es.greenpeace.org\/es\/#website","url":"https:\/\/es.greenpeace.org\/es\/","name":"Greenpeace Espa\u00f1a","description":"","publisher":{"@id":"https:\/\/es.greenpeace.org\/es\/#organization"},"potentialAction":[{"@type":"SearchAction","target":{"@type":"EntryPoint","urlTemplate":"https:\/\/es.greenpeace.org\/es\/?s={search_term_string}"},"query-input":{"@type":"PropertyValueSpecification","valueRequired":true,"valueName":"search_term_string"}}],"inLanguage":"es"},{"@type":"Organization","@id":"https:\/\/es.greenpeace.org\/es\/#organization","name":"Greenpeace Espa\u00f1a","alternateName":"Greenpeace","url":"https:\/\/es.greenpeace.org\/es\/","logo":{"@type":"ImageObject","inLanguage":"es","@id":"https:\/\/es.greenpeace.org\/es\/#\/schema\/logo\/image\/","url":"https:\/\/es.greenpeace.org\/es\/wp-content\/uploads\/sites\/3\/2024\/07\/greenpeace-logo-verde.svg","contentUrl":"https:\/\/es.greenpeace.org\/es\/wp-content\/uploads\/sites\/3\/2024\/07\/greenpeace-logo-verde.svg","width":1,"height":1,"caption":"Greenpeace Espa\u00f1a"},"image":{"@id":"https:\/\/es.greenpeace.org\/es\/#\/schema\/logo\/image\/"},"sameAs":["https:\/\/www.facebook.com\/greenpeace.spain","https:\/\/x.com\/greenpeace_esp","https:\/\/www.instagram.com\/greenpeace_esp\/"]}]}},"_links":{"self":[{"href":"https:\/\/es.greenpeace.org\/es\/wp-json\/wp\/v2\/post_profundidad\/51203","targetHints":{"allow":["GET"]}}],"collection":[{"href":"https:\/\/es.greenpeace.org\/es\/wp-json\/wp\/v2\/post_profundidad"}],"about":[{"href":"https:\/\/es.greenpeace.org\/es\/wp-json\/wp\/v2\/types\/post_profundidad"}],"author":[{"embeddable":true,"href":"https:\/\/es.greenpeace.org\/es\/wp-json\/wp\/v2\/users\/1"}],"version-history":[{"count":10,"href":"https:\/\/es.greenpeace.org\/es\/wp-json\/wp\/v2\/post_profundidad\/51203\/revisions"}],"predecessor-version":[{"id":51391,"href":"https:\/\/es.greenpeace.org\/es\/wp-json\/wp\/v2\/post_profundidad\/51203\/revisions\/51391"}],"up":[{"embeddable":true,"href":"https:\/\/es.greenpeace.org\/es\/wp-json\/wp\/v2\/post_profundidad\/51095"}],"wp:featuredmedia":[{"embeddable":true,"href":"https:\/\/es.greenpeace.org\/es\/wp-json\/wp\/v2\/media\/51238"}],"wp:attachment":[{"href":"https:\/\/es.greenpeace.org\/es\/wp-json\/wp\/v2\/media?parent=51203"}],"wp:term":[{"taxonomy":"category","embeddable":true,"href":"https:\/\/es.greenpeace.org\/es\/wp-json\/wp\/v2\/categories?post=51203"},{"taxonomy":"post_tag","embeddable":true,"href":"https:\/\/es.greenpeace.org\/es\/wp-json\/wp\/v2\/tags?post=51203"}],"curies":[{"name":"wp","href":"https:\/\/api.w.org\/{rel}","templated":true}]}}