{"id":53175,"date":"2023-09-19T09:21:04","date_gmt":"2023-09-19T07:21:04","guid":{"rendered":"https:\/\/es.greenpeace.org\/es\/?post_type=post_profundidad&#038;p=53175"},"modified":"2023-09-19T09:21:05","modified_gmt":"2023-09-19T07:21:05","slug":"como-se-podria-financiar-un-abono-unico-en-nuestro-pais","status":"publish","type":"post_profundidad","link":"https:\/\/es.greenpeace.org\/es\/en-profundidad\/necesitamos-un-abono-unico-de-transporte\/como-se-podria-financiar-un-abono-unico-en-nuestro-pais\/","title":{"rendered":"\u00bfC\u00f3mo se podr\u00eda financiar un abono \u00fanico en nuestro pa\u00eds?"},"content":{"rendered":"\n<p>Una de las preocupaciones habituales es \u201cUy, esto tiene que ser car\u00edsimo\u201d. Un abono transporte \u00fanico de transporte necesita una buena financiaci\u00f3n. \u00a1Por supuesto! Se trata de que sea asequible, un bien com\u00fan, incluso un derecho.&nbsp;<\/p>\n\n\n\n<p>\u00a1Quien contamina paga! Hay opciones de impuestos medioambientales que se podr\u00edan aplicar al transporte y supondr\u00eda una <strong>reducci\u00f3n de entre 5,3% y un 12,9% de las emisiones de CO2<\/strong>, a la vez que se aumenta la recaudaci\u00f3n.<\/p>\n\n\n\n<style>\n    .loop-video-container {\n        position: relative;\n        display: block;\n        width: 100%;\n        padding: 0;\n        overflow: hidden;\n        margin-top: 1em;\n        margin-bottom: 1em;\n    }\n\n    .loop-video-container video {\n        max-width: 100%;\n    }\n<\/style>\n<div class=\"loop-video-container\">\n    <video autoplay=\"autoplay\" loop=\"loop\" muted=\"muted\" playsinline=\"playsinline\">\n        <source src=\"https:\/\/storage.googleapis.com\/gpes-static\/movilidad\/aviones.mp4\"\n            type=\"video\/mp4\" \/>\n    <\/video>\n<\/div>\n\n\n\n<p>Veamos las opciones de financiaci\u00f3n y saquemos la calculadora:<\/p>\n\n\n\n<ul class=\"wp-block-list\">\n<li><strong>Impuesto al queroseno de los aviones<\/strong>. \u00bfTe parece que pagas muchos impuestos en la gasolinera? \u00a1Pues las compa\u00f1\u00edas a\u00e9reas no pagan NADA! Parece mentira, pero a d\u00eda de hoy, este combustible est\u00e1 100% libre de impuestos \ud83d\udcb0 Espa\u00f1a podr\u00eda ingresar <strong>4.610 millones \u20ac\/a\u00f1o<\/strong>.<\/li>\n<\/ul>\n\n\n\n<ul class=\"wp-block-list\">\n<li><strong>Adi\u00f3s a la ventaja fiscal del diesel sobre la gasolina<\/strong>. Igualando este impuesto se puede aumentar la recaudaci\u00f3n entre \ud83d\udcb0 <strong>2.621,3 millones de euros y 6.850,2 millones de euros<\/strong>.<\/li>\n<\/ul>\n\n\n\n<ul class=\"wp-block-list\">\n<li><strong>Aumento del impuesto sobre hidrocarburos<\/strong>. Esta subida sobre gas natural y carburantes, principalmente, recaudar\u00eda un extra de entre \ud83d\udcb0 <strong>634,1 y 1.960,6 millones de euros<\/strong>.<\/li>\n<\/ul>\n\n\n\n<ul class=\"wp-block-list\">\n<li><strong>Que los billetes de avi\u00f3n internacionales empiecen a cobrar tambi\u00e9n el IVA<\/strong>. El avi\u00f3n contamina 20 veces m\u00e1s que el tren. Un sistema fiscal justo basado en las emisiones de CO2 reducir\u00eda adem\u00e1s, la demanda de vuelos contaminantes. Podr\u00edamos recaudar as\u00ed unos \ud83d\udcb0 <strong>951,8 millones de euros<\/strong>.<\/li>\n<\/ul>\n\n\n\n<ul class=\"wp-block-list\">\n<li><strong>Basta de financiar combustibles f\u00f3siles<\/strong>. Si invertimos la bonificaci\u00f3n del descuento de 0,20\u20ac de combustible aplicado en 2022 al abono \u00fanico de transporte dispondr\u00edamos de \ud83d\udcb0 <strong>6.000 millones de \u20ac<\/strong>.<\/li>\n<\/ul>\n\n\n\n<ul class=\"wp-block-list\">\n<li><strong>Un impuesto sobre las ganancias extraordinarias de las empresas de combustibles f\u00f3siles<\/strong>. La ONU pide gravar los beneficios extraordinarios de las petroleras, gasistas y el\u00e9ctricas para \ud83d\udcb0que paguen para paliar los da\u00f1os de la crisis clim\u00e1tica que han provocado. \u00a1Que as\u00ed sea!<\/li>\n<\/ul>\n","protected":false},"author":1,"featured_media":53202,"parent":53140,"menu_order":3,"template":"","meta":{"_acf_changed":false,"footnotes":""},"categories":[35,564],"tags":[161,565],"class_list":["post-53175","post_profundidad","type-post_profundidad","status-publish","has-post-thumbnail","hentry","category-cambio-climatico","category-movilidad","tag-movilidad-sostenible","tag-transporte-publico"],"acf":[],"yoast_head":"<!-- This site is optimized with the Yoast SEO plugin v27.1.1 - https:\/\/yoast.com\/product\/yoast-seo-wordpress\/ -->\n<title>\u00bfC\u00f3mo se podr\u00eda financiar un abono \u00fanico en nuestro pa\u00eds? - ES | Greenpeace Espa\u00f1a<\/title>\n<meta name=\"robots\" content=\"index, follow, max-snippet:-1, max-image-preview:large, max-video-preview:-1\" \/>\n<link rel=\"canonical\" href=\"https:\/\/es.greenpeace.org\/es\/en-profundidad\/necesitamos-un-abono-unico-de-transporte\/como-se-podria-financiar-un-abono-unico-en-nuestro-pais\/\" \/>\n<meta property=\"og:locale\" content=\"es_ES\" \/>\n<meta property=\"og:type\" content=\"article\" \/>\n<meta property=\"og:title\" content=\"\u00bfC\u00f3mo se podr\u00eda financiar un abono \u00fanico en nuestro pa\u00eds? - ES | Greenpeace Espa\u00f1a\" \/>\n<meta property=\"og:description\" content=\"Una de las preocupaciones habituales es \u201cUy, esto tiene que ser car\u00edsimo\u201d. Un abono transporte \u00fanico de transporte necesita una buena financiaci\u00f3n. \u00a1Por supuesto! Se trata de que sea asequible, un bien com\u00fan, incluso un derecho.&nbsp; \u00a1Quien contamina paga! Hay opciones de impuestos medioambientales que se podr\u00edan aplicar al transporte y supondr\u00eda una reducci\u00f3n de [&hellip;]\" \/>\n<meta property=\"og:url\" content=\"https:\/\/es.greenpeace.org\/es\/en-profundidad\/necesitamos-un-abono-unico-de-transporte\/como-se-podria-financiar-un-abono-unico-en-nuestro-pais\/\" \/>\n<meta property=\"og:site_name\" content=\"ES | Greenpeace Espa\u00f1a\" \/>\n<meta property=\"article:publisher\" content=\"https:\/\/www.facebook.com\/greenpeace.spain\" \/>\n<meta property=\"article:modified_time\" content=\"2023-09-19T07:21:05+00:00\" \/>\n<meta property=\"og:image\" content=\"https:\/\/es.greenpeace.org\/es\/wp-content\/uploads\/sites\/3\/2023\/09\/pexels-maria-tyutina-249581-scaled.jpg\" \/>\n\t<meta property=\"og:image:width\" content=\"2560\" \/>\n\t<meta property=\"og:image:height\" content=\"1707\" \/>\n\t<meta property=\"og:image:type\" content=\"image\/jpeg\" \/>\n<meta name=\"twitter:card\" content=\"summary_large_image\" \/>\n<meta name=\"twitter:site\" content=\"@greenpeace_esp\" \/>\n<meta name=\"twitter:label1\" content=\"Tiempo de lectura\" \/>\n\t<meta name=\"twitter:data1\" content=\"2 minutos\" \/>\n<script type=\"application\/ld+json\" class=\"yoast-schema-graph\">{\"@context\":\"https:\/\/schema.org\",\"@graph\":[{\"@type\":\"WebPage\",\"@id\":\"https:\/\/es.greenpeace.org\/es\/en-profundidad\/necesitamos-un-abono-unico-de-transporte\/como-se-podria-financiar-un-abono-unico-en-nuestro-pais\/\",\"url\":\"https:\/\/es.greenpeace.org\/es\/en-profundidad\/necesitamos-un-abono-unico-de-transporte\/como-se-podria-financiar-un-abono-unico-en-nuestro-pais\/\",\"name\":\"\u00bfC\u00f3mo se podr\u00eda financiar un abono \u00fanico en nuestro pa\u00eds? - ES | Greenpeace Espa\u00f1a\",\"isPartOf\":{\"@id\":\"https:\/\/es.greenpeace.org\/es\/#website\"},\"primaryImageOfPage\":{\"@id\":\"https:\/\/es.greenpeace.org\/es\/en-profundidad\/necesitamos-un-abono-unico-de-transporte\/como-se-podria-financiar-un-abono-unico-en-nuestro-pais\/#primaryimage\"},\"image\":{\"@id\":\"https:\/\/es.greenpeace.org\/es\/en-profundidad\/necesitamos-un-abono-unico-de-transporte\/como-se-podria-financiar-un-abono-unico-en-nuestro-pais\/#primaryimage\"},\"thumbnailUrl\":\"https:\/\/es.greenpeace.org\/es\/wp-content\/uploads\/sites\/3\/2023\/09\/pexels-maria-tyutina-249581-scaled.jpg\",\"datePublished\":\"2023-09-19T07:21:04+00:00\",\"dateModified\":\"2023-09-19T07:21:05+00:00\",\"breadcrumb\":{\"@id\":\"https:\/\/es.greenpeace.org\/es\/en-profundidad\/necesitamos-un-abono-unico-de-transporte\/como-se-podria-financiar-un-abono-unico-en-nuestro-pais\/#breadcrumb\"},\"inLanguage\":\"es\",\"potentialAction\":[{\"@type\":\"ReadAction\",\"target\":[\"https:\/\/es.greenpeace.org\/es\/en-profundidad\/necesitamos-un-abono-unico-de-transporte\/como-se-podria-financiar-un-abono-unico-en-nuestro-pais\/\"]}]},{\"@type\":\"ImageObject\",\"inLanguage\":\"es\",\"@id\":\"https:\/\/es.greenpeace.org\/es\/en-profundidad\/necesitamos-un-abono-unico-de-transporte\/como-se-podria-financiar-un-abono-unico-en-nuestro-pais\/#primaryimage\",\"url\":\"https:\/\/es.greenpeace.org\/es\/wp-content\/uploads\/sites\/3\/2023\/09\/pexels-maria-tyutina-249581-scaled.jpg\",\"contentUrl\":\"https:\/\/es.greenpeace.org\/es\/wp-content\/uploads\/sites\/3\/2023\/09\/pexels-maria-tyutina-249581-scaled.jpg\",\"width\":2560,\"height\":1707},{\"@type\":\"BreadcrumbList\",\"@id\":\"https:\/\/es.greenpeace.org\/es\/en-profundidad\/necesitamos-un-abono-unico-de-transporte\/como-se-podria-financiar-un-abono-unico-en-nuestro-pais\/#breadcrumb\",\"itemListElement\":[{\"@type\":\"ListItem\",\"position\":1,\"name\":\"Home\",\"item\":\"https:\/\/es.greenpeace.org\/es\/\"},{\"@type\":\"ListItem\",\"position\":2,\"name\":\"Necesitamos un abono \u00fanico de transporte\",\"item\":\"https:\/\/es.greenpeace.org\/es\/en-profundidad\/necesitamos-un-abono-unico-de-transporte\/\"},{\"@type\":\"ListItem\",\"position\":3,\"name\":\"\u00bfC\u00f3mo se podr\u00eda financiar un abono \u00fanico en nuestro pa\u00eds?\"}]},{\"@type\":\"WebSite\",\"@id\":\"https:\/\/es.greenpeace.org\/es\/#website\",\"url\":\"https:\/\/es.greenpeace.org\/es\/\",\"name\":\"Greenpeace Espa\u00f1a\",\"description\":\"\",\"publisher\":{\"@id\":\"https:\/\/es.greenpeace.org\/es\/#organization\"},\"potentialAction\":[{\"@type\":\"SearchAction\",\"target\":{\"@type\":\"EntryPoint\",\"urlTemplate\":\"https:\/\/es.greenpeace.org\/es\/?s={search_term_string}\"},\"query-input\":{\"@type\":\"PropertyValueSpecification\",\"valueRequired\":true,\"valueName\":\"search_term_string\"}}],\"inLanguage\":\"es\"},{\"@type\":\"Organization\",\"@id\":\"https:\/\/es.greenpeace.org\/es\/#organization\",\"name\":\"Greenpeace Espa\u00f1a\",\"alternateName\":\"Greenpeace\",\"url\":\"https:\/\/es.greenpeace.org\/es\/\",\"logo\":{\"@type\":\"ImageObject\",\"inLanguage\":\"es\",\"@id\":\"https:\/\/es.greenpeace.org\/es\/#\/schema\/logo\/image\/\",\"url\":\"https:\/\/es.greenpeace.org\/es\/wp-content\/uploads\/sites\/3\/2024\/07\/greenpeace-logo-verde.svg\",\"contentUrl\":\"https:\/\/es.greenpeace.org\/es\/wp-content\/uploads\/sites\/3\/2024\/07\/greenpeace-logo-verde.svg\",\"width\":1,\"height\":1,\"caption\":\"Greenpeace Espa\u00f1a\"},\"image\":{\"@id\":\"https:\/\/es.greenpeace.org\/es\/#\/schema\/logo\/image\/\"},\"sameAs\":[\"https:\/\/www.facebook.com\/greenpeace.spain\",\"https:\/\/x.com\/greenpeace_esp\",\"https:\/\/www.instagram.com\/greenpeace_esp\/\"]}]}<\/script>\n<!-- \/ Yoast SEO plugin. -->","yoast_head_json":{"title":"\u00bfC\u00f3mo se podr\u00eda financiar un abono \u00fanico en nuestro pa\u00eds? - ES | Greenpeace Espa\u00f1a","robots":{"index":"index","follow":"follow","max-snippet":"max-snippet:-1","max-image-preview":"max-image-preview:large","max-video-preview":"max-video-preview:-1"},"canonical":"https:\/\/es.greenpeace.org\/es\/en-profundidad\/necesitamos-un-abono-unico-de-transporte\/como-se-podria-financiar-un-abono-unico-en-nuestro-pais\/","og_locale":"es_ES","og_type":"article","og_title":"\u00bfC\u00f3mo se podr\u00eda financiar un abono \u00fanico en nuestro pa\u00eds? - ES | Greenpeace Espa\u00f1a","og_description":"Una de las preocupaciones habituales es \u201cUy, esto tiene que ser car\u00edsimo\u201d. Un abono transporte \u00fanico de transporte necesita una buena financiaci\u00f3n. \u00a1Por supuesto! Se trata de que sea asequible, un bien com\u00fan, incluso un derecho.&nbsp; \u00a1Quien contamina paga! Hay opciones de impuestos medioambientales que se podr\u00edan aplicar al transporte y supondr\u00eda una reducci\u00f3n de [&hellip;]","og_url":"https:\/\/es.greenpeace.org\/es\/en-profundidad\/necesitamos-un-abono-unico-de-transporte\/como-se-podria-financiar-un-abono-unico-en-nuestro-pais\/","og_site_name":"ES | Greenpeace Espa\u00f1a","article_publisher":"https:\/\/www.facebook.com\/greenpeace.spain","article_modified_time":"2023-09-19T07:21:05+00:00","og_image":[{"width":2560,"height":1707,"url":"https:\/\/es.greenpeace.org\/es\/wp-content\/uploads\/sites\/3\/2023\/09\/pexels-maria-tyutina-249581-scaled.jpg","type":"image\/jpeg"}],"twitter_card":"summary_large_image","twitter_site":"@greenpeace_esp","twitter_misc":{"Tiempo de lectura":"2 minutos"},"schema":{"@context":"https:\/\/schema.org","@graph":[{"@type":"WebPage","@id":"https:\/\/es.greenpeace.org\/es\/en-profundidad\/necesitamos-un-abono-unico-de-transporte\/como-se-podria-financiar-un-abono-unico-en-nuestro-pais\/","url":"https:\/\/es.greenpeace.org\/es\/en-profundidad\/necesitamos-un-abono-unico-de-transporte\/como-se-podria-financiar-un-abono-unico-en-nuestro-pais\/","name":"\u00bfC\u00f3mo se podr\u00eda financiar un abono \u00fanico en nuestro pa\u00eds? - ES | Greenpeace Espa\u00f1a","isPartOf":{"@id":"https:\/\/es.greenpeace.org\/es\/#website"},"primaryImageOfPage":{"@id":"https:\/\/es.greenpeace.org\/es\/en-profundidad\/necesitamos-un-abono-unico-de-transporte\/como-se-podria-financiar-un-abono-unico-en-nuestro-pais\/#primaryimage"},"image":{"@id":"https:\/\/es.greenpeace.org\/es\/en-profundidad\/necesitamos-un-abono-unico-de-transporte\/como-se-podria-financiar-un-abono-unico-en-nuestro-pais\/#primaryimage"},"thumbnailUrl":"https:\/\/es.greenpeace.org\/es\/wp-content\/uploads\/sites\/3\/2023\/09\/pexels-maria-tyutina-249581-scaled.jpg","datePublished":"2023-09-19T07:21:04+00:00","dateModified":"2023-09-19T07:21:05+00:00","breadcrumb":{"@id":"https:\/\/es.greenpeace.org\/es\/en-profundidad\/necesitamos-un-abono-unico-de-transporte\/como-se-podria-financiar-un-abono-unico-en-nuestro-pais\/#breadcrumb"},"inLanguage":"es","potentialAction":[{"@type":"ReadAction","target":["https:\/\/es.greenpeace.org\/es\/en-profundidad\/necesitamos-un-abono-unico-de-transporte\/como-se-podria-financiar-un-abono-unico-en-nuestro-pais\/"]}]},{"@type":"ImageObject","inLanguage":"es","@id":"https:\/\/es.greenpeace.org\/es\/en-profundidad\/necesitamos-un-abono-unico-de-transporte\/como-se-podria-financiar-un-abono-unico-en-nuestro-pais\/#primaryimage","url":"https:\/\/es.greenpeace.org\/es\/wp-content\/uploads\/sites\/3\/2023\/09\/pexels-maria-tyutina-249581-scaled.jpg","contentUrl":"https:\/\/es.greenpeace.org\/es\/wp-content\/uploads\/sites\/3\/2023\/09\/pexels-maria-tyutina-249581-scaled.jpg","width":2560,"height":1707},{"@type":"BreadcrumbList","@id":"https:\/\/es.greenpeace.org\/es\/en-profundidad\/necesitamos-un-abono-unico-de-transporte\/como-se-podria-financiar-un-abono-unico-en-nuestro-pais\/#breadcrumb","itemListElement":[{"@type":"ListItem","position":1,"name":"Home","item":"https:\/\/es.greenpeace.org\/es\/"},{"@type":"ListItem","position":2,"name":"Necesitamos un abono \u00fanico de transporte","item":"https:\/\/es.greenpeace.org\/es\/en-profundidad\/necesitamos-un-abono-unico-de-transporte\/"},{"@type":"ListItem","position":3,"name":"\u00bfC\u00f3mo se podr\u00eda financiar un abono \u00fanico en nuestro pa\u00eds?"}]},{"@type":"WebSite","@id":"https:\/\/es.greenpeace.org\/es\/#website","url":"https:\/\/es.greenpeace.org\/es\/","name":"Greenpeace Espa\u00f1a","description":"","publisher":{"@id":"https:\/\/es.greenpeace.org\/es\/#organization"},"potentialAction":[{"@type":"SearchAction","target":{"@type":"EntryPoint","urlTemplate":"https:\/\/es.greenpeace.org\/es\/?s={search_term_string}"},"query-input":{"@type":"PropertyValueSpecification","valueRequired":true,"valueName":"search_term_string"}}],"inLanguage":"es"},{"@type":"Organization","@id":"https:\/\/es.greenpeace.org\/es\/#organization","name":"Greenpeace Espa\u00f1a","alternateName":"Greenpeace","url":"https:\/\/es.greenpeace.org\/es\/","logo":{"@type":"ImageObject","inLanguage":"es","@id":"https:\/\/es.greenpeace.org\/es\/#\/schema\/logo\/image\/","url":"https:\/\/es.greenpeace.org\/es\/wp-content\/uploads\/sites\/3\/2024\/07\/greenpeace-logo-verde.svg","contentUrl":"https:\/\/es.greenpeace.org\/es\/wp-content\/uploads\/sites\/3\/2024\/07\/greenpeace-logo-verde.svg","width":1,"height":1,"caption":"Greenpeace Espa\u00f1a"},"image":{"@id":"https:\/\/es.greenpeace.org\/es\/#\/schema\/logo\/image\/"},"sameAs":["https:\/\/www.facebook.com\/greenpeace.spain","https:\/\/x.com\/greenpeace_esp","https:\/\/www.instagram.com\/greenpeace_esp\/"]}]}},"_links":{"self":[{"href":"https:\/\/es.greenpeace.org\/es\/wp-json\/wp\/v2\/post_profundidad\/53175","targetHints":{"allow":["GET"]}}],"collection":[{"href":"https:\/\/es.greenpeace.org\/es\/wp-json\/wp\/v2\/post_profundidad"}],"about":[{"href":"https:\/\/es.greenpeace.org\/es\/wp-json\/wp\/v2\/types\/post_profundidad"}],"author":[{"embeddable":true,"href":"https:\/\/es.greenpeace.org\/es\/wp-json\/wp\/v2\/users\/1"}],"version-history":[{"count":7,"href":"https:\/\/es.greenpeace.org\/es\/wp-json\/wp\/v2\/post_profundidad\/53175\/revisions"}],"predecessor-version":[{"id":53205,"href":"https:\/\/es.greenpeace.org\/es\/wp-json\/wp\/v2\/post_profundidad\/53175\/revisions\/53205"}],"up":[{"embeddable":true,"href":"https:\/\/es.greenpeace.org\/es\/wp-json\/wp\/v2\/post_profundidad\/53140"}],"wp:featuredmedia":[{"embeddable":true,"href":"https:\/\/es.greenpeace.org\/es\/wp-json\/wp\/v2\/media\/53202"}],"wp:attachment":[{"href":"https:\/\/es.greenpeace.org\/es\/wp-json\/wp\/v2\/media?parent=53175"}],"wp:term":[{"taxonomy":"category","embeddable":true,"href":"https:\/\/es.greenpeace.org\/es\/wp-json\/wp\/v2\/categories?post=53175"},{"taxonomy":"post_tag","embeddable":true,"href":"https:\/\/es.greenpeace.org\/es\/wp-json\/wp\/v2\/tags?post=53175"}],"curies":[{"name":"wp","href":"https:\/\/api.w.org\/{rel}","templated":true}]}}