{"id":53184,"date":"2023-09-19T09:21:27","date_gmt":"2023-09-19T07:21:27","guid":{"rendered":"https:\/\/es.greenpeace.org\/es\/?post_type=post_profundidad&#038;p=53184"},"modified":"2023-09-19T09:21:28","modified_gmt":"2023-09-19T07:21:28","slug":"ventajas-para-el-medio-ambiente-y-las-personas","status":"publish","type":"post_profundidad","link":"https:\/\/es.greenpeace.org\/es\/en-profundidad\/necesitamos-un-abono-unico-de-transporte\/ventajas-para-el-medio-ambiente-y-las-personas\/","title":{"rendered":"Ventajas para el medio ambiente y las personas"},"content":{"rendered":"\n<p>La implantaci\u00f3n de un abono \u00fanico de transporte en nuestro pa\u00eds solo trae ventajas para el planeta y las personas.<\/p>\n\n\n\n<h5 class=\"wp-block-heading\">Menos coches, m\u00e1s salud y clima<\/h5>\n\n\n\n<p>Gracias al precio asequible que tendr\u00e1 el abono \u00fanico de transporte se producir\u00e1 un trasvase de viajeros del veh\u00edculo privado al transporte p\u00fablico y, como consecuencia, <strong><mark style=\"background-color:#fdf6b2\" class=\"has-inline-color\">se reducir\u00e1n notablemente las emisiones de CO2 de los autom\u00f3viles<\/mark><\/strong> y de otras part\u00edculas altamente contaminantes. Una movilidad m\u00e1s limpia y responsable tiene un claro impacto en la lucha contra el cambio clim\u00e1tico y la mala calidad del aire.<\/p>\n\n\n\n<p>El transporte p\u00fablico consume mucha menos energ\u00eda y provoca muchas menos emisiones de gases de efecto invernadero (GEI) que los coches o los aviones. Seg\u00fan datos de la AEMA, <strong>los trenes emiten en la UE una media de 33 gramos de GEI por pasajero-kil\u00f3metro<\/strong>, los autobuses 80g, los coches 143g y los vuelos 160g.<\/p>\n\n\n\n<div class=\"row py-1\">\n<div class=\"col-md-6 text-center content py-4 d-flex flex-column\">\n\n<span class=\"custom-3 d-block mb-auto\">Un viaje en coche emite<\/span>\n<div class=\"d-block d-flex flex-column py-2\" style=\"flex: 1;\"><span class=\"number-3 m-auto\">4 veces<\/span>\ngases de efecto invernadero m\u00e1s<\/div>\nque en transporte p\u00fablico.\n\n<\/div>\n<div class=\"col-md-6 text-center content py-4 d-flex flex-column\">\n\n<span class=\"custom-3 d-block mb-auto\">El abono \u00fanico podr\u00eda reducir<\/span>\n<div class=\"d-block d-flex flex-column py-2\" style=\"flex: 1;\"><span class=\"number-3 m-auto\">3.000 tn <\/span>\nde C02 al d\u00eda.<\/div>\n\n<\/div>\n<\/div>\n\n\n\n<p>Teniendo estos datos en cuenta y que la prueba piloto del abono \u00fanico 9-Euro-Ticket de Alemania supuso un 10% de traslado modal del veh\u00edculo privado al transporte p\u00fablico, <strong>con la implantaci\u00f3n de los abonos \u00fanicos de transporte en Espa\u00f1a se podr\u00edan reducir alrededor de 3.000 tn\/d\u00eda de CO<\/strong><strong><sub>2.<\/sub><\/strong> En total, ofrecer billetes clim\u00e1ticos para todos los pa\u00edses en la UE podr\u00eda ahorrar 25 millones de toneladas de emisiones CO<sub>2<\/sub>, equivalentes a todas las emisiones de Letonia y Lituania.&nbsp;<\/p>\n\n\n\n<h5 class=\"wp-block-heading\">Ahorro en la econom\u00eda familiar&nbsp;<\/h5>\n\n\n\n<p>La movilidad constituye el <a href=\"https:\/\/ec.europa.eu\/eurostat\/web\/products-eurostat-news\/-\/ddn-20201130-1\">segundo mayor gasto<\/a> de los hogares europeos. Seg\u00fan el <a href=\"https:\/\/www.europarl.europa.eu\/RegData\/etudes\/ATAG\/2022\/738181\/EPRS_ATA(2022)738181_EN.pdf\">Parlamento de la UE<\/a>, la pobreza en el transporte suele estar relacionada con vulnerabilidades sociales, como la pobreza de los hogares, el desempleo o la movilidad reducida. Los grupos sociales m\u00e1s afectados son las <strong>mujeres<\/strong>, los <strong>ancianos<\/strong>, los <strong>j\u00f3venes<\/strong>, las personas con <strong>bajos ingresos<\/strong> y las discapacitadas. Vivir en una regi\u00f3n desfavorecida (zonas rurales, perif\u00e9ricas o remotas, incluidas las regiones ultraperif\u00e9ricas o las islas) tambi\u00e9n aumenta el riesgo de pobreza en el transporte.<\/p>\n\n\n\n<h5 class=\"wp-block-heading m-2 p-3 has-lightyellow-background-color has-background\">El transporte asequible es un medio f\u00e1cil y eficaz de reducir los gastos generales del hogar, al tiempo que permite a las personas satisfacer necesidades b\u00e1sicas de movilidad.<\/h5>\n\n\n\n<div class=\"row py-1\">\n<div class=\"col-md-6 text-center content py-4 d-flex flex-column\">\n\n<span class=\"custom-3 d-block mb-auto\">El uso de un coche cuesta<\/span>\n<div class=\"d-block d-flex flex-column py-2\" style=\"flex: 1;\"><span class=\"number-3 m-auto\">360\u20ac<\/span>\nal mes de media.<\/div>\n\n<\/div>\n<div class=\"col-md-6 text-center content py-4 d-flex flex-column\">\n\n<span class=\"custom-3 d-block mb-auto\">Moverse con el abono \u00fanico costar\u00eda<\/span>\n<div class=\"d-block d-flex flex-column py-2\" style=\"flex: 1;\"><span class=\"number-3 m-auto\">30\u20ac <\/span>\nal mes.<\/div>\n\n<\/div>\n<\/div>\n","protected":false},"author":1,"featured_media":53185,"parent":53140,"menu_order":4,"template":"","meta":{"_acf_changed":false,"footnotes":""},"categories":[35,564],"tags":[161,565],"class_list":["post-53184","post_profundidad","type-post_profundidad","status-publish","has-post-thumbnail","hentry","category-cambio-climatico","category-movilidad","tag-movilidad-sostenible","tag-transporte-publico"],"acf":[],"yoast_head":"<!-- This site is optimized with the Yoast SEO plugin v27.1.1 - https:\/\/yoast.com\/product\/yoast-seo-wordpress\/ -->\n<title>Ventajas para el medio ambiente y las personas - ES | Greenpeace Espa\u00f1a<\/title>\n<meta name=\"robots\" content=\"index, follow, max-snippet:-1, max-image-preview:large, max-video-preview:-1\" \/>\n<link rel=\"canonical\" href=\"https:\/\/es.greenpeace.org\/es\/en-profundidad\/necesitamos-un-abono-unico-de-transporte\/ventajas-para-el-medio-ambiente-y-las-personas\/\" \/>\n<meta property=\"og:locale\" content=\"es_ES\" \/>\n<meta property=\"og:type\" content=\"article\" \/>\n<meta property=\"og:title\" content=\"Ventajas para el medio ambiente y las personas - ES | Greenpeace Espa\u00f1a\" \/>\n<meta property=\"og:description\" content=\"La implantaci\u00f3n de un abono \u00fanico de transporte en nuestro pa\u00eds solo trae ventajas para el planeta y las personas. Menos coches, m\u00e1s salud y clima Gracias al precio asequible que tendr\u00e1 el abono \u00fanico de transporte se producir\u00e1 un trasvase de viajeros del veh\u00edculo privado al transporte p\u00fablico y, como consecuencia, se reducir\u00e1n notablemente [&hellip;]\" \/>\n<meta property=\"og:url\" content=\"https:\/\/es.greenpeace.org\/es\/en-profundidad\/necesitamos-un-abono-unico-de-transporte\/ventajas-para-el-medio-ambiente-y-las-personas\/\" \/>\n<meta property=\"og:site_name\" content=\"ES | Greenpeace Espa\u00f1a\" \/>\n<meta property=\"article:publisher\" content=\"https:\/\/www.facebook.com\/greenpeace.spain\" \/>\n<meta property=\"article:modified_time\" content=\"2023-09-19T07:21:28+00:00\" \/>\n<meta property=\"og:image\" content=\"https:\/\/es.greenpeace.org\/es\/wp-content\/uploads\/sites\/3\/2023\/09\/pexels-salo-al-71096-scaled.jpg\" \/>\n\t<meta property=\"og:image:width\" content=\"2560\" \/>\n\t<meta property=\"og:image:height\" content=\"1600\" \/>\n\t<meta property=\"og:image:type\" content=\"image\/jpeg\" \/>\n<meta name=\"twitter:card\" content=\"summary_large_image\" \/>\n<meta name=\"twitter:site\" content=\"@greenpeace_esp\" \/>\n<meta name=\"twitter:label1\" content=\"Tiempo de lectura\" \/>\n\t<meta name=\"twitter:data1\" content=\"2 minutos\" \/>\n<script type=\"application\/ld+json\" class=\"yoast-schema-graph\">{\"@context\":\"https:\/\/schema.org\",\"@graph\":[{\"@type\":\"WebPage\",\"@id\":\"https:\/\/es.greenpeace.org\/es\/en-profundidad\/necesitamos-un-abono-unico-de-transporte\/ventajas-para-el-medio-ambiente-y-las-personas\/\",\"url\":\"https:\/\/es.greenpeace.org\/es\/en-profundidad\/necesitamos-un-abono-unico-de-transporte\/ventajas-para-el-medio-ambiente-y-las-personas\/\",\"name\":\"Ventajas para el medio ambiente y las personas - ES | Greenpeace Espa\u00f1a\",\"isPartOf\":{\"@id\":\"https:\/\/es.greenpeace.org\/es\/#website\"},\"primaryImageOfPage\":{\"@id\":\"https:\/\/es.greenpeace.org\/es\/en-profundidad\/necesitamos-un-abono-unico-de-transporte\/ventajas-para-el-medio-ambiente-y-las-personas\/#primaryimage\"},\"image\":{\"@id\":\"https:\/\/es.greenpeace.org\/es\/en-profundidad\/necesitamos-un-abono-unico-de-transporte\/ventajas-para-el-medio-ambiente-y-las-personas\/#primaryimage\"},\"thumbnailUrl\":\"https:\/\/es.greenpeace.org\/es\/wp-content\/uploads\/sites\/3\/2023\/09\/pexels-salo-al-71096-scaled.jpg\",\"datePublished\":\"2023-09-19T07:21:27+00:00\",\"dateModified\":\"2023-09-19T07:21:28+00:00\",\"breadcrumb\":{\"@id\":\"https:\/\/es.greenpeace.org\/es\/en-profundidad\/necesitamos-un-abono-unico-de-transporte\/ventajas-para-el-medio-ambiente-y-las-personas\/#breadcrumb\"},\"inLanguage\":\"es\",\"potentialAction\":[{\"@type\":\"ReadAction\",\"target\":[\"https:\/\/es.greenpeace.org\/es\/en-profundidad\/necesitamos-un-abono-unico-de-transporte\/ventajas-para-el-medio-ambiente-y-las-personas\/\"]}]},{\"@type\":\"ImageObject\",\"inLanguage\":\"es\",\"@id\":\"https:\/\/es.greenpeace.org\/es\/en-profundidad\/necesitamos-un-abono-unico-de-transporte\/ventajas-para-el-medio-ambiente-y-las-personas\/#primaryimage\",\"url\":\"https:\/\/es.greenpeace.org\/es\/wp-content\/uploads\/sites\/3\/2023\/09\/pexels-salo-al-71096-scaled.jpg\",\"contentUrl\":\"https:\/\/es.greenpeace.org\/es\/wp-content\/uploads\/sites\/3\/2023\/09\/pexels-salo-al-71096-scaled.jpg\",\"width\":2560,\"height\":1600},{\"@type\":\"BreadcrumbList\",\"@id\":\"https:\/\/es.greenpeace.org\/es\/en-profundidad\/necesitamos-un-abono-unico-de-transporte\/ventajas-para-el-medio-ambiente-y-las-personas\/#breadcrumb\",\"itemListElement\":[{\"@type\":\"ListItem\",\"position\":1,\"name\":\"Home\",\"item\":\"https:\/\/es.greenpeace.org\/es\/\"},{\"@type\":\"ListItem\",\"position\":2,\"name\":\"Necesitamos un abono \u00fanico de transporte\",\"item\":\"https:\/\/es.greenpeace.org\/es\/en-profundidad\/necesitamos-un-abono-unico-de-transporte\/\"},{\"@type\":\"ListItem\",\"position\":3,\"name\":\"Ventajas para el medio ambiente y las personas\"}]},{\"@type\":\"WebSite\",\"@id\":\"https:\/\/es.greenpeace.org\/es\/#website\",\"url\":\"https:\/\/es.greenpeace.org\/es\/\",\"name\":\"Greenpeace Espa\u00f1a\",\"description\":\"\",\"publisher\":{\"@id\":\"https:\/\/es.greenpeace.org\/es\/#organization\"},\"potentialAction\":[{\"@type\":\"SearchAction\",\"target\":{\"@type\":\"EntryPoint\",\"urlTemplate\":\"https:\/\/es.greenpeace.org\/es\/?s={search_term_string}\"},\"query-input\":{\"@type\":\"PropertyValueSpecification\",\"valueRequired\":true,\"valueName\":\"search_term_string\"}}],\"inLanguage\":\"es\"},{\"@type\":\"Organization\",\"@id\":\"https:\/\/es.greenpeace.org\/es\/#organization\",\"name\":\"Greenpeace Espa\u00f1a\",\"alternateName\":\"Greenpeace\",\"url\":\"https:\/\/es.greenpeace.org\/es\/\",\"logo\":{\"@type\":\"ImageObject\",\"inLanguage\":\"es\",\"@id\":\"https:\/\/es.greenpeace.org\/es\/#\/schema\/logo\/image\/\",\"url\":\"https:\/\/es.greenpeace.org\/es\/wp-content\/uploads\/sites\/3\/2024\/07\/greenpeace-logo-verde.svg\",\"contentUrl\":\"https:\/\/es.greenpeace.org\/es\/wp-content\/uploads\/sites\/3\/2024\/07\/greenpeace-logo-verde.svg\",\"width\":1,\"height\":1,\"caption\":\"Greenpeace Espa\u00f1a\"},\"image\":{\"@id\":\"https:\/\/es.greenpeace.org\/es\/#\/schema\/logo\/image\/\"},\"sameAs\":[\"https:\/\/www.facebook.com\/greenpeace.spain\",\"https:\/\/x.com\/greenpeace_esp\",\"https:\/\/www.instagram.com\/greenpeace_esp\/\"]}]}<\/script>\n<!-- \/ Yoast SEO plugin. -->","yoast_head_json":{"title":"Ventajas para el medio ambiente y las personas - ES | Greenpeace Espa\u00f1a","robots":{"index":"index","follow":"follow","max-snippet":"max-snippet:-1","max-image-preview":"max-image-preview:large","max-video-preview":"max-video-preview:-1"},"canonical":"https:\/\/es.greenpeace.org\/es\/en-profundidad\/necesitamos-un-abono-unico-de-transporte\/ventajas-para-el-medio-ambiente-y-las-personas\/","og_locale":"es_ES","og_type":"article","og_title":"Ventajas para el medio ambiente y las personas - ES | Greenpeace Espa\u00f1a","og_description":"La implantaci\u00f3n de un abono \u00fanico de transporte en nuestro pa\u00eds solo trae ventajas para el planeta y las personas. Menos coches, m\u00e1s salud y clima Gracias al precio asequible que tendr\u00e1 el abono \u00fanico de transporte se producir\u00e1 un trasvase de viajeros del veh\u00edculo privado al transporte p\u00fablico y, como consecuencia, se reducir\u00e1n notablemente [&hellip;]","og_url":"https:\/\/es.greenpeace.org\/es\/en-profundidad\/necesitamos-un-abono-unico-de-transporte\/ventajas-para-el-medio-ambiente-y-las-personas\/","og_site_name":"ES | Greenpeace Espa\u00f1a","article_publisher":"https:\/\/www.facebook.com\/greenpeace.spain","article_modified_time":"2023-09-19T07:21:28+00:00","og_image":[{"width":2560,"height":1600,"url":"https:\/\/es.greenpeace.org\/es\/wp-content\/uploads\/sites\/3\/2023\/09\/pexels-salo-al-71096-scaled.jpg","type":"image\/jpeg"}],"twitter_card":"summary_large_image","twitter_site":"@greenpeace_esp","twitter_misc":{"Tiempo de lectura":"2 minutos"},"schema":{"@context":"https:\/\/schema.org","@graph":[{"@type":"WebPage","@id":"https:\/\/es.greenpeace.org\/es\/en-profundidad\/necesitamos-un-abono-unico-de-transporte\/ventajas-para-el-medio-ambiente-y-las-personas\/","url":"https:\/\/es.greenpeace.org\/es\/en-profundidad\/necesitamos-un-abono-unico-de-transporte\/ventajas-para-el-medio-ambiente-y-las-personas\/","name":"Ventajas para el medio ambiente y las personas - ES | Greenpeace Espa\u00f1a","isPartOf":{"@id":"https:\/\/es.greenpeace.org\/es\/#website"},"primaryImageOfPage":{"@id":"https:\/\/es.greenpeace.org\/es\/en-profundidad\/necesitamos-un-abono-unico-de-transporte\/ventajas-para-el-medio-ambiente-y-las-personas\/#primaryimage"},"image":{"@id":"https:\/\/es.greenpeace.org\/es\/en-profundidad\/necesitamos-un-abono-unico-de-transporte\/ventajas-para-el-medio-ambiente-y-las-personas\/#primaryimage"},"thumbnailUrl":"https:\/\/es.greenpeace.org\/es\/wp-content\/uploads\/sites\/3\/2023\/09\/pexels-salo-al-71096-scaled.jpg","datePublished":"2023-09-19T07:21:27+00:00","dateModified":"2023-09-19T07:21:28+00:00","breadcrumb":{"@id":"https:\/\/es.greenpeace.org\/es\/en-profundidad\/necesitamos-un-abono-unico-de-transporte\/ventajas-para-el-medio-ambiente-y-las-personas\/#breadcrumb"},"inLanguage":"es","potentialAction":[{"@type":"ReadAction","target":["https:\/\/es.greenpeace.org\/es\/en-profundidad\/necesitamos-un-abono-unico-de-transporte\/ventajas-para-el-medio-ambiente-y-las-personas\/"]}]},{"@type":"ImageObject","inLanguage":"es","@id":"https:\/\/es.greenpeace.org\/es\/en-profundidad\/necesitamos-un-abono-unico-de-transporte\/ventajas-para-el-medio-ambiente-y-las-personas\/#primaryimage","url":"https:\/\/es.greenpeace.org\/es\/wp-content\/uploads\/sites\/3\/2023\/09\/pexels-salo-al-71096-scaled.jpg","contentUrl":"https:\/\/es.greenpeace.org\/es\/wp-content\/uploads\/sites\/3\/2023\/09\/pexels-salo-al-71096-scaled.jpg","width":2560,"height":1600},{"@type":"BreadcrumbList","@id":"https:\/\/es.greenpeace.org\/es\/en-profundidad\/necesitamos-un-abono-unico-de-transporte\/ventajas-para-el-medio-ambiente-y-las-personas\/#breadcrumb","itemListElement":[{"@type":"ListItem","position":1,"name":"Home","item":"https:\/\/es.greenpeace.org\/es\/"},{"@type":"ListItem","position":2,"name":"Necesitamos un abono \u00fanico de transporte","item":"https:\/\/es.greenpeace.org\/es\/en-profundidad\/necesitamos-un-abono-unico-de-transporte\/"},{"@type":"ListItem","position":3,"name":"Ventajas para el medio ambiente y las personas"}]},{"@type":"WebSite","@id":"https:\/\/es.greenpeace.org\/es\/#website","url":"https:\/\/es.greenpeace.org\/es\/","name":"Greenpeace Espa\u00f1a","description":"","publisher":{"@id":"https:\/\/es.greenpeace.org\/es\/#organization"},"potentialAction":[{"@type":"SearchAction","target":{"@type":"EntryPoint","urlTemplate":"https:\/\/es.greenpeace.org\/es\/?s={search_term_string}"},"query-input":{"@type":"PropertyValueSpecification","valueRequired":true,"valueName":"search_term_string"}}],"inLanguage":"es"},{"@type":"Organization","@id":"https:\/\/es.greenpeace.org\/es\/#organization","name":"Greenpeace Espa\u00f1a","alternateName":"Greenpeace","url":"https:\/\/es.greenpeace.org\/es\/","logo":{"@type":"ImageObject","inLanguage":"es","@id":"https:\/\/es.greenpeace.org\/es\/#\/schema\/logo\/image\/","url":"https:\/\/es.greenpeace.org\/es\/wp-content\/uploads\/sites\/3\/2024\/07\/greenpeace-logo-verde.svg","contentUrl":"https:\/\/es.greenpeace.org\/es\/wp-content\/uploads\/sites\/3\/2024\/07\/greenpeace-logo-verde.svg","width":1,"height":1,"caption":"Greenpeace Espa\u00f1a"},"image":{"@id":"https:\/\/es.greenpeace.org\/es\/#\/schema\/logo\/image\/"},"sameAs":["https:\/\/www.facebook.com\/greenpeace.spain","https:\/\/x.com\/greenpeace_esp","https:\/\/www.instagram.com\/greenpeace_esp\/"]}]}},"_links":{"self":[{"href":"https:\/\/es.greenpeace.org\/es\/wp-json\/wp\/v2\/post_profundidad\/53184","targetHints":{"allow":["GET"]}}],"collection":[{"href":"https:\/\/es.greenpeace.org\/es\/wp-json\/wp\/v2\/post_profundidad"}],"about":[{"href":"https:\/\/es.greenpeace.org\/es\/wp-json\/wp\/v2\/types\/post_profundidad"}],"author":[{"embeddable":true,"href":"https:\/\/es.greenpeace.org\/es\/wp-json\/wp\/v2\/users\/1"}],"version-history":[{"count":10,"href":"https:\/\/es.greenpeace.org\/es\/wp-json\/wp\/v2\/post_profundidad\/53184\/revisions"}],"predecessor-version":[{"id":53210,"href":"https:\/\/es.greenpeace.org\/es\/wp-json\/wp\/v2\/post_profundidad\/53184\/revisions\/53210"}],"up":[{"embeddable":true,"href":"https:\/\/es.greenpeace.org\/es\/wp-json\/wp\/v2\/post_profundidad\/53140"}],"wp:featuredmedia":[{"embeddable":true,"href":"https:\/\/es.greenpeace.org\/es\/wp-json\/wp\/v2\/media\/53185"}],"wp:attachment":[{"href":"https:\/\/es.greenpeace.org\/es\/wp-json\/wp\/v2\/media?parent=53184"}],"wp:term":[{"taxonomy":"category","embeddable":true,"href":"https:\/\/es.greenpeace.org\/es\/wp-json\/wp\/v2\/categories?post=53184"},{"taxonomy":"post_tag","embeddable":true,"href":"https:\/\/es.greenpeace.org\/es\/wp-json\/wp\/v2\/tags?post=53184"}],"curies":[{"name":"wp","href":"https:\/\/api.w.org\/{rel}","templated":true}]}}