{"id":57287,"date":"2024-05-21T08:06:05","date_gmt":"2024-05-21T06:06:05","guid":{"rendered":"https:\/\/es.greenpeace.org\/es\/?post_type=post_profundidad&#038;p=57287"},"modified":"2024-05-21T08:06:06","modified_gmt":"2024-05-21T06:06:06","slug":"que-pedimos-desde-greenpeace","status":"publish","type":"post_profundidad","link":"https:\/\/es.greenpeace.org\/es\/en-profundidad\/el-arctic-sunrise-y-el-witness-llegan-a-espana\/que-pedimos-desde-greenpeace\/","title":{"rendered":"Qu\u00e9 pedimos desde Greenpeace"},"content":{"rendered":"\n<p>Los oc\u00e9anos y las personas que viven de ellos est\u00e1n en crisis. Aunque se ha progresado mucho en el plano normativo, se deben seguir implementando medidas que salven los oc\u00e9anos, por esto desde Greenpeace demandamos:<\/p>\n\n\n\n<h6 class=\"wp-block-heading\">Demandas a nivel internacional y europeo<\/h6>\n\n\n\n<div class=\"wp-block-group m-3 p-3 has-white-background-color has-background\"><div class=\"wp-block-group__inner-container is-layout-constrained wp-block-group-is-layout-constrained\">\n<h5 class=\"wp-block-heading\"><strong>Conservaci\u00f3n:<\/strong><\/h5>\n\n\n\n<ul class=\"wp-block-list\">\n<li>Al menos <strong><mark style=\"background-color:#fdf6b2\" class=\"has-inline-color\">60 pa\u00edses ratifican el Tratado Global de los Oc\u00e9anos antes de junio de 2025<\/mark>.<\/strong><\/li>\n\n\n\n<li>Declaraci\u00f3n de los primeros santuarios oce\u00e1nicos en aguas internacionales para dar cumplimiento al <strong>30% de la superficie marina protegida en 2030<\/strong>.&nbsp;<\/li>\n\n\n\n<li>Elaboraci\u00f3n de una <strong>hoja de ruta<\/strong> que asegure el cumplimiento de la protecci\u00f3n en alta mar, con una protecci\u00f3n efectiva y libre de impactos, para preservar la biodiversidad presente en los primeros santuarios oce\u00e1nicos declarados a nivel mundial.<\/li>\n<\/ul>\n<\/div><\/div>\n\n\n\n<div class=\"wp-block-group m-3 p-3 has-white-background-color has-background\"><div class=\"wp-block-group__inner-container is-layout-constrained wp-block-group-is-layout-constrained\">\n<h5 class=\"wp-block-heading\"><strong>Pesca y miner\u00eda submarina:<\/strong><\/h5>\n\n\n\n<ul class=\"wp-block-list\">\n<li><strong><mark style=\"background-color:#fdf6b2\" class=\"has-inline-color\">Los pa\u00edses de la Uni\u00f3n Europea ponen fin a la sobrepesca<\/mark><\/strong> de todas las poblaciones de peces explotadas, tal y como establece la Pol\u00edtica Pesquera Com\u00fan en su art\u00edculo 2 que establec\u00eda el 2020 como fecha l\u00edmite.<\/li>\n\n\n\n<li><strong>Implementaci\u00f3n del art\u00edculo 17 de la Pol\u00edtica Pesquera Com\u00fan:<\/strong> distribuir las posibilidades de pesca (cuotas y esfuerzo pesquero) en beneficio de la pesca de bajo impacto y de las comunidades locales de pesca, incluyendo criterios sociales y ambientales en el reparto, como el n\u00famero de trabajadores o la inyecci\u00f3n a la econom\u00eda local, el aumento de la selectividad, o la reducci\u00f3n de impacto sobre el fondo, siguiendo las recomendaciones cient\u00edficas para terminar con la sobrepesca.<\/li>\n\n\n\n<li><strong>Prohibir todas las subvenciones perjudiciales a la pesca <\/strong>en aguas distantes y en alta mar \u2014con escasas excepciones para los Peque\u00f1os Estados Insulares en Desarrollo\u2014, y garantizar un acceso justo y equitativo a la financiaci\u00f3n para la pesca costera de peque\u00f1a escala.<\/li>\n\n\n\n<li><strong>Apoyo&nbsp; e&nbsp; impulso&nbsp; en&nbsp; la&nbsp; UE&nbsp; de&nbsp; la&nbsp; Directiva&nbsp; de&nbsp; Diligencia&nbsp; Debida de&nbsp; las&nbsp; Empresas&nbsp; en&nbsp; Materia&nbsp; de&nbsp; Sostenibilidad <\/strong>para reforzar los est\u00e1ndares sociales y ambientales de las importaciones y as\u00ed poner fin a las importaciones de pescados y mariscos provenientes de pesquer\u00edas destructivas o de aquellas que no respetan los derechos humanos y laborales.<\/li>\n\n\n\n<li>Apostar contundentemente por la <strong>transici\u00f3n hacia una pesca neutra en emisiones de carbono<\/strong> y de adaptaci\u00f3n al cambio clim\u00e1tico a trav\u00e9s de los fondos de la UE, garantizando un acceso justo y equitativo a la financiaci\u00f3n para la pesca de bajura y de peque\u00f1a escala.<\/li>\n\n\n\n<li><strong>Garantizar la protecci\u00f3n de los Ecosistemas Marinos Vulnerables de la pesca de fondo <\/strong>para asegurar la conservaci\u00f3n de estos ecosistemas esenciales para la biodiversidad.<\/li>\n\n\n\n<li>Los pa\u00edses de la UE aplican <strong>medidas eficaces de ordenaci\u00f3n pesquera<\/strong> para eliminar la captura accidental de especies sensibles, incluyendo&nbsp; tiburones,&nbsp; rayas&nbsp; y&nbsp; quimeras.<\/li>\n\n\n\n<li>Dotar adecuadamente de recursos para la elaboraci\u00f3n e implementaci\u00f3n de Planes Nacionales para la <strong>Reducci\u00f3n de las Capturas Accidentales<\/strong> en la Actividad&nbsp; Pesquera.<\/li>\n<\/ul>\n<\/div><\/div>\n\n\n\n<h6 class=\"wp-block-heading\">Demandas nacionales<\/h6>\n\n\n\n<div class=\"wp-block-group m-3 p-3 has-white-background-color has-background\"><div class=\"wp-block-group__inner-container is-layout-constrained wp-block-group-is-layout-constrained\">\n<h5 class=\"wp-block-heading\"><strong>Conservaci\u00f3n:<\/strong><\/h5>\n\n\n\n<ul class=\"wp-block-list\">\n<li><strong><mark style=\"background-color:#fdf6b2\" class=\"has-inline-color\">Ratificaci\u00f3n antes de junio de 2025,&nbsp;del Tratado Global de los Oc\u00e9anos<\/mark><\/strong> por parte del gobierno espa\u00f1ol<\/li>\n\n\n\n<li><strong>Alcanzar<\/strong> <strong>un 30% de espacios marinos protegidos para 2030<\/strong> para dar cumplimiento a los compromisos adquiridos en el marco del convenio de Diversidad Biol\u00f3gica (CBD), estableciendo una hoja de ruta y promoviendo activamente el di\u00e1logo y la participaci\u00f3n con los cient\u00edficos y la sociedad en la designaci\u00f3n de estas \u00e1reas.<\/li>\n\n\n\n<li><strong>Declarar un 10% de la superficie marina protegida con categor\u00eda de protecci\u00f3n estricta<\/strong> para asegurar la recuperaci\u00f3n de la biodiversidad, utilizando la ciencia para identificar estas zonas y a trav\u00e9s de un proceso participativo amplio para la zonificaci\u00f3n de este porcentaje de forma&nbsp; que se garantice&nbsp; la&nbsp; resiliencia&nbsp; de&nbsp; los&nbsp; mares&nbsp; y&nbsp; facilite la recuperaci\u00f3n de la biodiversidad y de los recursos marinos,&nbsp; estableciendo una hoja de ruta para la protecci\u00f3n estricta.<\/li>\n\n\n\n<li><strong>Aprobar y\/o actualizar los 96 planes de gesti\u00f3n de los espacios marinos RN2000 <\/strong>pendientes para que dichos espacios cuenten con una protecci\u00f3n efectiva y no sean parques de papel.<\/li>\n<\/ul>\n<\/div><\/div>\n\n\n\n<div class=\"wp-block-group m-3 p-3 has-white-background-color has-background\"><div class=\"wp-block-group__inner-container is-layout-constrained wp-block-group-is-layout-constrained\">\n<h5 class=\"wp-block-heading\"><strong>Pesca y miner\u00eda<\/strong>:<\/h5>\n\n\n\n<ul class=\"wp-block-list\">\n<li>Espa\u00f1a apoya p\u00fablicamente la pol\u00edtica general de la Autoridad Internacional de los Fondos Marinos para establecer una <strong><mark style=\"background-color:#fdf6b2\" class=\"has-inline-color\">moratoria a la miner\u00eda submarina<\/mark><\/strong>, adquiere un papel activo durante las negociaciones de la Autoridad Internacional de los Fondos Marinos e interviene para que se adopte una moratoria mundial.<\/li>\n\n\n\n<li><strong>Elaborar el Real Decreto de reparto de oportunidades de pesca <\/strong>tal y como dicta el art\u00edculo 32.2 de la Ley 5\/2023, de 17 de marzo, de pesca sostenible e investigaci\u00f3n pesquera con la ambici\u00f3n suficiente para garantizar el adecuado cumplimiento del Art\u00edculo 17 de la Pol\u00edtica Pesquera Com\u00fan.<\/li>\n\n\n\n<li><strong>Convocar el Foro Asesor de pesca 4<\/strong> <strong>para la elaboraci\u00f3n del Real Decreto<\/strong> de manera participativa incluyendo a los diferentes segmentos del sector, a los institutos cient\u00edficos m\u00e1s relevantes (AZTI, IEO-CSIC, ICM-CSIC, etc) y las organizaciones ambientales de la sociedad civil que trabajan en pesca sostenible.<\/li>\n\n\n\n<li><strong>Impedir la puesta en marcha de nuevos establecimientos acu\u00edcolas<\/strong>, como la granja de <strong>pulpos en Canarias y las de at\u00fan rojo en Getaria y Castell\u00f3n<\/strong>, por tratarse de una industria insostenible que genera impactos como la contaminaci\u00f3n por nitratos y qu\u00edmicos, la sobreexplotaci\u00f3n de los oc\u00e9anos para alimentar a estas especies (20 kg de alimento por cada kilo de engorde de at\u00fan), la destrucci\u00f3n de los h\u00e1bitats y la p\u00e9rdida de biodiversidad en las inmediaciones y las elevadas emisiones de CO2.<\/li>\n<\/ul>\n<\/div><\/div>\n","protected":false},"author":1,"featured_media":57297,"parent":57212,"menu_order":3,"template":"","meta":{"_acf_changed":false,"footnotes":""},"categories":[37],"tags":[103,804],"class_list":["post-57287","post_profundidad","type-post_profundidad","status-publish","has-post-thumbnail","hentry","category-oceanos","tag-oceanos","tag-santuarios-marinos"],"acf":[],"yoast_head":"<!-- This site is optimized with the Yoast SEO plugin v27.1.1 - https:\/\/yoast.com\/product\/yoast-seo-wordpress\/ -->\n<title>Qu\u00e9 pedimos desde Greenpeace - ES | Greenpeace Espa\u00f1a<\/title>\n<meta name=\"robots\" content=\"index, follow, max-snippet:-1, max-image-preview:large, max-video-preview:-1\" \/>\n<link rel=\"canonical\" href=\"https:\/\/es.greenpeace.org\/es\/en-profundidad\/el-arctic-sunrise-y-el-witness-llegan-a-espana\/que-pedimos-desde-greenpeace\/\" \/>\n<meta property=\"og:locale\" content=\"es_ES\" \/>\n<meta property=\"og:type\" content=\"article\" \/>\n<meta property=\"og:title\" content=\"Qu\u00e9 pedimos desde Greenpeace - ES | Greenpeace Espa\u00f1a\" \/>\n<meta property=\"og:description\" content=\"Los oc\u00e9anos y las personas que viven de ellos est\u00e1n en crisis. Aunque se ha progresado mucho en el plano normativo, se deben seguir implementando medidas que salven los oc\u00e9anos, por esto desde Greenpeace demandamos: Demandas a nivel internacional y europeo Conservaci\u00f3n: Pesca y miner\u00eda submarina: Demandas nacionales Conservaci\u00f3n: Pesca y miner\u00eda:\" \/>\n<meta property=\"og:url\" content=\"https:\/\/es.greenpeace.org\/es\/en-profundidad\/el-arctic-sunrise-y-el-witness-llegan-a-espana\/que-pedimos-desde-greenpeace\/\" \/>\n<meta property=\"og:site_name\" content=\"ES | Greenpeace Espa\u00f1a\" \/>\n<meta property=\"article:publisher\" content=\"https:\/\/www.facebook.com\/greenpeace.spain\" \/>\n<meta property=\"article:modified_time\" content=\"2024-05-21T06:06:06+00:00\" \/>\n<meta property=\"og:image\" content=\"https:\/\/es.greenpeace.org\/es\/wp-content\/uploads\/sites\/3\/2024\/05\/GP0STZNG2_Medium-res-1200px.jpg\" \/>\n\t<meta property=\"og:image:width\" content=\"1200\" \/>\n\t<meta property=\"og:image:height\" content=\"800\" \/>\n\t<meta property=\"og:image:type\" content=\"image\/jpeg\" \/>\n<meta name=\"twitter:card\" content=\"summary_large_image\" \/>\n<meta name=\"twitter:site\" content=\"@greenpeace_esp\" \/>\n<meta name=\"twitter:label1\" content=\"Tiempo de lectura\" \/>\n\t<meta name=\"twitter:data1\" content=\"5 minutos\" \/>\n<script type=\"application\/ld+json\" class=\"yoast-schema-graph\">{\"@context\":\"https:\/\/schema.org\",\"@graph\":[{\"@type\":\"WebPage\",\"@id\":\"https:\/\/es.greenpeace.org\/es\/en-profundidad\/el-arctic-sunrise-y-el-witness-llegan-a-espana\/que-pedimos-desde-greenpeace\/\",\"url\":\"https:\/\/es.greenpeace.org\/es\/en-profundidad\/el-arctic-sunrise-y-el-witness-llegan-a-espana\/que-pedimos-desde-greenpeace\/\",\"name\":\"Qu\u00e9 pedimos desde Greenpeace - ES | Greenpeace Espa\u00f1a\",\"isPartOf\":{\"@id\":\"https:\/\/es.greenpeace.org\/es\/#website\"},\"primaryImageOfPage\":{\"@id\":\"https:\/\/es.greenpeace.org\/es\/en-profundidad\/el-arctic-sunrise-y-el-witness-llegan-a-espana\/que-pedimos-desde-greenpeace\/#primaryimage\"},\"image\":{\"@id\":\"https:\/\/es.greenpeace.org\/es\/en-profundidad\/el-arctic-sunrise-y-el-witness-llegan-a-espana\/que-pedimos-desde-greenpeace\/#primaryimage\"},\"thumbnailUrl\":\"https:\/\/es.greenpeace.org\/es\/wp-content\/uploads\/sites\/3\/2024\/05\/GP0STZNG2_Medium-res-1200px.jpg\",\"datePublished\":\"2024-05-21T06:06:05+00:00\",\"dateModified\":\"2024-05-21T06:06:06+00:00\",\"breadcrumb\":{\"@id\":\"https:\/\/es.greenpeace.org\/es\/en-profundidad\/el-arctic-sunrise-y-el-witness-llegan-a-espana\/que-pedimos-desde-greenpeace\/#breadcrumb\"},\"inLanguage\":\"es\",\"potentialAction\":[{\"@type\":\"ReadAction\",\"target\":[\"https:\/\/es.greenpeace.org\/es\/en-profundidad\/el-arctic-sunrise-y-el-witness-llegan-a-espana\/que-pedimos-desde-greenpeace\/\"]}]},{\"@type\":\"ImageObject\",\"inLanguage\":\"es\",\"@id\":\"https:\/\/es.greenpeace.org\/es\/en-profundidad\/el-arctic-sunrise-y-el-witness-llegan-a-espana\/que-pedimos-desde-greenpeace\/#primaryimage\",\"url\":\"https:\/\/es.greenpeace.org\/es\/wp-content\/uploads\/sites\/3\/2024\/05\/GP0STZNG2_Medium-res-1200px.jpg\",\"contentUrl\":\"https:\/\/es.greenpeace.org\/es\/wp-content\/uploads\/sites\/3\/2024\/05\/GP0STZNG2_Medium-res-1200px.jpg\",\"width\":1200,\"height\":800,\"caption\":\"Filmmaker F\u00e1bio Erdos holds a banner next to the Arctic Sunrise in the Pacific Ocean, between Gal\u00e1pagos and Ecuador. The Arctic Sunrise is on a six-week expedition around the Gal\u00e1pagos Islands, with scientists from the Jocotoco Conservation Foundation, the Charles Darwin Foundation, the Gal\u00e1pagos Science Center, MigraMar and Gal\u00e1pagos park rangers. The expedition will showcase the power of marine protection by documenting the success of the Gal\u00e1pagos Marine Reserve through the incredible wildlife and habitats of the sea near the Gal\u00e1pagos. Data collected during the expedition will help to make the case for a new high seas protected area.\"},{\"@type\":\"BreadcrumbList\",\"@id\":\"https:\/\/es.greenpeace.org\/es\/en-profundidad\/el-arctic-sunrise-y-el-witness-llegan-a-espana\/que-pedimos-desde-greenpeace\/#breadcrumb\",\"itemListElement\":[{\"@type\":\"ListItem\",\"position\":1,\"name\":\"Home\",\"item\":\"https:\/\/es.greenpeace.org\/es\/\"},{\"@type\":\"ListItem\",\"position\":2,\"name\":\"El Arctic Sunrise y el Witness llegan a Espa\u00f1a\",\"item\":\"https:\/\/es.greenpeace.org\/es\/en-profundidad\/el-arctic-sunrise-y-el-witness-llegan-a-espana\/\"},{\"@type\":\"ListItem\",\"position\":3,\"name\":\"Qu\u00e9 pedimos desde Greenpeace\"}]},{\"@type\":\"WebSite\",\"@id\":\"https:\/\/es.greenpeace.org\/es\/#website\",\"url\":\"https:\/\/es.greenpeace.org\/es\/\",\"name\":\"Greenpeace Espa\u00f1a\",\"description\":\"\",\"publisher\":{\"@id\":\"https:\/\/es.greenpeace.org\/es\/#organization\"},\"potentialAction\":[{\"@type\":\"SearchAction\",\"target\":{\"@type\":\"EntryPoint\",\"urlTemplate\":\"https:\/\/es.greenpeace.org\/es\/?s={search_term_string}\"},\"query-input\":{\"@type\":\"PropertyValueSpecification\",\"valueRequired\":true,\"valueName\":\"search_term_string\"}}],\"inLanguage\":\"es\"},{\"@type\":\"Organization\",\"@id\":\"https:\/\/es.greenpeace.org\/es\/#organization\",\"name\":\"Greenpeace Espa\u00f1a\",\"alternateName\":\"Greenpeace\",\"url\":\"https:\/\/es.greenpeace.org\/es\/\",\"logo\":{\"@type\":\"ImageObject\",\"inLanguage\":\"es\",\"@id\":\"https:\/\/es.greenpeace.org\/es\/#\/schema\/logo\/image\/\",\"url\":\"https:\/\/es.greenpeace.org\/es\/wp-content\/uploads\/sites\/3\/2024\/07\/greenpeace-logo-verde.svg\",\"contentUrl\":\"https:\/\/es.greenpeace.org\/es\/wp-content\/uploads\/sites\/3\/2024\/07\/greenpeace-logo-verde.svg\",\"width\":1,\"height\":1,\"caption\":\"Greenpeace Espa\u00f1a\"},\"image\":{\"@id\":\"https:\/\/es.greenpeace.org\/es\/#\/schema\/logo\/image\/\"},\"sameAs\":[\"https:\/\/www.facebook.com\/greenpeace.spain\",\"https:\/\/x.com\/greenpeace_esp\",\"https:\/\/www.instagram.com\/greenpeace_esp\/\"]}]}<\/script>\n<!-- \/ Yoast SEO plugin. -->","yoast_head_json":{"title":"Qu\u00e9 pedimos desde Greenpeace - ES | Greenpeace Espa\u00f1a","robots":{"index":"index","follow":"follow","max-snippet":"max-snippet:-1","max-image-preview":"max-image-preview:large","max-video-preview":"max-video-preview:-1"},"canonical":"https:\/\/es.greenpeace.org\/es\/en-profundidad\/el-arctic-sunrise-y-el-witness-llegan-a-espana\/que-pedimos-desde-greenpeace\/","og_locale":"es_ES","og_type":"article","og_title":"Qu\u00e9 pedimos desde Greenpeace - ES | Greenpeace Espa\u00f1a","og_description":"Los oc\u00e9anos y las personas que viven de ellos est\u00e1n en crisis. Aunque se ha progresado mucho en el plano normativo, se deben seguir implementando medidas que salven los oc\u00e9anos, por esto desde Greenpeace demandamos: Demandas a nivel internacional y europeo Conservaci\u00f3n: Pesca y miner\u00eda submarina: Demandas nacionales Conservaci\u00f3n: Pesca y miner\u00eda:","og_url":"https:\/\/es.greenpeace.org\/es\/en-profundidad\/el-arctic-sunrise-y-el-witness-llegan-a-espana\/que-pedimos-desde-greenpeace\/","og_site_name":"ES | Greenpeace Espa\u00f1a","article_publisher":"https:\/\/www.facebook.com\/greenpeace.spain","article_modified_time":"2024-05-21T06:06:06+00:00","og_image":[{"width":1200,"height":800,"url":"https:\/\/es.greenpeace.org\/es\/wp-content\/uploads\/sites\/3\/2024\/05\/GP0STZNG2_Medium-res-1200px.jpg","type":"image\/jpeg"}],"twitter_card":"summary_large_image","twitter_site":"@greenpeace_esp","twitter_misc":{"Tiempo de lectura":"5 minutos"},"schema":{"@context":"https:\/\/schema.org","@graph":[{"@type":"WebPage","@id":"https:\/\/es.greenpeace.org\/es\/en-profundidad\/el-arctic-sunrise-y-el-witness-llegan-a-espana\/que-pedimos-desde-greenpeace\/","url":"https:\/\/es.greenpeace.org\/es\/en-profundidad\/el-arctic-sunrise-y-el-witness-llegan-a-espana\/que-pedimos-desde-greenpeace\/","name":"Qu\u00e9 pedimos desde Greenpeace - ES | Greenpeace Espa\u00f1a","isPartOf":{"@id":"https:\/\/es.greenpeace.org\/es\/#website"},"primaryImageOfPage":{"@id":"https:\/\/es.greenpeace.org\/es\/en-profundidad\/el-arctic-sunrise-y-el-witness-llegan-a-espana\/que-pedimos-desde-greenpeace\/#primaryimage"},"image":{"@id":"https:\/\/es.greenpeace.org\/es\/en-profundidad\/el-arctic-sunrise-y-el-witness-llegan-a-espana\/que-pedimos-desde-greenpeace\/#primaryimage"},"thumbnailUrl":"https:\/\/es.greenpeace.org\/es\/wp-content\/uploads\/sites\/3\/2024\/05\/GP0STZNG2_Medium-res-1200px.jpg","datePublished":"2024-05-21T06:06:05+00:00","dateModified":"2024-05-21T06:06:06+00:00","breadcrumb":{"@id":"https:\/\/es.greenpeace.org\/es\/en-profundidad\/el-arctic-sunrise-y-el-witness-llegan-a-espana\/que-pedimos-desde-greenpeace\/#breadcrumb"},"inLanguage":"es","potentialAction":[{"@type":"ReadAction","target":["https:\/\/es.greenpeace.org\/es\/en-profundidad\/el-arctic-sunrise-y-el-witness-llegan-a-espana\/que-pedimos-desde-greenpeace\/"]}]},{"@type":"ImageObject","inLanguage":"es","@id":"https:\/\/es.greenpeace.org\/es\/en-profundidad\/el-arctic-sunrise-y-el-witness-llegan-a-espana\/que-pedimos-desde-greenpeace\/#primaryimage","url":"https:\/\/es.greenpeace.org\/es\/wp-content\/uploads\/sites\/3\/2024\/05\/GP0STZNG2_Medium-res-1200px.jpg","contentUrl":"https:\/\/es.greenpeace.org\/es\/wp-content\/uploads\/sites\/3\/2024\/05\/GP0STZNG2_Medium-res-1200px.jpg","width":1200,"height":800,"caption":"Filmmaker F\u00e1bio Erdos holds a banner next to the Arctic Sunrise in the Pacific Ocean, between Gal\u00e1pagos and Ecuador. The Arctic Sunrise is on a six-week expedition around the Gal\u00e1pagos Islands, with scientists from the Jocotoco Conservation Foundation, the Charles Darwin Foundation, the Gal\u00e1pagos Science Center, MigraMar and Gal\u00e1pagos park rangers. The expedition will showcase the power of marine protection by documenting the success of the Gal\u00e1pagos Marine Reserve through the incredible wildlife and habitats of the sea near the Gal\u00e1pagos. Data collected during the expedition will help to make the case for a new high seas protected area."},{"@type":"BreadcrumbList","@id":"https:\/\/es.greenpeace.org\/es\/en-profundidad\/el-arctic-sunrise-y-el-witness-llegan-a-espana\/que-pedimos-desde-greenpeace\/#breadcrumb","itemListElement":[{"@type":"ListItem","position":1,"name":"Home","item":"https:\/\/es.greenpeace.org\/es\/"},{"@type":"ListItem","position":2,"name":"El Arctic Sunrise y el Witness llegan a Espa\u00f1a","item":"https:\/\/es.greenpeace.org\/es\/en-profundidad\/el-arctic-sunrise-y-el-witness-llegan-a-espana\/"},{"@type":"ListItem","position":3,"name":"Qu\u00e9 pedimos desde Greenpeace"}]},{"@type":"WebSite","@id":"https:\/\/es.greenpeace.org\/es\/#website","url":"https:\/\/es.greenpeace.org\/es\/","name":"Greenpeace Espa\u00f1a","description":"","publisher":{"@id":"https:\/\/es.greenpeace.org\/es\/#organization"},"potentialAction":[{"@type":"SearchAction","target":{"@type":"EntryPoint","urlTemplate":"https:\/\/es.greenpeace.org\/es\/?s={search_term_string}"},"query-input":{"@type":"PropertyValueSpecification","valueRequired":true,"valueName":"search_term_string"}}],"inLanguage":"es"},{"@type":"Organization","@id":"https:\/\/es.greenpeace.org\/es\/#organization","name":"Greenpeace Espa\u00f1a","alternateName":"Greenpeace","url":"https:\/\/es.greenpeace.org\/es\/","logo":{"@type":"ImageObject","inLanguage":"es","@id":"https:\/\/es.greenpeace.org\/es\/#\/schema\/logo\/image\/","url":"https:\/\/es.greenpeace.org\/es\/wp-content\/uploads\/sites\/3\/2024\/07\/greenpeace-logo-verde.svg","contentUrl":"https:\/\/es.greenpeace.org\/es\/wp-content\/uploads\/sites\/3\/2024\/07\/greenpeace-logo-verde.svg","width":1,"height":1,"caption":"Greenpeace Espa\u00f1a"},"image":{"@id":"https:\/\/es.greenpeace.org\/es\/#\/schema\/logo\/image\/"},"sameAs":["https:\/\/www.facebook.com\/greenpeace.spain","https:\/\/x.com\/greenpeace_esp","https:\/\/www.instagram.com\/greenpeace_esp\/"]}]}},"_links":{"self":[{"href":"https:\/\/es.greenpeace.org\/es\/wp-json\/wp\/v2\/post_profundidad\/57287","targetHints":{"allow":["GET"]}}],"collection":[{"href":"https:\/\/es.greenpeace.org\/es\/wp-json\/wp\/v2\/post_profundidad"}],"about":[{"href":"https:\/\/es.greenpeace.org\/es\/wp-json\/wp\/v2\/types\/post_profundidad"}],"author":[{"embeddable":true,"href":"https:\/\/es.greenpeace.org\/es\/wp-json\/wp\/v2\/users\/1"}],"version-history":[{"count":10,"href":"https:\/\/es.greenpeace.org\/es\/wp-json\/wp\/v2\/post_profundidad\/57287\/revisions"}],"predecessor-version":[{"id":57300,"href":"https:\/\/es.greenpeace.org\/es\/wp-json\/wp\/v2\/post_profundidad\/57287\/revisions\/57300"}],"up":[{"embeddable":true,"href":"https:\/\/es.greenpeace.org\/es\/wp-json\/wp\/v2\/post_profundidad\/57212"}],"wp:featuredmedia":[{"embeddable":true,"href":"https:\/\/es.greenpeace.org\/es\/wp-json\/wp\/v2\/media\/57297"}],"wp:attachment":[{"href":"https:\/\/es.greenpeace.org\/es\/wp-json\/wp\/v2\/media?parent=57287"}],"wp:term":[{"taxonomy":"category","embeddable":true,"href":"https:\/\/es.greenpeace.org\/es\/wp-json\/wp\/v2\/categories?post=57287"},{"taxonomy":"post_tag","embeddable":true,"href":"https:\/\/es.greenpeace.org\/es\/wp-json\/wp\/v2\/tags?post=57287"}],"curies":[{"name":"wp","href":"https:\/\/api.w.org\/{rel}","templated":true}]}}