{"id":57456,"date":"2024-05-24T09:29:10","date_gmt":"2024-05-24T07:29:10","guid":{"rendered":"https:\/\/es.greenpeace.org\/es\/?post_type=post_profundidad&#038;p=57456"},"modified":"2024-05-27T10:02:54","modified_gmt":"2024-05-27T08:02:54","slug":"o-arctic-sunrise-en-vilagarcia-de-arousa","status":"publish","type":"post_profundidad","link":"https:\/\/es.greenpeace.org\/es\/en-profundidad\/el-arctic-sunrise-y-el-witness-llegan-a-espana\/o-arctic-sunrise-en-vilagarcia-de-arousa\/","title":{"rendered":"O Arctic Sunrise en Vilagarc\u00eda de Arousa"},"content":{"rendered":"\n<p><strong>Arctic Sunrise en Vilagarc\u00eda de Arousa<\/strong>! Queres visitalo por dentro? Sumarte aos obradoiros que preparamos? Non perdas a visita do rachaxeos de Greenpeace.<\/p>\n\n\n\n<div class=\"wp-block-group m-3 p-3 has-lightyellow-background-color has-background\"><div class=\"wp-block-group__inner-container is-layout-constrained wp-block-group-is-layout-constrained\">\n<h5 class=\"wp-block-heading\"><strong>Datas de portas abertas:<\/strong><\/h5>\n\n\n\n<ul class=\"wp-block-list\">\n<li><strong>Datas<\/strong>: d\u00edas 13, 14 e 15 de xu\u00f1o de 2024<\/li>\n\n\n\n<li><strong>Localizaci\u00f3n<\/strong>: Porto de Vilagarc\u00eda de Arousa, peirao do Ramal<\/li>\n\n\n\n<li><strong>Visitas ao barco<\/strong>: O d\u00eda 13 de 17.00 a 21.00, os d\u00edas 14 e 15 de 10.00 a 15.00 e de 17.00 a 21.00<\/li>\n\n\n\n<li><strong>Mural participativo <\/strong>en homenaxe ao sector pesqueiro artesanal e a R\u00eda de Arousa durante toda a semana (horarios e d\u00edas exactos pendentes de confirmaci\u00f3n). Localizaci\u00f3n: Naves emprezadas no peirao, a car\u00f3n do aparcadoiro do porto<\/li>\n\n\n\n<li><strong>Pasarr\u00faas<\/strong>: s\u00e1bado 15 de xu\u00f1o pola ma\u00f1\u00e1 (11.00 \u2013 13.00). Organizado por \u00abAsociaci\u00f3n N\u00f3s de Sobradelo\u00bb. Rematar\u00e1 no peirao.<\/li>\n<\/ul>\n<\/div><\/div>\n\n\n\n<div style=\"height:10px\" aria-hidden=\"true\" class=\"wp-block-spacer\"><\/div>\n\n\n\n<div class=\"wp-block-buttons my-4 is-content-justification-center is-layout-flex wp-container-core-buttons-is-layout-16018d1d wp-block-buttons-is-layout-flex\">\n<div class=\"wp-block-button has-custom-font-size\" style=\"font-size:15px\"><a class=\"wp-block-button__link has-white-color has-orange-background-color has-text-color has-background wp-element-button\" href=\"https:\/\/es.greenpeace.org\/es\/subete-al-barco-de-greenpeace\/\" style=\"border-radius:0px\" target=\"_blank\" rel=\"noreferrer noopener\"><strong>REGISTRA A T\u00daA VISITA E PARTICIPA NUN SORTEO<\/strong><\/a><\/div>\n<\/div>\n\n\n\n<div style=\"height:10px\" aria-hidden=\"true\" class=\"wp-block-spacer\"><\/div>\n\n\n\n<h5 class=\"wp-block-heading\"><strong>Por que Galicia?<\/strong><\/h5>\n\n\n\n<p>Galicia \u00e9 o punto m\u00e1is importante para a pesca a nivel europeo, conta con 4.225 embarcaci\u00f3ns e isto sup\u00f3n m\u00e1is da metade da frota espa\u00f1ola. Estamos a traballar estreitamente co sector pesqueiro artesanal galego para co\u00f1ecer de primeira man a problem\u00e1tica \u00e1 que se enfrontan e as pos\u00edbeis soluci\u00f3ns para reverter a situaci\u00f3n na que se atopa &nbsp;a contaminaci\u00f3n das r\u00edas, no caso das r\u00edas de Noia e Muros e a de Arousa, polas seguintes causas:<\/p>\n\n\n\n<ul class=\"wp-block-list\">\n<li>Verteduras procedentes de minas pechadas por lixiviados.<\/li>\n\n\n\n<li>Verteduras urbanas procedentes das cidades na beira das r\u00edas.<\/li>\n\n\n\n<li>Verteduras procedentes da agricultura e gandar\u00eda intensivas.<\/li>\n\n\n\n<li>Verteduras procedentes de industrias achegadas.<\/li>\n\n\n\n<li>Novos proxectos de celulosa como o de Altri en Palas de Rei.<\/li>\n<\/ul>\n\n\n\n<p>Tam\u00e9n est\u00e1n a sufrir as consecuencias do <strong>cambio clim\u00e1tico<\/strong> (subida de temperaturas, acidificaci\u00f3n, mudanzas nos patr\u00f3ns de choiva e ventos\u2026), algunhas especies est\u00e1n a desprazarse ou desaparecendo (ameixas), outras novas est\u00e1n cada vez m\u00e1is presentes e asent\u00e1ndose na zona.<\/p>\n\n\n\n<p>Galicia conta co Parque Nacional mar\u00edtimo-terrestre d\u00e1s Illas Atl\u00e1nticas de Galicia formado polas Illas C\u00edes, a Illa de Ons, S\u00e1lvora e Cortegada, que suman un total de 8.480 hect\u00e1reas, a gran maior\u00eda \u00e9 espazo mari\u00f1o protexido. Tam\u00e9n conta con 2 reservas mari\u00f1as de interese pesqueiro, a Reserva mari\u00f1a de interese pesqueiro dos Mi\u00f1arzos (co\u00f1ecida como a reserva de Lira),&nbsp; <a href=\"https:\/\/www.xunta.gal\/dog\/Publicados\/2007\/20070508\/Anuncio11FC6_es.html\">declarada no ano 2007<\/a>. \u00c9 a m\u00e1is achegada a Vilagarc\u00eda de Arousa. Ten unha extensi\u00f3n de 2.074 hect\u00e1reas e no seu interior conta con d\u00faas reservas integrais. A Reserva mari\u00f1a de interese pesqueiro R\u00eda de Cedeira. Conta cunha superficie de&nbsp;<a href=\"https:\/\/www.wwf.es\/?7961\/WWF-celebra-la-creacin-de-la--Reserva-Pesquera-de-Cedeira\">800 ha<\/a> y <a href=\"https:\/\/www.confrariacedeira.es\/reserva-marina\/\">foi creada en 2009.&nbsp; <\/a>Amais, recentemente declarouse a ampliaci\u00f3n das 5 Zonas de Protecci\u00f3n Especial Para as Aves (ZEPA) localizadas ao longo de toda a costa galega e cant\u00e1brica occidental para constitu\u00edr un \u00fanico espazo mari\u00f1o Rede Natura 2000 que pasa a denominarse&nbsp; <a href=\"https:\/\/www.boe.es\/boe\/dias\/2023\/12\/30\/pdfs\/BOE-A-2023-26741.pdf\"><strong>Corredor Migratorio Galaico-Cant\u00e1brico Occidental.<\/strong><\/a><\/p>\n\n\n\n<h6 class=\"wp-block-heading\"><strong>As nosas demandas para Galicia:<\/strong><\/h6>\n\n\n\n<div class=\"wp-block-group m-3 p-3 has-white-background-color has-background\"><div class=\"wp-block-group__inner-container is-layout-constrained wp-block-group-is-layout-constrained\">\n<h5 class=\"wp-block-heading\"><strong><strong>Conservaci\u00f3n e cambio clim\u00e1tico:<\/strong><\/strong><\/h5>\n\n\n\n<ul class=\"wp-block-list\">\n<li><strong>Asegurar o cumprimento dos acordos internacionais de protecci\u00f3n do medio mari\u00f1o <\/strong>que establecen a necesidade de acadar un 30% dos mares baixo protecci\u00f3n e xesti\u00f3n eficaces, e <strong>garantir que o 10% do mar quede baixo protecci\u00f3n estrita<\/strong>, libre de actividades antr\u00f3picas que poidan comprometer a s\u00faa sa\u00fade ambiental.<\/li>\n\n\n\n<li><strong>Crear un plan espec\u00edfico de protecci\u00f3n do litoral e as augas costeiras<\/strong>. Un dos patrimonios naturais m\u00e1is significativos de Galicia est\u00e1 en crise ambiental e produtiva. O mar est\u00e1 azoutado pola contaminaci\u00f3n, a sobrepesca, o cambio clim\u00e1tico, a destruci\u00f3n de h\u00e1bitats, etc. C\u00f3mpre protexer h\u00e1bitats vulner\u00e1beis, crear reservas mari\u00f1as, abordar o saneamento integral das r\u00edas e contar con plans de emerxencia efectivos para dar resposta r\u00e1pida en caso de verteduras e outras cat\u00e1strofes, cuxa activaci\u00f3n se ligue a comit\u00e9s cient\u00edfico-t\u00e9cnicos e se disocie das decisi\u00f3ns pol\u00edticas.<\/li>\n\n\n\n<li><strong>Elaborar un plan de restauraci\u00f3n ecol\u00f3xica para as r\u00edas <\/strong>que permita tam\u00e9n a rexeneraci\u00f3n dos bancos marisqueiros tradicionais e de explotaci\u00f3n sost\u00edbel.<\/li>\n<\/ul>\n<\/div><\/div>\n\n\n\n<div class=\"wp-block-group m-3 p-3 has-white-background-color has-background\"><div class=\"wp-block-group__inner-container is-layout-constrained wp-block-group-is-layout-constrained\">\n<h5 class=\"wp-block-heading\"><strong><strong>Pesca e impactos:<\/strong><\/strong><\/h5>\n\n\n\n<ul class=\"wp-block-list\">\n<li><strong>Defender a pesca artesanal e sost\u00edbel<\/strong>, coa mellora da xesti\u00f3n dos recursos pesqueiros e <a href=\"https:\/\/es.greenpeace.org\/es\/trabajamos-en\/oceanos\/pesca\/\" data-type=\"link\" data-id=\"https:\/\/es.greenpeace.org\/es\/trabajamos-en\/oceanos\/pesca\/\">ecosistemas mari\u00f1os<\/a>. Po\u00f1er en valor e promover a diferenciaci\u00f3n de produtos procedentes destas pesqueiras e ampliar a superficie mari\u00f1a protexida. Loitar contra a sobreexplotaci\u00f3n de caladoiros e a pesca ilegal.<\/li>\n\n\n\n<li><strong>Abordar a problem\u00e1tica da substituci\u00f3n xeracional ao que se enfronta o sector <\/strong>para asegurar un futuro na pesca e o abastecemento dos recursos pesqueiros para a poboaci\u00f3n.<\/li>\n\n\n\n<li><strong>Impedir a posta en marcha de novas plantas de celulosa como <a href=\"https:\/\/es.greenpeace.org\/es\/noticias\/no-al-gigantesco-monstruo-de-celulosa-que-amenaza-el-corazon-de-galicia\/\" data-type=\"link\" data-id=\"https:\/\/es.greenpeace.org\/es\/noticias\/no-al-gigantesco-monstruo-de-celulosa-que-amenaza-el-corazon-de-galicia\/\">Altri<\/a><\/strong>, menos a\u00ednda nunha zona pr\u00f3xima \u00e1 RN2000, que necesitar\u00eda 46 mill\u00f3ns de litros de auga ao d\u00eda (o equivalente ao consumo de toda a provincia de Lugo) para o seu funcionamento, e unha vertedura industrial ao r\u00edo Ulla de 30 mill\u00f3ns de litros ao d\u00eda de augas residuais contaminadas e previamente tratadas, ou maltratadas.&nbsp;<\/li>\n\n\n\n<li><strong>Impedir a apertura de comportas das presas sen ter en conta o estado das mareas, como a presa Barrie do r\u00edo Tambre <\/strong>(r\u00eda de Noia), xa que ao abrilas con marea baixa deixa a auga da r\u00eda con salinidade cero durante varios d\u00edas consecutivos e isto xera danos irrevers\u00edbeis sobre os bivalvos e perdas econ\u00f3micas no sector pesqueiro artesanal.<\/li>\n\n\n\n<li><strong>Facer fronte \u00e1 contaminaci\u00f3n xerada polos lixiviados procedentes das Minas de Touro e San Finx <\/strong>que seguen a xerar danos na R\u00eda de Arousa e a R\u00eda de Noia e Muros respectivamente.<\/li>\n\n\n\n<li><strong>Facer fronte \u00e1 contaminaci\u00f3n das r\u00edas xerada polas verteduras de fitosanitarios procedentes da gander\u00eda e agricultura industriais,<\/strong> as verteduras de augas residuais urbanas mal depuradas e as verteduras de orixe industrial que xeran un grave dano sobre as R\u00edas. En xeral, demandar un saneamento integral das r\u00edas galegas.<\/li>\n\n\n\n<li><strong>Inclu\u00edr as enfermidades ou lesi\u00f3ns relacionadas co marisqueo na seguridade social<\/strong>, para dotar \u00e1s mariscadoras dos mesmos dereitos que no resto de oficios.<\/li>\n\n\n\n<li><strong>Maior control sobre a pesca ilegal e o furtivismo.<\/strong><\/li>\n<\/ul>\n<\/div><\/div>\n\n\n\n<div class=\"wp-block-group m-3 p-3 has-white-background-color has-background\"><div class=\"wp-block-group__inner-container is-layout-constrained wp-block-group-is-layout-constrained\">\n<h5 class=\"wp-block-heading\"><strong><strong>Turismo e consumo:<\/strong><\/strong><\/h5>\n\n\n\n<ul class=\"wp-block-list\">\n<li><strong>Apoiar a cadea ecol\u00f3xica de proximidade <\/strong>mediante a creaci\u00f3n e mellora de centros lox\u00edsticos de apoio e distribuci\u00f3n \u00e1 agricultura e gandar\u00eda ecol\u00f3xicas e a pesca sost\u00edbel. Ampliar os mercados agroecol\u00f3xicos de barrio e a rede de mercados ambulantes (non sedentarios). Po\u00f1er en valor e promover a diferenciaci\u00f3n de produtos vencellados \u00e1 protecci\u00f3n da natureza e \u00e1s redes de distribuci\u00f3n de produtos de proximidade.<\/li>\n\n\n\n<li><strong>Fomentar o turismo que reco\u00f1eza o valor natural, cultural e patrimonial do territorio,<\/strong> cunha adecuada planificaci\u00f3n que te\u00f1a en conta a capacidade de carga da contorna e busque un equilibrio social e ecol\u00f3xico. Introducir taxas tur\u00edsticas en zonas de turismo masivo.<\/li>\n<\/ul>\n<\/div><\/div>\n","protected":false},"author":58,"featured_media":57372,"parent":57212,"menu_order":7,"template":"","meta":{"_acf_changed":false,"footnotes":""},"categories":[37],"tags":[1083,103,804],"class_list":["post-57456","post_profundidad","type-post_profundidad","status-publish","has-post-thumbnail","hentry","category-oceanos","tag-arctic-sunrise","tag-oceanos","tag-santuarios-marinos"],"acf":[],"yoast_head":"<!-- This site is optimized with the Yoast SEO plugin v27.1.1 - https:\/\/yoast.com\/product\/yoast-seo-wordpress\/ -->\n<title>O Arctic Sunrise en Vilagarc\u00eda de Arousa - ES | Greenpeace Espa\u00f1a<\/title>\n<meta name=\"robots\" content=\"index, follow, max-snippet:-1, max-image-preview:large, max-video-preview:-1\" \/>\n<link rel=\"canonical\" href=\"https:\/\/es.greenpeace.org\/es\/en-profundidad\/el-arctic-sunrise-y-el-witness-llegan-a-espana\/o-arctic-sunrise-en-vilagarcia-de-arousa\/\" \/>\n<meta property=\"og:locale\" content=\"es_ES\" \/>\n<meta property=\"og:type\" content=\"article\" \/>\n<meta property=\"og:title\" content=\"O Arctic Sunrise en Vilagarc\u00eda de Arousa - ES | Greenpeace Espa\u00f1a\" \/>\n<meta property=\"og:description\" content=\"Arctic Sunrise en Vilagarc\u00eda de Arousa! Queres visitalo por dentro? Sumarte aos obradoiros que preparamos? Non perdas a visita do rachaxeos de Greenpeace. Datas de portas abertas: Por que Galicia? Galicia \u00e9 o punto m\u00e1is importante para a pesca a nivel europeo, conta con 4.225 embarcaci\u00f3ns e isto sup\u00f3n m\u00e1is da metade da frota espa\u00f1ola. [&hellip;]\" \/>\n<meta property=\"og:url\" content=\"https:\/\/es.greenpeace.org\/es\/en-profundidad\/el-arctic-sunrise-y-el-witness-llegan-a-espana\/o-arctic-sunrise-en-vilagarcia-de-arousa\/\" \/>\n<meta property=\"og:site_name\" content=\"ES | Greenpeace Espa\u00f1a\" \/>\n<meta property=\"article:publisher\" content=\"https:\/\/www.facebook.com\/greenpeace.spain\" \/>\n<meta property=\"article:modified_time\" content=\"2024-05-27T08:02:54+00:00\" \/>\n<meta property=\"og:image\" content=\"https:\/\/es.greenpeace.org\/es\/wp-content\/uploads\/sites\/3\/2024\/05\/GP0STQY26_Medium-res-1200px.jpg\" \/>\n\t<meta property=\"og:image:width\" content=\"1200\" \/>\n\t<meta property=\"og:image:height\" content=\"800\" \/>\n\t<meta property=\"og:image:type\" content=\"image\/jpeg\" \/>\n<meta name=\"twitter:card\" content=\"summary_large_image\" \/>\n<meta name=\"twitter:site\" content=\"@greenpeace_esp\" \/>\n<meta name=\"twitter:label1\" content=\"Tiempo de lectura\" \/>\n\t<meta name=\"twitter:data1\" content=\"6 minutos\" \/>\n<script type=\"application\/ld+json\" class=\"yoast-schema-graph\">{\"@context\":\"https:\/\/schema.org\",\"@graph\":[{\"@type\":\"WebPage\",\"@id\":\"https:\/\/es.greenpeace.org\/es\/en-profundidad\/el-arctic-sunrise-y-el-witness-llegan-a-espana\/o-arctic-sunrise-en-vilagarcia-de-arousa\/\",\"url\":\"https:\/\/es.greenpeace.org\/es\/en-profundidad\/el-arctic-sunrise-y-el-witness-llegan-a-espana\/o-arctic-sunrise-en-vilagarcia-de-arousa\/\",\"name\":\"O Arctic Sunrise en Vilagarc\u00eda de Arousa - ES | Greenpeace Espa\u00f1a\",\"isPartOf\":{\"@id\":\"https:\/\/es.greenpeace.org\/es\/#website\"},\"primaryImageOfPage\":{\"@id\":\"https:\/\/es.greenpeace.org\/es\/en-profundidad\/el-arctic-sunrise-y-el-witness-llegan-a-espana\/o-arctic-sunrise-en-vilagarcia-de-arousa\/#primaryimage\"},\"image\":{\"@id\":\"https:\/\/es.greenpeace.org\/es\/en-profundidad\/el-arctic-sunrise-y-el-witness-llegan-a-espana\/o-arctic-sunrise-en-vilagarcia-de-arousa\/#primaryimage\"},\"thumbnailUrl\":\"https:\/\/es.greenpeace.org\/es\/wp-content\/uploads\/sites\/3\/2024\/05\/GP0STQY26_Medium-res-1200px.jpg\",\"datePublished\":\"2024-05-24T07:29:10+00:00\",\"dateModified\":\"2024-05-27T08:02:54+00:00\",\"breadcrumb\":{\"@id\":\"https:\/\/es.greenpeace.org\/es\/en-profundidad\/el-arctic-sunrise-y-el-witness-llegan-a-espana\/o-arctic-sunrise-en-vilagarcia-de-arousa\/#breadcrumb\"},\"inLanguage\":\"es\",\"potentialAction\":[{\"@type\":\"ReadAction\",\"target\":[\"https:\/\/es.greenpeace.org\/es\/en-profundidad\/el-arctic-sunrise-y-el-witness-llegan-a-espana\/o-arctic-sunrise-en-vilagarcia-de-arousa\/\"]}]},{\"@type\":\"ImageObject\",\"inLanguage\":\"es\",\"@id\":\"https:\/\/es.greenpeace.org\/es\/en-profundidad\/el-arctic-sunrise-y-el-witness-llegan-a-espana\/o-arctic-sunrise-en-vilagarcia-de-arousa\/#primaryimage\",\"url\":\"https:\/\/es.greenpeace.org\/es\/wp-content\/uploads\/sites\/3\/2024\/05\/GP0STQY26_Medium-res-1200px.jpg\",\"contentUrl\":\"https:\/\/es.greenpeace.org\/es\/wp-content\/uploads\/sites\/3\/2024\/05\/GP0STQY26_Medium-res-1200px.jpg\",\"width\":1200,\"height\":800,\"caption\":\"Arctic Sunrise Palma de Mayorca\"},{\"@type\":\"BreadcrumbList\",\"@id\":\"https:\/\/es.greenpeace.org\/es\/en-profundidad\/el-arctic-sunrise-y-el-witness-llegan-a-espana\/o-arctic-sunrise-en-vilagarcia-de-arousa\/#breadcrumb\",\"itemListElement\":[{\"@type\":\"ListItem\",\"position\":1,\"name\":\"Home\",\"item\":\"https:\/\/es.greenpeace.org\/es\/\"},{\"@type\":\"ListItem\",\"position\":2,\"name\":\"El Arctic Sunrise y el Witness llegan a Espa\u00f1a\",\"item\":\"https:\/\/es.greenpeace.org\/es\/en-profundidad\/el-arctic-sunrise-y-el-witness-llegan-a-espana\/\"},{\"@type\":\"ListItem\",\"position\":3,\"name\":\"O Arctic Sunrise en Vilagarc\u00eda de Arousa\"}]},{\"@type\":\"WebSite\",\"@id\":\"https:\/\/es.greenpeace.org\/es\/#website\",\"url\":\"https:\/\/es.greenpeace.org\/es\/\",\"name\":\"Greenpeace Espa\u00f1a\",\"description\":\"\",\"publisher\":{\"@id\":\"https:\/\/es.greenpeace.org\/es\/#organization\"},\"potentialAction\":[{\"@type\":\"SearchAction\",\"target\":{\"@type\":\"EntryPoint\",\"urlTemplate\":\"https:\/\/es.greenpeace.org\/es\/?s={search_term_string}\"},\"query-input\":{\"@type\":\"PropertyValueSpecification\",\"valueRequired\":true,\"valueName\":\"search_term_string\"}}],\"inLanguage\":\"es\"},{\"@type\":\"Organization\",\"@id\":\"https:\/\/es.greenpeace.org\/es\/#organization\",\"name\":\"Greenpeace Espa\u00f1a\",\"alternateName\":\"Greenpeace\",\"url\":\"https:\/\/es.greenpeace.org\/es\/\",\"logo\":{\"@type\":\"ImageObject\",\"inLanguage\":\"es\",\"@id\":\"https:\/\/es.greenpeace.org\/es\/#\/schema\/logo\/image\/\",\"url\":\"https:\/\/es.greenpeace.org\/es\/wp-content\/uploads\/sites\/3\/2024\/07\/greenpeace-logo-verde.svg\",\"contentUrl\":\"https:\/\/es.greenpeace.org\/es\/wp-content\/uploads\/sites\/3\/2024\/07\/greenpeace-logo-verde.svg\",\"width\":1,\"height\":1,\"caption\":\"Greenpeace Espa\u00f1a\"},\"image\":{\"@id\":\"https:\/\/es.greenpeace.org\/es\/#\/schema\/logo\/image\/\"},\"sameAs\":[\"https:\/\/www.facebook.com\/greenpeace.spain\",\"https:\/\/x.com\/greenpeace_esp\",\"https:\/\/www.instagram.com\/greenpeace_esp\/\"]}]}<\/script>\n<!-- \/ Yoast SEO plugin. -->","yoast_head_json":{"title":"O Arctic Sunrise en Vilagarc\u00eda de Arousa - ES | Greenpeace Espa\u00f1a","robots":{"index":"index","follow":"follow","max-snippet":"max-snippet:-1","max-image-preview":"max-image-preview:large","max-video-preview":"max-video-preview:-1"},"canonical":"https:\/\/es.greenpeace.org\/es\/en-profundidad\/el-arctic-sunrise-y-el-witness-llegan-a-espana\/o-arctic-sunrise-en-vilagarcia-de-arousa\/","og_locale":"es_ES","og_type":"article","og_title":"O Arctic Sunrise en Vilagarc\u00eda de Arousa - ES | Greenpeace Espa\u00f1a","og_description":"Arctic Sunrise en Vilagarc\u00eda de Arousa! Queres visitalo por dentro? Sumarte aos obradoiros que preparamos? Non perdas a visita do rachaxeos de Greenpeace. Datas de portas abertas: Por que Galicia? Galicia \u00e9 o punto m\u00e1is importante para a pesca a nivel europeo, conta con 4.225 embarcaci\u00f3ns e isto sup\u00f3n m\u00e1is da metade da frota espa\u00f1ola. [&hellip;]","og_url":"https:\/\/es.greenpeace.org\/es\/en-profundidad\/el-arctic-sunrise-y-el-witness-llegan-a-espana\/o-arctic-sunrise-en-vilagarcia-de-arousa\/","og_site_name":"ES | Greenpeace Espa\u00f1a","article_publisher":"https:\/\/www.facebook.com\/greenpeace.spain","article_modified_time":"2024-05-27T08:02:54+00:00","og_image":[{"width":1200,"height":800,"url":"https:\/\/es.greenpeace.org\/es\/wp-content\/uploads\/sites\/3\/2024\/05\/GP0STQY26_Medium-res-1200px.jpg","type":"image\/jpeg"}],"twitter_card":"summary_large_image","twitter_site":"@greenpeace_esp","twitter_misc":{"Tiempo de lectura":"6 minutos"},"schema":{"@context":"https:\/\/schema.org","@graph":[{"@type":"WebPage","@id":"https:\/\/es.greenpeace.org\/es\/en-profundidad\/el-arctic-sunrise-y-el-witness-llegan-a-espana\/o-arctic-sunrise-en-vilagarcia-de-arousa\/","url":"https:\/\/es.greenpeace.org\/es\/en-profundidad\/el-arctic-sunrise-y-el-witness-llegan-a-espana\/o-arctic-sunrise-en-vilagarcia-de-arousa\/","name":"O Arctic Sunrise en Vilagarc\u00eda de Arousa - ES | Greenpeace Espa\u00f1a","isPartOf":{"@id":"https:\/\/es.greenpeace.org\/es\/#website"},"primaryImageOfPage":{"@id":"https:\/\/es.greenpeace.org\/es\/en-profundidad\/el-arctic-sunrise-y-el-witness-llegan-a-espana\/o-arctic-sunrise-en-vilagarcia-de-arousa\/#primaryimage"},"image":{"@id":"https:\/\/es.greenpeace.org\/es\/en-profundidad\/el-arctic-sunrise-y-el-witness-llegan-a-espana\/o-arctic-sunrise-en-vilagarcia-de-arousa\/#primaryimage"},"thumbnailUrl":"https:\/\/es.greenpeace.org\/es\/wp-content\/uploads\/sites\/3\/2024\/05\/GP0STQY26_Medium-res-1200px.jpg","datePublished":"2024-05-24T07:29:10+00:00","dateModified":"2024-05-27T08:02:54+00:00","breadcrumb":{"@id":"https:\/\/es.greenpeace.org\/es\/en-profundidad\/el-arctic-sunrise-y-el-witness-llegan-a-espana\/o-arctic-sunrise-en-vilagarcia-de-arousa\/#breadcrumb"},"inLanguage":"es","potentialAction":[{"@type":"ReadAction","target":["https:\/\/es.greenpeace.org\/es\/en-profundidad\/el-arctic-sunrise-y-el-witness-llegan-a-espana\/o-arctic-sunrise-en-vilagarcia-de-arousa\/"]}]},{"@type":"ImageObject","inLanguage":"es","@id":"https:\/\/es.greenpeace.org\/es\/en-profundidad\/el-arctic-sunrise-y-el-witness-llegan-a-espana\/o-arctic-sunrise-en-vilagarcia-de-arousa\/#primaryimage","url":"https:\/\/es.greenpeace.org\/es\/wp-content\/uploads\/sites\/3\/2024\/05\/GP0STQY26_Medium-res-1200px.jpg","contentUrl":"https:\/\/es.greenpeace.org\/es\/wp-content\/uploads\/sites\/3\/2024\/05\/GP0STQY26_Medium-res-1200px.jpg","width":1200,"height":800,"caption":"Arctic Sunrise Palma de Mayorca"},{"@type":"BreadcrumbList","@id":"https:\/\/es.greenpeace.org\/es\/en-profundidad\/el-arctic-sunrise-y-el-witness-llegan-a-espana\/o-arctic-sunrise-en-vilagarcia-de-arousa\/#breadcrumb","itemListElement":[{"@type":"ListItem","position":1,"name":"Home","item":"https:\/\/es.greenpeace.org\/es\/"},{"@type":"ListItem","position":2,"name":"El Arctic Sunrise y el Witness llegan a Espa\u00f1a","item":"https:\/\/es.greenpeace.org\/es\/en-profundidad\/el-arctic-sunrise-y-el-witness-llegan-a-espana\/"},{"@type":"ListItem","position":3,"name":"O Arctic Sunrise en Vilagarc\u00eda de Arousa"}]},{"@type":"WebSite","@id":"https:\/\/es.greenpeace.org\/es\/#website","url":"https:\/\/es.greenpeace.org\/es\/","name":"Greenpeace Espa\u00f1a","description":"","publisher":{"@id":"https:\/\/es.greenpeace.org\/es\/#organization"},"potentialAction":[{"@type":"SearchAction","target":{"@type":"EntryPoint","urlTemplate":"https:\/\/es.greenpeace.org\/es\/?s={search_term_string}"},"query-input":{"@type":"PropertyValueSpecification","valueRequired":true,"valueName":"search_term_string"}}],"inLanguage":"es"},{"@type":"Organization","@id":"https:\/\/es.greenpeace.org\/es\/#organization","name":"Greenpeace Espa\u00f1a","alternateName":"Greenpeace","url":"https:\/\/es.greenpeace.org\/es\/","logo":{"@type":"ImageObject","inLanguage":"es","@id":"https:\/\/es.greenpeace.org\/es\/#\/schema\/logo\/image\/","url":"https:\/\/es.greenpeace.org\/es\/wp-content\/uploads\/sites\/3\/2024\/07\/greenpeace-logo-verde.svg","contentUrl":"https:\/\/es.greenpeace.org\/es\/wp-content\/uploads\/sites\/3\/2024\/07\/greenpeace-logo-verde.svg","width":1,"height":1,"caption":"Greenpeace Espa\u00f1a"},"image":{"@id":"https:\/\/es.greenpeace.org\/es\/#\/schema\/logo\/image\/"},"sameAs":["https:\/\/www.facebook.com\/greenpeace.spain","https:\/\/x.com\/greenpeace_esp","https:\/\/www.instagram.com\/greenpeace_esp\/"]}]}},"_links":{"self":[{"href":"https:\/\/es.greenpeace.org\/es\/wp-json\/wp\/v2\/post_profundidad\/57456","targetHints":{"allow":["GET"]}}],"collection":[{"href":"https:\/\/es.greenpeace.org\/es\/wp-json\/wp\/v2\/post_profundidad"}],"about":[{"href":"https:\/\/es.greenpeace.org\/es\/wp-json\/wp\/v2\/types\/post_profundidad"}],"author":[{"embeddable":true,"href":"https:\/\/es.greenpeace.org\/es\/wp-json\/wp\/v2\/users\/58"}],"version-history":[{"count":10,"href":"https:\/\/es.greenpeace.org\/es\/wp-json\/wp\/v2\/post_profundidad\/57456\/revisions"}],"predecessor-version":[{"id":57707,"href":"https:\/\/es.greenpeace.org\/es\/wp-json\/wp\/v2\/post_profundidad\/57456\/revisions\/57707"}],"up":[{"embeddable":true,"href":"https:\/\/es.greenpeace.org\/es\/wp-json\/wp\/v2\/post_profundidad\/57212"}],"wp:featuredmedia":[{"embeddable":true,"href":"https:\/\/es.greenpeace.org\/es\/wp-json\/wp\/v2\/media\/57372"}],"wp:attachment":[{"href":"https:\/\/es.greenpeace.org\/es\/wp-json\/wp\/v2\/media?parent=57456"}],"wp:term":[{"taxonomy":"category","embeddable":true,"href":"https:\/\/es.greenpeace.org\/es\/wp-json\/wp\/v2\/categories?post=57456"},{"taxonomy":"post_tag","embeddable":true,"href":"https:\/\/es.greenpeace.org\/es\/wp-json\/wp\/v2\/tags?post=57456"}],"curies":[{"name":"wp","href":"https:\/\/api.w.org\/{rel}","templated":true}]}}