{"id":57681,"date":"2024-05-27T09:59:24","date_gmt":"2024-05-27T07:59:24","guid":{"rendered":"https:\/\/es.greenpeace.org\/es\/?post_type=post_profundidad&#038;p=57681"},"modified":"2024-06-20T12:54:27","modified_gmt":"2024-06-20T10:54:27","slug":"larctic-sunrise-a-palma","status":"publish","type":"post_profundidad","link":"https:\/\/es.greenpeace.org\/es\/en-profundidad\/el-arctic-sunrise-y-el-witness-llegan-a-espana\/larctic-sunrise-a-palma\/","title":{"rendered":"L\u2019Arctic Sunrise a Palma"},"content":{"rendered":"\n<p><strong>L\u2019Arctic Sunrise arriba a Mallorca! <\/strong>Vols visitar-ho per dins? Sumar-te als tallers que hem preparat? No et perdis la visita del trencagla\u00e7 de Greenpeace.<\/p>\n\n\n\n<div class=\"wp-block-group m-3 p-3 has-lightyellow-background-color has-background\"><div class=\"wp-block-group__inner-container is-layout-constrained wp-block-group-is-layout-constrained\">\n<h5 class=\"wp-block-heading\"><strong>Dates de portes obertes:<\/strong><\/h5>\n\n\n\n<ul class=\"wp-block-list\">\n<li><strong>Ubicaci\u00f3<\/strong>: Port de Palma, al costat del passeig mar\u00edtim.<\/li>\n\n\n\n<li><strong>Dates<\/strong>: els dies 21, 22 i 23 de juny de 2024.<\/li>\n\n\n\n<li><strong>Visites<\/strong> <strong>al<\/strong> <strong>vaixell<\/strong>: El dia 21 de 17.00 a 21:00h, el dia 22 de 10.00 a 14.00 i de 17.00 a 21.00 i el dia 23 de 10.00 a 14.00 i de 17.00 a 20.00. Les cues es tancaran a les 14.00 al migdia i a les 21.00 a la tarda (a les 20.00 el dia 23).<\/li>\n<\/ul>\n<\/div><\/div>\n\n\n\n<div style=\"height:10px\" aria-hidden=\"true\" class=\"wp-block-spacer\"><\/div>\n\n\n\n<div class=\"wp-block-buttons my-4 is-content-justification-center is-layout-flex wp-container-core-buttons-is-layout-16018d1d wp-block-buttons-is-layout-flex\">\n<div class=\"wp-block-button has-custom-font-size\" style=\"font-size:15px\"><a class=\"wp-block-button__link has-white-color has-orange-background-color has-text-color has-background wp-element-button\" href=\"https:\/\/es.greenpeace.org\/es\/subete-al-barco-de-greenpeace\/\" style=\"border-radius:0px\" target=\"_blank\" rel=\"noreferrer noopener\">D\u00d3NA LA TEVA VISITA I PARTICIPA EN UN SORTEO<\/a><\/div>\n<\/div>\n\n\n\n<div style=\"height:10px\" aria-hidden=\"true\" class=\"wp-block-spacer\"><\/div>\n\n\n\n<h5 class=\"wp-block-heading\"><strong><strong>Per qu\u00e8 a Palma?<\/strong><\/strong><\/h5>\n\n\n\n<p>La tercera parada del Arctic Sunrise \u00e9s a Palma ja que <strong>Balears compta amb 12 Reserves marines d&#8217;inter\u00e8s pesquer i 5 d&#8217;elles es troben a Mallorca:<\/strong> La Reserva marina de Sa Dragonera, Les Illes del Toro i dels Malgrats, la Bad\u00eda de Palma, la Reserva marina del Migjorn de Mallorca i el Llevant de Mallorca. Les illes Balears compten amb 43 espais marins protegits XN 2000 de compet\u00e8ncia auton\u00f2mica, que sumen una superf\u00edcie de 109.182 ha, de les quals 68.896 ha es troben a l&#8217;Illa de Mallorca (d&#8217;\u00e0mbit auton\u00f2mic).<\/p>\n\n\n\n<p>Existeixen tamb\u00e9<strong> 10 espais marins protegits <\/strong>XN 2000 de compet\u00e8ncia estatal que sumen un total de 819.422 ha. La mar Mediterr\u00e0nia ja compta amb un 30% de les seves aig\u00fces protegides, encara que no de manera efectiva ja que moltes d&#8217;elles encara no tenen plans de gesti\u00f3, per\u00f2 ara \u00e9s important aconseguir un 10% de les aig\u00fces del Mediterrani amb alta protecci\u00f3, \u00e9s a dir, zones lliures d&#8217;impactes que permetin la preservaci\u00f3 de la biodiversitat.<\/p>\n\n\n\n<p>En aquesta parada ens centrem en la part m\u00e9s cient\u00edfica i posarem en valor la <strong>rellev\u00e0ncia<\/strong> de les <strong>reserves<\/strong> <strong>marines<\/strong>, el seu paper en els oceans i els beneficis que generen sobre els ecosistemes marins.<\/p>\n\n\n\n<p><strong>Les nostres demandes per a Illes Balears:<\/strong><\/p>\n\n\n\n<div class=\"wp-block-group m-3 p-3 has-white-background-color has-background\"><div class=\"wp-block-group__inner-container is-layout-constrained wp-block-group-is-layout-constrained\">\n<h5 class=\"wp-block-heading\"><strong><strong><strong><strong>Conservaci\u00f3 i canvi clim\u00e0tic:<\/strong><\/strong><\/strong><\/strong><\/h5>\n\n\n\n<ul class=\"wp-block-list\">\n<li><strong>Assegurar el compliment dels acords internacionals de protecci\u00f3 del medi mar\u00ed<\/strong> que estableixen la necessitat d&#8217;aconseguir que un 30% dels mars estiguin sota una protecci\u00f3 i gesti\u00f3 eficaces, i garantir que el 10% de la mar quedi sota protecci\u00f3 estricta, lliure d&#8217;activitats antr\u00f2piques que puguin comprometre la seva salut ambiental.<\/li>\n\n\n\n<li><strong>Elaborar i implementar un pla d&#8217;adaptaci\u00f3 als escenaris de canvi clim\u00e0tic <\/strong>enfront de les amenaces (onades de calor, incendis, sequeres, inundacions, pujada del nivell del mar, etc) amb estrat\u00e8gies d&#8217;increment de la resili\u00e8ncia en les tem\u00e0tiques i \u00e0rees clau i amb una disponibilitat pressupost\u00e0ria adequada.<\/li>\n<\/ul>\n<\/div><\/div>\n\n\n\n<div class=\"wp-block-group m-3 p-3 has-white-background-color has-background\"><div class=\"wp-block-group__inner-container is-layout-constrained wp-block-group-is-layout-constrained\">\n<h5 class=\"wp-block-heading\"><strong><strong><strong><strong>Pesca<\/strong>:<\/strong><\/strong><\/strong><\/h5>\n\n\n\n<ul class=\"wp-block-list\">\n<li><strong>Defensar la pesca artesanal i sostenible<\/strong>, amb la millora de la gesti\u00f3 dels recursos pesquers i dels ecosistemes marins. Posar en valor i promoure la diferenciaci\u00f3 de productes procedents d&#8217;aquest tipus de pesca artesanal i ampliar la superf\u00edcie marina protegida. Lluitar contra la sobreexplotaci\u00f3 de caladors, la pesca il\u00b7legal i la compet\u00e8ncia amb empreses pesqueres industrials que generen danys a la flota artesanal.<\/li>\n\n\n\n<li><strong>Abordar la problem\u00e0tica del relleu generacional <\/strong>al qual s&#8217;enfronta el sector per assegurar el futur de la pesca i el prove\u00efment dels recursos pesquers per a la poblaci\u00f3.<\/li>\n<\/ul>\n<\/div><\/div>\n\n\n\n<div class=\"wp-block-group m-3 p-3 has-white-background-color has-background\"><div class=\"wp-block-group__inner-container is-layout-constrained wp-block-group-is-layout-constrained\">\n<h5 class=\"wp-block-heading\"><strong><strong><strong><strong>Turisme i consum:<\/strong><\/strong><\/strong><\/strong><\/h5>\n\n\n\n<ul class=\"wp-block-list\">\n<li><strong>Continuar amb l\u2019ajuda i el foment de la cadena ecol\u00f2gica de proximitat <\/strong>mitjan\u00e7ant la creaci\u00f3 i millora de centres log\u00edstics de suport i distribuci\u00f3 a l&#8217;agricultura i ramaderia ecol\u00f2giques i la pesca sostenible. Ampliar els mercats agroecol\u00f2gics de barri i la xarxa de mercats ambulants (no sedentaris). Posar en valor i promoure la diferenciaci\u00f3 de productes vinculats a la protecci\u00f3 de la natura i a les xarxes de distribuci\u00f3 de productes de proximitat.<\/li>\n\n\n\n<li><strong>Fomentar el turisme que reconegui el valor natural, cultural i patrimonial del territori<\/strong>, amb una adequada planificaci\u00f3 que tingui en compte la capacitat de c\u00e0rrega de l&#8217;entorn i busqui un equilibri social i ecol\u00f2gic. Introduir taxes tur\u00edstiques en zones de turisme massiu.<\/li>\n<\/ul>\n<\/div><\/div>\n","protected":false},"author":100,"featured_media":57372,"parent":57212,"menu_order":9,"template":"","meta":{"_acf_changed":false,"footnotes":""},"categories":[37],"tags":[1083,103,804],"class_list":["post-57681","post_profundidad","type-post_profundidad","status-publish","has-post-thumbnail","hentry","category-oceanos","tag-arctic-sunrise","tag-oceanos","tag-santuarios-marinos"],"acf":[],"yoast_head":"<!-- This site is optimized with the Yoast SEO plugin v27.1.1 - https:\/\/yoast.com\/product\/yoast-seo-wordpress\/ -->\n<title>L\u2019Arctic Sunrise a Palma - ES | Greenpeace Espa\u00f1a<\/title>\n<meta name=\"robots\" content=\"index, follow, max-snippet:-1, max-image-preview:large, max-video-preview:-1\" \/>\n<link rel=\"canonical\" href=\"https:\/\/es.greenpeace.org\/es\/en-profundidad\/el-arctic-sunrise-y-el-witness-llegan-a-espana\/larctic-sunrise-a-palma\/\" \/>\n<meta property=\"og:locale\" content=\"es_ES\" \/>\n<meta property=\"og:type\" content=\"article\" \/>\n<meta property=\"og:title\" content=\"L\u2019Arctic Sunrise a Palma - ES | Greenpeace Espa\u00f1a\" \/>\n<meta property=\"og:description\" content=\"L\u2019Arctic Sunrise arriba a Mallorca! Vols visitar-ho per dins? Sumar-te als tallers que hem preparat? No et perdis la visita del trencagla\u00e7 de Greenpeace. Dates de portes obertes: Per qu\u00e8 a Palma? La tercera parada del Arctic Sunrise \u00e9s a Palma ja que Balears compta amb 12 Reserves marines d&#8217;inter\u00e8s pesquer i 5 d&#8217;elles es [&hellip;]\" \/>\n<meta property=\"og:url\" content=\"https:\/\/es.greenpeace.org\/es\/en-profundidad\/el-arctic-sunrise-y-el-witness-llegan-a-espana\/larctic-sunrise-a-palma\/\" \/>\n<meta property=\"og:site_name\" content=\"ES | Greenpeace Espa\u00f1a\" \/>\n<meta property=\"article:publisher\" content=\"https:\/\/www.facebook.com\/greenpeace.spain\" \/>\n<meta property=\"article:modified_time\" content=\"2024-06-20T10:54:27+00:00\" \/>\n<meta property=\"og:image\" content=\"https:\/\/es.greenpeace.org\/es\/wp-content\/uploads\/sites\/3\/2024\/05\/GP0STQY26_Medium-res-1200px.jpg\" \/>\n\t<meta property=\"og:image:width\" content=\"1200\" \/>\n\t<meta property=\"og:image:height\" content=\"800\" \/>\n\t<meta property=\"og:image:type\" content=\"image\/jpeg\" \/>\n<meta name=\"twitter:card\" content=\"summary_large_image\" \/>\n<meta name=\"twitter:site\" content=\"@greenpeace_esp\" \/>\n<meta name=\"twitter:label1\" content=\"Tiempo de lectura\" \/>\n\t<meta name=\"twitter:data1\" content=\"3 minutos\" \/>\n<script type=\"application\/ld+json\" class=\"yoast-schema-graph\">{\"@context\":\"https:\/\/schema.org\",\"@graph\":[{\"@type\":\"WebPage\",\"@id\":\"https:\/\/es.greenpeace.org\/es\/en-profundidad\/el-arctic-sunrise-y-el-witness-llegan-a-espana\/larctic-sunrise-a-palma\/\",\"url\":\"https:\/\/es.greenpeace.org\/es\/en-profundidad\/el-arctic-sunrise-y-el-witness-llegan-a-espana\/larctic-sunrise-a-palma\/\",\"name\":\"L\u2019Arctic Sunrise a Palma - ES | Greenpeace Espa\u00f1a\",\"isPartOf\":{\"@id\":\"https:\/\/es.greenpeace.org\/es\/#website\"},\"primaryImageOfPage\":{\"@id\":\"https:\/\/es.greenpeace.org\/es\/en-profundidad\/el-arctic-sunrise-y-el-witness-llegan-a-espana\/larctic-sunrise-a-palma\/#primaryimage\"},\"image\":{\"@id\":\"https:\/\/es.greenpeace.org\/es\/en-profundidad\/el-arctic-sunrise-y-el-witness-llegan-a-espana\/larctic-sunrise-a-palma\/#primaryimage\"},\"thumbnailUrl\":\"https:\/\/es.greenpeace.org\/es\/wp-content\/uploads\/sites\/3\/2024\/05\/GP0STQY26_Medium-res-1200px.jpg\",\"datePublished\":\"2024-05-27T07:59:24+00:00\",\"dateModified\":\"2024-06-20T10:54:27+00:00\",\"breadcrumb\":{\"@id\":\"https:\/\/es.greenpeace.org\/es\/en-profundidad\/el-arctic-sunrise-y-el-witness-llegan-a-espana\/larctic-sunrise-a-palma\/#breadcrumb\"},\"inLanguage\":\"es\",\"potentialAction\":[{\"@type\":\"ReadAction\",\"target\":[\"https:\/\/es.greenpeace.org\/es\/en-profundidad\/el-arctic-sunrise-y-el-witness-llegan-a-espana\/larctic-sunrise-a-palma\/\"]}]},{\"@type\":\"ImageObject\",\"inLanguage\":\"es\",\"@id\":\"https:\/\/es.greenpeace.org\/es\/en-profundidad\/el-arctic-sunrise-y-el-witness-llegan-a-espana\/larctic-sunrise-a-palma\/#primaryimage\",\"url\":\"https:\/\/es.greenpeace.org\/es\/wp-content\/uploads\/sites\/3\/2024\/05\/GP0STQY26_Medium-res-1200px.jpg\",\"contentUrl\":\"https:\/\/es.greenpeace.org\/es\/wp-content\/uploads\/sites\/3\/2024\/05\/GP0STQY26_Medium-res-1200px.jpg\",\"width\":1200,\"height\":800,\"caption\":\"Arctic Sunrise Palma de Mayorca\"},{\"@type\":\"BreadcrumbList\",\"@id\":\"https:\/\/es.greenpeace.org\/es\/en-profundidad\/el-arctic-sunrise-y-el-witness-llegan-a-espana\/larctic-sunrise-a-palma\/#breadcrumb\",\"itemListElement\":[{\"@type\":\"ListItem\",\"position\":1,\"name\":\"Home\",\"item\":\"https:\/\/es.greenpeace.org\/es\/\"},{\"@type\":\"ListItem\",\"position\":2,\"name\":\"El Arctic Sunrise y el Witness llegan a Espa\u00f1a\",\"item\":\"https:\/\/es.greenpeace.org\/es\/en-profundidad\/el-arctic-sunrise-y-el-witness-llegan-a-espana\/\"},{\"@type\":\"ListItem\",\"position\":3,\"name\":\"L\u2019Arctic Sunrise a Palma\"}]},{\"@type\":\"WebSite\",\"@id\":\"https:\/\/es.greenpeace.org\/es\/#website\",\"url\":\"https:\/\/es.greenpeace.org\/es\/\",\"name\":\"Greenpeace Espa\u00f1a\",\"description\":\"\",\"publisher\":{\"@id\":\"https:\/\/es.greenpeace.org\/es\/#organization\"},\"potentialAction\":[{\"@type\":\"SearchAction\",\"target\":{\"@type\":\"EntryPoint\",\"urlTemplate\":\"https:\/\/es.greenpeace.org\/es\/?s={search_term_string}\"},\"query-input\":{\"@type\":\"PropertyValueSpecification\",\"valueRequired\":true,\"valueName\":\"search_term_string\"}}],\"inLanguage\":\"es\"},{\"@type\":\"Organization\",\"@id\":\"https:\/\/es.greenpeace.org\/es\/#organization\",\"name\":\"Greenpeace Espa\u00f1a\",\"alternateName\":\"Greenpeace\",\"url\":\"https:\/\/es.greenpeace.org\/es\/\",\"logo\":{\"@type\":\"ImageObject\",\"inLanguage\":\"es\",\"@id\":\"https:\/\/es.greenpeace.org\/es\/#\/schema\/logo\/image\/\",\"url\":\"https:\/\/es.greenpeace.org\/es\/wp-content\/uploads\/sites\/3\/2024\/07\/greenpeace-logo-verde.svg\",\"contentUrl\":\"https:\/\/es.greenpeace.org\/es\/wp-content\/uploads\/sites\/3\/2024\/07\/greenpeace-logo-verde.svg\",\"width\":1,\"height\":1,\"caption\":\"Greenpeace Espa\u00f1a\"},\"image\":{\"@id\":\"https:\/\/es.greenpeace.org\/es\/#\/schema\/logo\/image\/\"},\"sameAs\":[\"https:\/\/www.facebook.com\/greenpeace.spain\",\"https:\/\/x.com\/greenpeace_esp\",\"https:\/\/www.instagram.com\/greenpeace_esp\/\"]}]}<\/script>\n<!-- \/ Yoast SEO plugin. -->","yoast_head_json":{"title":"L\u2019Arctic Sunrise a Palma - ES | Greenpeace Espa\u00f1a","robots":{"index":"index","follow":"follow","max-snippet":"max-snippet:-1","max-image-preview":"max-image-preview:large","max-video-preview":"max-video-preview:-1"},"canonical":"https:\/\/es.greenpeace.org\/es\/en-profundidad\/el-arctic-sunrise-y-el-witness-llegan-a-espana\/larctic-sunrise-a-palma\/","og_locale":"es_ES","og_type":"article","og_title":"L\u2019Arctic Sunrise a Palma - ES | Greenpeace Espa\u00f1a","og_description":"L\u2019Arctic Sunrise arriba a Mallorca! Vols visitar-ho per dins? Sumar-te als tallers que hem preparat? No et perdis la visita del trencagla\u00e7 de Greenpeace. Dates de portes obertes: Per qu\u00e8 a Palma? La tercera parada del Arctic Sunrise \u00e9s a Palma ja que Balears compta amb 12 Reserves marines d&#8217;inter\u00e8s pesquer i 5 d&#8217;elles es [&hellip;]","og_url":"https:\/\/es.greenpeace.org\/es\/en-profundidad\/el-arctic-sunrise-y-el-witness-llegan-a-espana\/larctic-sunrise-a-palma\/","og_site_name":"ES | Greenpeace Espa\u00f1a","article_publisher":"https:\/\/www.facebook.com\/greenpeace.spain","article_modified_time":"2024-06-20T10:54:27+00:00","og_image":[{"width":1200,"height":800,"url":"https:\/\/es.greenpeace.org\/es\/wp-content\/uploads\/sites\/3\/2024\/05\/GP0STQY26_Medium-res-1200px.jpg","type":"image\/jpeg"}],"twitter_card":"summary_large_image","twitter_site":"@greenpeace_esp","twitter_misc":{"Tiempo de lectura":"3 minutos"},"schema":{"@context":"https:\/\/schema.org","@graph":[{"@type":"WebPage","@id":"https:\/\/es.greenpeace.org\/es\/en-profundidad\/el-arctic-sunrise-y-el-witness-llegan-a-espana\/larctic-sunrise-a-palma\/","url":"https:\/\/es.greenpeace.org\/es\/en-profundidad\/el-arctic-sunrise-y-el-witness-llegan-a-espana\/larctic-sunrise-a-palma\/","name":"L\u2019Arctic Sunrise a Palma - ES | Greenpeace Espa\u00f1a","isPartOf":{"@id":"https:\/\/es.greenpeace.org\/es\/#website"},"primaryImageOfPage":{"@id":"https:\/\/es.greenpeace.org\/es\/en-profundidad\/el-arctic-sunrise-y-el-witness-llegan-a-espana\/larctic-sunrise-a-palma\/#primaryimage"},"image":{"@id":"https:\/\/es.greenpeace.org\/es\/en-profundidad\/el-arctic-sunrise-y-el-witness-llegan-a-espana\/larctic-sunrise-a-palma\/#primaryimage"},"thumbnailUrl":"https:\/\/es.greenpeace.org\/es\/wp-content\/uploads\/sites\/3\/2024\/05\/GP0STQY26_Medium-res-1200px.jpg","datePublished":"2024-05-27T07:59:24+00:00","dateModified":"2024-06-20T10:54:27+00:00","breadcrumb":{"@id":"https:\/\/es.greenpeace.org\/es\/en-profundidad\/el-arctic-sunrise-y-el-witness-llegan-a-espana\/larctic-sunrise-a-palma\/#breadcrumb"},"inLanguage":"es","potentialAction":[{"@type":"ReadAction","target":["https:\/\/es.greenpeace.org\/es\/en-profundidad\/el-arctic-sunrise-y-el-witness-llegan-a-espana\/larctic-sunrise-a-palma\/"]}]},{"@type":"ImageObject","inLanguage":"es","@id":"https:\/\/es.greenpeace.org\/es\/en-profundidad\/el-arctic-sunrise-y-el-witness-llegan-a-espana\/larctic-sunrise-a-palma\/#primaryimage","url":"https:\/\/es.greenpeace.org\/es\/wp-content\/uploads\/sites\/3\/2024\/05\/GP0STQY26_Medium-res-1200px.jpg","contentUrl":"https:\/\/es.greenpeace.org\/es\/wp-content\/uploads\/sites\/3\/2024\/05\/GP0STQY26_Medium-res-1200px.jpg","width":1200,"height":800,"caption":"Arctic Sunrise Palma de Mayorca"},{"@type":"BreadcrumbList","@id":"https:\/\/es.greenpeace.org\/es\/en-profundidad\/el-arctic-sunrise-y-el-witness-llegan-a-espana\/larctic-sunrise-a-palma\/#breadcrumb","itemListElement":[{"@type":"ListItem","position":1,"name":"Home","item":"https:\/\/es.greenpeace.org\/es\/"},{"@type":"ListItem","position":2,"name":"El Arctic Sunrise y el Witness llegan a Espa\u00f1a","item":"https:\/\/es.greenpeace.org\/es\/en-profundidad\/el-arctic-sunrise-y-el-witness-llegan-a-espana\/"},{"@type":"ListItem","position":3,"name":"L\u2019Arctic Sunrise a Palma"}]},{"@type":"WebSite","@id":"https:\/\/es.greenpeace.org\/es\/#website","url":"https:\/\/es.greenpeace.org\/es\/","name":"Greenpeace Espa\u00f1a","description":"","publisher":{"@id":"https:\/\/es.greenpeace.org\/es\/#organization"},"potentialAction":[{"@type":"SearchAction","target":{"@type":"EntryPoint","urlTemplate":"https:\/\/es.greenpeace.org\/es\/?s={search_term_string}"},"query-input":{"@type":"PropertyValueSpecification","valueRequired":true,"valueName":"search_term_string"}}],"inLanguage":"es"},{"@type":"Organization","@id":"https:\/\/es.greenpeace.org\/es\/#organization","name":"Greenpeace Espa\u00f1a","alternateName":"Greenpeace","url":"https:\/\/es.greenpeace.org\/es\/","logo":{"@type":"ImageObject","inLanguage":"es","@id":"https:\/\/es.greenpeace.org\/es\/#\/schema\/logo\/image\/","url":"https:\/\/es.greenpeace.org\/es\/wp-content\/uploads\/sites\/3\/2024\/07\/greenpeace-logo-verde.svg","contentUrl":"https:\/\/es.greenpeace.org\/es\/wp-content\/uploads\/sites\/3\/2024\/07\/greenpeace-logo-verde.svg","width":1,"height":1,"caption":"Greenpeace Espa\u00f1a"},"image":{"@id":"https:\/\/es.greenpeace.org\/es\/#\/schema\/logo\/image\/"},"sameAs":["https:\/\/www.facebook.com\/greenpeace.spain","https:\/\/x.com\/greenpeace_esp","https:\/\/www.instagram.com\/greenpeace_esp\/"]}]}},"_links":{"self":[{"href":"https:\/\/es.greenpeace.org\/es\/wp-json\/wp\/v2\/post_profundidad\/57681","targetHints":{"allow":["GET"]}}],"collection":[{"href":"https:\/\/es.greenpeace.org\/es\/wp-json\/wp\/v2\/post_profundidad"}],"about":[{"href":"https:\/\/es.greenpeace.org\/es\/wp-json\/wp\/v2\/types\/post_profundidad"}],"author":[{"embeddable":true,"href":"https:\/\/es.greenpeace.org\/es\/wp-json\/wp\/v2\/users\/100"}],"version-history":[{"count":10,"href":"https:\/\/es.greenpeace.org\/es\/wp-json\/wp\/v2\/post_profundidad\/57681\/revisions"}],"predecessor-version":[{"id":58799,"href":"https:\/\/es.greenpeace.org\/es\/wp-json\/wp\/v2\/post_profundidad\/57681\/revisions\/58799"}],"up":[{"embeddable":true,"href":"https:\/\/es.greenpeace.org\/es\/wp-json\/wp\/v2\/post_profundidad\/57212"}],"wp:featuredmedia":[{"embeddable":true,"href":"https:\/\/es.greenpeace.org\/es\/wp-json\/wp\/v2\/media\/57372"}],"wp:attachment":[{"href":"https:\/\/es.greenpeace.org\/es\/wp-json\/wp\/v2\/media?parent=57681"}],"wp:term":[{"taxonomy":"category","embeddable":true,"href":"https:\/\/es.greenpeace.org\/es\/wp-json\/wp\/v2\/categories?post=57681"},{"taxonomy":"post_tag","embeddable":true,"href":"https:\/\/es.greenpeace.org\/es\/wp-json\/wp\/v2\/tags?post=57681"}],"curies":[{"name":"wp","href":"https:\/\/api.w.org\/{rel}","templated":true}]}}