{"id":58260,"date":"2024-06-14T08:32:27","date_gmt":"2024-06-14T06:32:27","guid":{"rendered":"https:\/\/es.greenpeace.org\/es\/?post_type=post_profundidad&#038;p=58260"},"modified":"2024-06-15T09:02:32","modified_gmt":"2024-06-15T07:02:32","slug":"altri-un-monstruo-de-celulosa-en-el-corazon-de-galicia","status":"publish","type":"post_profundidad","link":"https:\/\/es.greenpeace.org\/es\/en-profundidad\/altri-un-monstruo-de-celulosa-en-el-corazon-de-galicia\/","title":{"rendered":"Altri, un monstruo de celulosa en el coraz\u00f3n de Galicia\u00a0"},"content":{"rendered":"\n<p class=\"has-text-align-left\">La multinacional portuguesa Altri quiere construir una enorme f\u00e1brica de celulosa en el coraz\u00f3n de Galicia (Palas de Rei, Lugo) que pone en peligro su naturaleza y a sus habitantes para producir hasta\u00a0<strong>400.000 toneladas de celulosa soluble<\/strong>\u00a0y\u00a0<strong>200.000 de lyocell,<\/strong>\u00a0adem\u00e1s de otros subproductos, como\u00a0<strong>biomasa<\/strong>\u00a0y\u00a0<strong>yeso<\/strong>.<\/p>\n\n\n\n<p>Se trata de un <strong>megaproyecto<\/strong> (denominado proyecto Gama) <strong>que amenaza<\/strong> directamente la exigua <strong>Red Natura 2000 gallega<\/strong>: una enorme macrocelulosa que <strong>usar\u00e1 millones de litros de agua al d\u00eda, verter\u00e1 agua contaminada de vuelta al r\u00edo Ulla<\/strong>, emitir\u00e1 gases t\u00f3xicos, pondr\u00e1 en peligro los sectores primarios y requerir\u00e1 que se plante mucho m\u00e1s eucalipto en el norte, empobreciendo la biodiversidad. Greenpeace, junto con otras organizaciones y colectivos de la zona, est\u00e1 luchando para parar este sinsentido.<\/p>\n\n\n\n<blockquote class=\"wp-block-quote has-text-align-left is-layout-flow wp-block-quote-is-layout-flow\">\n<p>\u201c<strong><em>Para m\u00ed, esto es un para\u00edso. Aqu\u00ed naci\u00f3 mi padre, nac\u00ed yo. Pensar en irme me afecta mucho psicol\u00f3gicamente. Este proyecto no puede seguir adelante. Tenemos que pararlo<\/em><\/strong>\u00ab. <\/p>\n<cite>Chusa Exp\u00f3sito, cooperativa Milhulloa y Muuhulloa.<\/cite><\/blockquote>\n\n\n<div class=\"lazyblock-youtube-Zbr8N1 wp-block-lazyblock-youtube\"><div class=\"plyr__video-embed\" data-plyr-provider=\"youtube\" \ndata-plyr-embed-id=\"https:\/\/www.youtube-nocookie.com\/watch?v=https:\/\/youtu.be\/hSMfDI9zKhw?feature=shared\" \ndata-plyr-config=\"{noCookie:true,youtube:{noCookie:true}}\">\n<\/div><\/div>\n\n\n<div class=\"wp-block-buttons my-4 is-content-justification-center is-layout-flex wp-container-core-buttons-is-layout-16018d1d wp-block-buttons-is-layout-flex\">\n<div class=\"wp-block-button has-custom-font-size\" style=\"font-size:15px\"><a class=\"wp-block-button__link has-white-color has-orange-background-color has-text-color has-background wp-element-button\" href=\"https:\/\/es.greenpeace.org\/es\/que-puedes-hacer-tu\/peticiones\/altri\/\" style=\"border-radius:0px\" target=\"_blank\" rel=\"noreferrer noopener\"><strong>FIRMA PARA IMPEDIR ESTA LOCURA<\/strong><\/a><\/div>\n<\/div>\n","protected":false},"author":100,"featured_media":58300,"parent":0,"menu_order":0,"template":"","meta":{"_acf_changed":false,"footnotes":""},"categories":[946],"tags":[785,174,949],"class_list":["post-58260","post_profundidad","type-post_profundidad","status-publish","has-post-thumbnail","hentry","category-agua","tag-agua","tag-biodiversidad","tag-contaminacion-del-agua"],"acf":[],"yoast_head":"<!-- This site is optimized with the Yoast SEO plugin v27.1.1 - https:\/\/yoast.com\/product\/yoast-seo-wordpress\/ -->\n<title>Altri, un monstruo de celulosa en el coraz\u00f3n de Galicia\u00a0 - ES | Greenpeace Espa\u00f1a<\/title>\n<meta name=\"robots\" content=\"index, follow, max-snippet:-1, max-image-preview:large, max-video-preview:-1\" \/>\n<link rel=\"canonical\" href=\"https:\/\/es.greenpeace.org\/es\/en-profundidad\/altri-un-monstruo-de-celulosa-en-el-corazon-de-galicia\/\" \/>\n<meta property=\"og:locale\" content=\"es_ES\" \/>\n<meta property=\"og:type\" content=\"article\" \/>\n<meta property=\"og:title\" content=\"Altri, un monstruo de celulosa en el coraz\u00f3n de Galicia\u00a0 - ES | Greenpeace Espa\u00f1a\" \/>\n<meta property=\"og:description\" content=\"La multinacional portuguesa Altri quiere construir una enorme f\u00e1brica de celulosa en el coraz\u00f3n de Galicia (Palas de Rei, Lugo) que pone en peligro su naturaleza y a sus habitantes para producir hasta\u00a0400.000 toneladas de celulosa soluble\u00a0y\u00a0200.000 de lyocell,\u00a0adem\u00e1s de otros subproductos, como\u00a0biomasa\u00a0y\u00a0yeso. Se trata de un megaproyecto (denominado proyecto Gama) que amenaza directamente la [&hellip;]\" \/>\n<meta property=\"og:url\" content=\"https:\/\/es.greenpeace.org\/es\/en-profundidad\/altri-un-monstruo-de-celulosa-en-el-corazon-de-galicia\/\" \/>\n<meta property=\"og:site_name\" content=\"ES | Greenpeace Espa\u00f1a\" \/>\n<meta property=\"article:publisher\" content=\"https:\/\/www.facebook.com\/greenpeace.spain\" \/>\n<meta property=\"article:modified_time\" content=\"2024-06-15T07:02:32+00:00\" \/>\n<meta property=\"og:image\" content=\"https:\/\/es.greenpeace.org\/es\/wp-content\/uploads\/sites\/3\/2024\/06\/Altri_Galicia.jpg\" \/>\n\t<meta property=\"og:image:width\" content=\"1280\" \/>\n\t<meta property=\"og:image:height\" content=\"853\" \/>\n\t<meta property=\"og:image:type\" content=\"image\/jpeg\" \/>\n<meta name=\"twitter:card\" content=\"summary_large_image\" \/>\n<meta name=\"twitter:site\" content=\"@greenpeace_esp\" \/>\n<meta name=\"twitter:label1\" content=\"Tiempo de lectura\" \/>\n\t<meta name=\"twitter:data1\" content=\"1 minuto\" \/>\n<script type=\"application\/ld+json\" class=\"yoast-schema-graph\">{\"@context\":\"https:\/\/schema.org\",\"@graph\":[{\"@type\":\"WebPage\",\"@id\":\"https:\/\/es.greenpeace.org\/es\/en-profundidad\/altri-un-monstruo-de-celulosa-en-el-corazon-de-galicia\/\",\"url\":\"https:\/\/es.greenpeace.org\/es\/en-profundidad\/altri-un-monstruo-de-celulosa-en-el-corazon-de-galicia\/\",\"name\":\"Altri, un monstruo de celulosa en el coraz\u00f3n de Galicia\u00a0 - ES | Greenpeace Espa\u00f1a\",\"isPartOf\":{\"@id\":\"https:\/\/es.greenpeace.org\/es\/#website\"},\"primaryImageOfPage\":{\"@id\":\"https:\/\/es.greenpeace.org\/es\/en-profundidad\/altri-un-monstruo-de-celulosa-en-el-corazon-de-galicia\/#primaryimage\"},\"image\":{\"@id\":\"https:\/\/es.greenpeace.org\/es\/en-profundidad\/altri-un-monstruo-de-celulosa-en-el-corazon-de-galicia\/#primaryimage\"},\"thumbnailUrl\":\"https:\/\/es.greenpeace.org\/es\/wp-content\/uploads\/sites\/3\/2024\/06\/Altri_Galicia.jpg\",\"datePublished\":\"2024-06-14T06:32:27+00:00\",\"dateModified\":\"2024-06-15T07:02:32+00:00\",\"breadcrumb\":{\"@id\":\"https:\/\/es.greenpeace.org\/es\/en-profundidad\/altri-un-monstruo-de-celulosa-en-el-corazon-de-galicia\/#breadcrumb\"},\"inLanguage\":\"es\",\"potentialAction\":[{\"@type\":\"ReadAction\",\"target\":[\"https:\/\/es.greenpeace.org\/es\/en-profundidad\/altri-un-monstruo-de-celulosa-en-el-corazon-de-galicia\/\"]}]},{\"@type\":\"ImageObject\",\"inLanguage\":\"es\",\"@id\":\"https:\/\/es.greenpeace.org\/es\/en-profundidad\/altri-un-monstruo-de-celulosa-en-el-corazon-de-galicia\/#primaryimage\",\"url\":\"https:\/\/es.greenpeace.org\/es\/wp-content\/uploads\/sites\/3\/2024\/06\/Altri_Galicia.jpg\",\"contentUrl\":\"https:\/\/es.greenpeace.org\/es\/wp-content\/uploads\/sites\/3\/2024\/06\/Altri_Galicia.jpg\",\"width\":1280,\"height\":853,\"caption\":\"28\/05\/2024. R\u00edo Ulla, Sequeiro. Pontevedra, Galicia, Espa\u00f1a.rrLa empresa Altri quiere instalar una descomunal planta de celulosa en las inmediaciones de una de las escasas zonas gallegas englobadas en la Red Natura. rrEsta gigantesca factor\u00eda se tragar\u00eda m\u00e1s de 46 millones de litros de agua, tanto como toda la provincia de Lugo y emitir\u00e1 a la atm\u00f3sfera azufre, \u00f3xidos de azufre, \u00f3xidos de nitr\u00f3geno, mon\u00f3xido de carbono y material particulado, para lo que instalar\u00e1 una chimenea de 75 metros de altura al lado del Camino de Santiago. r\u00a9Greenpeace\/Pedro Armestrerr\u00a9Greenpeace Handout\/Pedro Armestre- No sales - No Archives - Editorial Use Only - Free use only for 14 days after release. Photo provided by GREENPEACE, distributed handout photo to be used only to illustrate news reporting or commentary on the facts or events depicted in this image.\"},{\"@type\":\"BreadcrumbList\",\"@id\":\"https:\/\/es.greenpeace.org\/es\/en-profundidad\/altri-un-monstruo-de-celulosa-en-el-corazon-de-galicia\/#breadcrumb\",\"itemListElement\":[{\"@type\":\"ListItem\",\"position\":1,\"name\":\"Home\",\"item\":\"https:\/\/es.greenpeace.org\/es\/\"},{\"@type\":\"ListItem\",\"position\":2,\"name\":\"Altri, un monstruo de celulosa en el coraz\u00f3n de Galicia\u00a0\"}]},{\"@type\":\"WebSite\",\"@id\":\"https:\/\/es.greenpeace.org\/es\/#website\",\"url\":\"https:\/\/es.greenpeace.org\/es\/\",\"name\":\"Greenpeace Espa\u00f1a\",\"description\":\"\",\"publisher\":{\"@id\":\"https:\/\/es.greenpeace.org\/es\/#organization\"},\"potentialAction\":[{\"@type\":\"SearchAction\",\"target\":{\"@type\":\"EntryPoint\",\"urlTemplate\":\"https:\/\/es.greenpeace.org\/es\/?s={search_term_string}\"},\"query-input\":{\"@type\":\"PropertyValueSpecification\",\"valueRequired\":true,\"valueName\":\"search_term_string\"}}],\"inLanguage\":\"es\"},{\"@type\":\"Organization\",\"@id\":\"https:\/\/es.greenpeace.org\/es\/#organization\",\"name\":\"Greenpeace Espa\u00f1a\",\"alternateName\":\"Greenpeace\",\"url\":\"https:\/\/es.greenpeace.org\/es\/\",\"logo\":{\"@type\":\"ImageObject\",\"inLanguage\":\"es\",\"@id\":\"https:\/\/es.greenpeace.org\/es\/#\/schema\/logo\/image\/\",\"url\":\"https:\/\/es.greenpeace.org\/es\/wp-content\/uploads\/sites\/3\/2024\/07\/greenpeace-logo-verde.svg\",\"contentUrl\":\"https:\/\/es.greenpeace.org\/es\/wp-content\/uploads\/sites\/3\/2024\/07\/greenpeace-logo-verde.svg\",\"width\":1,\"height\":1,\"caption\":\"Greenpeace Espa\u00f1a\"},\"image\":{\"@id\":\"https:\/\/es.greenpeace.org\/es\/#\/schema\/logo\/image\/\"},\"sameAs\":[\"https:\/\/www.facebook.com\/greenpeace.spain\",\"https:\/\/x.com\/greenpeace_esp\",\"https:\/\/www.instagram.com\/greenpeace_esp\/\"]}]}<\/script>\n<!-- \/ Yoast SEO plugin. -->","yoast_head_json":{"title":"Altri, un monstruo de celulosa en el coraz\u00f3n de Galicia\u00a0 - ES | Greenpeace Espa\u00f1a","robots":{"index":"index","follow":"follow","max-snippet":"max-snippet:-1","max-image-preview":"max-image-preview:large","max-video-preview":"max-video-preview:-1"},"canonical":"https:\/\/es.greenpeace.org\/es\/en-profundidad\/altri-un-monstruo-de-celulosa-en-el-corazon-de-galicia\/","og_locale":"es_ES","og_type":"article","og_title":"Altri, un monstruo de celulosa en el coraz\u00f3n de Galicia\u00a0 - ES | Greenpeace Espa\u00f1a","og_description":"La multinacional portuguesa Altri quiere construir una enorme f\u00e1brica de celulosa en el coraz\u00f3n de Galicia (Palas de Rei, Lugo) que pone en peligro su naturaleza y a sus habitantes para producir hasta\u00a0400.000 toneladas de celulosa soluble\u00a0y\u00a0200.000 de lyocell,\u00a0adem\u00e1s de otros subproductos, como\u00a0biomasa\u00a0y\u00a0yeso. Se trata de un megaproyecto (denominado proyecto Gama) que amenaza directamente la [&hellip;]","og_url":"https:\/\/es.greenpeace.org\/es\/en-profundidad\/altri-un-monstruo-de-celulosa-en-el-corazon-de-galicia\/","og_site_name":"ES | Greenpeace Espa\u00f1a","article_publisher":"https:\/\/www.facebook.com\/greenpeace.spain","article_modified_time":"2024-06-15T07:02:32+00:00","og_image":[{"width":1280,"height":853,"url":"https:\/\/es.greenpeace.org\/es\/wp-content\/uploads\/sites\/3\/2024\/06\/Altri_Galicia.jpg","type":"image\/jpeg"}],"twitter_card":"summary_large_image","twitter_site":"@greenpeace_esp","twitter_misc":{"Tiempo de lectura":"1 minuto"},"schema":{"@context":"https:\/\/schema.org","@graph":[{"@type":"WebPage","@id":"https:\/\/es.greenpeace.org\/es\/en-profundidad\/altri-un-monstruo-de-celulosa-en-el-corazon-de-galicia\/","url":"https:\/\/es.greenpeace.org\/es\/en-profundidad\/altri-un-monstruo-de-celulosa-en-el-corazon-de-galicia\/","name":"Altri, un monstruo de celulosa en el coraz\u00f3n de Galicia\u00a0 - ES | Greenpeace Espa\u00f1a","isPartOf":{"@id":"https:\/\/es.greenpeace.org\/es\/#website"},"primaryImageOfPage":{"@id":"https:\/\/es.greenpeace.org\/es\/en-profundidad\/altri-un-monstruo-de-celulosa-en-el-corazon-de-galicia\/#primaryimage"},"image":{"@id":"https:\/\/es.greenpeace.org\/es\/en-profundidad\/altri-un-monstruo-de-celulosa-en-el-corazon-de-galicia\/#primaryimage"},"thumbnailUrl":"https:\/\/es.greenpeace.org\/es\/wp-content\/uploads\/sites\/3\/2024\/06\/Altri_Galicia.jpg","datePublished":"2024-06-14T06:32:27+00:00","dateModified":"2024-06-15T07:02:32+00:00","breadcrumb":{"@id":"https:\/\/es.greenpeace.org\/es\/en-profundidad\/altri-un-monstruo-de-celulosa-en-el-corazon-de-galicia\/#breadcrumb"},"inLanguage":"es","potentialAction":[{"@type":"ReadAction","target":["https:\/\/es.greenpeace.org\/es\/en-profundidad\/altri-un-monstruo-de-celulosa-en-el-corazon-de-galicia\/"]}]},{"@type":"ImageObject","inLanguage":"es","@id":"https:\/\/es.greenpeace.org\/es\/en-profundidad\/altri-un-monstruo-de-celulosa-en-el-corazon-de-galicia\/#primaryimage","url":"https:\/\/es.greenpeace.org\/es\/wp-content\/uploads\/sites\/3\/2024\/06\/Altri_Galicia.jpg","contentUrl":"https:\/\/es.greenpeace.org\/es\/wp-content\/uploads\/sites\/3\/2024\/06\/Altri_Galicia.jpg","width":1280,"height":853,"caption":"28\/05\/2024. R\u00edo Ulla, Sequeiro. Pontevedra, Galicia, Espa\u00f1a.rrLa empresa Altri quiere instalar una descomunal planta de celulosa en las inmediaciones de una de las escasas zonas gallegas englobadas en la Red Natura. rrEsta gigantesca factor\u00eda se tragar\u00eda m\u00e1s de 46 millones de litros de agua, tanto como toda la provincia de Lugo y emitir\u00e1 a la atm\u00f3sfera azufre, \u00f3xidos de azufre, \u00f3xidos de nitr\u00f3geno, mon\u00f3xido de carbono y material particulado, para lo que instalar\u00e1 una chimenea de 75 metros de altura al lado del Camino de Santiago. r\u00a9Greenpeace\/Pedro Armestrerr\u00a9Greenpeace Handout\/Pedro Armestre- No sales - No Archives - Editorial Use Only - Free use only for 14 days after release. Photo provided by GREENPEACE, distributed handout photo to be used only to illustrate news reporting or commentary on the facts or events depicted in this image."},{"@type":"BreadcrumbList","@id":"https:\/\/es.greenpeace.org\/es\/en-profundidad\/altri-un-monstruo-de-celulosa-en-el-corazon-de-galicia\/#breadcrumb","itemListElement":[{"@type":"ListItem","position":1,"name":"Home","item":"https:\/\/es.greenpeace.org\/es\/"},{"@type":"ListItem","position":2,"name":"Altri, un monstruo de celulosa en el coraz\u00f3n de Galicia\u00a0"}]},{"@type":"WebSite","@id":"https:\/\/es.greenpeace.org\/es\/#website","url":"https:\/\/es.greenpeace.org\/es\/","name":"Greenpeace Espa\u00f1a","description":"","publisher":{"@id":"https:\/\/es.greenpeace.org\/es\/#organization"},"potentialAction":[{"@type":"SearchAction","target":{"@type":"EntryPoint","urlTemplate":"https:\/\/es.greenpeace.org\/es\/?s={search_term_string}"},"query-input":{"@type":"PropertyValueSpecification","valueRequired":true,"valueName":"search_term_string"}}],"inLanguage":"es"},{"@type":"Organization","@id":"https:\/\/es.greenpeace.org\/es\/#organization","name":"Greenpeace Espa\u00f1a","alternateName":"Greenpeace","url":"https:\/\/es.greenpeace.org\/es\/","logo":{"@type":"ImageObject","inLanguage":"es","@id":"https:\/\/es.greenpeace.org\/es\/#\/schema\/logo\/image\/","url":"https:\/\/es.greenpeace.org\/es\/wp-content\/uploads\/sites\/3\/2024\/07\/greenpeace-logo-verde.svg","contentUrl":"https:\/\/es.greenpeace.org\/es\/wp-content\/uploads\/sites\/3\/2024\/07\/greenpeace-logo-verde.svg","width":1,"height":1,"caption":"Greenpeace Espa\u00f1a"},"image":{"@id":"https:\/\/es.greenpeace.org\/es\/#\/schema\/logo\/image\/"},"sameAs":["https:\/\/www.facebook.com\/greenpeace.spain","https:\/\/x.com\/greenpeace_esp","https:\/\/www.instagram.com\/greenpeace_esp\/"]}]}},"_links":{"self":[{"href":"https:\/\/es.greenpeace.org\/es\/wp-json\/wp\/v2\/post_profundidad\/58260","targetHints":{"allow":["GET"]}}],"collection":[{"href":"https:\/\/es.greenpeace.org\/es\/wp-json\/wp\/v2\/post_profundidad"}],"about":[{"href":"https:\/\/es.greenpeace.org\/es\/wp-json\/wp\/v2\/types\/post_profundidad"}],"author":[{"embeddable":true,"href":"https:\/\/es.greenpeace.org\/es\/wp-json\/wp\/v2\/users\/100"}],"version-history":[{"count":10,"href":"https:\/\/es.greenpeace.org\/es\/wp-json\/wp\/v2\/post_profundidad\/58260\/revisions"}],"predecessor-version":[{"id":58549,"href":"https:\/\/es.greenpeace.org\/es\/wp-json\/wp\/v2\/post_profundidad\/58260\/revisions\/58549"}],"wp:featuredmedia":[{"embeddable":true,"href":"https:\/\/es.greenpeace.org\/es\/wp-json\/wp\/v2\/media\/58300"}],"wp:attachment":[{"href":"https:\/\/es.greenpeace.org\/es\/wp-json\/wp\/v2\/media?parent=58260"}],"wp:term":[{"taxonomy":"category","embeddable":true,"href":"https:\/\/es.greenpeace.org\/es\/wp-json\/wp\/v2\/categories?post=58260"},{"taxonomy":"post_tag","embeddable":true,"href":"https:\/\/es.greenpeace.org\/es\/wp-json\/wp\/v2\/tags?post=58260"}],"curies":[{"name":"wp","href":"https:\/\/api.w.org\/{rel}","templated":true}]}}