{"id":59220,"date":"2024-07-08T14:01:05","date_gmt":"2024-07-08T12:01:05","guid":{"rendered":"https:\/\/es.greenpeace.org\/es\/?post_type=post_profundidad&#038;p=59220"},"modified":"2024-11-20T16:28:54","modified_gmt":"2024-11-20T14:28:54","slug":"ciudades-adaptadas-mas-vegetacion-refugios-climaticos-y-planes-de-sombra","status":"publish","type":"post_profundidad","link":"https:\/\/es.greenpeace.org\/es\/en-profundidad\/olas-de-calor-adaptar-nuestras-ciudades-para-vivir-mejor\/ciudades-adaptadas-mas-vegetacion-refugios-climaticos-y-planes-de-sombra\/","title":{"rendered":"Ciudades adaptadas: m\u00e1s vegetaci\u00f3n, refugios clim\u00e1ticos y planes de sombra"},"content":{"rendered":"\n<p>La buena noticia es que <strong>hay muchas medidas <\/strong>que los ayuntamientos pueden tomar <strong>para transformar las ciudades <\/strong>y adaptarlas a los impactos del cambio clim\u00e1tico. Por ejemplo:<\/p>\n\n\n\n<div style=\"height:10px\" aria-hidden=\"true\" class=\"wp-block-spacer\"><\/div>\n\n\n\n<h6 class=\"wp-block-heading\">M\u00e1s verde = menos calor y m\u00e1s bienestar<\/h6>\n\n\n\n<p>No estamos hablando de un capricho ni de una moda, estamos hablando de salud y de salvar vidas. La vegetaci\u00f3n:&nbsp;<\/p>\n\n\n\n<ul class=\"wp-block-list\">\n<li><strong>Refresca la temperatura<\/strong> ambiente, al proporcionar sombra y transpirar agua.&nbsp;<\/li>\n\n\n\n<li>Act\u00faa como <strong>filtro natural <\/strong>de polvo y absorbe contaminantes, contribuyendo a mejorar la calidad del aire.&nbsp;<\/li>\n\n\n\n<li><strong>Reduce la contaminaci\u00f3n ac\u00fastica<\/strong> y mejora el aislamiento de los edificios.&nbsp;<\/li>\n\n\n\n<li>Tiene tambi\u00e9n un <strong>impacto positivo en la salud<\/strong> humana, al fomentar el bienestar, la actividad f\u00edsica y la salud mental.<\/li>\n\n\n\n<li>Y es <strong>refugio<\/strong> <strong>para<\/strong> la <strong>fauna<\/strong> urbana.<\/li>\n<\/ul>\n\n\n\n<figure class=\"wp-block-image size-full\"><img loading=\"lazy\" decoding=\"async\" width=\"800\" height=\"533\" src=\"https:\/\/es.greenpeace.org\/es\/wp-content\/uploads\/sites\/3\/2024\/07\/Parques_ola_calor.jpg\" alt=\"\" class=\"wp-image-59354\" srcset=\"https:\/\/es.greenpeace.org\/es\/wp-content\/uploads\/sites\/3\/2024\/07\/Parques_ola_calor.jpg 800w, https:\/\/es.greenpeace.org\/es\/wp-content\/uploads\/sites\/3\/2024\/07\/Parques_ola_calor-730x486.jpg 730w, https:\/\/es.greenpeace.org\/es\/wp-content\/uploads\/sites\/3\/2024\/07\/Parques_ola_calor-500x333.jpg 500w, https:\/\/es.greenpeace.org\/es\/wp-content\/uploads\/sites\/3\/2024\/07\/Parques_ola_calor-768x512.jpg 768w\" sizes=\"auto, (max-width: 800px) 100vw, 800px\" \/><figcaption class=\"wp-element-caption\">\u00a9Greenpeace\/Rossella Rouge<\/figcaption><\/figure>\n\n\n\n<p class=\"m-2 p-3\">Las <mark style=\"background-color:#fdf6b2\" class=\"has-inline-color\">Soluciones Basadas en la Naturaleza<\/mark> (SBN) son las que utilizan procesos naturales para mitigar, por ejemplo, las temperaturas extremas. Estas son algunas:<\/p>\n\n\n\n<div style=\"height:10px\" aria-hidden=\"true\" class=\"wp-block-spacer\"><\/div>\n\n\n\n<div class=\"wp-block-group m-2 p-3 has-lightyellow-background-color has-background\"><div class=\"wp-block-group__inner-container is-layout-constrained wp-block-group-is-layout-constrained\">\n<ul class=\"wp-block-list\">\n<li><strong>M\u00e1s \u00e1rboles, m\u00e1s zonas verdes. <\/strong>La ciencia recomienda<strong> la regla 3-30-300:<\/strong> toda persona deber\u00e1 ver tres \u00e1rboles desde su casa, tener un 30% de cobertura vegetal en su barrio y un espacio verde a 300 metros, de calidad, accesible y seguro.&nbsp;<\/li>\n\n\n\n<li><strong>Las azoteas y fachadas verdes<\/strong> ayudan a aislar los edificios del calor a la vez que refrescan el ambiente y son un buen aliado como refugio de la fauna urbana.&nbsp;<\/li>\n\n\n\n<li><strong>Los huertos urbanos,<\/strong> adem\u00e1s de aumentar el espacio verde, fomentan la actividad en comunidad y la recuperaci\u00f3n de espacios, act\u00faan como punto de encuentro y difunden la agricultura y el contacto directo con la producci\u00f3n de alimentos.&nbsp;<\/li>\n\n\n\n<li><strong>Reverdecer las instalaciones p\u00fablicas.<\/strong> Como los colegios, centros de salud, centros de mayores, sociales o sanitarios.<\/li>\n\n\n\n<li><strong>Aumentar la superficie permeable<\/strong>, con pavimentos permeables, arcenes y cunetas verdes, jardines de lluvia o espacios con vegetaci\u00f3n, evita la acumulaci\u00f3n de calor y permite aprovechar el agua refrescando el aire, adem\u00e1s de reducir los efectos de las lluvias torrenciales.<\/li>\n<\/ul>\n<\/div><\/div>\n\n\n<div class=\"lazyblock-infografia-svg-1s8RrL wp-block-lazyblock-infografia-svg\"><div id=\"a136kg1\" style=\"width: 100%;\"><\/div>\n<script type=\"application\/javascript\">\n    document.addEventListener(\"DOMContentLoaded\", function (t) {\n        var s, e = \"https:\/\/es.greenpeace.org\/es\/wp-content\/uploads\/sites\/3\/2024\/07\/olas_360.svg\",\n            o = \"https:\/\/es.greenpeace.org\/es\/wp-content\/uploads\/sites\/3\/2024\/07\/olas_510.svg\",\n            a = \"https:\/\/es.greenpeace.org\/es\/wp-content\/uploads\/sites\/3\/2024\/07\/olas_730.svg\",\n            i = \"https:\/\/es.greenpeace.org\/es\/wp-content\/uploads\/sites\/3\/2024\/07\/olas_1024.svg\",\n            g = document.getElementById(\"a136kg1\"),\n            p = g.offsetWidth,\n            c = p;\n        p < 435 ? s = e : p >= 435 && p < 620 ? s = o : p >= 620 && p < 878 ? s = a : p >= 878 && (s = i);\n        var l = document.createElement(\"object\");\n        l.setAttribute(\"type\", \"image\/svg+xml\"), l.setAttribute(\"width\", c), l.setAttribute(\"height\", \"auto\"), l\n            .setAttribute(\"data\", s), g.appendChild(l)\n    });\n<\/script><\/div>\n\n\n<div style=\"height:10px\" aria-hidden=\"true\" class=\"wp-block-spacer\"><\/div>\n\n\n\n<h6 class=\"wp-block-heading\">Refugios clim\u00e1ticos en tu barrio<\/h6>\n\n\n\n<p>Un refugio clim\u00e1tico es un espacio, de interior o de exterior, que <strong>nos permite refugiarnos del calor proporcionando una temperatura en torno a los 27 \u00baC<\/strong>. Adem\u00e1s de un espacio verde, puede ser un lugar p\u00fablico habilitado, como por ejemplo un colegio, una biblioteca o un centro social.&nbsp;<\/p>\n\n\n\n<figure class=\"wp-block-image size-full\"><img loading=\"lazy\" decoding=\"async\" width=\"800\" height=\"533\" src=\"https:\/\/es.greenpeace.org\/es\/wp-content\/uploads\/sites\/3\/2024\/07\/Refuigio_climatico_ola_calor-1.jpg\" alt=\"\" class=\"wp-image-59380\" srcset=\"https:\/\/es.greenpeace.org\/es\/wp-content\/uploads\/sites\/3\/2024\/07\/Refuigio_climatico_ola_calor-1.jpg 800w, https:\/\/es.greenpeace.org\/es\/wp-content\/uploads\/sites\/3\/2024\/07\/Refuigio_climatico_ola_calor-1-730x486.jpg 730w, https:\/\/es.greenpeace.org\/es\/wp-content\/uploads\/sites\/3\/2024\/07\/Refuigio_climatico_ola_calor-1-500x333.jpg 500w, https:\/\/es.greenpeace.org\/es\/wp-content\/uploads\/sites\/3\/2024\/07\/Refuigio_climatico_ola_calor-1-768x512.jpg 768w\" sizes=\"auto, (max-width: 800px) 100vw, 800px\" \/><figcaption class=\"wp-element-caption\">\u00a9Greenpeace\/Rossella Rouge<\/figcaption><\/figure>\n\n\n\n<p><mark style=\"background-color:#fdf6b2\" class=\"has-inline-color\">Para que sean aut\u00e9nticos refugios clim\u00e1ticos, estos espacios deben:<\/mark><\/p>\n\n\n\n<ul class=\"wp-block-list\">\n<li><strong>Estar abiertos en las horas de mayor calor<\/strong>.<\/li>\n\n\n\n<li><strong>Estar claramente identificados<\/strong> y comunicados. <\/li>\n\n\n\n<li><strong>Ser accesibles<\/strong> a personas con movilidad reducida o con alguna discapacidad.<\/li>\n\n\n\n<li><strong>Ser cercanos y gratuitos,<\/strong> especialmente en los barrios o zonas con mayor impacto de calor y\/o con menos recursos.&nbsp;<\/li>\n\n\n\n<li><strong>Tener una zona de descanso<\/strong>.<\/li>\n\n\n\n<li><strong>Proporcionar agua de la red local gratuita<\/strong>.&nbsp;<\/li>\n\n\n\n<li>Programar <strong>actividades gratuitas para la infancia<\/strong> durante las olas de calor en vacaciones. <\/li>\n<\/ul>\n\n\n\n<div style=\"height:10px\" aria-hidden=\"true\" class=\"wp-block-spacer\"><\/div>\n\n\n\n<p class=\"m-2 p-3 has-lightyellow-background-color has-background\"><strong>Los refugios clim\u00e1ticos son una medida clave de salud p\u00fablica y de f\u00e1cil implementaci\u00f3n<\/strong>.<\/p>\n\n\n\n<div style=\"height:10px\" aria-hidden=\"true\" class=\"wp-block-spacer\"><\/div>\n\n\n\n<h6 class=\"wp-block-heading\">Planes de sombra y desplazamientos confortables<\/h6>\n\n\n\n<p>Ir a trabajar, al colegio, a la compra o al centro de salud puede ser mucho m\u00e1s llevadero si en el camino encontramos elementos que nos permitan resguardarnos del calor y descansar. <strong>Los planes de sombra y los mapas de desplazamientos confortables<\/strong> contribuyen a reducir el riesgo de exposici\u00f3n a las altas temperaturas.&nbsp;<\/p>\n\n\n\n<h5 class=\"wp-block-heading\"><strong>\u00bfQu\u00e9 es un plan de sombra?<\/strong> <\/h5>\n\n\n\n<p>Se trata de asegurar sombras en aceras, paradas de transporte p\u00fablico, zonas de trabajo al exterior o parques infantiles y zonas recreativas, preferentemente con vegetaci\u00f3n, pero tambi\u00e9n con toldos, velas o p\u00e9rgolas.<\/p>\n\n\n\n<figure class=\"wp-block-image size-full\"><img loading=\"lazy\" decoding=\"async\" width=\"800\" height=\"533\" src=\"https:\/\/es.greenpeace.org\/es\/wp-content\/uploads\/sites\/3\/2024\/07\/sombras_ola_calor.jpg\" alt=\"\" class=\"wp-image-59356\" srcset=\"https:\/\/es.greenpeace.org\/es\/wp-content\/uploads\/sites\/3\/2024\/07\/sombras_ola_calor.jpg 800w, https:\/\/es.greenpeace.org\/es\/wp-content\/uploads\/sites\/3\/2024\/07\/sombras_ola_calor-730x486.jpg 730w, https:\/\/es.greenpeace.org\/es\/wp-content\/uploads\/sites\/3\/2024\/07\/sombras_ola_calor-500x333.jpg 500w, https:\/\/es.greenpeace.org\/es\/wp-content\/uploads\/sites\/3\/2024\/07\/sombras_ola_calor-768x512.jpg 768w\" sizes=\"auto, (max-width: 800px) 100vw, 800px\" \/><figcaption class=\"wp-element-caption\">\u00a9Greenpeace\/Rossella Rouge<\/figcaption><\/figure>\n\n\n\n<h5 class=\"wp-block-heading\"><strong>\u00bfQu\u00e9 es un mapa de desplazamientos confortables?<\/strong> <\/h5>\n\n\n\n<p>Identifican recorridos<strong> <\/strong>para que podamos movernos a resguardo del sol. Son especialmente necesarios en los recorridos hacia los centros educativos, sanitarios o de mayores, por los que se desplaza la poblaci\u00f3n m\u00e1s vulnerable al calor.&nbsp;<\/p>\n\n\n\n<p>Adem\u00e1s de la sombra, estos desplazamientos y espacios deben tener tambi\u00e9n accesibles fuentes p\u00fablicas y sitio para sentarnos y descansar.<\/p>\n\n\n\n<div style=\"height:10px\" aria-hidden=\"true\" class=\"wp-block-spacer\"><\/div>\n\n\n\n<h6 class=\"wp-block-heading\">Y claro, son necesarias medidas de especial protecci\u00f3n para las personas m\u00e1s vulnerables<\/h6>\n\n\n\n<div style=\"height:10px\" aria-hidden=\"true\" class=\"wp-block-spacer\"><\/div>\n\n\n\n<p class=\"m-2 p-3 has-white-background-color has-background\"><mark style=\"background-color:#fdf6b2\" class=\"has-inline-color\">#1<\/mark> <strong>Desarrollar, reforzar y adaptar los servicios p\u00fablicos<\/strong> de atenci\u00f3n y cuidados as\u00ed como los sanitarios durante todo el a\u00f1o y espec\u00edficamente durante olas de calor, con protocolos espec\u00edficos de protecci\u00f3n.<\/p>\n\n\n\n<p class=\"m-2 p-3 has-white-background-color has-background\"><mark style=\"background-color:#fdf6b2\" class=\"has-inline-color\">#2<\/mark> <strong>Ampliar los horarios <\/strong>de los espacios p\u00fablicos climatizados.<\/p>\n\n\n\n<p class=\"m-2 p-3 has-white-background-color has-background\"><mark style=\"background-color:#fdf6b2\" class=\"has-inline-color\">#3<\/mark> Desarrollar pol\u00edticas de <strong>vivienda p\u00fablica<\/strong>.\u00a0<\/p>\n\n\n\n<p class=\"m-2 p-3 has-white-background-color has-background\"><mark style=\"background-color:#fdf6b2\" class=\"has-inline-color\">#4<\/mark> Adecuar los horarios laborales para las personas en empleos que padecen mayores efectos en olas de calor.\u00a0<\/p>\n\n\n\n<p class=\"m-2 p-3 has-white-background-color has-background\"><mark style=\"background-color:#fdf6b2\" class=\"has-inline-color\">#5<\/mark> Hay que <strong>evitar medidas que aumenten la vulnerabilidad de algunos grupos <\/strong>de poblaci\u00f3n y de las cargas de trabajo dom\u00e9stico, como por ejemplo los <strong>cierres sin alternativas <\/strong>viables durante olas de calor <strong>de colegios<\/strong>, <strong>centros de mayores<\/strong> y actividades asociadas.<\/p>\n\n\n\n<p><strong>\u00bfQuieres saber c\u00f3mo sobrevivir a las olas de calor?<\/strong> \u00bfC\u00f3mo de preparados est\u00e1s ante una subida acusada de las temperaturas?<strong> Consulta <a rel=\"noreferrer noopener\" href=\"https:\/\/es.greenpeace.org\/es\/trabajamos-en\/cambio-climatico\/olas-de-calor\/descarga\/\" data-type=\"link\" data-id=\"https:\/\/es.greenpeace.org\/es\/trabajamos-en\/cambio-climatico\/olas-de-calor\/descarga\/\" target=\"_blank\">esta gu\u00eda<\/a> y sal de dudas.<\/strong><\/p>\n","protected":false},"author":100,"featured_media":59386,"parent":59180,"menu_order":1,"template":"","meta":{"_acf_changed":false,"footnotes":""},"categories":[35],"tags":[1101,816,1099],"class_list":["post-59220","post_profundidad","type-post_profundidad","status-publish","has-post-thumbnail","hentry","category-cambio-climatico","tag-adaptacion-ciudades","tag-efectos-cambio-climatico","tag-ola-de-calor"],"acf":[],"yoast_head":"<!-- This site is optimized with the Yoast SEO plugin v27.1.1 - https:\/\/yoast.com\/product\/yoast-seo-wordpress\/ -->\n<title>Ciudades adaptadas | Greenpeace Espa\u00f1a<\/title>\n<meta name=\"description\" content=\"Ciudades adaptadas: m\u00e1s vegetaci\u00f3n, refugios clim\u00e1ticos y planes de sombra. Estamos hablando de salud y de salvar vidas.\" \/>\n<meta name=\"robots\" content=\"index, follow, max-snippet:-1, max-image-preview:large, max-video-preview:-1\" \/>\n<link rel=\"canonical\" href=\"https:\/\/es.greenpeace.org\/es\/en-profundidad\/olas-de-calor-adaptar-nuestras-ciudades-para-vivir-mejor\/ciudades-adaptadas-mas-vegetacion-refugios-climaticos-y-planes-de-sombra\/\" \/>\n<meta property=\"og:locale\" content=\"es_ES\" \/>\n<meta property=\"og:type\" content=\"article\" \/>\n<meta property=\"og:title\" content=\"Ciudades adaptadas | Greenpeace Espa\u00f1a\" \/>\n<meta property=\"og:description\" content=\"Ciudades adaptadas: m\u00e1s vegetaci\u00f3n, refugios clim\u00e1ticos y planes de sombra. Estamos hablando de salud y de salvar vidas.\" \/>\n<meta property=\"og:url\" content=\"https:\/\/es.greenpeace.org\/es\/en-profundidad\/olas-de-calor-adaptar-nuestras-ciudades-para-vivir-mejor\/ciudades-adaptadas-mas-vegetacion-refugios-climaticos-y-planes-de-sombra\/\" \/>\n<meta property=\"og:site_name\" content=\"ES | Greenpeace Espa\u00f1a\" \/>\n<meta property=\"article:publisher\" content=\"https:\/\/www.facebook.com\/greenpeace.spain\" \/>\n<meta property=\"article:modified_time\" content=\"2024-11-20T14:28:54+00:00\" \/>\n<meta property=\"og:image\" content=\"https:\/\/es.greenpeace.org\/es\/wp-content\/uploads\/sites\/3\/2024\/07\/Refugio-climatico.jpg\" \/>\n\t<meta property=\"og:image:width\" content=\"1200\" \/>\n\t<meta property=\"og:image:height\" content=\"800\" \/>\n\t<meta property=\"og:image:type\" content=\"image\/jpeg\" \/>\n<meta name=\"twitter:card\" content=\"summary_large_image\" \/>\n<meta name=\"twitter:site\" content=\"@greenpeace_esp\" \/>\n<meta name=\"twitter:label1\" content=\"Tiempo de lectura\" \/>\n\t<meta name=\"twitter:data1\" content=\"5 minutos\" \/>\n<script type=\"application\/ld+json\" class=\"yoast-schema-graph\">{\"@context\":\"https:\/\/schema.org\",\"@graph\":[{\"@type\":\"WebPage\",\"@id\":\"https:\/\/es.greenpeace.org\/es\/en-profundidad\/olas-de-calor-adaptar-nuestras-ciudades-para-vivir-mejor\/ciudades-adaptadas-mas-vegetacion-refugios-climaticos-y-planes-de-sombra\/\",\"url\":\"https:\/\/es.greenpeace.org\/es\/en-profundidad\/olas-de-calor-adaptar-nuestras-ciudades-para-vivir-mejor\/ciudades-adaptadas-mas-vegetacion-refugios-climaticos-y-planes-de-sombra\/\",\"name\":\"Ciudades adaptadas | Greenpeace Espa\u00f1a\",\"isPartOf\":{\"@id\":\"https:\/\/es.greenpeace.org\/es\/#website\"},\"primaryImageOfPage\":{\"@id\":\"https:\/\/es.greenpeace.org\/es\/en-profundidad\/olas-de-calor-adaptar-nuestras-ciudades-para-vivir-mejor\/ciudades-adaptadas-mas-vegetacion-refugios-climaticos-y-planes-de-sombra\/#primaryimage\"},\"image\":{\"@id\":\"https:\/\/es.greenpeace.org\/es\/en-profundidad\/olas-de-calor-adaptar-nuestras-ciudades-para-vivir-mejor\/ciudades-adaptadas-mas-vegetacion-refugios-climaticos-y-planes-de-sombra\/#primaryimage\"},\"thumbnailUrl\":\"https:\/\/es.greenpeace.org\/es\/wp-content\/uploads\/sites\/3\/2024\/07\/Refugio-climatico.jpg\",\"datePublished\":\"2024-07-08T12:01:05+00:00\",\"dateModified\":\"2024-11-20T14:28:54+00:00\",\"description\":\"Ciudades adaptadas: m\u00e1s vegetaci\u00f3n, refugios clim\u00e1ticos y planes de sombra. Estamos hablando de salud y de salvar vidas.\",\"breadcrumb\":{\"@id\":\"https:\/\/es.greenpeace.org\/es\/en-profundidad\/olas-de-calor-adaptar-nuestras-ciudades-para-vivir-mejor\/ciudades-adaptadas-mas-vegetacion-refugios-climaticos-y-planes-de-sombra\/#breadcrumb\"},\"inLanguage\":\"es\",\"potentialAction\":[{\"@type\":\"ReadAction\",\"target\":[\"https:\/\/es.greenpeace.org\/es\/en-profundidad\/olas-de-calor-adaptar-nuestras-ciudades-para-vivir-mejor\/ciudades-adaptadas-mas-vegetacion-refugios-climaticos-y-planes-de-sombra\/\"]}]},{\"@type\":\"ImageObject\",\"inLanguage\":\"es\",\"@id\":\"https:\/\/es.greenpeace.org\/es\/en-profundidad\/olas-de-calor-adaptar-nuestras-ciudades-para-vivir-mejor\/ciudades-adaptadas-mas-vegetacion-refugios-climaticos-y-planes-de-sombra\/#primaryimage\",\"url\":\"https:\/\/es.greenpeace.org\/es\/wp-content\/uploads\/sites\/3\/2024\/07\/Refugio-climatico.jpg\",\"contentUrl\":\"https:\/\/es.greenpeace.org\/es\/wp-content\/uploads\/sites\/3\/2024\/07\/Refugio-climatico.jpg\",\"width\":1200,\"height\":800,\"caption\":\"05\/07\/2024. Barcelona, catalu\u00f1a. Espa\u00f1a.rEje verde de la calle Consell de cent interesccion con la calle Rocafort. La plaza st\u00e1 permeabilizada para aprovechar agua de la lluvia.r En el proyecto Adaptemes (Municipios adaptados a eventos meteorol\u00f3gicos extremos) estamos trabajando en estos momentos en los impactos en la salud de las olas de calor y la necesidad de adaptaci\u00f3n de las ciudades a estos eventos.rRecogemos im\u00e1genes de espacios adaptados y no adaptados en las ciudades. Es importante tener en cuenta la especial vulnerabilidad de grupos como la gente mayor o los ni\u00f1os y ni\u00f1as, adem\u00e1s de las mujeres de forma transversal.r\u00a9Greenpeace\/ Cristina Calderer rrr\u00a9Greenpeace Handout\/ Cristina Calderer - No sales - No Archives - Editorial Use Only - Free use only for 14 days after release. Photo provided by GREENPEACE, distributed handout photo to be used only to illustrate news reporting or commentary on the facts or events depicted in this image.\"},{\"@type\":\"BreadcrumbList\",\"@id\":\"https:\/\/es.greenpeace.org\/es\/en-profundidad\/olas-de-calor-adaptar-nuestras-ciudades-para-vivir-mejor\/ciudades-adaptadas-mas-vegetacion-refugios-climaticos-y-planes-de-sombra\/#breadcrumb\",\"itemListElement\":[{\"@type\":\"ListItem\",\"position\":1,\"name\":\"Home\",\"item\":\"https:\/\/es.greenpeace.org\/es\/\"},{\"@type\":\"ListItem\",\"position\":2,\"name\":\"Olas de calor: adaptar nuestras ciudades para vivir mejor\",\"item\":\"https:\/\/es.greenpeace.org\/es\/en-profundidad\/olas-de-calor-adaptar-nuestras-ciudades-para-vivir-mejor\/\"},{\"@type\":\"ListItem\",\"position\":3,\"name\":\"Ciudades adaptadas: m\u00e1s vegetaci\u00f3n, refugios clim\u00e1ticos y planes de sombra\"}]},{\"@type\":\"WebSite\",\"@id\":\"https:\/\/es.greenpeace.org\/es\/#website\",\"url\":\"https:\/\/es.greenpeace.org\/es\/\",\"name\":\"Greenpeace Espa\u00f1a\",\"description\":\"\",\"publisher\":{\"@id\":\"https:\/\/es.greenpeace.org\/es\/#organization\"},\"potentialAction\":[{\"@type\":\"SearchAction\",\"target\":{\"@type\":\"EntryPoint\",\"urlTemplate\":\"https:\/\/es.greenpeace.org\/es\/?s={search_term_string}\"},\"query-input\":{\"@type\":\"PropertyValueSpecification\",\"valueRequired\":true,\"valueName\":\"search_term_string\"}}],\"inLanguage\":\"es\"},{\"@type\":\"Organization\",\"@id\":\"https:\/\/es.greenpeace.org\/es\/#organization\",\"name\":\"Greenpeace Espa\u00f1a\",\"alternateName\":\"Greenpeace\",\"url\":\"https:\/\/es.greenpeace.org\/es\/\",\"logo\":{\"@type\":\"ImageObject\",\"inLanguage\":\"es\",\"@id\":\"https:\/\/es.greenpeace.org\/es\/#\/schema\/logo\/image\/\",\"url\":\"https:\/\/es.greenpeace.org\/es\/wp-content\/uploads\/sites\/3\/2024\/07\/greenpeace-logo-verde.svg\",\"contentUrl\":\"https:\/\/es.greenpeace.org\/es\/wp-content\/uploads\/sites\/3\/2024\/07\/greenpeace-logo-verde.svg\",\"width\":1,\"height\":1,\"caption\":\"Greenpeace Espa\u00f1a\"},\"image\":{\"@id\":\"https:\/\/es.greenpeace.org\/es\/#\/schema\/logo\/image\/\"},\"sameAs\":[\"https:\/\/www.facebook.com\/greenpeace.spain\",\"https:\/\/x.com\/greenpeace_esp\",\"https:\/\/www.instagram.com\/greenpeace_esp\/\"]}]}<\/script>\n<!-- \/ Yoast SEO plugin. -->","yoast_head_json":{"title":"Ciudades adaptadas | Greenpeace Espa\u00f1a","description":"Ciudades adaptadas: m\u00e1s vegetaci\u00f3n, refugios clim\u00e1ticos y planes de sombra. Estamos hablando de salud y de salvar vidas.","robots":{"index":"index","follow":"follow","max-snippet":"max-snippet:-1","max-image-preview":"max-image-preview:large","max-video-preview":"max-video-preview:-1"},"canonical":"https:\/\/es.greenpeace.org\/es\/en-profundidad\/olas-de-calor-adaptar-nuestras-ciudades-para-vivir-mejor\/ciudades-adaptadas-mas-vegetacion-refugios-climaticos-y-planes-de-sombra\/","og_locale":"es_ES","og_type":"article","og_title":"Ciudades adaptadas | Greenpeace Espa\u00f1a","og_description":"Ciudades adaptadas: m\u00e1s vegetaci\u00f3n, refugios clim\u00e1ticos y planes de sombra. Estamos hablando de salud y de salvar vidas.","og_url":"https:\/\/es.greenpeace.org\/es\/en-profundidad\/olas-de-calor-adaptar-nuestras-ciudades-para-vivir-mejor\/ciudades-adaptadas-mas-vegetacion-refugios-climaticos-y-planes-de-sombra\/","og_site_name":"ES | Greenpeace Espa\u00f1a","article_publisher":"https:\/\/www.facebook.com\/greenpeace.spain","article_modified_time":"2024-11-20T14:28:54+00:00","og_image":[{"width":1200,"height":800,"url":"https:\/\/es.greenpeace.org\/es\/wp-content\/uploads\/sites\/3\/2024\/07\/Refugio-climatico.jpg","type":"image\/jpeg"}],"twitter_card":"summary_large_image","twitter_site":"@greenpeace_esp","twitter_misc":{"Tiempo de lectura":"5 minutos"},"schema":{"@context":"https:\/\/schema.org","@graph":[{"@type":"WebPage","@id":"https:\/\/es.greenpeace.org\/es\/en-profundidad\/olas-de-calor-adaptar-nuestras-ciudades-para-vivir-mejor\/ciudades-adaptadas-mas-vegetacion-refugios-climaticos-y-planes-de-sombra\/","url":"https:\/\/es.greenpeace.org\/es\/en-profundidad\/olas-de-calor-adaptar-nuestras-ciudades-para-vivir-mejor\/ciudades-adaptadas-mas-vegetacion-refugios-climaticos-y-planes-de-sombra\/","name":"Ciudades adaptadas | Greenpeace Espa\u00f1a","isPartOf":{"@id":"https:\/\/es.greenpeace.org\/es\/#website"},"primaryImageOfPage":{"@id":"https:\/\/es.greenpeace.org\/es\/en-profundidad\/olas-de-calor-adaptar-nuestras-ciudades-para-vivir-mejor\/ciudades-adaptadas-mas-vegetacion-refugios-climaticos-y-planes-de-sombra\/#primaryimage"},"image":{"@id":"https:\/\/es.greenpeace.org\/es\/en-profundidad\/olas-de-calor-adaptar-nuestras-ciudades-para-vivir-mejor\/ciudades-adaptadas-mas-vegetacion-refugios-climaticos-y-planes-de-sombra\/#primaryimage"},"thumbnailUrl":"https:\/\/es.greenpeace.org\/es\/wp-content\/uploads\/sites\/3\/2024\/07\/Refugio-climatico.jpg","datePublished":"2024-07-08T12:01:05+00:00","dateModified":"2024-11-20T14:28:54+00:00","description":"Ciudades adaptadas: m\u00e1s vegetaci\u00f3n, refugios clim\u00e1ticos y planes de sombra. Estamos hablando de salud y de salvar vidas.","breadcrumb":{"@id":"https:\/\/es.greenpeace.org\/es\/en-profundidad\/olas-de-calor-adaptar-nuestras-ciudades-para-vivir-mejor\/ciudades-adaptadas-mas-vegetacion-refugios-climaticos-y-planes-de-sombra\/#breadcrumb"},"inLanguage":"es","potentialAction":[{"@type":"ReadAction","target":["https:\/\/es.greenpeace.org\/es\/en-profundidad\/olas-de-calor-adaptar-nuestras-ciudades-para-vivir-mejor\/ciudades-adaptadas-mas-vegetacion-refugios-climaticos-y-planes-de-sombra\/"]}]},{"@type":"ImageObject","inLanguage":"es","@id":"https:\/\/es.greenpeace.org\/es\/en-profundidad\/olas-de-calor-adaptar-nuestras-ciudades-para-vivir-mejor\/ciudades-adaptadas-mas-vegetacion-refugios-climaticos-y-planes-de-sombra\/#primaryimage","url":"https:\/\/es.greenpeace.org\/es\/wp-content\/uploads\/sites\/3\/2024\/07\/Refugio-climatico.jpg","contentUrl":"https:\/\/es.greenpeace.org\/es\/wp-content\/uploads\/sites\/3\/2024\/07\/Refugio-climatico.jpg","width":1200,"height":800,"caption":"05\/07\/2024. Barcelona, catalu\u00f1a. Espa\u00f1a.rEje verde de la calle Consell de cent interesccion con la calle Rocafort. La plaza st\u00e1 permeabilizada para aprovechar agua de la lluvia.r En el proyecto Adaptemes (Municipios adaptados a eventos meteorol\u00f3gicos extremos) estamos trabajando en estos momentos en los impactos en la salud de las olas de calor y la necesidad de adaptaci\u00f3n de las ciudades a estos eventos.rRecogemos im\u00e1genes de espacios adaptados y no adaptados en las ciudades. Es importante tener en cuenta la especial vulnerabilidad de grupos como la gente mayor o los ni\u00f1os y ni\u00f1as, adem\u00e1s de las mujeres de forma transversal.r\u00a9Greenpeace\/ Cristina Calderer rrr\u00a9Greenpeace Handout\/ Cristina Calderer - No sales - No Archives - Editorial Use Only - Free use only for 14 days after release. Photo provided by GREENPEACE, distributed handout photo to be used only to illustrate news reporting or commentary on the facts or events depicted in this image."},{"@type":"BreadcrumbList","@id":"https:\/\/es.greenpeace.org\/es\/en-profundidad\/olas-de-calor-adaptar-nuestras-ciudades-para-vivir-mejor\/ciudades-adaptadas-mas-vegetacion-refugios-climaticos-y-planes-de-sombra\/#breadcrumb","itemListElement":[{"@type":"ListItem","position":1,"name":"Home","item":"https:\/\/es.greenpeace.org\/es\/"},{"@type":"ListItem","position":2,"name":"Olas de calor: adaptar nuestras ciudades para vivir mejor","item":"https:\/\/es.greenpeace.org\/es\/en-profundidad\/olas-de-calor-adaptar-nuestras-ciudades-para-vivir-mejor\/"},{"@type":"ListItem","position":3,"name":"Ciudades adaptadas: m\u00e1s vegetaci\u00f3n, refugios clim\u00e1ticos y planes de sombra"}]},{"@type":"WebSite","@id":"https:\/\/es.greenpeace.org\/es\/#website","url":"https:\/\/es.greenpeace.org\/es\/","name":"Greenpeace Espa\u00f1a","description":"","publisher":{"@id":"https:\/\/es.greenpeace.org\/es\/#organization"},"potentialAction":[{"@type":"SearchAction","target":{"@type":"EntryPoint","urlTemplate":"https:\/\/es.greenpeace.org\/es\/?s={search_term_string}"},"query-input":{"@type":"PropertyValueSpecification","valueRequired":true,"valueName":"search_term_string"}}],"inLanguage":"es"},{"@type":"Organization","@id":"https:\/\/es.greenpeace.org\/es\/#organization","name":"Greenpeace Espa\u00f1a","alternateName":"Greenpeace","url":"https:\/\/es.greenpeace.org\/es\/","logo":{"@type":"ImageObject","inLanguage":"es","@id":"https:\/\/es.greenpeace.org\/es\/#\/schema\/logo\/image\/","url":"https:\/\/es.greenpeace.org\/es\/wp-content\/uploads\/sites\/3\/2024\/07\/greenpeace-logo-verde.svg","contentUrl":"https:\/\/es.greenpeace.org\/es\/wp-content\/uploads\/sites\/3\/2024\/07\/greenpeace-logo-verde.svg","width":1,"height":1,"caption":"Greenpeace Espa\u00f1a"},"image":{"@id":"https:\/\/es.greenpeace.org\/es\/#\/schema\/logo\/image\/"},"sameAs":["https:\/\/www.facebook.com\/greenpeace.spain","https:\/\/x.com\/greenpeace_esp","https:\/\/www.instagram.com\/greenpeace_esp\/"]}]}},"_links":{"self":[{"href":"https:\/\/es.greenpeace.org\/es\/wp-json\/wp\/v2\/post_profundidad\/59220","targetHints":{"allow":["GET"]}}],"collection":[{"href":"https:\/\/es.greenpeace.org\/es\/wp-json\/wp\/v2\/post_profundidad"}],"about":[{"href":"https:\/\/es.greenpeace.org\/es\/wp-json\/wp\/v2\/types\/post_profundidad"}],"author":[{"embeddable":true,"href":"https:\/\/es.greenpeace.org\/es\/wp-json\/wp\/v2\/users\/100"}],"version-history":[{"count":8,"href":"https:\/\/es.greenpeace.org\/es\/wp-json\/wp\/v2\/post_profundidad\/59220\/revisions"}],"predecessor-version":[{"id":59497,"href":"https:\/\/es.greenpeace.org\/es\/wp-json\/wp\/v2\/post_profundidad\/59220\/revisions\/59497"}],"up":[{"embeddable":true,"href":"https:\/\/es.greenpeace.org\/es\/wp-json\/wp\/v2\/post_profundidad\/59180"}],"wp:featuredmedia":[{"embeddable":true,"href":"https:\/\/es.greenpeace.org\/es\/wp-json\/wp\/v2\/media\/59386"}],"wp:attachment":[{"href":"https:\/\/es.greenpeace.org\/es\/wp-json\/wp\/v2\/media?parent=59220"}],"wp:term":[{"taxonomy":"category","embeddable":true,"href":"https:\/\/es.greenpeace.org\/es\/wp-json\/wp\/v2\/categories?post=59220"},{"taxonomy":"post_tag","embeddable":true,"href":"https:\/\/es.greenpeace.org\/es\/wp-json\/wp\/v2\/tags?post=59220"}],"curies":[{"name":"wp","href":"https:\/\/api.w.org\/{rel}","templated":true}]}}