{"id":59251,"date":"2024-07-08T14:05:54","date_gmt":"2024-07-08T12:05:54","guid":{"rendered":"https:\/\/es.greenpeace.org\/es\/?post_type=post_profundidad&#038;p=59251"},"modified":"2024-07-08T14:14:37","modified_gmt":"2024-07-08T12:14:37","slug":"demandas-de-greenpeace-para-la-adaptacion-de-las-ciudades-al-cambio-climatico","status":"publish","type":"post_profundidad","link":"https:\/\/es.greenpeace.org\/es\/en-profundidad\/olas-de-calor-adaptar-nuestras-ciudades-para-vivir-mejor\/demandas-de-greenpeace-para-la-adaptacion-de-las-ciudades-al-cambio-climatico\/","title":{"rendered":"Demandas de Greenpeace para la adaptaci\u00f3n de las ciudades al cambio clim\u00e1tico"},"content":{"rendered":"\n<p>El cambio clim\u00e1tico tiene impactos sobre toda la geograf\u00eda, por lo que todos los municipios deber\u00edan contar con planes que aborden los impactos del cambio clim\u00e1tico y establezcan estrategias de mitigaci\u00f3n y adaptaci\u00f3n en funci\u00f3n de las necesidades locales.&nbsp;<\/p>\n\n\n\n<figure class=\"wp-block-image size-full\"><img loading=\"lazy\" decoding=\"async\" width=\"800\" height=\"533\" src=\"https:\/\/es.greenpeace.org\/es\/wp-content\/uploads\/sites\/3\/2024\/07\/Ciudad_GreenPeace.jpg\" alt=\"Greenpeace y  ciudades verdes\" class=\"wp-image-59369\" srcset=\"https:\/\/es.greenpeace.org\/es\/wp-content\/uploads\/sites\/3\/2024\/07\/Ciudad_GreenPeace.jpg 800w, https:\/\/es.greenpeace.org\/es\/wp-content\/uploads\/sites\/3\/2024\/07\/Ciudad_GreenPeace-730x486.jpg 730w, https:\/\/es.greenpeace.org\/es\/wp-content\/uploads\/sites\/3\/2024\/07\/Ciudad_GreenPeace-500x333.jpg 500w, https:\/\/es.greenpeace.org\/es\/wp-content\/uploads\/sites\/3\/2024\/07\/Ciudad_GreenPeace-768x512.jpg 768w\" sizes=\"auto, (max-width: 800px) 100vw, 800px\" \/><figcaption class=\"wp-element-caption\">\u00a9Greenpeace\/Rossella Rouge<\/figcaption><\/figure>\n\n\n\n<p>Aunque los planes deben adaptarse a la realidad de cada localidad, existen una serie de <mark style=\"background-color:#fdf6b2\" class=\"has-inline-color\">recomendaciones generales<\/mark> que deber\u00edan incluir todos los planes de adaptaci\u00f3n elaborados por los ayuntamientos:<\/p>\n\n\n\n<div style=\"height:10px\" aria-hidden=\"true\" class=\"wp-block-spacer\"><\/div>\n\n\n\n<p class=\"m-2 p-3 has-white-background-color has-background\"><mark style=\"background-color:#fdf6b2\" class=\"has-inline-color\">#1<\/mark> Realizar un<strong> an\u00e1lisis <\/strong>local previo<strong> de vulnerabilidad y un mapa de riesgo <\/strong>de los impactos para identificar la poblaci\u00f3n m\u00e1s vulnerable y las zonas de actuaci\u00f3n prioritaria.\u00a0<\/p>\n\n\n\n<p class=\"m-2 p-3 has-white-background-color has-background\"><mark style=\"background-color:#fdf6b2\" class=\"has-inline-color\">#2<\/mark> <strong>Reducir la desigualdad<\/strong> en la vulnerabilidad a los eventos extremos y los impactos del cambio clim\u00e1tico.<\/p>\n\n\n\n<p class=\"m-2 p-3 has-white-background-color has-background\"><mark style=\"background-color:#fdf6b2\" class=\"has-inline-color\">#3<\/mark> <strong>Priorizar medidas <\/strong>basadas en la naturaleza, como la <strong>regla 3-30-300 y medidas sociales<\/strong>, por sus beneficios m\u00faltiples para abordar distintos riesgos as\u00ed como mejorar el bienestar, la convivencia y reducir las desigualdades..&nbsp;<\/p>\n\n\n\n<p class=\"m-2 p-3 has-white-background-color has-background\"><mark style=\"background-color:#fdf6b2\" class=\"has-inline-color\">#4<\/mark> <strong>Mejorar la eficiencia energ\u00e9tica y fomentar la descarbonizaci\u00f3n <\/strong>de edificios, centros de trabajo y viviendas a escala edificio y barrio<strong>,<\/strong> priorizando a los barrios y colectivos m\u00e1s vulnerables.<\/p>\n\n\n\n<p class=\"m-2 p-3 has-white-background-color has-background\"><mark style=\"background-color:#fdf6b2\" class=\"has-inline-color\">#5<\/mark> <strong>Priorizar estrategias comunitarias<\/strong>, p\u00fablico-comunitarias y de apoyo mutuo a nivel de barrio as\u00ed como reforzar los espacios de encuentro vecinal.<\/p>\n\n\n\n<p class=\"m-2 p-3 has-white-background-color has-background\"><mark style=\"background-color:#fdf6b2\" class=\"has-inline-color\">#6<\/mark> <strong>Sensibilizar y formar<\/strong> a la ciudadan\u00eda y a los colectivos profesionales.<\/p>\n\n\n\n<p class=\"m-2 p-3 has-white-background-color has-background\"><mark style=\"background-color:#fdf6b2\" class=\"has-inline-color\">#7<\/mark> <strong>Fomentar la movilidad activa, <\/strong>frente a los modos motorizados que contribuyen al aumento de emisiones y de calor en las ciudades, invirtiendo en redes ciclistas e itinerarios peatonales accesibles, \u00fatiles, interconectados y seguros.<\/p>\n\n\n\n<p class=\"m-2 p-3 has-white-background-color has-background\"><mark style=\"background-color:#fdf6b2\" class=\"has-inline-color\">#8<\/mark> <strong>Potenciar el transporte p\u00fablico <\/strong>e implantar Zonas de Bajas Emisiones.<\/p>\n\n\n\n<p class=\"m-2 p-3 has-white-background-color has-background\"><mark style=\"background-color:#fdf6b2\" class=\"has-inline-color\">#9<\/mark> <strong>Favorecer la ciudad de proximidad<\/strong>, sostenible y justa, apostando por un urbanismo compacto y recuperando la escala de barrio.<\/p>\n","protected":false},"author":100,"featured_media":59394,"parent":59180,"menu_order":3,"template":"","meta":{"_acf_changed":false,"footnotes":""},"categories":[35],"tags":[1101,816,1099],"class_list":["post-59251","post_profundidad","type-post_profundidad","status-publish","has-post-thumbnail","hentry","category-cambio-climatico","tag-adaptacion-ciudades","tag-efectos-cambio-climatico","tag-ola-de-calor"],"acf":[],"yoast_head":"<!-- This site is optimized with the Yoast SEO plugin v27.1.1 - https:\/\/yoast.com\/product\/yoast-seo-wordpress\/ -->\n<title>Demandas de Greenpeace para la adaptaci\u00f3n de las ciudades al cambio clim\u00e1tico - ES | Greenpeace Espa\u00f1a<\/title>\n<meta name=\"robots\" content=\"index, follow, max-snippet:-1, max-image-preview:large, max-video-preview:-1\" \/>\n<link rel=\"canonical\" href=\"https:\/\/es.greenpeace.org\/es\/en-profundidad\/olas-de-calor-adaptar-nuestras-ciudades-para-vivir-mejor\/demandas-de-greenpeace-para-la-adaptacion-de-las-ciudades-al-cambio-climatico\/\" \/>\n<meta property=\"og:locale\" content=\"es_ES\" \/>\n<meta property=\"og:type\" content=\"article\" \/>\n<meta property=\"og:title\" content=\"Demandas de Greenpeace para la adaptaci\u00f3n de las ciudades al cambio clim\u00e1tico - ES | Greenpeace Espa\u00f1a\" \/>\n<meta property=\"og:description\" content=\"El cambio clim\u00e1tico tiene impactos sobre toda la geograf\u00eda, por lo que todos los municipios deber\u00edan contar con planes que aborden los impactos del cambio clim\u00e1tico y establezcan estrategias de mitigaci\u00f3n y adaptaci\u00f3n en funci\u00f3n de las necesidades locales.&nbsp; Aunque los planes deben adaptarse a la realidad de cada localidad, existen una serie de recomendaciones [&hellip;]\" \/>\n<meta property=\"og:url\" content=\"https:\/\/es.greenpeace.org\/es\/en-profundidad\/olas-de-calor-adaptar-nuestras-ciudades-para-vivir-mejor\/demandas-de-greenpeace-para-la-adaptacion-de-las-ciudades-al-cambio-climatico\/\" \/>\n<meta property=\"og:site_name\" content=\"ES | Greenpeace Espa\u00f1a\" \/>\n<meta property=\"article:publisher\" content=\"https:\/\/www.facebook.com\/greenpeace.spain\" \/>\n<meta property=\"article:modified_time\" content=\"2024-07-08T12:14:37+00:00\" \/>\n<meta property=\"og:image\" content=\"https:\/\/es.greenpeace.org\/es\/wp-content\/uploads\/sites\/3\/2024\/07\/Greenpeace_propone.jpg\" \/>\n\t<meta property=\"og:image:width\" content=\"1200\" \/>\n\t<meta property=\"og:image:height\" content=\"800\" \/>\n\t<meta property=\"og:image:type\" content=\"image\/jpeg\" \/>\n<meta name=\"twitter:card\" content=\"summary_large_image\" \/>\n<meta name=\"twitter:site\" content=\"@greenpeace_esp\" \/>\n<meta name=\"twitter:label1\" content=\"Tiempo de lectura\" \/>\n\t<meta name=\"twitter:data1\" content=\"1 minuto\" \/>\n<script type=\"application\/ld+json\" class=\"yoast-schema-graph\">{\"@context\":\"https:\/\/schema.org\",\"@graph\":[{\"@type\":\"WebPage\",\"@id\":\"https:\/\/es.greenpeace.org\/es\/en-profundidad\/olas-de-calor-adaptar-nuestras-ciudades-para-vivir-mejor\/demandas-de-greenpeace-para-la-adaptacion-de-las-ciudades-al-cambio-climatico\/\",\"url\":\"https:\/\/es.greenpeace.org\/es\/en-profundidad\/olas-de-calor-adaptar-nuestras-ciudades-para-vivir-mejor\/demandas-de-greenpeace-para-la-adaptacion-de-las-ciudades-al-cambio-climatico\/\",\"name\":\"Demandas de Greenpeace para la adaptaci\u00f3n de las ciudades al cambio clim\u00e1tico - ES | Greenpeace Espa\u00f1a\",\"isPartOf\":{\"@id\":\"https:\/\/es.greenpeace.org\/es\/#website\"},\"primaryImageOfPage\":{\"@id\":\"https:\/\/es.greenpeace.org\/es\/en-profundidad\/olas-de-calor-adaptar-nuestras-ciudades-para-vivir-mejor\/demandas-de-greenpeace-para-la-adaptacion-de-las-ciudades-al-cambio-climatico\/#primaryimage\"},\"image\":{\"@id\":\"https:\/\/es.greenpeace.org\/es\/en-profundidad\/olas-de-calor-adaptar-nuestras-ciudades-para-vivir-mejor\/demandas-de-greenpeace-para-la-adaptacion-de-las-ciudades-al-cambio-climatico\/#primaryimage\"},\"thumbnailUrl\":\"https:\/\/es.greenpeace.org\/es\/wp-content\/uploads\/sites\/3\/2024\/07\/Greenpeace_propone.jpg\",\"datePublished\":\"2024-07-08T12:05:54+00:00\",\"dateModified\":\"2024-07-08T12:14:37+00:00\",\"breadcrumb\":{\"@id\":\"https:\/\/es.greenpeace.org\/es\/en-profundidad\/olas-de-calor-adaptar-nuestras-ciudades-para-vivir-mejor\/demandas-de-greenpeace-para-la-adaptacion-de-las-ciudades-al-cambio-climatico\/#breadcrumb\"},\"inLanguage\":\"es\",\"potentialAction\":[{\"@type\":\"ReadAction\",\"target\":[\"https:\/\/es.greenpeace.org\/es\/en-profundidad\/olas-de-calor-adaptar-nuestras-ciudades-para-vivir-mejor\/demandas-de-greenpeace-para-la-adaptacion-de-las-ciudades-al-cambio-climatico\/\"]}]},{\"@type\":\"ImageObject\",\"inLanguage\":\"es\",\"@id\":\"https:\/\/es.greenpeace.org\/es\/en-profundidad\/olas-de-calor-adaptar-nuestras-ciudades-para-vivir-mejor\/demandas-de-greenpeace-para-la-adaptacion-de-las-ciudades-al-cambio-climatico\/#primaryimage\",\"url\":\"https:\/\/es.greenpeace.org\/es\/wp-content\/uploads\/sites\/3\/2024\/07\/Greenpeace_propone.jpg\",\"contentUrl\":\"https:\/\/es.greenpeace.org\/es\/wp-content\/uploads\/sites\/3\/2024\/07\/Greenpeace_propone.jpg\",\"width\":1200,\"height\":800,\"caption\":\"05\/07\/2024. Barcelona, catalu\u00f1a. Espa\u00f1a.rParque Joan Ravent\u00f3s, con drenantes que filtran el agua y la depuran antes que se filtre al subsuelo.r En el proyecto Adaptemes (Municipios adaptados a eventos meteorol\u00f3gicos extremos) estamos trabajando en estos momentos en los impactos en la salud de las olas de calor y la necesidad de adaptaci\u00f3n de las ciudades a estos eventos.rRecogemos im\u00e1genes de espacios adaptados y no adaptados en las ciudades. Es importante tener en cuenta la especial vulnerabilidad de grupos como la gente mayor o los ni\u00f1os y ni\u00f1as, adem\u00e1s de las mujeres de forma transversal.r\u00a9Greenpeace\/ Cristina Calderer rrr\u00a9Greenpeace Handout\/ Cristina Calderer - No sales - No Archives - Editorial Use Only - Free use only for 14 days after release. Photo provided by GREENPEACE, distributed handout photo to be used only to illustrate news reporting or commentary on the facts or events depicted in this image.\"},{\"@type\":\"BreadcrumbList\",\"@id\":\"https:\/\/es.greenpeace.org\/es\/en-profundidad\/olas-de-calor-adaptar-nuestras-ciudades-para-vivir-mejor\/demandas-de-greenpeace-para-la-adaptacion-de-las-ciudades-al-cambio-climatico\/#breadcrumb\",\"itemListElement\":[{\"@type\":\"ListItem\",\"position\":1,\"name\":\"Home\",\"item\":\"https:\/\/es.greenpeace.org\/es\/\"},{\"@type\":\"ListItem\",\"position\":2,\"name\":\"Olas de calor: adaptar nuestras ciudades para vivir mejor\",\"item\":\"https:\/\/es.greenpeace.org\/es\/en-profundidad\/olas-de-calor-adaptar-nuestras-ciudades-para-vivir-mejor\/\"},{\"@type\":\"ListItem\",\"position\":3,\"name\":\"Demandas de Greenpeace para la adaptaci\u00f3n de las ciudades al cambio clim\u00e1tico\"}]},{\"@type\":\"WebSite\",\"@id\":\"https:\/\/es.greenpeace.org\/es\/#website\",\"url\":\"https:\/\/es.greenpeace.org\/es\/\",\"name\":\"Greenpeace Espa\u00f1a\",\"description\":\"\",\"publisher\":{\"@id\":\"https:\/\/es.greenpeace.org\/es\/#organization\"},\"potentialAction\":[{\"@type\":\"SearchAction\",\"target\":{\"@type\":\"EntryPoint\",\"urlTemplate\":\"https:\/\/es.greenpeace.org\/es\/?s={search_term_string}\"},\"query-input\":{\"@type\":\"PropertyValueSpecification\",\"valueRequired\":true,\"valueName\":\"search_term_string\"}}],\"inLanguage\":\"es\"},{\"@type\":\"Organization\",\"@id\":\"https:\/\/es.greenpeace.org\/es\/#organization\",\"name\":\"Greenpeace Espa\u00f1a\",\"alternateName\":\"Greenpeace\",\"url\":\"https:\/\/es.greenpeace.org\/es\/\",\"logo\":{\"@type\":\"ImageObject\",\"inLanguage\":\"es\",\"@id\":\"https:\/\/es.greenpeace.org\/es\/#\/schema\/logo\/image\/\",\"url\":\"https:\/\/es.greenpeace.org\/es\/wp-content\/uploads\/sites\/3\/2024\/07\/greenpeace-logo-verde.svg\",\"contentUrl\":\"https:\/\/es.greenpeace.org\/es\/wp-content\/uploads\/sites\/3\/2024\/07\/greenpeace-logo-verde.svg\",\"width\":1,\"height\":1,\"caption\":\"Greenpeace Espa\u00f1a\"},\"image\":{\"@id\":\"https:\/\/es.greenpeace.org\/es\/#\/schema\/logo\/image\/\"},\"sameAs\":[\"https:\/\/www.facebook.com\/greenpeace.spain\",\"https:\/\/x.com\/greenpeace_esp\",\"https:\/\/www.instagram.com\/greenpeace_esp\/\"]}]}<\/script>\n<!-- \/ Yoast SEO plugin. -->","yoast_head_json":{"title":"Demandas de Greenpeace para la adaptaci\u00f3n de las ciudades al cambio clim\u00e1tico - ES | Greenpeace Espa\u00f1a","robots":{"index":"index","follow":"follow","max-snippet":"max-snippet:-1","max-image-preview":"max-image-preview:large","max-video-preview":"max-video-preview:-1"},"canonical":"https:\/\/es.greenpeace.org\/es\/en-profundidad\/olas-de-calor-adaptar-nuestras-ciudades-para-vivir-mejor\/demandas-de-greenpeace-para-la-adaptacion-de-las-ciudades-al-cambio-climatico\/","og_locale":"es_ES","og_type":"article","og_title":"Demandas de Greenpeace para la adaptaci\u00f3n de las ciudades al cambio clim\u00e1tico - ES | Greenpeace Espa\u00f1a","og_description":"El cambio clim\u00e1tico tiene impactos sobre toda la geograf\u00eda, por lo que todos los municipios deber\u00edan contar con planes que aborden los impactos del cambio clim\u00e1tico y establezcan estrategias de mitigaci\u00f3n y adaptaci\u00f3n en funci\u00f3n de las necesidades locales.&nbsp; Aunque los planes deben adaptarse a la realidad de cada localidad, existen una serie de recomendaciones [&hellip;]","og_url":"https:\/\/es.greenpeace.org\/es\/en-profundidad\/olas-de-calor-adaptar-nuestras-ciudades-para-vivir-mejor\/demandas-de-greenpeace-para-la-adaptacion-de-las-ciudades-al-cambio-climatico\/","og_site_name":"ES | Greenpeace Espa\u00f1a","article_publisher":"https:\/\/www.facebook.com\/greenpeace.spain","article_modified_time":"2024-07-08T12:14:37+00:00","og_image":[{"width":1200,"height":800,"url":"https:\/\/es.greenpeace.org\/es\/wp-content\/uploads\/sites\/3\/2024\/07\/Greenpeace_propone.jpg","type":"image\/jpeg"}],"twitter_card":"summary_large_image","twitter_site":"@greenpeace_esp","twitter_misc":{"Tiempo de lectura":"1 minuto"},"schema":{"@context":"https:\/\/schema.org","@graph":[{"@type":"WebPage","@id":"https:\/\/es.greenpeace.org\/es\/en-profundidad\/olas-de-calor-adaptar-nuestras-ciudades-para-vivir-mejor\/demandas-de-greenpeace-para-la-adaptacion-de-las-ciudades-al-cambio-climatico\/","url":"https:\/\/es.greenpeace.org\/es\/en-profundidad\/olas-de-calor-adaptar-nuestras-ciudades-para-vivir-mejor\/demandas-de-greenpeace-para-la-adaptacion-de-las-ciudades-al-cambio-climatico\/","name":"Demandas de Greenpeace para la adaptaci\u00f3n de las ciudades al cambio clim\u00e1tico - ES | Greenpeace Espa\u00f1a","isPartOf":{"@id":"https:\/\/es.greenpeace.org\/es\/#website"},"primaryImageOfPage":{"@id":"https:\/\/es.greenpeace.org\/es\/en-profundidad\/olas-de-calor-adaptar-nuestras-ciudades-para-vivir-mejor\/demandas-de-greenpeace-para-la-adaptacion-de-las-ciudades-al-cambio-climatico\/#primaryimage"},"image":{"@id":"https:\/\/es.greenpeace.org\/es\/en-profundidad\/olas-de-calor-adaptar-nuestras-ciudades-para-vivir-mejor\/demandas-de-greenpeace-para-la-adaptacion-de-las-ciudades-al-cambio-climatico\/#primaryimage"},"thumbnailUrl":"https:\/\/es.greenpeace.org\/es\/wp-content\/uploads\/sites\/3\/2024\/07\/Greenpeace_propone.jpg","datePublished":"2024-07-08T12:05:54+00:00","dateModified":"2024-07-08T12:14:37+00:00","breadcrumb":{"@id":"https:\/\/es.greenpeace.org\/es\/en-profundidad\/olas-de-calor-adaptar-nuestras-ciudades-para-vivir-mejor\/demandas-de-greenpeace-para-la-adaptacion-de-las-ciudades-al-cambio-climatico\/#breadcrumb"},"inLanguage":"es","potentialAction":[{"@type":"ReadAction","target":["https:\/\/es.greenpeace.org\/es\/en-profundidad\/olas-de-calor-adaptar-nuestras-ciudades-para-vivir-mejor\/demandas-de-greenpeace-para-la-adaptacion-de-las-ciudades-al-cambio-climatico\/"]}]},{"@type":"ImageObject","inLanguage":"es","@id":"https:\/\/es.greenpeace.org\/es\/en-profundidad\/olas-de-calor-adaptar-nuestras-ciudades-para-vivir-mejor\/demandas-de-greenpeace-para-la-adaptacion-de-las-ciudades-al-cambio-climatico\/#primaryimage","url":"https:\/\/es.greenpeace.org\/es\/wp-content\/uploads\/sites\/3\/2024\/07\/Greenpeace_propone.jpg","contentUrl":"https:\/\/es.greenpeace.org\/es\/wp-content\/uploads\/sites\/3\/2024\/07\/Greenpeace_propone.jpg","width":1200,"height":800,"caption":"05\/07\/2024. Barcelona, catalu\u00f1a. Espa\u00f1a.rParque Joan Ravent\u00f3s, con drenantes que filtran el agua y la depuran antes que se filtre al subsuelo.r En el proyecto Adaptemes (Municipios adaptados a eventos meteorol\u00f3gicos extremos) estamos trabajando en estos momentos en los impactos en la salud de las olas de calor y la necesidad de adaptaci\u00f3n de las ciudades a estos eventos.rRecogemos im\u00e1genes de espacios adaptados y no adaptados en las ciudades. Es importante tener en cuenta la especial vulnerabilidad de grupos como la gente mayor o los ni\u00f1os y ni\u00f1as, adem\u00e1s de las mujeres de forma transversal.r\u00a9Greenpeace\/ Cristina Calderer rrr\u00a9Greenpeace Handout\/ Cristina Calderer - No sales - No Archives - Editorial Use Only - Free use only for 14 days after release. Photo provided by GREENPEACE, distributed handout photo to be used only to illustrate news reporting or commentary on the facts or events depicted in this image."},{"@type":"BreadcrumbList","@id":"https:\/\/es.greenpeace.org\/es\/en-profundidad\/olas-de-calor-adaptar-nuestras-ciudades-para-vivir-mejor\/demandas-de-greenpeace-para-la-adaptacion-de-las-ciudades-al-cambio-climatico\/#breadcrumb","itemListElement":[{"@type":"ListItem","position":1,"name":"Home","item":"https:\/\/es.greenpeace.org\/es\/"},{"@type":"ListItem","position":2,"name":"Olas de calor: adaptar nuestras ciudades para vivir mejor","item":"https:\/\/es.greenpeace.org\/es\/en-profundidad\/olas-de-calor-adaptar-nuestras-ciudades-para-vivir-mejor\/"},{"@type":"ListItem","position":3,"name":"Demandas de Greenpeace para la adaptaci\u00f3n de las ciudades al cambio clim\u00e1tico"}]},{"@type":"WebSite","@id":"https:\/\/es.greenpeace.org\/es\/#website","url":"https:\/\/es.greenpeace.org\/es\/","name":"Greenpeace Espa\u00f1a","description":"","publisher":{"@id":"https:\/\/es.greenpeace.org\/es\/#organization"},"potentialAction":[{"@type":"SearchAction","target":{"@type":"EntryPoint","urlTemplate":"https:\/\/es.greenpeace.org\/es\/?s={search_term_string}"},"query-input":{"@type":"PropertyValueSpecification","valueRequired":true,"valueName":"search_term_string"}}],"inLanguage":"es"},{"@type":"Organization","@id":"https:\/\/es.greenpeace.org\/es\/#organization","name":"Greenpeace Espa\u00f1a","alternateName":"Greenpeace","url":"https:\/\/es.greenpeace.org\/es\/","logo":{"@type":"ImageObject","inLanguage":"es","@id":"https:\/\/es.greenpeace.org\/es\/#\/schema\/logo\/image\/","url":"https:\/\/es.greenpeace.org\/es\/wp-content\/uploads\/sites\/3\/2024\/07\/greenpeace-logo-verde.svg","contentUrl":"https:\/\/es.greenpeace.org\/es\/wp-content\/uploads\/sites\/3\/2024\/07\/greenpeace-logo-verde.svg","width":1,"height":1,"caption":"Greenpeace Espa\u00f1a"},"image":{"@id":"https:\/\/es.greenpeace.org\/es\/#\/schema\/logo\/image\/"},"sameAs":["https:\/\/www.facebook.com\/greenpeace.spain","https:\/\/x.com\/greenpeace_esp","https:\/\/www.instagram.com\/greenpeace_esp\/"]}]}},"_links":{"self":[{"href":"https:\/\/es.greenpeace.org\/es\/wp-json\/wp\/v2\/post_profundidad\/59251","targetHints":{"allow":["GET"]}}],"collection":[{"href":"https:\/\/es.greenpeace.org\/es\/wp-json\/wp\/v2\/post_profundidad"}],"about":[{"href":"https:\/\/es.greenpeace.org\/es\/wp-json\/wp\/v2\/types\/post_profundidad"}],"author":[{"embeddable":true,"href":"https:\/\/es.greenpeace.org\/es\/wp-json\/wp\/v2\/users\/100"}],"version-history":[{"count":10,"href":"https:\/\/es.greenpeace.org\/es\/wp-json\/wp\/v2\/post_profundidad\/59251\/revisions"}],"predecessor-version":[{"id":59441,"href":"https:\/\/es.greenpeace.org\/es\/wp-json\/wp\/v2\/post_profundidad\/59251\/revisions\/59441"}],"up":[{"embeddable":true,"href":"https:\/\/es.greenpeace.org\/es\/wp-json\/wp\/v2\/post_profundidad\/59180"}],"wp:featuredmedia":[{"embeddable":true,"href":"https:\/\/es.greenpeace.org\/es\/wp-json\/wp\/v2\/media\/59394"}],"wp:attachment":[{"href":"https:\/\/es.greenpeace.org\/es\/wp-json\/wp\/v2\/media?parent=59251"}],"wp:term":[{"taxonomy":"category","embeddable":true,"href":"https:\/\/es.greenpeace.org\/es\/wp-json\/wp\/v2\/categories?post=59251"},{"taxonomy":"post_tag","embeddable":true,"href":"https:\/\/es.greenpeace.org\/es\/wp-json\/wp\/v2\/tags?post=59251"}],"curies":[{"name":"wp","href":"https:\/\/api.w.org\/{rel}","templated":true}]}}