{"id":60836,"date":"2024-09-30T10:39:38","date_gmt":"2024-09-30T08:39:38","guid":{"rendered":"https:\/\/es.greenpeace.org\/es\/?post_type=post_profundidad&#038;p=60836"},"modified":"2024-09-30T10:39:39","modified_gmt":"2024-09-30T08:39:39","slug":"cuanto-podremos-regar-en-el-futuro","status":"publish","type":"post_profundidad","link":"https:\/\/es.greenpeace.org\/es\/en-profundidad\/la-burbuja-del-regadio-en-espana\/cuanto-podremos-regar-en-el-futuro\/","title":{"rendered":"\u00bfCu\u00e1nto podremos regar en el futuro?"},"content":{"rendered":"\n<p>Para responder a esta pregunta, y concretando a\u00fan m\u00e1s las cifras dadas en la Burbuja del Regad\u00edo, Greenpeace publica ahora un <a href=\"https:\/\/es.greenpeace.org\/es\/wp-content\/uploads\/sites\/3\/2024\/09\/INFORME-CLIMA-Y-REGADIO-\u00bfCUANTO-PODREMOS-REGAR_V2.pdf\" target=\"_blank\" rel=\"noreferrer noopener\">nuevo estudio<\/a> que cuantifica el impacto que tendr\u00e1 la reducci\u00f3n prevista de disponibilidad del agua en los pr\u00f3ximos a\u00f1os (2030-2100) sobre el campo. Y ello teniendo en cuenta las previsiones meteorol\u00f3gicas y de aumento de la demanda, en un escenario, recordemos, de emergencia clim\u00e1tica.<\/p>\n\n\n\n<p>Seg\u00fan los datos p\u00fablicos, <strong>tendremos entre un 4,04% y un 6,88% menos de agua de aqu\u00ed al a\u00f1o 2040<\/strong>. Sin embargo, las demandas previstas por los planes de cuenca de tercer ciclo, reflejan m\u00e1s de 4.000 hm3 de exceso. Estas cifras no incluyen el <strong>regad\u00edo ilegal no contabilizado <\/strong>(cerca de 600.000 hect\u00e1reas y <strong>un mill\u00f3n de pozos ilegales<\/strong>) ni tiene en cuenta que buena parte del agua empleada en el riego se va en los productos que exportamos, se pierde en desperdicio alimentario, en excedentes agrario o en las macrogranjas, entre otros.<\/p>\n\n\n\n<div style=\"height:30px\" aria-hidden=\"true\" class=\"wp-block-spacer\"><\/div>\n\n\n<div class=\"lazyblock-infografia-svg-Z22bN0o wp-block-lazyblock-infografia-svg\"><div id=\"a678\" style=\"width: 100%;\"><\/div>\n<script type=\"application\/javascript\">\n    document.addEventListener(\"DOMContentLoaded\", function (t) {\n        var s, e = \"https:\/\/es.greenpeace.org\/es\/wp-content\/uploads\/sites\/3\/2024\/09\/grafico-mapa-ha-ilegales_360-px.svg\",\n            o = \"https:\/\/es.greenpeace.org\/es\/wp-content\/uploads\/sites\/3\/2024\/09\/grafico-mapa-ha-ilegales_510-px.svg\",\n            a = \"https:\/\/es.greenpeace.org\/es\/wp-content\/uploads\/sites\/3\/2024\/09\/grafico-mapa-ha-ilegales_730-px.svg\",\n            i = \"https:\/\/es.greenpeace.org\/es\/wp-content\/uploads\/sites\/3\/2024\/09\/grafico-mapa-ha-ilegales_1024-px.svg\",\n            g = document.getElementById(\"a678\"),\n            p = g.offsetWidth,\n            c = p;\n        p < 435 ? s = e : p >= 435 && p < 620 ? s = o : p >= 620 && p < 878 ? s = a : p >= 878 && (s = i);\n        var l = document.createElement(\"object\");\n        l.setAttribute(\"type\", \"image\/svg+xml\"), l.setAttribute(\"width\", c), l.setAttribute(\"height\", \"auto\"), l\n            .setAttribute(\"data\", s), g.appendChild(l)\n    });\n<\/script><\/div>\n\n\n<div style=\"height:30px\" aria-hidden=\"true\" class=\"wp-block-spacer\"><\/div>\n\n\n\n<h6 class=\"wp-block-heading\"><strong>\u00bfCu\u00e1l es el futuro del regad\u00edo en Espa\u00f1a?<\/strong><\/h6>\n\n\n\n<p>Hasta el a\u00f1o 2022, Espa\u00f1a no ha dejado de aumentar sus regad\u00edos. A corto plazo, se propone seguir aument\u00e1ndolos, como se observa en los diferentes Planes Hidrol\u00f3gicos. Sin embargo, la propia estrategia de lucha contra la desertificaci\u00f3n y todos los modelos clim\u00e1ticos para el futuro se\u00f1alan que cada vez habr\u00e1 menos recursos disponibles, m\u00e1s sequ\u00edas y m\u00e1s frecuentes. En general, y salvando aguaceros, habr\u00e1 menos precipitaciones y m\u00e1s calor, lo que implica mayor evapotranspiraci\u00f3n y menos agua disponible.<\/p>\n\n\n<div class=\"lazyblock-infografia-svg-1olxda wp-block-lazyblock-infografia-svg\"><div id=\"a123\" style=\"width: 100%;\"><\/div>\n<script type=\"application\/javascript\">\n    document.addEventListener(\"DOMContentLoaded\", function (t) {\n        var s, e = \"https:\/\/es.greenpeace.org\/es\/wp-content\/uploads\/sites\/3\/2024\/09\/grafico-porcentaje-reduccion_360-px.svg\",\n            o = \"https:\/\/es.greenpeace.org\/es\/wp-content\/uploads\/sites\/3\/2024\/09\/grafico-porcentaje-reduccion_510-px.svg\",\n            a = \"https:\/\/es.greenpeace.org\/es\/wp-content\/uploads\/sites\/3\/2024\/09\/grafico-porcentaje-reduccion_730-px.svg\",\n            i = \"https:\/\/es.greenpeace.org\/es\/wp-content\/uploads\/sites\/3\/2024\/09\/grafico-porcentaje-reduccion_1024-px.svg\",\n            g = document.getElementById(\"a123\"),\n            p = g.offsetWidth,\n            c = p;\n        p < 435 ? s = e : p >= 435 && p < 620 ? s = o : p >= 620 && p < 878 ? s = a : p >= 878 && (s = i);\n        var l = document.createElement(\"object\");\n        l.setAttribute(\"type\", \"image\/svg+xml\"), l.setAttribute(\"width\", c), l.setAttribute(\"height\", \"auto\"), l\n            .setAttribute(\"data\", s), g.appendChild(l)\n    });\n<\/script><\/div>\n\n\n<div style=\"height:30px\" aria-hidden=\"true\" class=\"wp-block-spacer\"><\/div>\n\n\n\n<h5 class=\"wp-block-heading\">Riesgos<\/h5>\n\n\n\n<div style=\"height:30px\" aria-hidden=\"true\" class=\"wp-block-spacer\"><\/div>\n\n\n\n<p><mark style=\"background-color:#fdf6b2\" class=\"has-inline-color\"><strong>#1 Aumento de la evapotranspiraci\u00f3n<\/strong><\/mark><\/p>\n\n\n\n<p>El incremento de la temperatura conlleva un incremento de la evapotranspiraci\u00f3n (ETP) y, por tanto, supone menos agua disponible. El aumento de temperatura podr\u00eda suponer una mayor producci\u00f3n agr\u00edcola, si hubiera agua suficiente disponible, pero esa circunstancia no se dar\u00e1.&nbsp; Es decir, la temperatura m\u00e1s elevada no se traducir\u00e1 en m\u00e1s cosechas, sino en menores, porque no habr\u00e1 suficiente agua.<\/p>\n\n\n\n<div style=\"height:30px\" aria-hidden=\"true\" class=\"wp-block-spacer\"><\/div>\n\n\n\n<figure class=\"wp-block-image size-full\"><img loading=\"lazy\" decoding=\"async\" width=\"800\" height=\"886\" src=\"https:\/\/es.greenpeace.org\/es\/wp-content\/uploads\/sites\/3\/2024\/09\/tabla_regadios_p09_baja.jpg\" alt=\"\" class=\"wp-image-60855\" srcset=\"https:\/\/es.greenpeace.org\/es\/wp-content\/uploads\/sites\/3\/2024\/09\/tabla_regadios_p09_baja.jpg 800w, https:\/\/es.greenpeace.org\/es\/wp-content\/uploads\/sites\/3\/2024\/09\/tabla_regadios_p09_baja-730x808.jpg 730w, https:\/\/es.greenpeace.org\/es\/wp-content\/uploads\/sites\/3\/2024\/09\/tabla_regadios_p09_baja-500x554.jpg 500w, https:\/\/es.greenpeace.org\/es\/wp-content\/uploads\/sites\/3\/2024\/09\/tabla_regadios_p09_baja-768x851.jpg 768w\" sizes=\"auto, (max-width: 800px) 100vw, 800px\" \/><\/figure>\n\n\n\n<div style=\"height:30px\" aria-hidden=\"true\" class=\"wp-block-spacer\"><\/div>\n\n\n\n<p><mark style=\"background-color:#fdf6b2\" class=\"has-inline-color\"><strong>#2 Disminuci\u00f3n de las precipitaciones<\/strong><\/mark><\/p>\n\n\n\n<p>Se esperan unas <strong>reducciones moderadas en el primer tercio del siglo XXI, que se har\u00e1n mucho m\u00e1s intensas de ah\u00ed en adelante<\/strong>.<\/p>\n\n\n\n<div style=\"height:30px\" aria-hidden=\"true\" class=\"wp-block-spacer\"><\/div>\n\n\n\n<figure class=\"wp-block-image size-full\"><img loading=\"lazy\" decoding=\"async\" width=\"800\" height=\"854\" src=\"https:\/\/es.greenpeace.org\/es\/wp-content\/uploads\/sites\/3\/2024\/09\/tabla_regadios_p11_baja.jpg\" alt=\"\" class=\"wp-image-60858\" srcset=\"https:\/\/es.greenpeace.org\/es\/wp-content\/uploads\/sites\/3\/2024\/09\/tabla_regadios_p11_baja.jpg 800w, https:\/\/es.greenpeace.org\/es\/wp-content\/uploads\/sites\/3\/2024\/09\/tabla_regadios_p11_baja-730x779.jpg 730w, https:\/\/es.greenpeace.org\/es\/wp-content\/uploads\/sites\/3\/2024\/09\/tabla_regadios_p11_baja-500x534.jpg 500w, https:\/\/es.greenpeace.org\/es\/wp-content\/uploads\/sites\/3\/2024\/09\/tabla_regadios_p11_baja-768x820.jpg 768w\" sizes=\"auto, (max-width: 800px) 100vw, 800px\" \/><\/figure>\n\n\n\n<div style=\"height:30px\" aria-hidden=\"true\" class=\"wp-block-spacer\"><\/div>\n\n\n\n<p><mark style=\"background-color:#fdf6b2\" class=\"has-inline-color\"><strong>#3 Si no se act\u00faa ahora, la falta de agua generar\u00e1 conflictos internos en Espa\u00f1a<\/strong><\/mark><\/p>\n\n\n\n<p>Aumentar\u00e1n los conflictos por el agua, como ya se ha visto, entre agricultura y uso de hidroel\u00e9ctricas, el urbano y el recreativo o los caudales ecol\u00f3gicos de r\u00edos y ecosistemas acu\u00e1ticos, que hasta ahora no se inclu\u00edan en la ecuaci\u00f3n. Pero tambi\u00e9n entre comunidades aut\u00f3nomas y, en el futuro, entre comarcas o ciudades, por los aumentos de demandas y la disminuci\u00f3n del recurso agua disponible.&nbsp;<\/p>\n\n\n\n<p>Con este escenario, est\u00e1 claro: tendremos <strong>menos agua disponible<\/strong> y, calculando la que tendremos, es necesaria una reducci\u00f3n importante. <strong>Proponemos para ello dos metas de reducci\u00f3n del 20 % o el 25 % <\/strong>que en t\u00e9rminos de superficie supone los siguientes resultados en funci\u00f3n de que se tomen como referencia las cifras de SIOSE o ESYRCE (cifras para todo el territorio, incluidas las cuencas del norte) y que suponen una <strong>reducci\u00f3n de entre 650 mil hect\u00e1reas y casi un mill\u00f3n hasta 2040<\/strong> seg\u00fan las previsiones oficiales del cambio clim\u00e1tico en Espa\u00f1a (entre 800 mil y casi un&nbsp; mill\u00f3n de hect\u00e1reas en el caso de la cuantificaci\u00f3n por ESYRCE y entre 650 mil y 800 mil por la cuantificaci\u00f3n realizada por SIOSE).<\/p>\n\n\n\n<div style=\"height:30px\" aria-hidden=\"true\" class=\"wp-block-spacer\"><\/div>\n\n\n\n<p><strong>Reducci\u00f3n estimada para 2040 en la superficie de regad\u00edo en Espa\u00f1a para adaptarse al cambio clim\u00e1tico<\/strong><\/p>\n\n\n\n<figure class=\"wp-block-table\"><table class=\"has-fixed-layout\"><tbody><tr><td><mark style=\"background-color:rgba(0, 0, 0, 0)\" class=\"has-inline-color has-green-color\">Fuente<\/mark><\/td><td><mark style=\"background-color:rgba(0, 0, 0, 0)\" class=\"has-inline-color has-green-color\">Superficie inicio<\/mark><\/td><td><mark style=\"background-color:rgba(0, 0, 0, 0)\" class=\"has-inline-color has-green-color\">Reducci\u00f3n necesaria 20%<\/mark><\/td><td><mark style=\"background-color:rgba(0, 0, 0, 0)\" class=\"has-inline-color has-green-color\">Reducci\u00f3n necesaria 25%<\/mark><\/td><td><mark style=\"background-color:rgba(0, 0, 0, 0)\" class=\"has-inline-color has-green-color\">Superficie final con la reducci\u00f3n del 20%<\/mark><\/td><td><mark style=\"background-color:rgba(0, 0, 0, 0)\" class=\"has-inline-color has-green-color\">Superficie final con la reducci\u00f3n del 25%<\/mark><\/td><\/tr><tr><td><strong>ESYRCE<\/strong><\/td><td>3.935.926<\/td><td>787.185 has<\/td><td>983.981has<\/td><td><strong>3.148.741 has<\/strong><\/td><td><strong>2.951.944 has<\/strong><\/td><\/tr><tr><td><strong>SIOSE<\/strong><\/td><td>3.183.304<\/td><td>636.740 has<\/td><td>795.926 has<\/td><td><strong>2.546.963 has<\/strong><\/td><td><strong>2.387.778 has<\/strong><\/td><\/tr><\/tbody><\/table><figcaption class=\"wp-element-caption\">Elaboraci\u00f3n Greenpeace y Observatorio de la sostenibilidad<\/figcaption><\/figure>\n\n\n\n<div style=\"height:30px\" aria-hidden=\"true\" class=\"wp-block-spacer\"><\/div>\n\n\n\n<h5 class=\"wp-block-heading\">Recomendaciones<\/h5>\n\n\n\n<div style=\"height:30px\" aria-hidden=\"true\" class=\"wp-block-spacer\"><\/div>\n\n\n\n<p class=\"m2-p3 has-white-background-color has-background\"><mark style=\"background-color:#fdf6b2\" class=\"has-inline-color\">#1<\/mark> Reducir el 20-25% del regad\u00edo, lo que, en t\u00e9rminos de superficie, supone una reducci\u00f3n de entre 650 mil hect\u00e1reas y casi un mill\u00f3n de hect\u00e1reas hasta 2040.<\/p>\n\n\n\n<p class=\"has-white-background-color has-background\"><mark style=\"background-color:#fdf6b2\" class=\"has-inline-color\">#2<\/mark> La reducci\u00f3n de estos regad\u00edos deben enfocarse a las <strong>grandes explotaciones<\/strong> (fondos de inversi\u00f3n, empresas del agribusiness\u2026), as\u00ed como a aquellas que, por su cultivo, obtienen altas dotaciones por hect\u00e1rea, y por lo tanto, no se adaptan a las condiciones clim\u00e1ticas actuales (regad\u00edos en superintensivo de frutos secos, superintensivo de olivar, aguacates\u2026).<\/p>\n\n\n\n<p class=\"has-white-background-color has-background\"><mark style=\"background-color:#fdf6b2\" class=\"has-inline-color\"># 3<\/mark> <strong>Eliminar todos los regad\u00edos ilegales <\/strong>del pa\u00eds.<\/p>\n\n\n\n<p class=\"has-white-background-color has-background\"><mark style=\"background-color:#fdf6b2\" class=\"has-inline-color\"># 4<\/mark> Las reducciones de regad\u00edos se deben de realizar sobre las zonas de los actuales regad\u00edos que est\u00e1n ubicados sobre zonas tensionadas.<\/p>\n\n\n\n<p class=\"has-white-background-color has-background\"><mark style=\"background-color:#fdf6b2\" class=\"has-inline-color\"># 5<\/mark> <strong>Congelar<\/strong> totalmente la <strong>inversi\u00f3n<\/strong> <strong>en nuevos<\/strong> <strong>regad\u00edos<\/strong> en todas las cuencas.<\/p>\n\n\n\n<p class=\"has-white-background-color has-background\"><mark style=\"background-color:#fdf6b2\" class=\"has-inline-color\"># 6<\/mark> Los proyectos de <strong>modernizaci\u00f3n de regad\u00edos<\/strong> deben <strong>revisarse<\/strong> para evitar que se usen como falsa justificaci\u00f3n y soluci\u00f3n para incrementar la superficie de regad\u00edo y prometer nuevos derechos de riego.&nbsp;<\/p>\n\n\n\n<p class=\"has-white-background-color has-background\"><mark style=\"background-color:#fdf6b2\" class=\"has-inline-color\"># 7<\/mark> Es necesario revisar los <strong>destinos finales de los productos<\/strong> de los regad\u00edos a los que van asignadas las demandas de agua.<\/p>\n\n\n\n<p class=\"has-white-background-color has-background\"><mark style=\"background-color:#fdf6b2\" class=\"has-inline-color\"># 8<\/mark> Desligar la modernizaci\u00f3n de regad\u00edos del incremento de producci\u00f3n. El agua que se puede ahorrar con la eficiencia debe volver a la red de drenaje natural. Es especialmente importante defender y preservar los caudales ecol\u00f3gicos.<\/p>\n\n\n\n<p class=\"has-white-background-color has-background\"><mark style=\"background-color:#fdf6b2\" class=\"has-inline-color\"># 9<\/mark> Las nuevas inversiones en eficiencia del regad\u00edo o de conseguir m\u00e1s recursos, a trav\u00e9s de desalaci\u00f3n-reutilizaci\u00f3n, deben repercutir \u00edntegramente los costes de la inversi\u00f3n en los usuarios que las demanden. Especialmente si los beneficiarios de estas inversiones no son peque\u00f1os y medianos agricultores.<\/p>\n\n\n\n<p><\/p>\n","protected":false},"author":100,"featured_media":60872,"parent":51095,"menu_order":7,"template":"","meta":{"_acf_changed":false,"footnotes":""},"categories":[38,946],"tags":[1023],"class_list":["post-60836","post_profundidad","type-post_profundidad","status-publish","has-post-thumbnail","hentry","category-agricultura","category-agua","tag-regadios"],"acf":[],"yoast_head":"<!-- This site is optimized with the Yoast SEO plugin v27.1.1 - https:\/\/yoast.com\/product\/yoast-seo-wordpress\/ -->\n<title>\u00bfCu\u00e1nto podremos regar en el futuro? | Greenpeace Espa\u00f1a<\/title>\n<meta name=\"description\" content=\"De aqu\u00ed al 2040, tendremos entre un 4,04% y un 6,88% menos de agua. Sin embargo, hasta el 2022, Espa\u00f1a no ha dejado de aumentar sus regad\u00edos.\" \/>\n<meta name=\"robots\" content=\"index, follow, max-snippet:-1, max-image-preview:large, max-video-preview:-1\" \/>\n<link rel=\"canonical\" href=\"https:\/\/es.greenpeace.org\/es\/en-profundidad\/la-burbuja-del-regadio-en-espana\/cuanto-podremos-regar-en-el-futuro\/\" \/>\n<meta property=\"og:locale\" content=\"es_ES\" \/>\n<meta property=\"og:type\" content=\"article\" \/>\n<meta property=\"og:title\" content=\"\u00bfCu\u00e1nto podremos regar en el futuro? | Greenpeace Espa\u00f1a\" \/>\n<meta property=\"og:description\" content=\"De aqu\u00ed al 2040, tendremos entre un 4,04% y un 6,88% menos de agua. Sin embargo, hasta el 2022, Espa\u00f1a no ha dejado de aumentar sus regad\u00edos.\" \/>\n<meta property=\"og:url\" content=\"https:\/\/es.greenpeace.org\/es\/en-profundidad\/la-burbuja-del-regadio-en-espana\/cuanto-podremos-regar-en-el-futuro\/\" \/>\n<meta property=\"og:site_name\" content=\"ES | Greenpeace Espa\u00f1a\" \/>\n<meta property=\"article:publisher\" content=\"https:\/\/www.facebook.com\/greenpeace.spain\" \/>\n<meta property=\"article:modified_time\" content=\"2024-09-30T08:39:39+00:00\" \/>\n<meta property=\"og:image\" content=\"https:\/\/es.greenpeace.org\/es\/wp-content\/uploads\/sites\/3\/2024\/09\/Burbuja_Regadio_por.jpg\" \/>\n\t<meta property=\"og:image:width\" content=\"1280\" \/>\n\t<meta property=\"og:image:height\" content=\"853\" \/>\n\t<meta property=\"og:image:type\" content=\"image\/jpeg\" \/>\n<meta name=\"twitter:card\" content=\"summary_large_image\" \/>\n<meta name=\"twitter:site\" content=\"@greenpeace_esp\" \/>\n<meta name=\"twitter:label1\" content=\"Tiempo de lectura\" \/>\n\t<meta name=\"twitter:data1\" content=\"5 minutos\" \/>\n<script type=\"application\/ld+json\" class=\"yoast-schema-graph\">{\"@context\":\"https:\/\/schema.org\",\"@graph\":[{\"@type\":\"WebPage\",\"@id\":\"https:\/\/es.greenpeace.org\/es\/en-profundidad\/la-burbuja-del-regadio-en-espana\/cuanto-podremos-regar-en-el-futuro\/\",\"url\":\"https:\/\/es.greenpeace.org\/es\/en-profundidad\/la-burbuja-del-regadio-en-espana\/cuanto-podremos-regar-en-el-futuro\/\",\"name\":\"\u00bfCu\u00e1nto podremos regar en el futuro? | Greenpeace Espa\u00f1a\",\"isPartOf\":{\"@id\":\"https:\/\/es.greenpeace.org\/es\/#website\"},\"primaryImageOfPage\":{\"@id\":\"https:\/\/es.greenpeace.org\/es\/en-profundidad\/la-burbuja-del-regadio-en-espana\/cuanto-podremos-regar-en-el-futuro\/#primaryimage\"},\"image\":{\"@id\":\"https:\/\/es.greenpeace.org\/es\/en-profundidad\/la-burbuja-del-regadio-en-espana\/cuanto-podremos-regar-en-el-futuro\/#primaryimage\"},\"thumbnailUrl\":\"https:\/\/es.greenpeace.org\/es\/wp-content\/uploads\/sites\/3\/2024\/09\/Burbuja_Regadio_por.jpg\",\"datePublished\":\"2024-09-30T08:39:38+00:00\",\"dateModified\":\"2024-09-30T08:39:39+00:00\",\"description\":\"De aqu\u00ed al 2040, tendremos entre un 4,04% y un 6,88% menos de agua. Sin embargo, hasta el 2022, Espa\u00f1a no ha dejado de aumentar sus regad\u00edos.\",\"breadcrumb\":{\"@id\":\"https:\/\/es.greenpeace.org\/es\/en-profundidad\/la-burbuja-del-regadio-en-espana\/cuanto-podremos-regar-en-el-futuro\/#breadcrumb\"},\"inLanguage\":\"es\",\"potentialAction\":[{\"@type\":\"ReadAction\",\"target\":[\"https:\/\/es.greenpeace.org\/es\/en-profundidad\/la-burbuja-del-regadio-en-espana\/cuanto-podremos-regar-en-el-futuro\/\"]}]},{\"@type\":\"ImageObject\",\"inLanguage\":\"es\",\"@id\":\"https:\/\/es.greenpeace.org\/es\/en-profundidad\/la-burbuja-del-regadio-en-espana\/cuanto-podremos-regar-en-el-futuro\/#primaryimage\",\"url\":\"https:\/\/es.greenpeace.org\/es\/wp-content\/uploads\/sites\/3\/2024\/09\/Burbuja_Regadio_por.jpg\",\"contentUrl\":\"https:\/\/es.greenpeace.org\/es\/wp-content\/uploads\/sites\/3\/2024\/09\/Burbuja_Regadio_por.jpg\",\"width\":1280,\"height\":853,\"caption\":\"Burbuja regadios\"},{\"@type\":\"BreadcrumbList\",\"@id\":\"https:\/\/es.greenpeace.org\/es\/en-profundidad\/la-burbuja-del-regadio-en-espana\/cuanto-podremos-regar-en-el-futuro\/#breadcrumb\",\"itemListElement\":[{\"@type\":\"ListItem\",\"position\":1,\"name\":\"Home\",\"item\":\"https:\/\/es.greenpeace.org\/es\/\"},{\"@type\":\"ListItem\",\"position\":2,\"name\":\"La burbuja del regad\u00edo en Espa\u00f1a\",\"item\":\"https:\/\/es.greenpeace.org\/es\/en-profundidad\/la-burbuja-del-regadio-en-espana\/\"},{\"@type\":\"ListItem\",\"position\":3,\"name\":\"\u00bfCu\u00e1nto podremos regar en el futuro?\"}]},{\"@type\":\"WebSite\",\"@id\":\"https:\/\/es.greenpeace.org\/es\/#website\",\"url\":\"https:\/\/es.greenpeace.org\/es\/\",\"name\":\"Greenpeace Espa\u00f1a\",\"description\":\"\",\"publisher\":{\"@id\":\"https:\/\/es.greenpeace.org\/es\/#organization\"},\"potentialAction\":[{\"@type\":\"SearchAction\",\"target\":{\"@type\":\"EntryPoint\",\"urlTemplate\":\"https:\/\/es.greenpeace.org\/es\/?s={search_term_string}\"},\"query-input\":{\"@type\":\"PropertyValueSpecification\",\"valueRequired\":true,\"valueName\":\"search_term_string\"}}],\"inLanguage\":\"es\"},{\"@type\":\"Organization\",\"@id\":\"https:\/\/es.greenpeace.org\/es\/#organization\",\"name\":\"Greenpeace Espa\u00f1a\",\"alternateName\":\"Greenpeace\",\"url\":\"https:\/\/es.greenpeace.org\/es\/\",\"logo\":{\"@type\":\"ImageObject\",\"inLanguage\":\"es\",\"@id\":\"https:\/\/es.greenpeace.org\/es\/#\/schema\/logo\/image\/\",\"url\":\"https:\/\/es.greenpeace.org\/es\/wp-content\/uploads\/sites\/3\/2024\/07\/greenpeace-logo-verde.svg\",\"contentUrl\":\"https:\/\/es.greenpeace.org\/es\/wp-content\/uploads\/sites\/3\/2024\/07\/greenpeace-logo-verde.svg\",\"width\":1,\"height\":1,\"caption\":\"Greenpeace Espa\u00f1a\"},\"image\":{\"@id\":\"https:\/\/es.greenpeace.org\/es\/#\/schema\/logo\/image\/\"},\"sameAs\":[\"https:\/\/www.facebook.com\/greenpeace.spain\",\"https:\/\/x.com\/greenpeace_esp\",\"https:\/\/www.instagram.com\/greenpeace_esp\/\"]}]}<\/script>\n<!-- \/ Yoast SEO plugin. -->","yoast_head_json":{"title":"\u00bfCu\u00e1nto podremos regar en el futuro? | Greenpeace Espa\u00f1a","description":"De aqu\u00ed al 2040, tendremos entre un 4,04% y un 6,88% menos de agua. Sin embargo, hasta el 2022, Espa\u00f1a no ha dejado de aumentar sus regad\u00edos.","robots":{"index":"index","follow":"follow","max-snippet":"max-snippet:-1","max-image-preview":"max-image-preview:large","max-video-preview":"max-video-preview:-1"},"canonical":"https:\/\/es.greenpeace.org\/es\/en-profundidad\/la-burbuja-del-regadio-en-espana\/cuanto-podremos-regar-en-el-futuro\/","og_locale":"es_ES","og_type":"article","og_title":"\u00bfCu\u00e1nto podremos regar en el futuro? | Greenpeace Espa\u00f1a","og_description":"De aqu\u00ed al 2040, tendremos entre un 4,04% y un 6,88% menos de agua. Sin embargo, hasta el 2022, Espa\u00f1a no ha dejado de aumentar sus regad\u00edos.","og_url":"https:\/\/es.greenpeace.org\/es\/en-profundidad\/la-burbuja-del-regadio-en-espana\/cuanto-podremos-regar-en-el-futuro\/","og_site_name":"ES | Greenpeace Espa\u00f1a","article_publisher":"https:\/\/www.facebook.com\/greenpeace.spain","article_modified_time":"2024-09-30T08:39:39+00:00","og_image":[{"width":1280,"height":853,"url":"https:\/\/es.greenpeace.org\/es\/wp-content\/uploads\/sites\/3\/2024\/09\/Burbuja_Regadio_por.jpg","type":"image\/jpeg"}],"twitter_card":"summary_large_image","twitter_site":"@greenpeace_esp","twitter_misc":{"Tiempo de lectura":"5 minutos"},"schema":{"@context":"https:\/\/schema.org","@graph":[{"@type":"WebPage","@id":"https:\/\/es.greenpeace.org\/es\/en-profundidad\/la-burbuja-del-regadio-en-espana\/cuanto-podremos-regar-en-el-futuro\/","url":"https:\/\/es.greenpeace.org\/es\/en-profundidad\/la-burbuja-del-regadio-en-espana\/cuanto-podremos-regar-en-el-futuro\/","name":"\u00bfCu\u00e1nto podremos regar en el futuro? | Greenpeace Espa\u00f1a","isPartOf":{"@id":"https:\/\/es.greenpeace.org\/es\/#website"},"primaryImageOfPage":{"@id":"https:\/\/es.greenpeace.org\/es\/en-profundidad\/la-burbuja-del-regadio-en-espana\/cuanto-podremos-regar-en-el-futuro\/#primaryimage"},"image":{"@id":"https:\/\/es.greenpeace.org\/es\/en-profundidad\/la-burbuja-del-regadio-en-espana\/cuanto-podremos-regar-en-el-futuro\/#primaryimage"},"thumbnailUrl":"https:\/\/es.greenpeace.org\/es\/wp-content\/uploads\/sites\/3\/2024\/09\/Burbuja_Regadio_por.jpg","datePublished":"2024-09-30T08:39:38+00:00","dateModified":"2024-09-30T08:39:39+00:00","description":"De aqu\u00ed al 2040, tendremos entre un 4,04% y un 6,88% menos de agua. Sin embargo, hasta el 2022, Espa\u00f1a no ha dejado de aumentar sus regad\u00edos.","breadcrumb":{"@id":"https:\/\/es.greenpeace.org\/es\/en-profundidad\/la-burbuja-del-regadio-en-espana\/cuanto-podremos-regar-en-el-futuro\/#breadcrumb"},"inLanguage":"es","potentialAction":[{"@type":"ReadAction","target":["https:\/\/es.greenpeace.org\/es\/en-profundidad\/la-burbuja-del-regadio-en-espana\/cuanto-podremos-regar-en-el-futuro\/"]}]},{"@type":"ImageObject","inLanguage":"es","@id":"https:\/\/es.greenpeace.org\/es\/en-profundidad\/la-burbuja-del-regadio-en-espana\/cuanto-podremos-regar-en-el-futuro\/#primaryimage","url":"https:\/\/es.greenpeace.org\/es\/wp-content\/uploads\/sites\/3\/2024\/09\/Burbuja_Regadio_por.jpg","contentUrl":"https:\/\/es.greenpeace.org\/es\/wp-content\/uploads\/sites\/3\/2024\/09\/Burbuja_Regadio_por.jpg","width":1280,"height":853,"caption":"Burbuja regadios"},{"@type":"BreadcrumbList","@id":"https:\/\/es.greenpeace.org\/es\/en-profundidad\/la-burbuja-del-regadio-en-espana\/cuanto-podremos-regar-en-el-futuro\/#breadcrumb","itemListElement":[{"@type":"ListItem","position":1,"name":"Home","item":"https:\/\/es.greenpeace.org\/es\/"},{"@type":"ListItem","position":2,"name":"La burbuja del regad\u00edo en Espa\u00f1a","item":"https:\/\/es.greenpeace.org\/es\/en-profundidad\/la-burbuja-del-regadio-en-espana\/"},{"@type":"ListItem","position":3,"name":"\u00bfCu\u00e1nto podremos regar en el futuro?"}]},{"@type":"WebSite","@id":"https:\/\/es.greenpeace.org\/es\/#website","url":"https:\/\/es.greenpeace.org\/es\/","name":"Greenpeace Espa\u00f1a","description":"","publisher":{"@id":"https:\/\/es.greenpeace.org\/es\/#organization"},"potentialAction":[{"@type":"SearchAction","target":{"@type":"EntryPoint","urlTemplate":"https:\/\/es.greenpeace.org\/es\/?s={search_term_string}"},"query-input":{"@type":"PropertyValueSpecification","valueRequired":true,"valueName":"search_term_string"}}],"inLanguage":"es"},{"@type":"Organization","@id":"https:\/\/es.greenpeace.org\/es\/#organization","name":"Greenpeace Espa\u00f1a","alternateName":"Greenpeace","url":"https:\/\/es.greenpeace.org\/es\/","logo":{"@type":"ImageObject","inLanguage":"es","@id":"https:\/\/es.greenpeace.org\/es\/#\/schema\/logo\/image\/","url":"https:\/\/es.greenpeace.org\/es\/wp-content\/uploads\/sites\/3\/2024\/07\/greenpeace-logo-verde.svg","contentUrl":"https:\/\/es.greenpeace.org\/es\/wp-content\/uploads\/sites\/3\/2024\/07\/greenpeace-logo-verde.svg","width":1,"height":1,"caption":"Greenpeace Espa\u00f1a"},"image":{"@id":"https:\/\/es.greenpeace.org\/es\/#\/schema\/logo\/image\/"},"sameAs":["https:\/\/www.facebook.com\/greenpeace.spain","https:\/\/x.com\/greenpeace_esp","https:\/\/www.instagram.com\/greenpeace_esp\/"]}]}},"_links":{"self":[{"href":"https:\/\/es.greenpeace.org\/es\/wp-json\/wp\/v2\/post_profundidad\/60836","targetHints":{"allow":["GET"]}}],"collection":[{"href":"https:\/\/es.greenpeace.org\/es\/wp-json\/wp\/v2\/post_profundidad"}],"about":[{"href":"https:\/\/es.greenpeace.org\/es\/wp-json\/wp\/v2\/types\/post_profundidad"}],"author":[{"embeddable":true,"href":"https:\/\/es.greenpeace.org\/es\/wp-json\/wp\/v2\/users\/100"}],"version-history":[{"count":10,"href":"https:\/\/es.greenpeace.org\/es\/wp-json\/wp\/v2\/post_profundidad\/60836\/revisions"}],"predecessor-version":[{"id":60978,"href":"https:\/\/es.greenpeace.org\/es\/wp-json\/wp\/v2\/post_profundidad\/60836\/revisions\/60978"}],"up":[{"embeddable":true,"href":"https:\/\/es.greenpeace.org\/es\/wp-json\/wp\/v2\/post_profundidad\/51095"}],"wp:featuredmedia":[{"embeddable":true,"href":"https:\/\/es.greenpeace.org\/es\/wp-json\/wp\/v2\/media\/60872"}],"wp:attachment":[{"href":"https:\/\/es.greenpeace.org\/es\/wp-json\/wp\/v2\/media?parent=60836"}],"wp:term":[{"taxonomy":"category","embeddable":true,"href":"https:\/\/es.greenpeace.org\/es\/wp-json\/wp\/v2\/categories?post=60836"},{"taxonomy":"post_tag","embeddable":true,"href":"https:\/\/es.greenpeace.org\/es\/wp-json\/wp\/v2\/tags?post=60836"}],"curies":[{"name":"wp","href":"https:\/\/api.w.org\/{rel}","templated":true}]}}