{"id":61117,"date":"2024-10-16T08:46:21","date_gmt":"2024-10-16T06:46:21","guid":{"rendered":"https:\/\/es.greenpeace.org\/es\/?post_type=post_profundidad&#038;p=61117"},"modified":"2024-10-17T10:34:09","modified_gmt":"2024-10-17T08:34:09","slug":"el-poder-corporativo-una-fuerza-omnipresente","status":"publish","type":"post_profundidad","link":"https:\/\/es.greenpeace.org\/es\/en-profundidad\/destroyers-planeta-cumbres-clima-biodiversidad\/el-poder-corporativo-una-fuerza-omnipresente\/","title":{"rendered":"El poder corporativo: una fuerza omnipresente"},"content":{"rendered":"\n<h6 class=\"wp-block-heading\">\u00bfQui\u00e9n es ese poder en Espa\u00f1a?<\/h6>\n\n\n\n<p>En Espa\u00f1a, <strong>el poder corporativo se concentra <\/strong>mayoritariamente en el<strong> IBEX 35<\/strong>, que es el \u00edndice burs\u00e1til m\u00e1s importante del pa\u00eds. Son un reducido grupo de 35 grandes compa\u00f1\u00edas de todos los sectores econ\u00f3micos y entre las que destacan: Repsol, Naturgy, Iberdrola, CaixaBank, Banco Santander, BBVA, Mapfre, Inditex, Ferrovial, Telef\u00f3nica, etc. Son un s\u00edmbolo del poder econ\u00f3mico en Espa\u00f1a y marcan la discusi\u00f3n financiera y pol\u00edtica del pa\u00eds, pero tambi\u00e9n la vida diaria de millones de personas.<\/p>\n\n\n\n<p>La <strong>huella clim\u00e1tica<\/strong> de estas corporaciones es <strong>enorme<\/strong>, equivale a <strong>2,6 veces las emisiones globales de Espa\u00f1a<\/strong>. Adem\u00e1s, su <strong>poder econ\u00f3mico tambi\u00e9n es inmenso,<\/strong> alcanzando ganancias similares al gasto que tiene Espa\u00f1a en educaci\u00f3n.<\/p>\n\n\n\n<div class=\"row py-1\">\n<div class=\"col-md-6 text-center content py-4 d-flex flex-column\">\n\n<span class=\"custom-3 d-block mb-auto\">En 2023, <\/span>\n<div class=\"d-block d-flex flex-column py-2\" style=\"flex: 1;\"><span class=\"number-3 m-auto\">721 Mt CO2 <\/span> de emisiones globales declaradas por el IBEX 35<\/div>\n\n<\/div>\n<div class=\"col-md-6 text-center content py-4 d-flex flex-column\">\n\n<span class=\"custom-3 d-block mb-auto\">En 2023, beneficios r\u00e9cord de<\/span>\n<div class=\"d-block d-flex flex-column py-2\" style=\"flex: 1;\"><span class=\"number-3 m-auto\">51.120 M Euro<\/span>\npara las empresas del IBEX 35<\/div>\n\n<\/div>\n<\/div>\n\n\n\n<p>Estas corporaciones llevan d\u00e9cadas marcando la agenda pol\u00edtica de Espa\u00f1a y <strong>pretenden controlar<\/strong> tambi\u00e9n el proceso<strong> <\/strong>de<strong> transici\u00f3n ecol\u00f3gica<\/strong>. Para lograrlo, utilizan sus contactos y su influencia en todos los poderes del estado: el Ejecutivo, el Legislativo y el Judicial.<\/p>\n\n\n\n<p>Estas multinacionales, para consolidar su poder y sus beneficios econ\u00f3micos, imponen su voluntad a trav\u00e9s de pr\u00e1cticas desleales, como estas:<\/p>\n\n\n\n<div style=\"height:20px\" aria-hidden=\"true\" class=\"wp-block-spacer\"><\/div>\n\n\n\n<h5 class=\"wp-block-heading\">Puertas giratorias<\/h5>\n\n\n\n<p>\u00bfTe suena Felipe Gonz\u00e1lez trabajando para Gas Natural o Jos\u00e9 Mar\u00eda Aznar para Endesa? Cuando <strong>un alto funcionario p\u00fablico pasa <\/strong>a trabajar en<strong> una empresa privada <\/strong>y utiliza su experiencia para favorecer a esa empresa en detrimento del inter\u00e9s general, surge un <strong>conflicto de intereses<\/strong> entre los sectores p\u00fablico y privado.<\/p>\n\n\n\n<h5 class=\"wp-block-heading\">Lobby<\/h5>\n\n\n\n<p>Los lobbies son <strong>grupos<\/strong> organizados <strong>para presionar a los poderes p\u00fablicos <\/strong>a favor de intereses particulares. En Espa\u00f1a, adem\u00e1s del lobby directo, existen poderosas <a href=\"https:\/\/elpais.com\/politica\/2018\/04\/13\/actualidad\/1523634104_960623.html\">organizaciones empresariales que hacen lobby sectorial<\/a>: AEB (banca), ANFAC (automoci\u00f3n), UNESA (compa\u00f1\u00edas el\u00e9ctricas), Sedigas (sector del gas) o FEHR (hosteler\u00eda). Aunque su existencia es legal, siempre que no incurran en actividades ilegales como el chantaje o el soborno, su <strong>alto nivel de acceso pol\u00edtico<\/strong> les permite conseguir muchos de sus intereses.<\/p>\n\n\n\n<h5 class=\"wp-block-heading\">Cartel<\/h5>\n\n\n\n<p>As\u00ed como los capos del crimen se al\u00edan para controlar actividades il\u00edcitas, las corporaciones a menudo llegan a <strong>acuerdos<\/strong> <strong>para dominar el mercado <\/strong>y maximizar sus beneficios, <strong>en perjuicio de los consumidores<\/strong>. Por ello, las consecuencias para estos consumidores ser\u00edan las mismas que las que enfrentar\u00edan con un monopolio.<\/p>\n\n\n\n<p><strong>Para ilustrar este poder corporativo<\/strong>, <strong>nos centraremos en dos corporaciones <\/strong>l\u00edderes en su sector y ya denunciadas por Greenpeace: la petrolera<strong> Repsol y el Banco Santander<\/strong>.<\/p>\n\n\n\n<p><\/p>\n","protected":false},"author":100,"featured_media":61428,"parent":61114,"menu_order":1,"template":"","meta":{"_acf_changed":false,"footnotes":""},"categories":[35],"tags":[881,789,937],"class_list":["post-61117","post_profundidad","type-post_profundidad","status-publish","has-post-thumbnail","hentry","category-cambio-climatico","tag-combustible-fosil","tag-corporaciones","tag-crisis-climatica"],"acf":[],"yoast_head":"<!-- This site is optimized with the Yoast SEO plugin v27.1.1 - https:\/\/yoast.com\/product\/yoast-seo-wordpress\/ -->\n<title>El poder corporativo: fuerza omnipresente | Greenpeace Espa\u00f1a<\/title>\n<meta name=\"description\" content=\"La huella clim\u00e1tica de estas corporaciones es enorme, equivale a 2,6 veces las emisiones globales de Espa\u00f1a.\" \/>\n<meta name=\"robots\" content=\"index, follow, max-snippet:-1, max-image-preview:large, max-video-preview:-1\" \/>\n<link rel=\"canonical\" href=\"https:\/\/es.greenpeace.org\/es\/en-profundidad\/destroyers-planeta-cumbres-clima-biodiversidad\/el-poder-corporativo-una-fuerza-omnipresente\/\" \/>\n<meta property=\"og:locale\" content=\"es_ES\" \/>\n<meta property=\"og:type\" content=\"article\" \/>\n<meta property=\"og:title\" content=\"El poder corporativo: fuerza omnipresente | Greenpeace Espa\u00f1a\" \/>\n<meta property=\"og:description\" content=\"La huella clim\u00e1tica de estas corporaciones es enorme, equivale a 2,6 veces las emisiones globales de Espa\u00f1a.\" \/>\n<meta property=\"og:url\" content=\"https:\/\/es.greenpeace.org\/es\/en-profundidad\/destroyers-planeta-cumbres-clima-biodiversidad\/el-poder-corporativo-una-fuerza-omnipresente\/\" \/>\n<meta property=\"og:site_name\" content=\"ES | Greenpeace Espa\u00f1a\" \/>\n<meta property=\"article:publisher\" content=\"https:\/\/www.facebook.com\/greenpeace.spain\" \/>\n<meta property=\"article:modified_time\" content=\"2024-10-17T08:34:09+00:00\" \/>\n<meta property=\"og:image\" content=\"https:\/\/es.greenpeace.org\/es\/wp-content\/uploads\/sites\/3\/2024\/10\/Destroyers_portada.EP_.jpg\" \/>\n\t<meta property=\"og:image:width\" content=\"1200\" \/>\n\t<meta property=\"og:image:height\" content=\"800\" \/>\n\t<meta property=\"og:image:type\" content=\"image\/jpeg\" \/>\n<meta name=\"twitter:card\" content=\"summary_large_image\" \/>\n<meta name=\"twitter:site\" content=\"@greenpeace_esp\" \/>\n<meta name=\"twitter:label1\" content=\"Tiempo de lectura\" \/>\n\t<meta name=\"twitter:data1\" content=\"3 minutos\" \/>\n<script type=\"application\/ld+json\" class=\"yoast-schema-graph\">{\"@context\":\"https:\/\/schema.org\",\"@graph\":[{\"@type\":\"WebPage\",\"@id\":\"https:\/\/es.greenpeace.org\/es\/en-profundidad\/destroyers-planeta-cumbres-clima-biodiversidad\/el-poder-corporativo-una-fuerza-omnipresente\/\",\"url\":\"https:\/\/es.greenpeace.org\/es\/en-profundidad\/destroyers-planeta-cumbres-clima-biodiversidad\/el-poder-corporativo-una-fuerza-omnipresente\/\",\"name\":\"El poder corporativo: fuerza omnipresente | Greenpeace Espa\u00f1a\",\"isPartOf\":{\"@id\":\"https:\/\/es.greenpeace.org\/es\/#website\"},\"primaryImageOfPage\":{\"@id\":\"https:\/\/es.greenpeace.org\/es\/en-profundidad\/destroyers-planeta-cumbres-clima-biodiversidad\/el-poder-corporativo-una-fuerza-omnipresente\/#primaryimage\"},\"image\":{\"@id\":\"https:\/\/es.greenpeace.org\/es\/en-profundidad\/destroyers-planeta-cumbres-clima-biodiversidad\/el-poder-corporativo-una-fuerza-omnipresente\/#primaryimage\"},\"thumbnailUrl\":\"https:\/\/es.greenpeace.org\/es\/wp-content\/uploads\/sites\/3\/2024\/10\/Destroyers_portada.EP_.jpg\",\"datePublished\":\"2024-10-16T06:46:21+00:00\",\"dateModified\":\"2024-10-17T08:34:09+00:00\",\"description\":\"La huella clim\u00e1tica de estas corporaciones es enorme, equivale a 2,6 veces las emisiones globales de Espa\u00f1a.\",\"breadcrumb\":{\"@id\":\"https:\/\/es.greenpeace.org\/es\/en-profundidad\/destroyers-planeta-cumbres-clima-biodiversidad\/el-poder-corporativo-una-fuerza-omnipresente\/#breadcrumb\"},\"inLanguage\":\"es\",\"potentialAction\":[{\"@type\":\"ReadAction\",\"target\":[\"https:\/\/es.greenpeace.org\/es\/en-profundidad\/destroyers-planeta-cumbres-clima-biodiversidad\/el-poder-corporativo-una-fuerza-omnipresente\/\"]}]},{\"@type\":\"ImageObject\",\"inLanguage\":\"es\",\"@id\":\"https:\/\/es.greenpeace.org\/es\/en-profundidad\/destroyers-planeta-cumbres-clima-biodiversidad\/el-poder-corporativo-una-fuerza-omnipresente\/#primaryimage\",\"url\":\"https:\/\/es.greenpeace.org\/es\/wp-content\/uploads\/sites\/3\/2024\/10\/Destroyers_portada.EP_.jpg\",\"contentUrl\":\"https:\/\/es.greenpeace.org\/es\/wp-content\/uploads\/sites\/3\/2024\/10\/Destroyers_portada.EP_.jpg\",\"width\":1200,\"height\":800,\"caption\":\"Indigenous Territories in the Amazon are facing a devastating combination of extreme drought and forest fires, driven by the intensification of climate change and criminal activities from illegal mining and other exploitative actions. These events have severe impacts on the environment and local communities, especially in the Capoto-Jarina Indigenous Territory, located in the Upper Xingu region of Mato Grosso. In addition to the seriousness of the situation, there is a lack of effective public policies to mitigate and respond to these phenomena, leaving vulnerable populations even more exposed to the effects of the climate crisis. As Terras Ind\u00edgenas da Amaz\u00f4nia enfrentam uma combina\u00e7\u00e3o devastadora de seca extrema e inc\u00eandios florestais, resultado da intensifica\u00e7\u00e3o das mudan\u00e7as clim\u00e1ticas e de a\u00e7\u00f5es criminosas oriundas do garimpo ilegal e outras a\u00e7\u00f5es explorat\u00f3rias. Esses eventos trazem impactos graves para o meio ambiente e para as comunidades locais, especialmente da Terra Ind\u00edgena Capoto-Jarina, localizada no Alto Xingu, em Mato Grosso. Al\u00e9m da gravidade da situa\u00e7\u00e3o, faltam pol\u00edticas p\u00fablicas eficazes que possam mitigar e responder a esses fen\u00f4menos, deixando as popula\u00e7\u00f5es mais vulner\u00e1veis ainda mais expostas aos efeitos da crise clim\u00e1tica.\"},{\"@type\":\"BreadcrumbList\",\"@id\":\"https:\/\/es.greenpeace.org\/es\/en-profundidad\/destroyers-planeta-cumbres-clima-biodiversidad\/el-poder-corporativo-una-fuerza-omnipresente\/#breadcrumb\",\"itemListElement\":[{\"@type\":\"ListItem\",\"position\":1,\"name\":\"Home\",\"item\":\"https:\/\/es.greenpeace.org\/es\/\"},{\"@type\":\"ListItem\",\"position\":2,\"name\":\"Los destroyers del planeta y las cumbres de clima y biodiversidad\",\"item\":\"https:\/\/es.greenpeace.org\/es\/en-profundidad\/destroyers-planeta-cumbres-clima-biodiversidad\/\"},{\"@type\":\"ListItem\",\"position\":3,\"name\":\"El poder corporativo: una fuerza omnipresente\"}]},{\"@type\":\"WebSite\",\"@id\":\"https:\/\/es.greenpeace.org\/es\/#website\",\"url\":\"https:\/\/es.greenpeace.org\/es\/\",\"name\":\"Greenpeace Espa\u00f1a\",\"description\":\"\",\"publisher\":{\"@id\":\"https:\/\/es.greenpeace.org\/es\/#organization\"},\"potentialAction\":[{\"@type\":\"SearchAction\",\"target\":{\"@type\":\"EntryPoint\",\"urlTemplate\":\"https:\/\/es.greenpeace.org\/es\/?s={search_term_string}\"},\"query-input\":{\"@type\":\"PropertyValueSpecification\",\"valueRequired\":true,\"valueName\":\"search_term_string\"}}],\"inLanguage\":\"es\"},{\"@type\":\"Organization\",\"@id\":\"https:\/\/es.greenpeace.org\/es\/#organization\",\"name\":\"Greenpeace Espa\u00f1a\",\"alternateName\":\"Greenpeace\",\"url\":\"https:\/\/es.greenpeace.org\/es\/\",\"logo\":{\"@type\":\"ImageObject\",\"inLanguage\":\"es\",\"@id\":\"https:\/\/es.greenpeace.org\/es\/#\/schema\/logo\/image\/\",\"url\":\"https:\/\/es.greenpeace.org\/es\/wp-content\/uploads\/sites\/3\/2024\/07\/greenpeace-logo-verde.svg\",\"contentUrl\":\"https:\/\/es.greenpeace.org\/es\/wp-content\/uploads\/sites\/3\/2024\/07\/greenpeace-logo-verde.svg\",\"width\":1,\"height\":1,\"caption\":\"Greenpeace Espa\u00f1a\"},\"image\":{\"@id\":\"https:\/\/es.greenpeace.org\/es\/#\/schema\/logo\/image\/\"},\"sameAs\":[\"https:\/\/www.facebook.com\/greenpeace.spain\",\"https:\/\/x.com\/greenpeace_esp\",\"https:\/\/www.instagram.com\/greenpeace_esp\/\"]}]}<\/script>\n<!-- \/ Yoast SEO plugin. -->","yoast_head_json":{"title":"El poder corporativo: fuerza omnipresente | Greenpeace Espa\u00f1a","description":"La huella clim\u00e1tica de estas corporaciones es enorme, equivale a 2,6 veces las emisiones globales de Espa\u00f1a.","robots":{"index":"index","follow":"follow","max-snippet":"max-snippet:-1","max-image-preview":"max-image-preview:large","max-video-preview":"max-video-preview:-1"},"canonical":"https:\/\/es.greenpeace.org\/es\/en-profundidad\/destroyers-planeta-cumbres-clima-biodiversidad\/el-poder-corporativo-una-fuerza-omnipresente\/","og_locale":"es_ES","og_type":"article","og_title":"El poder corporativo: fuerza omnipresente | Greenpeace Espa\u00f1a","og_description":"La huella clim\u00e1tica de estas corporaciones es enorme, equivale a 2,6 veces las emisiones globales de Espa\u00f1a.","og_url":"https:\/\/es.greenpeace.org\/es\/en-profundidad\/destroyers-planeta-cumbres-clima-biodiversidad\/el-poder-corporativo-una-fuerza-omnipresente\/","og_site_name":"ES | Greenpeace Espa\u00f1a","article_publisher":"https:\/\/www.facebook.com\/greenpeace.spain","article_modified_time":"2024-10-17T08:34:09+00:00","og_image":[{"width":1200,"height":800,"url":"https:\/\/es.greenpeace.org\/es\/wp-content\/uploads\/sites\/3\/2024\/10\/Destroyers_portada.EP_.jpg","type":"image\/jpeg"}],"twitter_card":"summary_large_image","twitter_site":"@greenpeace_esp","twitter_misc":{"Tiempo de lectura":"3 minutos"},"schema":{"@context":"https:\/\/schema.org","@graph":[{"@type":"WebPage","@id":"https:\/\/es.greenpeace.org\/es\/en-profundidad\/destroyers-planeta-cumbres-clima-biodiversidad\/el-poder-corporativo-una-fuerza-omnipresente\/","url":"https:\/\/es.greenpeace.org\/es\/en-profundidad\/destroyers-planeta-cumbres-clima-biodiversidad\/el-poder-corporativo-una-fuerza-omnipresente\/","name":"El poder corporativo: fuerza omnipresente | Greenpeace Espa\u00f1a","isPartOf":{"@id":"https:\/\/es.greenpeace.org\/es\/#website"},"primaryImageOfPage":{"@id":"https:\/\/es.greenpeace.org\/es\/en-profundidad\/destroyers-planeta-cumbres-clima-biodiversidad\/el-poder-corporativo-una-fuerza-omnipresente\/#primaryimage"},"image":{"@id":"https:\/\/es.greenpeace.org\/es\/en-profundidad\/destroyers-planeta-cumbres-clima-biodiversidad\/el-poder-corporativo-una-fuerza-omnipresente\/#primaryimage"},"thumbnailUrl":"https:\/\/es.greenpeace.org\/es\/wp-content\/uploads\/sites\/3\/2024\/10\/Destroyers_portada.EP_.jpg","datePublished":"2024-10-16T06:46:21+00:00","dateModified":"2024-10-17T08:34:09+00:00","description":"La huella clim\u00e1tica de estas corporaciones es enorme, equivale a 2,6 veces las emisiones globales de Espa\u00f1a.","breadcrumb":{"@id":"https:\/\/es.greenpeace.org\/es\/en-profundidad\/destroyers-planeta-cumbres-clima-biodiversidad\/el-poder-corporativo-una-fuerza-omnipresente\/#breadcrumb"},"inLanguage":"es","potentialAction":[{"@type":"ReadAction","target":["https:\/\/es.greenpeace.org\/es\/en-profundidad\/destroyers-planeta-cumbres-clima-biodiversidad\/el-poder-corporativo-una-fuerza-omnipresente\/"]}]},{"@type":"ImageObject","inLanguage":"es","@id":"https:\/\/es.greenpeace.org\/es\/en-profundidad\/destroyers-planeta-cumbres-clima-biodiversidad\/el-poder-corporativo-una-fuerza-omnipresente\/#primaryimage","url":"https:\/\/es.greenpeace.org\/es\/wp-content\/uploads\/sites\/3\/2024\/10\/Destroyers_portada.EP_.jpg","contentUrl":"https:\/\/es.greenpeace.org\/es\/wp-content\/uploads\/sites\/3\/2024\/10\/Destroyers_portada.EP_.jpg","width":1200,"height":800,"caption":"Indigenous Territories in the Amazon are facing a devastating combination of extreme drought and forest fires, driven by the intensification of climate change and criminal activities from illegal mining and other exploitative actions. These events have severe impacts on the environment and local communities, especially in the Capoto-Jarina Indigenous Territory, located in the Upper Xingu region of Mato Grosso. In addition to the seriousness of the situation, there is a lack of effective public policies to mitigate and respond to these phenomena, leaving vulnerable populations even more exposed to the effects of the climate crisis. As Terras Ind\u00edgenas da Amaz\u00f4nia enfrentam uma combina\u00e7\u00e3o devastadora de seca extrema e inc\u00eandios florestais, resultado da intensifica\u00e7\u00e3o das mudan\u00e7as clim\u00e1ticas e de a\u00e7\u00f5es criminosas oriundas do garimpo ilegal e outras a\u00e7\u00f5es explorat\u00f3rias. Esses eventos trazem impactos graves para o meio ambiente e para as comunidades locais, especialmente da Terra Ind\u00edgena Capoto-Jarina, localizada no Alto Xingu, em Mato Grosso. Al\u00e9m da gravidade da situa\u00e7\u00e3o, faltam pol\u00edticas p\u00fablicas eficazes que possam mitigar e responder a esses fen\u00f4menos, deixando as popula\u00e7\u00f5es mais vulner\u00e1veis ainda mais expostas aos efeitos da crise clim\u00e1tica."},{"@type":"BreadcrumbList","@id":"https:\/\/es.greenpeace.org\/es\/en-profundidad\/destroyers-planeta-cumbres-clima-biodiversidad\/el-poder-corporativo-una-fuerza-omnipresente\/#breadcrumb","itemListElement":[{"@type":"ListItem","position":1,"name":"Home","item":"https:\/\/es.greenpeace.org\/es\/"},{"@type":"ListItem","position":2,"name":"Los destroyers del planeta y las cumbres de clima y biodiversidad","item":"https:\/\/es.greenpeace.org\/es\/en-profundidad\/destroyers-planeta-cumbres-clima-biodiversidad\/"},{"@type":"ListItem","position":3,"name":"El poder corporativo: una fuerza omnipresente"}]},{"@type":"WebSite","@id":"https:\/\/es.greenpeace.org\/es\/#website","url":"https:\/\/es.greenpeace.org\/es\/","name":"Greenpeace Espa\u00f1a","description":"","publisher":{"@id":"https:\/\/es.greenpeace.org\/es\/#organization"},"potentialAction":[{"@type":"SearchAction","target":{"@type":"EntryPoint","urlTemplate":"https:\/\/es.greenpeace.org\/es\/?s={search_term_string}"},"query-input":{"@type":"PropertyValueSpecification","valueRequired":true,"valueName":"search_term_string"}}],"inLanguage":"es"},{"@type":"Organization","@id":"https:\/\/es.greenpeace.org\/es\/#organization","name":"Greenpeace Espa\u00f1a","alternateName":"Greenpeace","url":"https:\/\/es.greenpeace.org\/es\/","logo":{"@type":"ImageObject","inLanguage":"es","@id":"https:\/\/es.greenpeace.org\/es\/#\/schema\/logo\/image\/","url":"https:\/\/es.greenpeace.org\/es\/wp-content\/uploads\/sites\/3\/2024\/07\/greenpeace-logo-verde.svg","contentUrl":"https:\/\/es.greenpeace.org\/es\/wp-content\/uploads\/sites\/3\/2024\/07\/greenpeace-logo-verde.svg","width":1,"height":1,"caption":"Greenpeace Espa\u00f1a"},"image":{"@id":"https:\/\/es.greenpeace.org\/es\/#\/schema\/logo\/image\/"},"sameAs":["https:\/\/www.facebook.com\/greenpeace.spain","https:\/\/x.com\/greenpeace_esp","https:\/\/www.instagram.com\/greenpeace_esp\/"]}]}},"_links":{"self":[{"href":"https:\/\/es.greenpeace.org\/es\/wp-json\/wp\/v2\/post_profundidad\/61117","targetHints":{"allow":["GET"]}}],"collection":[{"href":"https:\/\/es.greenpeace.org\/es\/wp-json\/wp\/v2\/post_profundidad"}],"about":[{"href":"https:\/\/es.greenpeace.org\/es\/wp-json\/wp\/v2\/types\/post_profundidad"}],"author":[{"embeddable":true,"href":"https:\/\/es.greenpeace.org\/es\/wp-json\/wp\/v2\/users\/100"}],"version-history":[{"count":8,"href":"https:\/\/es.greenpeace.org\/es\/wp-json\/wp\/v2\/post_profundidad\/61117\/revisions"}],"predecessor-version":[{"id":61528,"href":"https:\/\/es.greenpeace.org\/es\/wp-json\/wp\/v2\/post_profundidad\/61117\/revisions\/61528"}],"up":[{"embeddable":true,"href":"https:\/\/es.greenpeace.org\/es\/wp-json\/wp\/v2\/post_profundidad\/61114"}],"wp:featuredmedia":[{"embeddable":true,"href":"https:\/\/es.greenpeace.org\/es\/wp-json\/wp\/v2\/media\/61428"}],"wp:attachment":[{"href":"https:\/\/es.greenpeace.org\/es\/wp-json\/wp\/v2\/media?parent=61117"}],"wp:term":[{"taxonomy":"category","embeddable":true,"href":"https:\/\/es.greenpeace.org\/es\/wp-json\/wp\/v2\/categories?post=61117"},{"taxonomy":"post_tag","embeddable":true,"href":"https:\/\/es.greenpeace.org\/es\/wp-json\/wp\/v2\/tags?post=61117"}],"curies":[{"name":"wp","href":"https:\/\/api.w.org\/{rel}","templated":true}]}}