{"id":48,"name":"Elia Gonzalez","url":"","description":"Licenciada en Pedagog\u00eda Social por la Universidad Complutense de Madrid. Coordinadora de Movilizaci\u00f3n en Greenpeace Espa\u00f1a. Twitter: @eliaypunto","link":"https:\/\/es.greenpeace.org\/es\/noticias-autores\/eliagonzalez\/","slug":"eliagonzalez","avatar_urls":{"24":"https:\/\/secure.gravatar.com\/avatar\/da7550588e36d7df9c98c873672db5f4e7c9fd5bb5a5f3ba82bc688207077f62?s=24&d=mm&r=g","48":"https:\/\/secure.gravatar.com\/avatar\/da7550588e36d7df9c98c873672db5f4e7c9fd5bb5a5f3ba82bc688207077f62?s=48&d=mm&r=g","96":"https:\/\/secure.gravatar.com\/avatar\/da7550588e36d7df9c98c873672db5f4e7c9fd5bb5a5f3ba82bc688207077f62?s=96&d=mm&r=g"},"meta":[],"acf":[],"yoast_head":null,"yoast_head_json":null,"_links":{"self":[{"href":"https:\/\/es.greenpeace.org\/es\/wp-json\/wp\/v2\/users\/48","targetHints":{"allow":["GET"]}}],"collection":[{"href":"https:\/\/es.greenpeace.org\/es\/wp-json\/wp\/v2\/users"}]}}