{"id":78,"name":"Nacho Garcia","url":"","description":"Nacho Garc\u00eda Pedraza, Ecologista Social. Licenciado en matem\u00e1ticas. Especialista en procesos colectivos de transformaci\u00f3n y aprendizaje. Coordinador de la Escuela de Activismo de Greenpeace Espa\u00f1a y Novact.","link":"https:\/\/es.greenpeace.org\/es\/noticias-autores\/nachogarcia\/","slug":"nachogarcia","avatar_urls":{"24":"https:\/\/secure.gravatar.com\/avatar\/353309ce3e76bad997332851998524d665349a09c58180706f51a89bb3693f96?s=24&d=mm&r=g","48":"https:\/\/secure.gravatar.com\/avatar\/353309ce3e76bad997332851998524d665349a09c58180706f51a89bb3693f96?s=48&d=mm&r=g","96":"https:\/\/secure.gravatar.com\/avatar\/353309ce3e76bad997332851998524d665349a09c58180706f51a89bb3693f96?s=96&d=mm&r=g"},"meta":[],"acf":[],"yoast_head":null,"yoast_head_json":null,"_links":{"self":[{"href":"https:\/\/es.greenpeace.org\/es\/wp-json\/wp\/v2\/users\/78","targetHints":{"allow":["GET"]}}],"collection":[{"href":"https:\/\/es.greenpeace.org\/es\/wp-json\/wp\/v2\/users"}]}}