{"id":86,"name":"Pedro Zorrilla Miras","url":"","description":"Doctor en Ecolog\u00eda y Medio Ambiente y Licenciado en Ciencias Ambientales por la Universidad Aut\u00f3noma de Madrid. Responsable de la campa\u00f1a de Cambio Clim\u00e1tico de Greenpeace Espa\u00f1a. Bluesky: @pzorrillamiras.bsky.social","link":"https:\/\/es.greenpeace.org\/es\/noticias-autores\/pedrozorrillamiras\/","slug":"pedrozorrillamiras","avatar_urls":{"24":"https:\/\/secure.gravatar.com\/avatar\/b60db16d2773252375306f4fc1582919c8043b1cc414f9a615f24d0de9008f0f?s=24&d=mm&r=g","48":"https:\/\/secure.gravatar.com\/avatar\/b60db16d2773252375306f4fc1582919c8043b1cc414f9a615f24d0de9008f0f?s=48&d=mm&r=g","96":"https:\/\/secure.gravatar.com\/avatar\/b60db16d2773252375306f4fc1582919c8043b1cc414f9a615f24d0de9008f0f?s=96&d=mm&r=g"},"meta":[],"acf":[],"yoast_head":null,"yoast_head_json":null,"_links":{"self":[{"href":"https:\/\/es.greenpeace.org\/es\/wp-json\/wp\/v2\/users\/86","targetHints":{"allow":["GET"]}}],"collection":[{"href":"https:\/\/es.greenpeace.org\/es\/wp-json\/wp\/v2\/users"}]}}