{"id":5120,"date":"2022-01-17T14:10:42","date_gmt":"2022-01-17T12:10:42","guid":{"rendered":"https:\/\/es.greenpeace.org\/eu\/?post_type=post_faqs&#038;p=5120"},"modified":"2022-01-17T14:10:42","modified_gmt":"2022-01-17T12:10:42","slug":"trabaja-greenpeace-desde-la-perspectiva-de-genero","status":"publish","type":"post_faqs","link":"https:\/\/es.greenpeace.org\/eu\/preguntas-frecuentes\/trabaja-greenpeace-desde-la-perspectiva-de-genero\/","title":{"rendered":"\u00bfTrabaja Greenpeace desde la perspectiva de g\u00e9nero?"},"content":{"rendered":"<p>Adem\u00e1s de la transparencia o la independencia, entre los valores de Greenpeace se encuentra la igualdad de g\u00e9nero. Sin esos valores el mundo justo y en paz en el que creemos no ser\u00eda posible.<\/p>\n<p>Greenpeace apuesta por un ecologismo que integre la perspectiva de g\u00e9nero y que reconozca, por ejemplo, que son las mujeres quienes m\u00e1s sufren las consecuencias del cambio clim\u00e1tico y del acceso desigual a los recursos, y que es imprescindible reconocer su papel como agente de cambio.<\/p>\n<p>Desde 2014 Greenpeace Espa\u00f1a cuenta con un grupo de trabajo que eval\u00faa y se asegura que la perspectiva de g\u00e9nero est\u00e1 incluida en todas las pol\u00edticas de la organizaci\u00f3n.<\/p>\n<p>Puedes descargar <a href=\"https:\/\/es.greenpeace.org\/es\/wp-content\/uploads\/sites\/3\/2018\/04\/politica_genero-1.pdf\" target=\"_blank\" rel=\"noopener noreferrer\">aqu\u00ed<\/a> nuestra pol\u00edtica de g\u00e9nero. Versi\u00f3n en ingl\u00e9s <a href=\"\/es\/wp-content\/uploads\/sites\/3\/2020\/09\/politica_genero_EN.pdf\" target=\"_blank\" rel=\"noopener noreferrer\">aqui<\/a>.<\/p>\n","protected":false},"author":68,"featured_media":0,"parent":0,"template":"","meta":{"_acf_changed":false,"footnotes":""},"categories":[],"tags":[],"class_list":["post-5120","post_faqs","type-post_faqs","status-publish","hentry"],"acf":[],"yoast_head":"<!-- This site is optimized with the Yoast SEO plugin v27.1.1 - https:\/\/yoast.com\/product\/yoast-seo-wordpress\/ -->\n<title>\u00bfTrabaja Greenpeace desde la perspectiva de g\u00e9nero? - EU | Greenpeace Espa\u00f1a<\/title>\n<meta name=\"robots\" content=\"index, follow, max-snippet:-1, max-image-preview:large, max-video-preview:-1\" \/>\n<link rel=\"canonical\" href=\"https:\/\/es.greenpeace.org\/eu\/preguntas-frecuentes\/trabaja-greenpeace-desde-la-perspectiva-de-genero\/\" \/>\n<meta property=\"og:locale\" content=\"en_US\" \/>\n<meta property=\"og:type\" content=\"article\" \/>\n<meta property=\"og:title\" content=\"\u00bfTrabaja Greenpeace desde la perspectiva de g\u00e9nero? - EU | Greenpeace Espa\u00f1a\" \/>\n<meta property=\"og:description\" content=\"Adem\u00e1s de la transparencia o la independencia, entre los valores de Greenpeace se encuentra la igualdad de g\u00e9nero. Sin esos valores el mundo justo y en paz en el que creemos no ser\u00eda posible. Greenpeace apuesta por un ecologismo que integre la perspectiva de g\u00e9nero y que reconozca, por ejemplo, que son las mujeres quienes [&hellip;]\" \/>\n<meta property=\"og:url\" content=\"https:\/\/es.greenpeace.org\/eu\/preguntas-frecuentes\/trabaja-greenpeace-desde-la-perspectiva-de-genero\/\" \/>\n<meta property=\"og:site_name\" content=\"EU | Greenpeace Espa\u00f1a\" \/>\n<meta property=\"article:publisher\" content=\"https:\/\/www.facebook.com\/greenpeace.spain\" \/>\n<meta name=\"twitter:card\" content=\"summary_large_image\" \/>\n<meta name=\"twitter:site\" content=\"@greenpeace_esp\" \/>\n<meta name=\"twitter:label1\" content=\"Est. reading time\" \/>\n\t<meta name=\"twitter:data1\" content=\"1 minutua\" \/>\n<script type=\"application\/ld+json\" class=\"yoast-schema-graph\">{\"@context\":\"https:\/\/schema.org\",\"@graph\":[{\"@type\":\"WebPage\",\"@id\":\"https:\/\/es.greenpeace.org\/eu\/preguntas-frecuentes\/trabaja-greenpeace-desde-la-perspectiva-de-genero\/\",\"url\":\"https:\/\/es.greenpeace.org\/eu\/preguntas-frecuentes\/trabaja-greenpeace-desde-la-perspectiva-de-genero\/\",\"name\":\"\u00bfTrabaja Greenpeace desde la perspectiva de g\u00e9nero? - EU | Greenpeace Espa\u00f1a\",\"isPartOf\":{\"@id\":\"https:\/\/es.greenpeace.org\/eu\/#website\"},\"datePublished\":\"2022-01-17T12:10:42+00:00\",\"breadcrumb\":{\"@id\":\"https:\/\/es.greenpeace.org\/eu\/preguntas-frecuentes\/trabaja-greenpeace-desde-la-perspectiva-de-genero\/#breadcrumb\"},\"inLanguage\":\"eu\",\"potentialAction\":[{\"@type\":\"ReadAction\",\"target\":[\"https:\/\/es.greenpeace.org\/eu\/preguntas-frecuentes\/trabaja-greenpeace-desde-la-perspectiva-de-genero\/\"]}]},{\"@type\":\"BreadcrumbList\",\"@id\":\"https:\/\/es.greenpeace.org\/eu\/preguntas-frecuentes\/trabaja-greenpeace-desde-la-perspectiva-de-genero\/#breadcrumb\",\"itemListElement\":[{\"@type\":\"ListItem\",\"position\":1,\"name\":\"Home\",\"item\":\"https:\/\/es.greenpeace.org\/eu\/\"},{\"@type\":\"ListItem\",\"position\":2,\"name\":\"\u00bfTrabaja Greenpeace desde la perspectiva de g\u00e9nero?\"}]},{\"@type\":\"WebSite\",\"@id\":\"https:\/\/es.greenpeace.org\/eu\/#website\",\"url\":\"https:\/\/es.greenpeace.org\/eu\/\",\"name\":\"EU | Greenpeace Espa\u00f1a\",\"description\":\"\",\"publisher\":{\"@id\":\"https:\/\/es.greenpeace.org\/eu\/#organization\"},\"potentialAction\":[{\"@type\":\"SearchAction\",\"target\":{\"@type\":\"EntryPoint\",\"urlTemplate\":\"https:\/\/es.greenpeace.org\/eu\/?s={search_term_string}\"},\"query-input\":{\"@type\":\"PropertyValueSpecification\",\"valueRequired\":true,\"valueName\":\"search_term_string\"}}],\"inLanguage\":\"eu\"},{\"@type\":\"Organization\",\"@id\":\"https:\/\/es.greenpeace.org\/eu\/#organization\",\"name\":\"Greenpeace Espa\u00f1a\",\"alternateName\":\"Greenpeace\",\"url\":\"https:\/\/es.greenpeace.org\/eu\/\",\"logo\":{\"@type\":\"ImageObject\",\"inLanguage\":\"eu\",\"@id\":\"https:\/\/es.greenpeace.org\/eu\/#\/schema\/logo\/image\/\",\"url\":\"https:\/\/es.greenpeace.org\/eu\/wp-content\/uploads\/sites\/7\/2024\/07\/greenpeace-logo-verde.svg\",\"contentUrl\":\"https:\/\/es.greenpeace.org\/eu\/wp-content\/uploads\/sites\/7\/2024\/07\/greenpeace-logo-verde.svg\",\"width\":1,\"height\":1,\"caption\":\"Greenpeace Espa\u00f1a\"},\"image\":{\"@id\":\"https:\/\/es.greenpeace.org\/eu\/#\/schema\/logo\/image\/\"},\"sameAs\":[\"https:\/\/www.facebook.com\/greenpeace.spain\",\"https:\/\/x.com\/greenpeace_esp\",\"https:\/\/www.instagram.com\/greenpeace_esp\/\"]}]}<\/script>\n<!-- \/ Yoast SEO plugin. -->","yoast_head_json":{"title":"\u00bfTrabaja Greenpeace desde la perspectiva de g\u00e9nero? - EU | Greenpeace Espa\u00f1a","robots":{"index":"index","follow":"follow","max-snippet":"max-snippet:-1","max-image-preview":"max-image-preview:large","max-video-preview":"max-video-preview:-1"},"canonical":"https:\/\/es.greenpeace.org\/eu\/preguntas-frecuentes\/trabaja-greenpeace-desde-la-perspectiva-de-genero\/","og_locale":"en_US","og_type":"article","og_title":"\u00bfTrabaja Greenpeace desde la perspectiva de g\u00e9nero? - EU | Greenpeace Espa\u00f1a","og_description":"Adem\u00e1s de la transparencia o la independencia, entre los valores de Greenpeace se encuentra la igualdad de g\u00e9nero. Sin esos valores el mundo justo y en paz en el que creemos no ser\u00eda posible. Greenpeace apuesta por un ecologismo que integre la perspectiva de g\u00e9nero y que reconozca, por ejemplo, que son las mujeres quienes [&hellip;]","og_url":"https:\/\/es.greenpeace.org\/eu\/preguntas-frecuentes\/trabaja-greenpeace-desde-la-perspectiva-de-genero\/","og_site_name":"EU | Greenpeace Espa\u00f1a","article_publisher":"https:\/\/www.facebook.com\/greenpeace.spain","twitter_card":"summary_large_image","twitter_site":"@greenpeace_esp","twitter_misc":{"Est. reading time":"1 minutua"},"schema":{"@context":"https:\/\/schema.org","@graph":[{"@type":"WebPage","@id":"https:\/\/es.greenpeace.org\/eu\/preguntas-frecuentes\/trabaja-greenpeace-desde-la-perspectiva-de-genero\/","url":"https:\/\/es.greenpeace.org\/eu\/preguntas-frecuentes\/trabaja-greenpeace-desde-la-perspectiva-de-genero\/","name":"\u00bfTrabaja Greenpeace desde la perspectiva de g\u00e9nero? - EU | Greenpeace Espa\u00f1a","isPartOf":{"@id":"https:\/\/es.greenpeace.org\/eu\/#website"},"datePublished":"2022-01-17T12:10:42+00:00","breadcrumb":{"@id":"https:\/\/es.greenpeace.org\/eu\/preguntas-frecuentes\/trabaja-greenpeace-desde-la-perspectiva-de-genero\/#breadcrumb"},"inLanguage":"eu","potentialAction":[{"@type":"ReadAction","target":["https:\/\/es.greenpeace.org\/eu\/preguntas-frecuentes\/trabaja-greenpeace-desde-la-perspectiva-de-genero\/"]}]},{"@type":"BreadcrumbList","@id":"https:\/\/es.greenpeace.org\/eu\/preguntas-frecuentes\/trabaja-greenpeace-desde-la-perspectiva-de-genero\/#breadcrumb","itemListElement":[{"@type":"ListItem","position":1,"name":"Home","item":"https:\/\/es.greenpeace.org\/eu\/"},{"@type":"ListItem","position":2,"name":"\u00bfTrabaja Greenpeace desde la perspectiva de g\u00e9nero?"}]},{"@type":"WebSite","@id":"https:\/\/es.greenpeace.org\/eu\/#website","url":"https:\/\/es.greenpeace.org\/eu\/","name":"EU | Greenpeace Espa\u00f1a","description":"","publisher":{"@id":"https:\/\/es.greenpeace.org\/eu\/#organization"},"potentialAction":[{"@type":"SearchAction","target":{"@type":"EntryPoint","urlTemplate":"https:\/\/es.greenpeace.org\/eu\/?s={search_term_string}"},"query-input":{"@type":"PropertyValueSpecification","valueRequired":true,"valueName":"search_term_string"}}],"inLanguage":"eu"},{"@type":"Organization","@id":"https:\/\/es.greenpeace.org\/eu\/#organization","name":"Greenpeace Espa\u00f1a","alternateName":"Greenpeace","url":"https:\/\/es.greenpeace.org\/eu\/","logo":{"@type":"ImageObject","inLanguage":"eu","@id":"https:\/\/es.greenpeace.org\/eu\/#\/schema\/logo\/image\/","url":"https:\/\/es.greenpeace.org\/eu\/wp-content\/uploads\/sites\/7\/2024\/07\/greenpeace-logo-verde.svg","contentUrl":"https:\/\/es.greenpeace.org\/eu\/wp-content\/uploads\/sites\/7\/2024\/07\/greenpeace-logo-verde.svg","width":1,"height":1,"caption":"Greenpeace Espa\u00f1a"},"image":{"@id":"https:\/\/es.greenpeace.org\/eu\/#\/schema\/logo\/image\/"},"sameAs":["https:\/\/www.facebook.com\/greenpeace.spain","https:\/\/x.com\/greenpeace_esp","https:\/\/www.instagram.com\/greenpeace_esp\/"]}]}},"_links":{"self":[{"href":"https:\/\/es.greenpeace.org\/eu\/wp-json\/wp\/v2\/post_faqs\/5120","targetHints":{"allow":["GET"]}}],"collection":[{"href":"https:\/\/es.greenpeace.org\/eu\/wp-json\/wp\/v2\/post_faqs"}],"about":[{"href":"https:\/\/es.greenpeace.org\/eu\/wp-json\/wp\/v2\/types\/post_faqs"}],"author":[{"embeddable":true,"href":"https:\/\/es.greenpeace.org\/eu\/wp-json\/wp\/v2\/users\/68"}],"version-history":[{"count":1,"href":"https:\/\/es.greenpeace.org\/eu\/wp-json\/wp\/v2\/post_faqs\/5120\/revisions"}],"predecessor-version":[{"id":5121,"href":"https:\/\/es.greenpeace.org\/eu\/wp-json\/wp\/v2\/post_faqs\/5120\/revisions\/5121"}],"wp:attachment":[{"href":"https:\/\/es.greenpeace.org\/eu\/wp-json\/wp\/v2\/media?parent=5120"}],"wp:term":[{"taxonomy":"category","embeddable":true,"href":"https:\/\/es.greenpeace.org\/eu\/wp-json\/wp\/v2\/categories?post=5120"},{"taxonomy":"post_tag","embeddable":true,"href":"https:\/\/es.greenpeace.org\/eu\/wp-json\/wp\/v2\/tags?post=5120"}],"curies":[{"name":"wp","href":"https:\/\/api.w.org\/{rel}","templated":true}]}}