{"id":6905,"date":"2024-02-01T10:51:05","date_gmt":"2024-02-01T08:51:05","guid":{"rendered":"https:\/\/es.greenpeace.org\/gl\/?post_type=post_documents&#038;p=6905"},"modified":"2024-02-01T10:51:05","modified_gmt":"2024-02-01T08:51:05","slug":"claves-a-favor-do-territorio-as-personas-e-a-xustiza-social","status":"publish","type":"post_documents","link":"https:\/\/es.greenpeace.org\/gl\/sala-de-prensa\/documentos\/claves-a-favor-do-territorio-as-personas-e-a-xustiza-social\/","title":{"rendered":"Claves a favor do territorio, as personas e a xustiza social"},"content":{"rendered":"<p><span dir=\"ltr\" role=\"presentation\">Galicia ten enormes desaf\u00edos que deben ser abordados na seguinte lexislatura polo <\/span><br role=\"presentation\" \/><span dir=\"ltr\" role=\"presentation\">Parlamento galego e a Xunta de Galicia. O novo ciclo electoral ten que nos conducir <\/span><br role=\"presentation\" \/><span dir=\"ltr\" role=\"presentation\">a unha sociedade que <\/span><span dir=\"ltr\" role=\"presentation\">po\u00f1a no centro o benestar das persoas e a xustiza social, as\u00ed <\/span><br role=\"presentation\" \/><span dir=\"ltr\" role=\"presentation\">como o coidado do territorio galego e do planeta<\/span><span dir=\"ltr\" role=\"presentation\">. A ciencia dinos que esta d\u00e9cada <\/span><br role=\"presentation\" \/><span dir=\"ltr\" role=\"presentation\">\u00e9 crucial para actuar contra a crise clim\u00e1tica1 e que os catro vindeiros anos ser\u00e1n <\/span><br role=\"presentation\" \/><span dir=\"ltr\" role=\"presentation\">decisivos para p\u00f3r en marcha as mellores propostas, estreitar a colaboraci\u00f3n das <\/span><br role=\"presentation\" \/><span dir=\"ltr\" role=\"presentation\">instituci\u00f3ns e implicar decisivamente \u00e1 cidadan\u00eda. <\/span><span dir=\"ltr\" role=\"presentation\">O noso planeta est\u00e1 doente2 e a <\/span><br role=\"presentation\" \/><span dir=\"ltr\" role=\"presentation\">urxencia do desaf\u00edo que temos diante require estar \u00e1 altura. <\/span><br role=\"presentation\" \/><span dir=\"ltr\" role=\"presentation\">Debemos superar a noci\u00f3n de cambios cosm\u00e9ticos. Necesitamos unha mudanza <\/span><br role=\"presentation\" \/><span dir=\"ltr\" role=\"presentation\">revolucionaria na nosa forma de pensar e de actuar, e a boa nova \u00e9 que iso supor\u00e1 <\/span><br role=\"presentation\" \/><span dir=\"ltr\" role=\"presentation\">unha enorme oportunidade de progreso e benestar para a gran maior\u00eda das persoas. <\/span><br role=\"presentation\" \/><span dir=\"ltr\" role=\"presentation\">Fronte a minor\u00edas que acaparan a riqueza, depredan os recursos e o patrimonio <\/span><br role=\"presentation\" \/><span dir=\"ltr\" role=\"presentation\">natural, escapan das s\u00faas responsabilidades democr\u00e1ticas, desv\u00edan a atenci\u00f3n da <\/span><br role=\"presentation\" \/><span dir=\"ltr\" role=\"presentation\">opini\u00f3n p\u00fablica e ignoran \u00e1s futuras xeraci\u00f3ns, <\/span><span dir=\"ltr\" role=\"presentation\">\u00e9 tempo de expor alternativas <\/span><br role=\"presentation\" \/><span dir=\"ltr\" role=\"presentation\">dende unha acci\u00f3n pol\u00edtica valente e sen distracci\u00f3ns. <\/span><br role=\"presentation\" \/><span dir=\"ltr\" role=\"presentation\">Outro modelo de sociedade e de econom\u00eda en paz co planeta \u00e9 pos\u00edbel e quer\u00e9molo <\/span><br role=\"presentation\" \/><span dir=\"ltr\" role=\"presentation\">constru\u00edr con e dende a xente, coa convicci\u00f3n de que \u00e9 pos\u00edbel <\/span><span dir=\"ltr\" role=\"presentation\">reforzar os lazos de <\/span><br role=\"presentation\" \/><span dir=\"ltr\" role=\"presentation\">solidariedade<\/span><span dir=\"ltr\" role=\"presentation\"> que nos unen, que nos fan m\u00e1is resilientes e que nos brindar\u00e1n un <\/span><br role=\"presentation\" \/><span dir=\"ltr\" role=\"presentation\">futuro mellor. <\/span><br role=\"presentation\" \/><span dir=\"ltr\" role=\"presentation\">Aqu\u00ed presentamos <\/span><span dir=\"ltr\" role=\"presentation\">oito claves para avanzar cara a un rumbo verde en favor do <\/span><br role=\"presentation\" \/><span dir=\"ltr\" role=\"presentation\">territorio, das persoas e a xustiza social<\/span><span dir=\"ltr\" role=\"presentation\"> no contexto das vindeiras elecci\u00f3ns ao <\/span><br role=\"presentation\" \/><span dir=\"ltr\" role=\"presentation\">Parlamento de Galici<\/span><\/p>\n","protected":false},"author":80,"featured_media":0,"parent":0,"template":"","meta":{"_acf_changed":false,"footnotes":""},"categories":[4],"tags":[],"class_list":["post-6905","post_documents","type-post_documents","status-publish","hentry","category-general"],"acf":[],"yoast_head":"<!-- This site is optimized with the Yoast SEO plugin v27.1.1 - https:\/\/yoast.com\/product\/yoast-seo-wordpress\/ -->\n<title>Claves a favor do territorio, as personas e a xustiza social - GL | Greenpeace Espa\u00f1a<\/title>\n<meta name=\"robots\" content=\"index, follow, max-snippet:-1, max-image-preview:large, max-video-preview:-1\" \/>\n<link rel=\"canonical\" href=\"https:\/\/es.greenpeace.org\/gl\/sala-de-prensa\/documentos\/claves-a-favor-do-territorio-as-personas-e-a-xustiza-social\/\" \/>\n<meta property=\"og:locale\" content=\"en_US\" \/>\n<meta property=\"og:type\" content=\"article\" \/>\n<meta property=\"og:title\" content=\"Claves a favor do territorio, as personas e a xustiza social - GL | Greenpeace Espa\u00f1a\" \/>\n<meta property=\"og:description\" content=\"Galicia ten enormes desaf\u00edos que deben ser abordados na seguinte lexislatura polo Parlamento galego e a Xunta de Galicia. O novo ciclo electoral ten que nos conducir a unha sociedade que po\u00f1a no centro o benestar das persoas e a xustiza social, as\u00ed como o coidado do territorio galego e do planeta. A ciencia dinos [&hellip;]\" \/>\n<meta property=\"og:url\" content=\"https:\/\/es.greenpeace.org\/gl\/sala-de-prensa\/documentos\/claves-a-favor-do-territorio-as-personas-e-a-xustiza-social\/\" \/>\n<meta property=\"og:site_name\" content=\"GL | Greenpeace Espa\u00f1a\" \/>\n<meta property=\"article:publisher\" content=\"https:\/\/www.facebook.com\/greenpeace.spain\" \/>\n<meta name=\"twitter:card\" content=\"summary_large_image\" \/>\n<meta name=\"twitter:site\" content=\"@greenpeace_esp\" \/>\n<meta name=\"twitter:label1\" content=\"Est. reading time\" \/>\n\t<meta name=\"twitter:data1\" content=\"1 minute\" \/>\n<script type=\"application\/ld+json\" class=\"yoast-schema-graph\">{\"@context\":\"https:\/\/schema.org\",\"@graph\":[{\"@type\":\"WebPage\",\"@id\":\"https:\/\/es.greenpeace.org\/gl\/sala-de-prensa\/documentos\/claves-a-favor-do-territorio-as-personas-e-a-xustiza-social\/\",\"url\":\"https:\/\/es.greenpeace.org\/gl\/sala-de-prensa\/documentos\/claves-a-favor-do-territorio-as-personas-e-a-xustiza-social\/\",\"name\":\"Claves a favor do territorio, as personas e a xustiza social - GL | Greenpeace Espa\u00f1a\",\"isPartOf\":{\"@id\":\"https:\/\/es.greenpeace.org\/gl\/#website\"},\"datePublished\":\"2024-02-01T08:51:05+00:00\",\"breadcrumb\":{\"@id\":\"https:\/\/es.greenpeace.org\/gl\/sala-de-prensa\/documentos\/claves-a-favor-do-territorio-as-personas-e-a-xustiza-social\/#breadcrumb\"},\"inLanguage\":\"gl-ES\",\"potentialAction\":[{\"@type\":\"ReadAction\",\"target\":[\"https:\/\/es.greenpeace.org\/gl\/sala-de-prensa\/documentos\/claves-a-favor-do-territorio-as-personas-e-a-xustiza-social\/\"]}]},{\"@type\":\"BreadcrumbList\",\"@id\":\"https:\/\/es.greenpeace.org\/gl\/sala-de-prensa\/documentos\/claves-a-favor-do-territorio-as-personas-e-a-xustiza-social\/#breadcrumb\",\"itemListElement\":[{\"@type\":\"ListItem\",\"position\":1,\"name\":\"Home\",\"item\":\"https:\/\/es.greenpeace.org\/gl\/\"},{\"@type\":\"ListItem\",\"position\":2,\"name\":\"Claves a favor do territorio, as personas e a xustiza social\"}]},{\"@type\":\"WebSite\",\"@id\":\"https:\/\/es.greenpeace.org\/gl\/#website\",\"url\":\"https:\/\/es.greenpeace.org\/gl\/\",\"name\":\"GL | Greenpeace Espa\u00f1a\",\"description\":\"\",\"publisher\":{\"@id\":\"https:\/\/es.greenpeace.org\/gl\/#organization\"},\"potentialAction\":[{\"@type\":\"SearchAction\",\"target\":{\"@type\":\"EntryPoint\",\"urlTemplate\":\"https:\/\/es.greenpeace.org\/gl\/?s={search_term_string}\"},\"query-input\":{\"@type\":\"PropertyValueSpecification\",\"valueRequired\":true,\"valueName\":\"search_term_string\"}}],\"inLanguage\":\"gl-ES\"},{\"@type\":\"Organization\",\"@id\":\"https:\/\/es.greenpeace.org\/gl\/#organization\",\"name\":\"Greenpeace Espa\u00f1a\",\"url\":\"https:\/\/es.greenpeace.org\/gl\/\",\"logo\":{\"@type\":\"ImageObject\",\"inLanguage\":\"gl-ES\",\"@id\":\"https:\/\/es.greenpeace.org\/gl\/#\/schema\/logo\/image\/\",\"url\":\"https:\/\/es.greenpeace.org\/gl\/wp-content\/uploads\/sites\/8\/2024\/07\/greenpeace-logo-verde.svg\",\"contentUrl\":\"https:\/\/es.greenpeace.org\/gl\/wp-content\/uploads\/sites\/8\/2024\/07\/greenpeace-logo-verde.svg\",\"width\":1,\"height\":1,\"caption\":\"Greenpeace Espa\u00f1a\"},\"image\":{\"@id\":\"https:\/\/es.greenpeace.org\/gl\/#\/schema\/logo\/image\/\"},\"sameAs\":[\"https:\/\/www.facebook.com\/greenpeace.spain\",\"https:\/\/x.com\/greenpeace_esp\",\"https:\/\/www.instagram.com\/greenpeace_esp\/\"]}]}<\/script>\n<!-- \/ Yoast SEO plugin. -->","yoast_head_json":{"title":"Claves a favor do territorio, as personas e a xustiza social - GL | Greenpeace Espa\u00f1a","robots":{"index":"index","follow":"follow","max-snippet":"max-snippet:-1","max-image-preview":"max-image-preview:large","max-video-preview":"max-video-preview:-1"},"canonical":"https:\/\/es.greenpeace.org\/gl\/sala-de-prensa\/documentos\/claves-a-favor-do-territorio-as-personas-e-a-xustiza-social\/","og_locale":"en_US","og_type":"article","og_title":"Claves a favor do territorio, as personas e a xustiza social - GL | Greenpeace Espa\u00f1a","og_description":"Galicia ten enormes desaf\u00edos que deben ser abordados na seguinte lexislatura polo Parlamento galego e a Xunta de Galicia. O novo ciclo electoral ten que nos conducir a unha sociedade que po\u00f1a no centro o benestar das persoas e a xustiza social, as\u00ed como o coidado do territorio galego e do planeta. A ciencia dinos [&hellip;]","og_url":"https:\/\/es.greenpeace.org\/gl\/sala-de-prensa\/documentos\/claves-a-favor-do-territorio-as-personas-e-a-xustiza-social\/","og_site_name":"GL | Greenpeace Espa\u00f1a","article_publisher":"https:\/\/www.facebook.com\/greenpeace.spain","twitter_card":"summary_large_image","twitter_site":"@greenpeace_esp","twitter_misc":{"Est. reading time":"1 minute"},"schema":{"@context":"https:\/\/schema.org","@graph":[{"@type":"WebPage","@id":"https:\/\/es.greenpeace.org\/gl\/sala-de-prensa\/documentos\/claves-a-favor-do-territorio-as-personas-e-a-xustiza-social\/","url":"https:\/\/es.greenpeace.org\/gl\/sala-de-prensa\/documentos\/claves-a-favor-do-territorio-as-personas-e-a-xustiza-social\/","name":"Claves a favor do territorio, as personas e a xustiza social - GL | Greenpeace Espa\u00f1a","isPartOf":{"@id":"https:\/\/es.greenpeace.org\/gl\/#website"},"datePublished":"2024-02-01T08:51:05+00:00","breadcrumb":{"@id":"https:\/\/es.greenpeace.org\/gl\/sala-de-prensa\/documentos\/claves-a-favor-do-territorio-as-personas-e-a-xustiza-social\/#breadcrumb"},"inLanguage":"gl-ES","potentialAction":[{"@type":"ReadAction","target":["https:\/\/es.greenpeace.org\/gl\/sala-de-prensa\/documentos\/claves-a-favor-do-territorio-as-personas-e-a-xustiza-social\/"]}]},{"@type":"BreadcrumbList","@id":"https:\/\/es.greenpeace.org\/gl\/sala-de-prensa\/documentos\/claves-a-favor-do-territorio-as-personas-e-a-xustiza-social\/#breadcrumb","itemListElement":[{"@type":"ListItem","position":1,"name":"Home","item":"https:\/\/es.greenpeace.org\/gl\/"},{"@type":"ListItem","position":2,"name":"Claves a favor do territorio, as personas e a xustiza social"}]},{"@type":"WebSite","@id":"https:\/\/es.greenpeace.org\/gl\/#website","url":"https:\/\/es.greenpeace.org\/gl\/","name":"GL | Greenpeace Espa\u00f1a","description":"","publisher":{"@id":"https:\/\/es.greenpeace.org\/gl\/#organization"},"potentialAction":[{"@type":"SearchAction","target":{"@type":"EntryPoint","urlTemplate":"https:\/\/es.greenpeace.org\/gl\/?s={search_term_string}"},"query-input":{"@type":"PropertyValueSpecification","valueRequired":true,"valueName":"search_term_string"}}],"inLanguage":"gl-ES"},{"@type":"Organization","@id":"https:\/\/es.greenpeace.org\/gl\/#organization","name":"Greenpeace Espa\u00f1a","url":"https:\/\/es.greenpeace.org\/gl\/","logo":{"@type":"ImageObject","inLanguage":"gl-ES","@id":"https:\/\/es.greenpeace.org\/gl\/#\/schema\/logo\/image\/","url":"https:\/\/es.greenpeace.org\/gl\/wp-content\/uploads\/sites\/8\/2024\/07\/greenpeace-logo-verde.svg","contentUrl":"https:\/\/es.greenpeace.org\/gl\/wp-content\/uploads\/sites\/8\/2024\/07\/greenpeace-logo-verde.svg","width":1,"height":1,"caption":"Greenpeace Espa\u00f1a"},"image":{"@id":"https:\/\/es.greenpeace.org\/gl\/#\/schema\/logo\/image\/"},"sameAs":["https:\/\/www.facebook.com\/greenpeace.spain","https:\/\/x.com\/greenpeace_esp","https:\/\/www.instagram.com\/greenpeace_esp\/"]}]}},"_links":{"self":[{"href":"https:\/\/es.greenpeace.org\/gl\/wp-json\/wp\/v2\/post_documents\/6905","targetHints":{"allow":["GET"]}}],"collection":[{"href":"https:\/\/es.greenpeace.org\/gl\/wp-json\/wp\/v2\/post_documents"}],"about":[{"href":"https:\/\/es.greenpeace.org\/gl\/wp-json\/wp\/v2\/types\/post_documents"}],"author":[{"embeddable":true,"href":"https:\/\/es.greenpeace.org\/gl\/wp-json\/wp\/v2\/users\/80"}],"version-history":[{"count":2,"href":"https:\/\/es.greenpeace.org\/gl\/wp-json\/wp\/v2\/post_documents\/6905\/revisions"}],"predecessor-version":[{"id":6909,"href":"https:\/\/es.greenpeace.org\/gl\/wp-json\/wp\/v2\/post_documents\/6905\/revisions\/6909"}],"wp:attachment":[{"href":"https:\/\/es.greenpeace.org\/gl\/wp-json\/wp\/v2\/media?parent=6905"}],"wp:term":[{"taxonomy":"category","embeddable":true,"href":"https:\/\/es.greenpeace.org\/gl\/wp-json\/wp\/v2\/categories?post=6905"},{"taxonomy":"post_tag","embeddable":true,"href":"https:\/\/es.greenpeace.org\/gl\/wp-json\/wp\/v2\/tags?post=6905"}],"curies":[{"name":"wp","href":"https:\/\/api.w.org\/{rel}","templated":true}]}}