{"id":2283,"date":"2017-11-09T10:18:51","date_gmt":"2017-11-09T09:18:51","guid":{"rendered":"https:\/\/es.greenpeace.org\/gl\/?post_type=post_faqs&#038;p=2283"},"modified":"2017-12-12T23:12:55","modified_gmt":"2017-12-12T22:12:55","slug":"que-esta-haciendo-greenpeace-para-defender-la-costa","status":"publish","type":"post_faqs","link":"https:\/\/es.greenpeace.org\/gl\/preguntas-frecuentes\/que-esta-haciendo-greenpeace-para-defender-la-costa\/","title":{"rendered":"Que est\u00e1 a facer Greenpeace para defender a costa e que podo facer eu?"},"content":{"rendered":"<p>Dende Greenpeace traballamos nalg\u00fans casos de ameazas do litoral por toda a xeograf\u00eda espa\u00f1ola, como o hotel de El Algarrobico, os proxectos portuarios en Pasaia, Ibiza, Granadilla, Tarifa e Cangas do Morrazo, etc., actuando a nivel p\u00fablico e nos procedementos administrativos.<\/p>\n<p>Gustar\u00edanos poder atender as numerosas demandas que nos chegan solicitando a nosa participaci\u00f3n noutros casos a nivel local, pero lamentabelmente non dispomos dos recursos e infraestrutura necesarios para actuarmos de xeito eficaz a este nivel.<\/p>\n<p>Cando non podemos actuar de forma espec\u00edfica, vimos publicando nos \u00faltimos 13 anos o informe \u201cDestrucci\u00f3n a toda costa\u201d, co que intentamos dar cabida aos impactos e ameazas dos nosos 8.000 quil\u00f3metros de costa.<\/p>\n<p>Dende Greenpeace tam\u00e9n traballamos na defensa do uso p\u00fablico do litoral e na s\u00faa protecci\u00f3n, denunciando publicamente e mediante mecanismos xur\u00eddicos a nova lei de costas, aprobada en maio de 2013, pondo de manifesto as infracci\u00f3ns que esta lei sup\u00f3n respecto do incumprimento da normativa ambiental comunitaria, a reduci\u00f3n da servidume de protecci\u00f3n dos espazos costeiros ou a entrega \u00e1 propiedade privada de amplas zonas, en especial zonas h\u00famidas destinadas a cultivos mari\u00f1os e salinas.<\/p>\n<p>Cremos que a participaci\u00f3n cidad\u00e1 \u00e9 un alicerce fundamental na defensa do litoral. Todos temos o dereito a defendelo, e no \u00e1mbito local as persoas coma ti son moi importantes.<\/p>\n","protected":false},"author":4,"featured_media":0,"parent":0,"template":"","meta":{"_acf_changed":false,"footnotes":""},"categories":[],"tags":[],"class_list":["post-2283","post_faqs","type-post_faqs","status-publish","hentry"],"acf":[],"yoast_head":"<!-- This site is optimized with the Yoast SEO plugin v27.1.1 - https:\/\/yoast.com\/product\/yoast-seo-wordpress\/ -->\n<title>Que est\u00e1 a facer Greenpeace para defender a costa e que podo facer eu? - GL | Greenpeace Espa\u00f1a<\/title>\n<meta name=\"robots\" content=\"index, follow, max-snippet:-1, max-image-preview:large, max-video-preview:-1\" \/>\n<link rel=\"canonical\" href=\"https:\/\/es.greenpeace.org\/gl\/preguntas-frecuentes\/que-esta-haciendo-greenpeace-para-defender-la-costa\/\" \/>\n<meta property=\"og:locale\" content=\"en_US\" \/>\n<meta property=\"og:type\" content=\"article\" \/>\n<meta property=\"og:title\" content=\"Que est\u00e1 a facer Greenpeace para defender a costa e que podo facer eu? - GL | Greenpeace Espa\u00f1a\" \/>\n<meta property=\"og:description\" content=\"Dende Greenpeace traballamos nalg\u00fans casos de ameazas do litoral por toda a xeograf\u00eda espa\u00f1ola, como o hotel de El Algarrobico, os proxectos portuarios en Pasaia, Ibiza, Granadilla, Tarifa e Cangas do Morrazo, etc., actuando a nivel p\u00fablico e nos procedementos administrativos. Gustar\u00edanos poder atender as numerosas demandas que nos chegan solicitando a nosa participaci\u00f3n noutros [&hellip;]\" \/>\n<meta property=\"og:url\" content=\"https:\/\/es.greenpeace.org\/gl\/preguntas-frecuentes\/que-esta-haciendo-greenpeace-para-defender-la-costa\/\" \/>\n<meta property=\"og:site_name\" content=\"GL | Greenpeace Espa\u00f1a\" \/>\n<meta property=\"article:publisher\" content=\"https:\/\/www.facebook.com\/greenpeace.spain\" \/>\n<meta property=\"article:modified_time\" content=\"2017-12-12T22:12:55+00:00\" \/>\n<meta name=\"twitter:card\" content=\"summary_large_image\" \/>\n<meta name=\"twitter:site\" content=\"@greenpeace_esp\" \/>\n<meta name=\"twitter:label1\" content=\"Est. reading time\" \/>\n\t<meta name=\"twitter:data1\" content=\"1 minute\" \/>\n<script type=\"application\/ld+json\" class=\"yoast-schema-graph\">{\"@context\":\"https:\/\/schema.org\",\"@graph\":[{\"@type\":\"WebPage\",\"@id\":\"https:\/\/es.greenpeace.org\/gl\/preguntas-frecuentes\/que-esta-haciendo-greenpeace-para-defender-la-costa\/\",\"url\":\"https:\/\/es.greenpeace.org\/gl\/preguntas-frecuentes\/que-esta-haciendo-greenpeace-para-defender-la-costa\/\",\"name\":\"Que est\u00e1 a facer Greenpeace para defender a costa e que podo facer eu? - GL | Greenpeace Espa\u00f1a\",\"isPartOf\":{\"@id\":\"https:\/\/es.greenpeace.org\/gl\/#website\"},\"datePublished\":\"2017-11-09T09:18:51+00:00\",\"dateModified\":\"2017-12-12T22:12:55+00:00\",\"breadcrumb\":{\"@id\":\"https:\/\/es.greenpeace.org\/gl\/preguntas-frecuentes\/que-esta-haciendo-greenpeace-para-defender-la-costa\/#breadcrumb\"},\"inLanguage\":\"gl-ES\",\"potentialAction\":[{\"@type\":\"ReadAction\",\"target\":[\"https:\/\/es.greenpeace.org\/gl\/preguntas-frecuentes\/que-esta-haciendo-greenpeace-para-defender-la-costa\/\"]}]},{\"@type\":\"BreadcrumbList\",\"@id\":\"https:\/\/es.greenpeace.org\/gl\/preguntas-frecuentes\/que-esta-haciendo-greenpeace-para-defender-la-costa\/#breadcrumb\",\"itemListElement\":[{\"@type\":\"ListItem\",\"position\":1,\"name\":\"Home\",\"item\":\"https:\/\/es.greenpeace.org\/gl\/\"},{\"@type\":\"ListItem\",\"position\":2,\"name\":\"Que est\u00e1 a facer Greenpeace para defender a costa e que podo facer eu?\"}]},{\"@type\":\"WebSite\",\"@id\":\"https:\/\/es.greenpeace.org\/gl\/#website\",\"url\":\"https:\/\/es.greenpeace.org\/gl\/\",\"name\":\"GL | Greenpeace Espa\u00f1a\",\"description\":\"\",\"publisher\":{\"@id\":\"https:\/\/es.greenpeace.org\/gl\/#organization\"},\"potentialAction\":[{\"@type\":\"SearchAction\",\"target\":{\"@type\":\"EntryPoint\",\"urlTemplate\":\"https:\/\/es.greenpeace.org\/gl\/?s={search_term_string}\"},\"query-input\":{\"@type\":\"PropertyValueSpecification\",\"valueRequired\":true,\"valueName\":\"search_term_string\"}}],\"inLanguage\":\"gl-ES\"},{\"@type\":\"Organization\",\"@id\":\"https:\/\/es.greenpeace.org\/gl\/#organization\",\"name\":\"Greenpeace Espa\u00f1a\",\"url\":\"https:\/\/es.greenpeace.org\/gl\/\",\"logo\":{\"@type\":\"ImageObject\",\"inLanguage\":\"gl-ES\",\"@id\":\"https:\/\/es.greenpeace.org\/gl\/#\/schema\/logo\/image\/\",\"url\":\"https:\/\/es.greenpeace.org\/gl\/wp-content\/uploads\/sites\/8\/2024\/07\/greenpeace-logo-verde.svg\",\"contentUrl\":\"https:\/\/es.greenpeace.org\/gl\/wp-content\/uploads\/sites\/8\/2024\/07\/greenpeace-logo-verde.svg\",\"width\":1,\"height\":1,\"caption\":\"Greenpeace Espa\u00f1a\"},\"image\":{\"@id\":\"https:\/\/es.greenpeace.org\/gl\/#\/schema\/logo\/image\/\"},\"sameAs\":[\"https:\/\/www.facebook.com\/greenpeace.spain\",\"https:\/\/x.com\/greenpeace_esp\",\"https:\/\/www.instagram.com\/greenpeace_esp\/\"]}]}<\/script>\n<!-- \/ Yoast SEO plugin. -->","yoast_head_json":{"title":"Que est\u00e1 a facer Greenpeace para defender a costa e que podo facer eu? - GL | Greenpeace Espa\u00f1a","robots":{"index":"index","follow":"follow","max-snippet":"max-snippet:-1","max-image-preview":"max-image-preview:large","max-video-preview":"max-video-preview:-1"},"canonical":"https:\/\/es.greenpeace.org\/gl\/preguntas-frecuentes\/que-esta-haciendo-greenpeace-para-defender-la-costa\/","og_locale":"en_US","og_type":"article","og_title":"Que est\u00e1 a facer Greenpeace para defender a costa e que podo facer eu? - GL | Greenpeace Espa\u00f1a","og_description":"Dende Greenpeace traballamos nalg\u00fans casos de ameazas do litoral por toda a xeograf\u00eda espa\u00f1ola, como o hotel de El Algarrobico, os proxectos portuarios en Pasaia, Ibiza, Granadilla, Tarifa e Cangas do Morrazo, etc., actuando a nivel p\u00fablico e nos procedementos administrativos. Gustar\u00edanos poder atender as numerosas demandas que nos chegan solicitando a nosa participaci\u00f3n noutros [&hellip;]","og_url":"https:\/\/es.greenpeace.org\/gl\/preguntas-frecuentes\/que-esta-haciendo-greenpeace-para-defender-la-costa\/","og_site_name":"GL | Greenpeace Espa\u00f1a","article_publisher":"https:\/\/www.facebook.com\/greenpeace.spain","article_modified_time":"2017-12-12T22:12:55+00:00","twitter_card":"summary_large_image","twitter_site":"@greenpeace_esp","twitter_misc":{"Est. reading time":"1 minute"},"schema":{"@context":"https:\/\/schema.org","@graph":[{"@type":"WebPage","@id":"https:\/\/es.greenpeace.org\/gl\/preguntas-frecuentes\/que-esta-haciendo-greenpeace-para-defender-la-costa\/","url":"https:\/\/es.greenpeace.org\/gl\/preguntas-frecuentes\/que-esta-haciendo-greenpeace-para-defender-la-costa\/","name":"Que est\u00e1 a facer Greenpeace para defender a costa e que podo facer eu? - GL | Greenpeace Espa\u00f1a","isPartOf":{"@id":"https:\/\/es.greenpeace.org\/gl\/#website"},"datePublished":"2017-11-09T09:18:51+00:00","dateModified":"2017-12-12T22:12:55+00:00","breadcrumb":{"@id":"https:\/\/es.greenpeace.org\/gl\/preguntas-frecuentes\/que-esta-haciendo-greenpeace-para-defender-la-costa\/#breadcrumb"},"inLanguage":"gl-ES","potentialAction":[{"@type":"ReadAction","target":["https:\/\/es.greenpeace.org\/gl\/preguntas-frecuentes\/que-esta-haciendo-greenpeace-para-defender-la-costa\/"]}]},{"@type":"BreadcrumbList","@id":"https:\/\/es.greenpeace.org\/gl\/preguntas-frecuentes\/que-esta-haciendo-greenpeace-para-defender-la-costa\/#breadcrumb","itemListElement":[{"@type":"ListItem","position":1,"name":"Home","item":"https:\/\/es.greenpeace.org\/gl\/"},{"@type":"ListItem","position":2,"name":"Que est\u00e1 a facer Greenpeace para defender a costa e que podo facer eu?"}]},{"@type":"WebSite","@id":"https:\/\/es.greenpeace.org\/gl\/#website","url":"https:\/\/es.greenpeace.org\/gl\/","name":"GL | Greenpeace Espa\u00f1a","description":"","publisher":{"@id":"https:\/\/es.greenpeace.org\/gl\/#organization"},"potentialAction":[{"@type":"SearchAction","target":{"@type":"EntryPoint","urlTemplate":"https:\/\/es.greenpeace.org\/gl\/?s={search_term_string}"},"query-input":{"@type":"PropertyValueSpecification","valueRequired":true,"valueName":"search_term_string"}}],"inLanguage":"gl-ES"},{"@type":"Organization","@id":"https:\/\/es.greenpeace.org\/gl\/#organization","name":"Greenpeace Espa\u00f1a","url":"https:\/\/es.greenpeace.org\/gl\/","logo":{"@type":"ImageObject","inLanguage":"gl-ES","@id":"https:\/\/es.greenpeace.org\/gl\/#\/schema\/logo\/image\/","url":"https:\/\/es.greenpeace.org\/gl\/wp-content\/uploads\/sites\/8\/2024\/07\/greenpeace-logo-verde.svg","contentUrl":"https:\/\/es.greenpeace.org\/gl\/wp-content\/uploads\/sites\/8\/2024\/07\/greenpeace-logo-verde.svg","width":1,"height":1,"caption":"Greenpeace Espa\u00f1a"},"image":{"@id":"https:\/\/es.greenpeace.org\/gl\/#\/schema\/logo\/image\/"},"sameAs":["https:\/\/www.facebook.com\/greenpeace.spain","https:\/\/x.com\/greenpeace_esp","https:\/\/www.instagram.com\/greenpeace_esp\/"]}]}},"_links":{"self":[{"href":"https:\/\/es.greenpeace.org\/gl\/wp-json\/wp\/v2\/post_faqs\/2283","targetHints":{"allow":["GET"]}}],"collection":[{"href":"https:\/\/es.greenpeace.org\/gl\/wp-json\/wp\/v2\/post_faqs"}],"about":[{"href":"https:\/\/es.greenpeace.org\/gl\/wp-json\/wp\/v2\/types\/post_faqs"}],"author":[{"embeddable":true,"href":"https:\/\/es.greenpeace.org\/gl\/wp-json\/wp\/v2\/users\/4"}],"version-history":[{"count":8,"href":"https:\/\/es.greenpeace.org\/gl\/wp-json\/wp\/v2\/post_faqs\/2283\/revisions"}],"predecessor-version":[{"id":4562,"href":"https:\/\/es.greenpeace.org\/gl\/wp-json\/wp\/v2\/post_faqs\/2283\/revisions\/4562"}],"wp:attachment":[{"href":"https:\/\/es.greenpeace.org\/gl\/wp-json\/wp\/v2\/media?parent=2283"}],"wp:term":[{"taxonomy":"category","embeddable":true,"href":"https:\/\/es.greenpeace.org\/gl\/wp-json\/wp\/v2\/categories?post=2283"},{"taxonomy":"post_tag","embeddable":true,"href":"https:\/\/es.greenpeace.org\/gl\/wp-json\/wp\/v2\/tags?post=2283"}],"curies":[{"name":"wp","href":"https:\/\/api.w.org\/{rel}","templated":true}]}}